{"id":342,"date":"2009-05-03T23:59:43","date_gmt":"2009-05-03T21:59:43","guid":{"rendered":"http:\/\/blog.inmontanis.info\/?p=342"},"modified":"2023-08-06T21:26:23","modified_gmt":"2023-08-06T19:26:23","slug":"ischgl-5-4-25-4-3-5-2009","status":"publish","type":"post","link":"http:\/\/blog.inmontanis.info\/?p=342","title":{"rendered":"Ischgl, 5.4. + 25.4. + 3.5.2009"},"content":{"rendered":"<p><em>[_de]Bilder anklicken zum Vergr\u00f6\u00dfern[\/_de]\u2028[_en]Click photos to enlarge[\/_en]<\/em><\/p>\n<p>3x durfte man ja mit dem Freizeitticket gratis in Ischgl fahren &#8211; das musste ich nat\u00fcrlich ausn\u00fctzen, leider hab ich&#8217;s erst im April hingeschafft, so dass einige Abfahrten schon geschlossen waren.<\/p>\n<p>Dennoch bin ich 3 Tage volle Kanne gefahren (jeweils ca. 100-125km lt. GPS):<!--more--><\/p>\n<p><a href='http:\/\/ski.inmontanis.info\/d\/99896-1\/ge_ischgl2009f.jpg'><img src=http:\/\/ski.inmontanis.info\/d\/99898-3\/ge_ischgl2009f.jpg \/><\/a><br \/>\n^ GPS-Track nach 3 Tagen Ischgl, einige Abfahrten waren leider nicht mehr offen, aber ich bin fast alles gefahren.<\/p>\n<p><strong>5.4.2009<br \/>\n<\/strong><\/p>\n<p><a href='http:\/\/ski.inmontanis.info\/d\/99700-1\/P1370227.JPG'><img src=http:\/\/ski.inmontanis.info\/d\/99702-3\/P1370227.JPG \/><\/a><br \/>\n^ Umschlagplatz Ischgl Idalp-Idjoch<\/p>\n<p><a href='http:\/\/ski.inmontanis.info\/d\/99705-1\/P1370231.JPG'><img src=http:\/\/ski.inmontanis.info\/d\/99707-3\/P1370231.JPG \/><\/a><br \/>\n^ Blick zum Grat-SL Greitspitz &#8211; kultig.<\/p>\n<p><a href='http:\/\/ski.inmontanis.info\/d\/99709-1\/P1370232.JPG'><img src=http:\/\/ski.inmontanis.info\/d\/99711-3\/P1370232.JPG \/><\/a><br \/>\n^ Idjoch &#8211; Idalp \/ Pardatschgrat<\/p>\n<p><a href='http:\/\/ski.inmontanis.info\/d\/99713-1\/P1370234.JPG'><img src=http:\/\/ski.inmontanis.info\/d\/99715-3\/P1370234.JPG \/><\/a><br \/>\n^ Der kultige Grat-SL Greitspitz, von mir mit Abstand am meisten befahren.<\/p>\n<p><a href='http:\/\/ski.inmontanis.info\/d\/99717-1\/P1370235.JPG'><img src=http:\/\/ski.inmontanis.info\/d\/99719-3\/P1370235.JPG \/><\/a><br \/>\n^ Eine der neuen Varianten der schwarzen 14a &#8211; lecker!<\/p>\n<p><a href='http:\/\/ski.inmontanis.info\/d\/99721-1\/P1370236.JPG'><img src=http:\/\/ski.inmontanis.info\/d\/99723-3\/P1370236.JPG \/><\/a><br \/>\n^ Blick von einer der 14a-Varianten r\u00fcber ins H\u00f6llenkar und zum Palinkopf, der diesseits von 2 KSB erschlossen ist<\/p>\n<p><a href='http:\/\/ski.inmontanis.info\/d\/99726-1\/P1370237.JPG'><img src=http:\/\/ski.inmontanis.info\/d\/99728-3\/P1370237.JPG \/><\/a><br \/>\n^ Urig: Mittelstations-Abfahrt 3<\/p>\n<p><a href='http:\/\/ski.inmontanis.info\/d\/99730-1\/P1370240.JPG'><img src=http:\/\/ski.inmontanis.info\/d\/99732-3\/P1370240.JPG \/><\/a><br \/>\n^ Blick zur neuen Abfahrt 2b und der neuen 6KSB Nachtweide. Nette Erg\u00e4nzung hier!<\/p>\n<p><a href='http:\/\/ski.inmontanis.info\/d\/99734-1\/P1370241.JPG'><img src=http:\/\/ski.inmontanis.info\/d\/99736-3\/P1370241.JPG \/><\/a><br \/>\n^ Blick zu H\u00f6llenkar, H\u00f6llenspitze und Palinkopf<\/p>\n<p><a href='http:\/\/ski.inmontanis.info\/d\/99738-1\/P1370244.JPG'><img src=http:\/\/ski.inmontanis.info\/d\/99740-3\/P1370244.JPG \/><\/a><br \/>\n^ Velilltal und DSB Velilleck<\/p>\n<p><a href='http:\/\/ski.inmontanis.info\/d\/99742-1\/P1370248.JPG'><img src=http:\/\/ski.inmontanis.info\/d\/99744-3\/P1370248.JPG \/><\/a><br \/>\n^ DSB Velilleck und Abfahrt 4 am Pardatschgrat<\/p>\n<p><a href='http:\/\/ski.inmontanis.info\/d\/99746-1\/P1370250.JPG'><img src=http:\/\/ski.inmontanis.info\/d\/99748-3\/P1370250.JPG \/><\/a><br \/>\n^ 6Bubble Viderjoch 1 und SL Blais Gronda<\/p>\n<p><a href='http:\/\/ski.inmontanis.info\/d\/99750-1\/P1370252.JPG'><img src=http:\/\/ski.inmontanis.info\/d\/99752-3\/P1370252.JPG \/><\/a><br \/>\n^ Talbfahrt Samnaun Compatsch<\/p>\n<p><a href='http:\/\/ski.inmontanis.info\/d\/99754-1\/P1370253.JPG'><img src=http:\/\/ski.inmontanis.info\/d\/99756-3\/P1370253.JPG \/><\/a><br \/>\n^ Talabfahrt Samnaun Compatsch. Auch sehr nett.<\/p>\n<p><a href='http:\/\/ski.inmontanis.info\/d\/99758-1\/P1370255.JPG'><img src=http:\/\/ski.inmontanis.info\/d\/99760-3\/P1370255.JPG \/><\/a><br \/>\n^ Talabfahrt Samnaun Compatsch. Ab hier muss man ein kurzes St\u00fcck zu Fu\u00df zur Bushaltestelle und dann mit dem Bus zur PB retour.<\/p>\n<p><a href='http:\/\/ski.inmontanis.info\/d\/99762-1\/P1370256.JPG'><img src=http:\/\/ski.inmontanis.info\/d\/99764-3\/P1370256.JPG \/><\/a><br \/>\n^ Alp Trida Sattel mit PB<\/p>\n<p><a href='http:\/\/ski.inmontanis.info\/d\/99766-1\/P1370258.JPG'><img src=http:\/\/ski.inmontanis.info\/d\/99768-3\/P1370258.JPG \/><\/a><br \/>\n^ Alp Trida Sattel mit Doppelstock-PB<\/p>\n<p><a href='http:\/\/ski.inmontanis.info\/d\/99771-1\/P1370261.JPG'><img src=http:\/\/ski.inmontanis.info\/d\/99773-3\/P1370261.JPG \/><\/a><br \/>\n^ Blick von der sch\u00f6nen Abfahrt 40a zur Gampenbahn<\/p>\n<p><strong>25.4.2009<br \/>\n<\/strong><br \/>\n<a href='http:\/\/ski.inmontanis.info\/d\/99776-1\/P1370473.JPG'><img src=http:\/\/ski.inmontanis.info\/d\/99778-3\/P1370473.JPG \/><\/a><br \/>\n^ 4EUB Pardatschgrat, wird wohl demn\u00e4chst leider mit einer 3S ersetzt.<\/p>\n<p><a href='http:\/\/ski.inmontanis.info\/d\/99780-1\/P1370475.JPG'><img src=http:\/\/ski.inmontanis.info\/d\/99782-3\/P1370475.JPG \/><\/a><br \/>\n^ Pano am Greitspitz richtung Palinkopf<\/p>\n<p><a href='http:\/\/ski.inmontanis.info\/d\/99784-1\/P1370476.JPG'><img src=http:\/\/ski.inmontanis.info\/d\/99786-3\/P1370476.JPG \/><\/a><br \/>\n^ Zoom-Pano, keine Ahnung wohin<\/p>\n<p><a href='http:\/\/ski.inmontanis.info\/d\/99788-1\/P1370478.JPG'><img src=http:\/\/ski.inmontanis.info\/d\/99790-3\/P1370478.JPG \/><\/a><br \/>\n^ Pano Greitspitz gen S\u00fcden, ganz unten links die Talstation der Greitspitzbahn<\/p>\n<p><a href='http:\/\/ski.inmontanis.info\/d\/99792-1\/P1370479.JPG'><img src=http:\/\/ski.inmontanis.info\/d\/99794-3\/P1370479.JPG \/><\/a><br \/>\n^ Pano Greitspitz <\/p>\n<p><a href='http:\/\/ski.inmontanis.info\/d\/99796-1\/P1370483.JPG'><img src=http:\/\/ski.inmontanis.info\/d\/99798-3\/P1370483.JPG \/><\/a><br \/>\n^ Zoom-Pano, wohin auch immer &#8230;<\/p>\n<p><a href='http:\/\/ski.inmontanis.info\/d\/99801-1\/P1370485.JPG'><img src=http:\/\/ski.inmontanis.info\/d\/99803-3\/P1370485.JPG \/><\/a><br \/>\n^ Zoom-Pano, wohin auch immer &#8230;<\/p>\n<p><a href='http:\/\/ski.inmontanis.info\/d\/99805-1\/P1370487.JPG'><img src=http:\/\/ski.inmontanis.info\/d\/99807-3\/P1370487.JPG \/><\/a><br \/>\n^ Talabfahrt Samnaun Zeblas<\/p>\n<p><a href='http:\/\/ski.inmontanis.info\/d\/99809-1\/P1370489.JPG'><img src=http:\/\/ski.inmontanis.info\/d\/99811-3\/P1370489.JPG \/><\/a><br \/>\n^ Talabfahrt Samnaun Zeblas<\/p>\n<p><a href='http:\/\/ski.inmontanis.info\/d\/99813-1\/P1370491.JPG'><img src=http:\/\/ski.inmontanis.info\/d\/99815-3\/P1370491.JPG \/><\/a><br \/>\n^ Talabfahrt Samnaun Zeblas. Bis heirhin wei\u00df sie ja durchaus zu gefallen, aber &#8230;<\/p>\n<p><a href='http:\/\/ski.inmontanis.info\/d\/99817-1\/P1370492.JPG'><img src=http:\/\/ski.inmontanis.info\/d\/99819-3\/P1370492.JPG \/><\/a><br \/>\n^ ab hier wird die Talabfahrt Samnaun Zeblas sehr skiwegig und mit einigen Schiebest\u00fccken bzw.  Fu\u00dfweg zur Bushaltestelle.<\/p>\n<p><a href='http:\/\/ski.inmontanis.info\/d\/99821-1\/P1370493.JPG'><img src=http:\/\/ski.inmontanis.info\/d\/99823-3\/P1370493.JPG \/><\/a><br \/>\n^ SL Musella in Samnaun &#8211; der hat kurioserweise 3 verschiedene St\u00fctze!<\/p>\n<p><a href='http:\/\/ski.inmontanis.info\/d\/99825-1\/P1370498.JPG'><img src=http:\/\/ski.inmontanis.info\/d\/99827-3\/P1370498.JPG \/><\/a><br \/>\n^ Warten auf dem Bus &#8211; gegen\u00fcber dem SL Musella (rechts au\u00dferhalb des Bildes), Blick zum Ende der Talabfahrt<\/p>\n<p><a href='http:\/\/ski.inmontanis.info\/d\/99829-1\/P1370499.JPG'><img src=http:\/\/ski.inmontanis.info\/d\/99831-3\/P1370499.JPG \/><\/a><br \/>\n^ Samnaun &#8211; Alp Trida. Hier seh ich rot: Sinnlose Liftkreuzungen und Schiebewege zu den Talstationen der KSBs &#8211; das h\u00e4tte man ohne Kreuzungen besser machen k\u00f6nnen!!<\/p>\n<p><a href='http:\/\/ski.inmontanis.info\/d\/99833-1\/P1370501.JPG'><img src=http:\/\/ski.inmontanis.info\/d\/99835-3\/P1370501.JPG \/><\/a><br \/>\n^ 6SB Sassgalun (vorne rechts) und 8KSB H\u00f6llboden zur Idalp<\/p>\n<p><a href='http:\/\/ski.inmontanis.info\/d\/99838-1\/P1370502.JPG'><img src=http:\/\/ski.inmontanis.info\/d\/99840-3\/P1370502.JPG \/><\/a><br \/>\n^ Kultig: SL Schwarzwasser, macht auf 700m L\u00e4nge satte 9m H\u00f6henunterschied. Bergauf oder bergab? <\/p>\n<p><a href='http:\/\/ski.inmontanis.info\/d\/99842-1\/P1370504.JPG'><img src=http:\/\/ski.inmontanis.info\/d\/99844-3\/P1370504.JPG \/><\/a><br \/>\n^ Grat-SL Greitspitz, flankiert mit 6KSB Greitspitz und 8KSB Idjoch<\/p>\n<p><a href='http:\/\/ski.inmontanis.info\/d\/99846-1\/P1370507.JPG'><img src=http:\/\/ski.inmontanis.info\/d\/99848-3\/P1370507.JPG \/><\/a><br \/>\n^ Skiroute 9 Viderjoch mit Vellilbahn und Pardatschgrat<\/p>\n<p><a href='http:\/\/ski.inmontanis.info\/d\/99851-1\/P1370508.JPG'><img src=http:\/\/ski.inmontanis.info\/d\/99853-3\/P1370508.JPG \/><\/a><br \/>\n^ Skiroute 9<\/p>\n<p><strong>3.5.2009 &#8211; letzter Betriebstag<br \/>\n<\/strong><br \/>\n<a href='http:\/\/ski.inmontanis.info\/d\/99855-1\/P1370590.JPG'><img src=http:\/\/ski.inmontanis.info\/d\/99857-3\/P1370590.JPG \/><\/a><br \/>\n^ 8EUB Fimba mit netter Schlucht-Strecke, dahinter das idyllische D\u00f6rfchen Ischgl ;-)<\/p>\n<p><a href='http:\/\/ski.inmontanis.info\/d\/99859-1\/P1370592.JPG'><img src=http:\/\/ski.inmontanis.info\/d\/99861-3\/P1370592.JPG \/><\/a><br \/>\n^ Bl\u00f6d: Abfahrt 1 zur Mittelstation nicht mehr ge\u00f6ffnet? Diese Arbeiten h\u00e4ttens wohl auf morgen auch noch verschieben k\u00f6nnen! (War aber dann nicht der einzige, der trotzdem fuhr ;) )<\/p>\n<p><a href='http:\/\/ski.inmontanis.info\/d\/99863-1\/P1370593.JPG'><img src=http:\/\/ski.inmontanis.info\/d\/99865-3\/P1370593.JPG \/><\/a><br \/>\n^ Blick vom Palinkopf richtung Greitspitz und Idalp<\/p>\n<p><a href='http:\/\/ski.inmontanis.info\/d\/99867-1\/P1370595.JPG'><img src=http:\/\/ski.inmontanis.info\/d\/99869-3\/P1370595.JPG \/><\/a><br \/>\n^ Zoom Pardorama am Pardatschgrat<\/p>\n<p><a href='http:\/\/ski.inmontanis.info\/d\/99871-1\/P1370600.JPG'><img src=http:\/\/ski.inmontanis.info\/d\/99873-3\/P1370600.JPG \/><\/a><br \/>\n^ Abfahrt 7 ins Velilltal<\/p>\n<p><a href='http:\/\/ski.inmontanis.info\/d\/99875-1\/P1370601.JPG'><img src=http:\/\/ski.inmontanis.info\/d\/99877-3\/P1370601.JPG \/><\/a><br \/>\n^ Die beiden Varianten der Abfahrt 7 ins Velilltal<\/p>\n<p><a href='http:\/\/ski.inmontanis.info\/d\/99880-1\/P1370603.JPG'><img src=http:\/\/ski.inmontanis.info\/d\/99882-3\/P1370603.JPG \/><\/a><br \/>\n^ Pardorama<\/p>\n<p><a href='http:\/\/ski.inmontanis.info\/d\/99884-1\/P1370608.JPG'><img src=http:\/\/ski.inmontanis.info\/d\/99886-3\/P1370608.JPG \/><\/a><br \/>\n^ 4EUB Pardatschgrat und Pardorama. Mir gef\u00e4llts.<\/p>\n<p><a href='http:\/\/ski.inmontanis.info\/d\/99888-1\/P1370612.JPG'><img src=http:\/\/ski.inmontanis.info\/d\/99890-3\/P1370612.JPG \/><\/a><br \/>\n^ Mittelstationsabfahrt 1 &#8211; ging mal besser und mal schlechter zu fahren :-)<\/p>\n<p><a href='http:\/\/ski.inmontanis.info\/d\/99892-1\/P1370614.JPG'><img src=http:\/\/ski.inmontanis.info\/d\/99894-3\/P1370614.JPG \/><\/a><br \/>\n^ Ende der Talabfahrt 1a, Ankunft um 17 Uhr, oben am Weg musste man ein St\u00fcckl abschnallen, sonst ging&#8217;s gut.<\/p>\n<p><a href='http:\/\/ski.inmontanis.info\/d\/99900-1\/ge_ischgl-sfl1.jpg'><img src=http:\/\/ski.inmontanis.info\/d\/99902-3\/ge_ischgl-sfl1.jpg \/><\/a><br \/>\n^ \u00dcberblick Ischgl (blau, links) und Serfaus-Fiss-Ladis (t\u00fcrkis, rechts)<\/p>\n<p><a href='http:\/\/ski.inmontanis.info\/d\/99904-1\/ge_ischgl-sfl2.jpg'><img src=http:\/\/ski.inmontanis.info\/d\/99906-3\/ge_ischgl-sfl2.jpg \/><\/a><br \/>\n^ Zwischen Samnaun \/ 4KSB Visnitz (links) und Serfaus \/ SL Mindersjoch (rechts), mit 4 langen Liften w\u00e4re eine Verbindung machbar. <\/p>\n<p><a href='http:\/\/ski.inmontanis.info\/d\/99908-1\/ge_stanton-ischgl-kappl-see-sfl3.jpg'><img src=http:\/\/ski.inmontanis.info\/d\/99910-3\/ge_stanton-ischgl-kappl-see-sfl3.jpg \/><\/a><br \/>\n^ See (pink) will mit Serfaus (t\u00fcrkis), Serfaus wollte mal mit Samnaun-Ischgl (blau), Kappl (gr\u00fcn) wird demn\u00e4chst mit rot (St.Anton-Rendl)<\/p>\n","protected":false},"excerpt":{"rendered":"<p>[_de]Bilder anklicken zum Vergr\u00f6\u00dfern[\/_de] [_en]Click photos to enlarge[\/_en]<\/p>\n<p>3x durfte man ja mit dem Freizeitticket gratis in Ischgl fahren &#8211; das musste ich nat\u00fcrlich ausn\u00fctzen, leider hab ich&#8217;s erst im April hingeschafft, so dass einige Abfahrten schon geschlossen waren.<\/p>\n<p>Dennoch bin ich 3 Tage volle Kanne gefahren (jeweils ca. 100-125km lt. GPS):<\/p>\n<p> <a href=\"http:\/\/blog.inmontanis.info\/?p=342\">[&#8230;]<\/a><\/p>\n","protected":false},"author":1,"featured_media":0,"comment_status":"open","ping_status":"closed","sticky":false,"template":"","format":"standard","meta":{"footnotes":""},"categories":[24,906,13,27],"tags":[42,49,56,53,57,38,52,47],"class_list":["post-342","post","type-post","status-publish","format-standard","hentry","category-tagestour","category-ischgl-samnaun","category-austria","category-skifahren-winterskiing-winter","tag-4eub","tag-4sb","tag-6sb","tag-8eub","tag-8sb","tag-dsb","tag-pb","tag-sl","odd"],"_links":{"self":[{"href":"http:\/\/blog.inmontanis.info\/index.php?rest_route=\/wp\/v2\/posts\/342","targetHints":{"allow":["GET"]}}],"collection":[{"href":"http:\/\/blog.inmontanis.info\/index.php?rest_route=\/wp\/v2\/posts"}],"about":[{"href":"http:\/\/blog.inmontanis.info\/index.php?rest_route=\/wp\/v2\/types\/post"}],"author":[{"embeddable":true,"href":"http:\/\/blog.inmontanis.info\/index.php?rest_route=\/wp\/v2\/users\/1"}],"replies":[{"embeddable":true,"href":"http:\/\/blog.inmontanis.info\/index.php?rest_route=%2Fwp%2Fv2%2Fcomments&post=342"}],"version-history":[{"count":6,"href":"http:\/\/blog.inmontanis.info\/index.php?rest_route=\/wp\/v2\/posts\/342\/revisions"}],"predecessor-version":[{"id":9307,"href":"http:\/\/blog.inmontanis.info\/index.php?rest_route=\/wp\/v2\/posts\/342\/revisions\/9307"}],"wp:attachment":[{"href":"http:\/\/blog.inmontanis.info\/index.php?rest_route=%2Fwp%2Fv2%2Fmedia&parent=342"}],"wp:term":[{"taxonomy":"category","embeddable":true,"href":"http:\/\/blog.inmontanis.info\/index.php?rest_route=%2Fwp%2Fv2%2Fcategories&post=342"},{"taxonomy":"post_tag","embeddable":true,"href":"http:\/\/blog.inmontanis.info\/index.php?rest_route=%2Fwp%2Fv2%2Ftags&post=342"}],"curies":[{"name":"wp","href":"https:\/\/api.w.org\/{rel}","templated":true}]}}