{"id":3413,"date":"2015-07-11T20:36:11","date_gmt":"2015-07-11T18:36:11","guid":{"rendered":"http:\/\/blog.inmontanis.info\/?p=3413"},"modified":"2023-07-01T20:57:36","modified_gmt":"2023-07-01T18:57:36","slug":"hintertuxer-gletscher-11-7-2015","status":"publish","type":"post","link":"http:\/\/blog.inmontanis.info\/?p=3413","title":{"rendered":"Hintertuxer Gletscher, 11.7.2015"},"content":{"rendered":"<p>Nachdem ich letztes Wochenende 3 Tage Skifahren war (Stubai, Cervinia, Tignes) und ich jetzt ohne g\u00fcltige Skisaisonkarte egtl. nur noch alle 2 Wochen fahren will, h\u00e4tte ich dieses WE egtl. ausfallen lassen wollen, aber bei den tollen Wetteraussichten und der Unsicherheit, wie es n\u00e4chstes WE werden w\u00fcrde, &#8220;musste&#8221; ich doch meine Hintertux-Sommer-Saison einl\u00e4uten.<\/p>\n<p>Im Juli+August ist&#8217;s am sch\u00f6nsten am Hintertuxer, da kommt m.E. kein anderer Gletscher ran, und am Hintertuxer ist&#8217;s m.E. auch im Juli+August am sch\u00f6nsten. Ungewohnt nur die sp\u00e4te Betriebszeit &#8211; 8:15 erste Talfahrt, im Gegensatz zu 7\/7:30 in den letzten Wochen. Daf\u00fcr kann man aber halt auch bis 16 Uhr fahren, und auf den Westh\u00e4ngen der gefrorenen Wand wird&#8217;s eh erst nachmittags richtig sch\u00f6n. Offpiste gingen auch die \u00fcblichen verd\u00e4chtigen, insofern hat alles gepasst, bis auf die eine oder andere Kleinigkeit, siehe Bildunterschriften.<\/p>\n<p>(Fotos anklicken zum Vergr\u00f6\u00dfern)<\/p>\n<p><a href='http:\/\/ski.inmontanis.info\/d\/201944-2\/DSC00823.jpg'><img src=http:\/\/ski.inmontanis.info\/d\/201943-3\/DSC00823.jpg \/><\/a><br \/>\n^ Bauarbeiten zur neuen Talabfahrt in Zell am Ziller<\/p>\n<p><a href='http:\/\/ski.inmontanis.info\/d\/201948-2\/DSC00824.jpg'><img src=http:\/\/ski.inmontanis.info\/d\/201947-3\/DSC00824.jpg \/><\/a><br \/>\n^ Blick von Lanersbach zum Hintertuxer Gletscher<\/p>\n<p><a href='http:\/\/ski.inmontanis.info\/d\/201956-2\/DSC00833.jpg'><img src=http:\/\/ski.inmontanis.info\/d\/201955-3\/DSC00833.jpg \/><\/a><br \/>\n^ Zoom zu den Kaserer-H\u00e4ngen inkl. 6KSB-Baustelle von der 8EUB<\/p>\n<p><a href='http:\/\/ski.inmontanis.info\/d\/201952-2\/DSC00835.jpg'><img src=http:\/\/ski.inmontanis.info\/d\/201951-3\/DSC00835.jpg \/><\/a><br \/>\n^ Blick von der 8EUB zur neu modellierten Mittelstationsabfahrt unten bzw. zu den TFH-H\u00e4ngen<\/p>\n<p><a href='http:\/\/ski.inmontanis.info\/d\/201960-2\/DSC00843.jpg'><img src=http:\/\/ski.inmontanis.info\/d\/201959-3\/DSC00843.jpg \/><\/a><br \/>\n^ Die gefrorene Wand war morgens sehr hart und ab Mittag sch\u00f6n firnig &#8211; typischer Westhang eben<\/p>\n<p><a href='http:\/\/ski.inmontanis.info\/d\/201964-2\/DSC00844.jpg'><img src=http:\/\/ski.inmontanis.info\/d\/201963-3\/DSC00844.jpg \/><\/a><br \/>\n^ Gletscherboden<\/p>\n<p><a href='http:\/\/ski.inmontanis.info\/d\/201968-2\/DSC00845.jpg'><img src=http:\/\/ski.inmontanis.info\/d\/201967-3\/DSC00845.jpg \/><\/a><br \/>\n^ Die Olperer-H\u00e4nge waren dagegen morgens sch\u00f6n firnig (und ohne unten schieben zu m\u00fcssen), zu Mittag etwas bremsiger, typischer Osthang eben.<\/p>\n<p><a href='http:\/\/ski.inmontanis.info\/d\/201976-2\/DSC00851.jpg'><img src=http:\/\/ski.inmontanis.info\/d\/201975-3\/DSC00851.jpg \/><\/a><br \/>\n^ Am rechten Olperer-SL wurden heute mehrere St\u00fctzen versetzt<\/p>\n<p><a href='http:\/\/ski.inmontanis.info\/d\/201972-2\/DSC00852.jpg'><img src=http:\/\/ski.inmontanis.info\/d\/201971-3\/DSC00852.jpg \/><\/a><br \/>\n^ Standardfoto zu den GW-H\u00e4ngen vom Olperer<\/p>\n<p><a href='http:\/\/ski.inmontanis.info\/d\/201980-2\/DSC00856.jpg'><img src=http:\/\/ski.inmontanis.info\/d\/201979-3\/DSC00856.jpg \/><\/a><br \/>\n^ Am rechten Olperer-SL wurden heute mehrere St\u00fctzen versetzt; hier wid gerade das Zugseil beidseitig verzurrt &#8211; jetzt darf den Lift keiner einschalten :) (Aber warum macht man das?)<\/p>\n<p><a href='http:\/\/ski.inmontanis.info\/d\/201984-2\/DSC00857.jpg'><img src=http:\/\/ski.inmontanis.info\/d\/201983-3\/DSC00857.jpg \/><\/a><br \/>\n^ GW-SL; die Abfahrt rechts der SL war offiziell gesperrt, au\u00dfer mir ist auch kaum jemand gefahren. Komisch, war sonst mehr los.<\/p>\n<p><a href='http:\/\/ski.inmontanis.info\/d\/201988-2\/DSC00859.jpg'><img src=http:\/\/ski.inmontanis.info\/d\/201987-3\/DSC00859.jpg \/><\/a><br \/>\n^ DSB-Abfahrt, 10EUB usw.<\/p>\n<p><a href='http:\/\/ski.inmontanis.info\/d\/202118-2\/DSC00861.jpg'><img src=http:\/\/ski.inmontanis.info\/d\/202117-3\/DSC00861.jpg \/><\/a><br \/>\n^ Die Abfahrt am TFH ging noch fast bis zum GB3, n\u00fctzte heut aber nichts, da dieser revisionsbedingt geschlossen war.<\/p>\n<p><a href='http:\/\/ski.inmontanis.info\/d\/201994-2\/DSC00862.jpg'><img src=http:\/\/ski.inmontanis.info\/d\/201993-3\/DSC00862.jpg \/><\/a><br \/>\n^ TFH-Hang-Standardfoto rechts<\/p>\n<p><a href='http:\/\/ski.inmontanis.info\/d\/201998-2\/DSC00863.jpg'><img src=http:\/\/ski.inmontanis.info\/d\/201997-3\/DSC00863.jpg \/><\/a><br \/>\n^ TFH-Hang-Standardfoto links (noch bevor ich links im offpiste-Bereich gefahren bin ;) ). Die Vermattung links geht heuer weiter runter.<\/p>\n<p><a href='http:\/\/ski.inmontanis.info\/d\/202002-2\/DSC00867.jpg'><img src=http:\/\/ski.inmontanis.info\/d\/202001-3\/DSC00867.jpg \/><\/a><br \/>\n^ Blick von der 10EUB zum mittleren Kasererweg bzw. der Baustelle der neuen 6KSB bzw. der Vermattung am Kaserer-SL<\/p>\n<p><a href='http:\/\/ski.inmontanis.info\/d\/202006-2\/DSC00872.jpg'><img src=http:\/\/ski.inmontanis.info\/d\/202005-3\/DSC00872.jpg \/><\/a><br \/>\n^ Bildmitte das rechte Eck: Gletscher, Fels oder Schutt? Eher alles Gletscher, aber 100% sicher w\u00e4r ich mir nicht.<\/p>\n<p><a href='http:\/\/ski.inmontanis.info\/d\/202010-2\/DSC00873.jpg'><img src=http:\/\/ski.inmontanis.info\/d\/202009-3\/DSC00873.jpg \/><\/a><br \/>\n^ Bildmitte und rechts: Gletscher, Fels oder Schutt? Ich mag&#8217;s auch in 1:1-Vergr\u00f6\u00dferung nicht genau erkennen.<\/p>\n<p><a href='http:\/\/ski.inmontanis.info\/d\/202014-2\/DSC00874.jpg'><img src=http:\/\/ski.inmontanis.info\/d\/202013-3\/DSC00874.jpg \/><\/a><br \/>\n^ Oberer Kasererweg, SL und zuk\u00fcnftige 6KSB-Bergstation<\/p>\n<p><a href='http:\/\/ski.inmontanis.info\/d\/202018-2\/DSC00875.jpg'><img src=http:\/\/ski.inmontanis.info\/d\/202017-3\/DSC00875.jpg \/><\/a><br \/>\n^ Bauarbeiten Bergstation 6KSB<\/p>\n<p><a href='http:\/\/ski.inmontanis.info\/d\/202022-2\/DSC00876.jpg'><img src=http:\/\/ski.inmontanis.info\/d\/202021-3\/DSC00876.jpg \/><\/a><br \/>\n^ Quasi-Standard-Bild von der GW zu den Olperer-H\u00e4ngen<\/p>\n<p><a href='http:\/\/ski.inmontanis.info\/d\/202026-2\/DSC00878.jpg'><img src=http:\/\/ski.inmontanis.info\/d\/202025-3\/DSC00878.jpg \/><\/a><br \/>\n^ DSB-Ausfahrt, blieb heute den ganzen Tag ge\u00f6ffnet, man musste die Skier nicht in die Hand nehmen (vmtl. weils nachmittags sehr wolkig und somit schattig war)<\/p>\n<p><a href='http:\/\/ski.inmontanis.info\/d\/202030-2\/DSC00879.jpg'><img src=http:\/\/ski.inmontanis.info\/d\/202029-3\/DSC00879.jpg \/><\/a><br \/>\n^ Zufahrt DSB Talstation, hat sich ordentlich Schnee angesammelt in den letzten Jahren.<\/p>\n<p><a href='http:\/\/ski.inmontanis.info\/d\/202034-2\/DSC00886.jpg'><img src=http:\/\/ski.inmontanis.info\/d\/202033-3\/DSC00886.jpg \/><\/a><br \/>\n^ Diese beiden St\u00fctzen wurden heuer gemeinsam vermattet. Aber keine Ahnung, ob sie auch n\u00e4her beieinander stehen.<\/p>\n<p><a href='http:\/\/ski.inmontanis.info\/d\/202038-2\/DSC00887.jpg'><img src=http:\/\/ski.inmontanis.info\/d\/202037-3\/DSC00887.jpg \/><\/a><br \/>\n^ Blick von der DSB zu den SL. Die ganz rechte Abfahrt am Olperer-SL war \u00fcbrigens offiziell geschlossen.<\/p>\n<p><a href='http:\/\/ski.inmontanis.info\/d\/202042-2\/DSC00892.jpg'><img src=http:\/\/ski.inmontanis.info\/d\/202041-3\/DSC00892.jpg \/><\/a><br \/>\n^ DSB und SL und Vermattung<\/p>\n<p><a href='http:\/\/ski.inmontanis.info\/d\/202046-2\/DSC00895.jpg'><img src=http:\/\/ski.inmontanis.info\/d\/202045-3\/DSC00895.jpg \/><\/a><br \/>\n^ Oberer Kasererweg mit Blick zum Olperer (und -SL)<\/p>\n<p><a href='http:\/\/ski.inmontanis.info\/d\/202050-2\/DSC00894.jpg'><img src=http:\/\/ski.inmontanis.info\/d\/202049-3\/DSC00894.jpg \/><\/a><br \/>\n^ Baustelle 6KSB<\/p>\n<p><a href='http:\/\/ski.inmontanis.info\/d\/202054-2\/DSC00896.jpg'><img src=http:\/\/ski.inmontanis.info\/d\/202053-3\/DSC00896.jpg \/><\/a><br \/>\n^ Talblick. In ein paar Jahren wird der Gletscherbuckel wohl weg sein.<\/p>\n<p><a href='http:\/\/ski.inmontanis.info\/d\/202058-2\/DSC00898.jpg'><img src=http:\/\/ski.inmontanis.info\/d\/202057-3\/DSC00898.jpg \/><\/a><br \/>\n^ Bauarbeiten 6KSB, Bauseilbahn und St\u00fctze<\/p>\n<p><a href='http:\/\/ski.inmontanis.info\/d\/202062-2\/DSC00899.jpg'><img src=http:\/\/ski.inmontanis.info\/d\/202061-3\/DSC00899.jpg \/><\/a><br \/>\n^ GW-H\u00e4nge<\/p>\n<p><a href='http:\/\/ski.inmontanis.info\/d\/202066-2\/DSC00902.jpg'><img src=http:\/\/ski.inmontanis.info\/d\/202065-3\/DSC00902.jpg \/><\/a><br \/>\n^ Vermattung im oberen Teil der TFH-Abfahrt (und an der DSB-Zufahrt rechts oben)<\/p>\n<p><a href='http:\/\/ski.inmontanis.info\/d\/202070-2\/DSC00903.jpg'><img src=http:\/\/ski.inmontanis.info\/d\/202069-3\/DSC00903.jpg \/><\/a><br \/>\n^ Offpiste. Bzw. egtl. ist das ja die schwarze Abfahrt ;)<\/p>\n<p><a href='http:\/\/ski.inmontanis.info\/d\/202074-2\/DSC00904.jpg'><img src=http:\/\/ski.inmontanis.info\/d\/202073-3\/DSC00904.jpg \/><\/a><br \/>\n^ Bauarbeiten Talstation 6KSB und Schneedepot<\/p>\n<p><a href='http:\/\/ski.inmontanis.info\/d\/202078-2\/DSC00905.jpg'><img src=http:\/\/ski.inmontanis.info\/d\/202077-3\/DSC00905.jpg \/><\/a><br \/>\n^ Schneedepot Kaserer, Bauseilbahn und ich musste dort unten etwas \u00fcber Blankeis abfahren.<\/p>\n<p><a href='http:\/\/ski.inmontanis.info\/d\/202082-2\/DSC00906.jpg'><img src=http:\/\/ski.inmontanis.info\/d\/202081-3\/DSC00906.jpg \/><\/a><br \/>\n^ Bauarbeiten Talstation 6KSB<\/p>\n<p><a href='http:\/\/ski.inmontanis.info\/d\/202086-2\/DSC00911.jpg'><img src=http:\/\/ski.inmontanis.info\/d\/202085-3\/DSC00911.jpg \/><\/a><br \/>\n^ Die Zufahrt zur Rinne an der 10EUB ging noch, bin ich dann 2x gefahren. Ob sie in 2 Wochen noch geht, na ich wei\u00df nicht&#8230;<\/p>\n<p><a href='http:\/\/ski.inmontanis.info\/d\/202090-2\/DSC00914.jpg'><img src=http:\/\/ski.inmontanis.info\/d\/202089-3\/DSC00914.jpg \/><\/a><br \/>\n^ Offpiste zwischen 10EUB und GB3. Letztes Jahr konnte ich am 19.7.2014 noch rechts in der Mulde fahren.<\/p>\n<p><a href='http:\/\/ski.inmontanis.info\/d\/202094-2\/DSC00921.jpg'><img src=http:\/\/ski.inmontanis.info\/d\/202093-3\/DSC00921.jpg \/><\/a><br \/>\n^ Bester Firn wie \u00fcblich nachmittags an der gefrorenen Wand, im Trainingsgel\u00e4nde, und hier insb. nat\u00fcrlich auf den dunklen Stellen.<\/p>\n<p><a href='http:\/\/ski.inmontanis.info\/d\/202098-2\/DSC00923.jpg'><img src=http:\/\/ski.inmontanis.info\/d\/202097-3\/DSC00923.jpg \/><\/a><br \/>\n^ Offpiste zwischen 10EUB und GB3, meine Spuren sind in den Rinnen ganz links und ganz rechts am Bildrand, bin beides noch ein weiteres Mal gefahren. Schnee war leider recht unruhig, schade, dass nicht mehr Leute hier abfahren, dann ginge es auch besser&#8230;<\/p>\n<p><a href='http:\/\/ski.inmontanis.info\/d\/202102-2\/DSC00926.jpg'><img src=http:\/\/ski.inmontanis.info\/d\/202101-3\/DSC00926.jpg \/><\/a><br \/>\n^ Bl\u00f6de neue Angewohnheit: GW-H\u00e4nge per Seilwinde bereits ab 14 Uhr zu pr\u00e4parieren &#8211; sonst konnte man die ja immer noch sch\u00f6n mit der DSB mitnehmen.<\/p>\n<p><a href='http:\/\/ski.inmontanis.info\/d\/202106-2\/DSC00927.jpg'><img src=http:\/\/ski.inmontanis.info\/d\/202105-3\/DSC00927.jpg \/><\/a><br \/>\n^ Revision am GB3 (mitten in der Ferienzeit??)<\/p>\n<p><a href='http:\/\/ski.inmontanis.info\/d\/202110-2\/DSC00929.jpg'><img src=http:\/\/ski.inmontanis.info\/d\/202109-3\/DSC00929.jpg \/><\/a><br \/>\n^ Um 15:15 gab&#8217;s etwas Schneeverschub am Einstieg zur DSB (obwohl egtl. noch genug lag)<\/p>\n<p><a href='http:\/\/ski.inmontanis.info\/d\/202114-2\/ge20150711b.jpg'><img src=http:\/\/ski.inmontanis.info\/d\/202113-3\/ge20150711b.jpg \/><\/a><br \/>\n^ GPS-Track 11.7.2015 (blau) und Vorjahr 19.7.2014 (gelb)<\/p>\n<p><a href='http:\/\/ski.inmontanis.info\/d\/201940-2\/DSC00934_001.jpg'><img src=http:\/\/ski.inmontanis.info\/d\/201939-3\/DSC00934_001.jpg \/><\/a><br \/>\n^ Bauarbeiten an der Ortsdurchfahrt in Mayrhofen, neue Br\u00fccke wird gebaut. Ungewohnt beim Durchfahren auch das Fehlen der Penkenbahn, die ja heuer auch neu gebaut wird.<\/p>\n","protected":false},"excerpt":{"rendered":"<p>Nachdem ich letztes Wochenende 3 Tage Skifahren war (Stubai, Cervinia, Tignes) und ich jetzt ohne g\u00fcltige Skisaisonkarte egtl. nur noch alle 2 Wochen fahren will, h\u00e4tte ich dieses WE egtl. ausfallen lassen wollen, aber bei den tollen Wetteraussichten und der Unsicherheit, wie es n\u00e4chstes WE werden w\u00fcrde, &#8220;musste&#8221; ich doch meine Hintertux-Sommer-Saison einl\u00e4uten.<\/p>\n<p>Im Juli+August <a href=\"http:\/\/blog.inmontanis.info\/?p=3413\">[&#8230;]<\/a><\/p>\n","protected":false},"author":1,"featured_media":0,"comment_status":"closed","ping_status":"closed","sticky":false,"template":"","format":"standard","meta":{"footnotes":""},"categories":[246,25,13,28],"tags":[72,38,54,78,47],"class_list":["post-3413","post","type-post","status-publish","format-standard","hentry","category-hintertux","category-noreport","category-austria","category-skifahren-sommer","tag-10eub","tag-dsb","tag-gletschervergleich","tag-restschnee","tag-sl","odd"],"_links":{"self":[{"href":"http:\/\/blog.inmontanis.info\/index.php?rest_route=\/wp\/v2\/posts\/3413","targetHints":{"allow":["GET"]}}],"collection":[{"href":"http:\/\/blog.inmontanis.info\/index.php?rest_route=\/wp\/v2\/posts"}],"about":[{"href":"http:\/\/blog.inmontanis.info\/index.php?rest_route=\/wp\/v2\/types\/post"}],"author":[{"embeddable":true,"href":"http:\/\/blog.inmontanis.info\/index.php?rest_route=\/wp\/v2\/users\/1"}],"replies":[{"embeddable":true,"href":"http:\/\/blog.inmontanis.info\/index.php?rest_route=%2Fwp%2Fv2%2Fcomments&post=3413"}],"version-history":[{"count":1,"href":"http:\/\/blog.inmontanis.info\/index.php?rest_route=\/wp\/v2\/posts\/3413\/revisions"}],"predecessor-version":[{"id":3414,"href":"http:\/\/blog.inmontanis.info\/index.php?rest_route=\/wp\/v2\/posts\/3413\/revisions\/3414"}],"wp:attachment":[{"href":"http:\/\/blog.inmontanis.info\/index.php?rest_route=%2Fwp%2Fv2%2Fmedia&parent=3413"}],"wp:term":[{"taxonomy":"category","embeddable":true,"href":"http:\/\/blog.inmontanis.info\/index.php?rest_route=%2Fwp%2Fv2%2Fcategories&post=3413"},{"taxonomy":"post_tag","embeddable":true,"href":"http:\/\/blog.inmontanis.info\/index.php?rest_route=%2Fwp%2Fv2%2Ftags&post=3413"}],"curies":[{"name":"wp","href":"https:\/\/api.w.org\/{rel}","templated":true}]}}