{"id":3409,"date":"2015-07-05T23:01:29","date_gmt":"2015-07-05T21:01:29","guid":{"rendered":"http:\/\/blog.inmontanis.info\/?p=3409"},"modified":"2023-07-31T18:16:00","modified_gmt":"2023-07-31T16:16:00","slug":"tignes-5-7-2015","status":"publish","type":"post","link":"http:\/\/blog.inmontanis.info\/?p=3409","title":{"rendered":"Tignes, 5.7.2015"},"content":{"rendered":"<p>Um 6 Uhr stand ich auf und fuhr die Passstra\u00dfe ein bisschen bergab, denn dort gab es am Stra\u00dfenrand noch gro\u00dfe Schneefelder. Ich f\u00fcllte pro K\u00fchlbox 2 Pet-Flaschen mit Schnee ab, wobei eh noch etwas Eis drin war (ich hatte die Flaschen mit Wasser gef\u00fcllt letzte Woche im Gefrierfach und am Freitag nachmittag mitgenommen). Sollte hoffentlich auch bei den heutigen Temperaturen reichen. Nachmittags kann ich ja dann die elektrische K\u00fchlung der K\u00fchlboxen einschalten.<\/p>\n<p>Ca. 7:15 Uhr war ich am Parkplatz in Tignes und ging nach dem Anziehen der Skisachen auf&#8217;s Klo, wo ich von Kaliningrad eine SMS von 7:11 las, in der er schrieb, dass er seit 10 Minuten an der Kasse ansteht. Ich antwortete ihm, dass er mir doch einen Skipass mitkaufen m\u00f6ge, falls er noch anst\u00fcnde. Als ich dann bei ihm war &#8211; er stand immer noch an. Ich glaub, es waren dann 40 Minuten in Summe, bis er endlich an der Reihe war! Der Hammer aber: Es waren keine 10 Leute vor ihm!! Grund: Es waren nur 2 Kassen ge\u00f6ffnet (eine dritte erst ab ca. 7:30 Uhr) und so gut wie jeder vor ihm war stellvertretend f\u00fcr eine Renngruppe da, viele P\u00e4sse kaufend, viel rumdiskutierend etc. etc. !! Und die 2 Automaten? Hab einen beobachtet, nachdem er sich minutenlang durch Men\u00fcs usw. gehangelt hat, stand am Schirm, dass keine Verbindung zum Bankrechner gemacht werden k\u00f6nne. Und der 2. Automat hatte gleich einen anderen Fehler &#8230; Krank.<\/p>\n<p>Daf\u00fcr hatten wir dann logischerweise keine Wartezeiten mehr an der U-SSB. Oben gleich mal weiter zur PB, die Osth\u00e4nge waren &#8211; wie erwartet bei den aktuellen Temperaturen &#8211; von der fr\u00fch weg weich. Hart war nur ein St\u00fcck der oberen 4KSB-Abfahrten. Dort gingen zum Gl\u00fcck tats\u00e4chlich noch alle Abfahrten und auch offpiste war noch ein bisschen was m\u00f6glich.<\/p>\n<p>W\u00e4hrend Cervinia\/Zermatt gestern mit der Schneequalit\u00e4t punktete, punktete Tignes &#8211; wie erwartet &#8211; heute mit der h\u00f6heren Abwechslung und der Offpistem\u00f6glichkeiten. Aufgrund der hohen Temperaturen wurden die Lifte aber schon um 12 anstatt um 13 Uhr wie lt. Plan eingestellt. Und das schien man auch die n\u00e4chsten Wochen so beizubehalten, soweit ich mir immer wieder mal die Anzeige der ge\u00f6ffneten Lifte und Pisten ansah.<\/p>\n<p>(Fotos anklicken zum Vergr\u00f6\u00dfern)<\/p>\n<p><a href='http:\/\/ski.inmontanis.info\/d\/202887-2\/DSC00658.jpg'><img src=http:\/\/ski.inmontanis.info\/d\/202886-3\/DSC00658.jpg \/><\/a><br \/>\n^ Iseran\/Pissaillas, vor ein paar Tagen ging die Talabfahrt noch &#8211; wurde bis zuletzt mit Schnee versorgt.<\/p>\n<p><a href='http:\/\/ski.inmontanis.info\/d\/202891-2\/DSC00659.jpg'><img src=http:\/\/ski.inmontanis.info\/d\/202890-3\/DSC00659.jpg \/><\/a><br \/>\n^ Sonnenaufgang und der Mond ist auch noch da.<\/p>\n<p><a href='http:\/\/ski.inmontanis.info\/d\/202895-2\/DSC00715.jpg'><img src=http:\/\/ski.inmontanis.info\/d\/202894-3\/DSC00715.jpg \/><\/a><br \/>\n^ Zoom Gletscherskigebiet Iseran\/Pissaillas sp\u00e4ter von Tignes \/ Grande Motte aus<\/p>\n<p><a href='http:\/\/ski.inmontanis.info\/d\/202743-2\/DSC00660.jpg'><img src=http:\/\/ski.inmontanis.info\/d\/202742-3\/DSC00660.jpg \/><\/a><br \/>\n^ Als K kam, stand er in etwa dort, wo rechts die blonde Frau in wei\u00df-rot steht, wenn ich das richtig verstanden habe. 30 Minuten sp\u00e4ter kam er gerade ca. 5-6 Personen weiter, er steht jetzt kurz nach der S\u00e4ule!<\/p>\n<p><a href='http:\/\/ski.inmontanis.info\/d\/202747-2\/DSC00663.jpg'><img src=http:\/\/ski.inmontanis.info\/d\/202746-3\/DSC00663.jpg \/><\/a><br \/>\n^ Standard-Pano von der PB-Bergstation<\/p>\n<p><a href='http:\/\/ski.inmontanis.info\/d\/202751-2\/DSC00661.jpg'><img src=http:\/\/ski.inmontanis.info\/d\/202750-3\/DSC00661.jpg \/><\/a><br \/>\n^ Standard-Pano von der PB-Bergstation<\/p>\n<p><a href='http:\/\/ski.inmontanis.info\/d\/202755-2\/DSC00665.jpg'><img src=http:\/\/ski.inmontanis.info\/d\/202754-3\/DSC00665.jpg \/><\/a><br \/>\n^ Die Treppe am Ausstieg der PB ist mittlerweile gar nicht mehr zu sehen ..<\/p>\n<p><a href='http:\/\/ski.inmontanis.info\/d\/202759-2\/DSC00666.jpg'><img src=http:\/\/ski.inmontanis.info\/d\/202758-3\/DSC00666.jpg \/><\/a><br \/>\n^ Rote Abfahrt an der PB, sowie Funpark und unten SL 3500<\/p>\n<p><a href='http:\/\/ski.inmontanis.info\/d\/202763-2\/DSC00667.jpg'><img src=http:\/\/ski.inmontanis.info\/d\/202762-3\/DSC00667.jpg \/><\/a><br \/>\n^ Die beiden Abfahrten an der PB, vorne Bergstation SL Champagny<\/p>\n<p><a href='http:\/\/ski.inmontanis.info\/d\/202767-2\/DSC00668.jpg'><img src=http:\/\/ski.inmontanis.info\/d\/202766-3\/DSC00668.jpg \/><\/a><br \/>\n^ Die direkte Abfahrt diesseits am SL Champagny, einst Trainingsareal,  heuer nicht vorhanden.<\/p>\n<p><a href='http:\/\/ski.inmontanis.info\/d\/202771-2\/DSC00670.jpg'><img src=http:\/\/ski.inmontanis.info\/d\/202770-3\/DSC00670.jpg \/><\/a><br \/>\n^ PB, SL Champagny, SL Rosolin<\/p>\n<p><a href='http:\/\/ski.inmontanis.info\/d\/202775-2\/DSC00671.jpg'><img src=http:\/\/ski.inmontanis.info\/d\/202774-3\/DSC00671.jpg \/><\/a><br \/>\n^ SL Champagny, die erste St\u00fctze wird in ein paar Wochen auf Fels stehen.<\/p>\n<p><a href='http:\/\/ski.inmontanis.info\/d\/202779-2\/DSC00673.jpg'><img src=http:\/\/ski.inmontanis.info\/d\/202778-3\/DSC00673.jpg \/><\/a><br \/>\n^ Diese Abfahrt an der Vanoise-4KSB war noch sehr hart.<\/p>\n<p><a href='http:\/\/ski.inmontanis.info\/d\/202783-2\/DSC00675.jpg'><img src=http:\/\/ski.inmontanis.info\/d\/202782-3\/DSC00675.jpg \/><\/a><br \/>\n^ Abfahrt 4KSB Vanoise, im Talstationsbereich heuer auf der anderen Seite als sonst.<\/p>\n<p><a href='http:\/\/ski.inmontanis.info\/d\/202787-2\/DSC00678.jpg'><img src=http:\/\/ski.inmontanis.info\/d\/202786-3\/DSC00678.jpg \/><\/a><br \/>\n^ 4KSB Vanoise, Offpiste ist heuer im Sommer nicht viel drin<\/p>\n<p><a href='http:\/\/ski.inmontanis.info\/d\/202791-2\/DSC00679.jpg'><img src=http:\/\/ski.inmontanis.info\/d\/202790-3\/DSC00679.jpg \/><\/a><br \/>\n^ Blick von der 4KSB Vanoise zu den SL Rosolin, PB und der Gletscherflanke an der Grande Motte. Nett auch der von einem Flugzeug &#8220;durchbohrte&#8221; Mond ;)<\/p>\n<p><a href='http:\/\/ski.inmontanis.info\/d\/202795-2\/DSC00680.jpg'><img src=http:\/\/ski.inmontanis.info\/d\/202794-3\/DSC00680.jpg \/><\/a><br \/>\n^ Von den oberen Abfahrten an der 4KSB Vanoise war nicht wie sonst die linke offen und die rechte gesperrt, sondern quasi umgekehrt, die linke ging aber auch noch und war bis auf das schneearme St\u00fcck auch pr\u00e4pariert.<\/p>\n<p><a href='http:\/\/ski.inmontanis.info\/d\/202799-2\/DSC00682.jpg'><img src=http:\/\/ski.inmontanis.info\/d\/202798-3\/DSC00682.jpg \/><\/a><br \/>\n^ Gletscherfreies Ende der Abfahrt zur 4KSB Vanoise<\/p>\n<p><a href='http:\/\/ski.inmontanis.info\/d\/202803-2\/DSC00685.jpg'><img src=http:\/\/ski.inmontanis.info\/d\/202802-3\/DSC00685.jpg \/><\/a><br \/>\n^ Standardfoto von der PB-Talstation auf den Gletscherbereich. Der Steinbuckel links des SL Champagny wird sich im Laufe dieses Sommers noch bis rechts zu den Rosolin-SL durchziehen; evtl. auch noch bis zu dem aktuell noch sehr kleinen Felsriegel links davon (den kannte ich bisher noch nicht), evtl. sogar auch noch bis zur Bergstation der Rosolin-SL.<\/p>\n<p>Im Nachhinein beobachtet: Die 4KSB Vanoise war noch bis inkl. 14.7. ge\u00f6ffnet, der SL Rosolin bis 17.7., ein paar Tage sp\u00e4ter wurde auch der SL Champagny eingestellt. Mittlerweile (25.7.) steht die 1. St\u00fctze des SL Champagny fast oder schon auf Fels, so dass wir im Laufe dieses Sommers davon ausgehen k\u00f6nnen, dass sich der bisher freie Fels links des SL mit den Felsen rechts (am SL Rosolin) verbinden wird und das Gletscherende in diesem Bereich an der Bergstation des SL Rosolin sein wird. Puh! Die einstige &#8220;Capitale du Ski d&#8217;\u00e9t\u00e9&#8221; &#8211; bald eine Sommerski-Geisterstadt?<\/p>\n<p>Siehe dazu auch die Webcam-Bilder vom 24.7.:<br \/>\n<a href='http:\/\/www.sommerschi.com\/forum\/sommerschi-f5\/zur-aktuellen-situation-auf-den-gletschern-t1238-s480.html#p45814'>http:\/\/www.sommerschi.com\/forum\/sommerschi-f5\/zur-aktuellen-situation-auf-den-gletschern-t1238-s480.html#p45814<\/a><br \/>\n.. oder die aktuelle Webcam bzw. deren Historie:<br \/>\n<a href='http:\/\/tignes.livecam360.net\/grande-motte'>http:\/\/tignes.livecam360.net\/grande-motte<\/a><\/p>\n<p>Vor 10 Jahren, am 26.6.2005, sah das ganze noch so aus:<br \/>\n<img src=http:\/\/ski.inmontanis.info\/d\/35233-2\/06260007_G.jpg \/><br \/>\n^ 26.6.2005<\/p>\n<p>Und am 17.8.2007:<br \/>\n<img src=http:\/\/ski.inmontanis.info\/d\/35385-2\/P1190128.jpg \/><br \/>\n^ 17.8.2007. Der obere Felsbuckel schaut mittlerweile raus, der untere dagegen noch nicht.<\/p>\n<p><a href='http:\/\/ski.inmontanis.info\/d\/202807-2\/DSC00692.jpg'><img src=http:\/\/ski.inmontanis.info\/d\/202806-3\/DSC00692.jpg \/><\/a><br \/>\n^ Die in den letzten Jahren ausgeaperten Felsen an der SL Rosolin &#8211; Abfahrt<\/p>\n<p><a href='http:\/\/ski.inmontanis.info\/d\/202811-2\/DSC00694.jpg'><img src=http:\/\/ski.inmontanis.info\/d\/202810-3\/DSC00694.jpg \/><\/a><br \/>\n^ 4KSB-3SB-SL-4SB-PB; nett, dass die Abfahrt vorne zur 4KSB noch ging, allerdings nur mit etwas Bergaufschieben.<\/p>\n<p><a href='http:\/\/ski.inmontanis.info\/d\/202815-2\/DSC00695.jpg'><img src=http:\/\/ski.inmontanis.info\/d\/202814-3\/DSC00695.jpg \/><\/a><br \/>\n^ SL Rosolin<\/p>\n<p>2008 sah ich diese Felsen zum ersten Mal rausspitzen:<br \/>\n<img src=http:\/\/ski.inmontanis.info\/d\/63782-3\/P1280822.JPG \/><br \/>\n^ 19.8.2008<\/p>\n<p><a href='http:\/\/ski.inmontanis.info\/d\/202819-2\/DSC00698.jpg'><img src=http:\/\/ski.inmontanis.info\/d\/202818-3\/DSC00698.jpg \/><\/a><br \/>\n^ SL Rosolin &#8211; 4KSB Vanoise &#8211; SL Champagny<\/p>\n<p><a href='http:\/\/ski.inmontanis.info\/d\/202823-2\/DSC00700.jpg'><img src=http:\/\/ski.inmontanis.info\/d\/202822-3\/DSC00700.jpg \/><\/a><br \/>\n^ SL Rosolin; die Felsen unten in der Mulde links gehen auch schon nah richtung Talstation..<\/p>\n<p><a href='http:\/\/ski.inmontanis.info\/d\/202827-2\/DSC00701.jpg'><img src=http:\/\/ski.inmontanis.info\/d\/202826-3\/DSC00701.jpg \/><\/a><br \/>\n^ SL Rosolin &#8211; SL Champagny<\/p>\n<p><a href='http:\/\/ski.inmontanis.info\/d\/202831-2\/DSC00702.jpg'><img src=http:\/\/ski.inmontanis.info\/d\/202830-3\/DSC00702.jpg \/><\/a><br \/>\n^ Die \u00f6ffentliche Abfahrt am SL Rosolin war nur mittels mehrerer tiefer Wasserstellen zu machen; zudem musste man den Weg zwischen den Felsen hindurch nehmen.<\/p>\n<p><a href='http:\/\/ski.inmontanis.info\/d\/202835-2\/DSC00703.jpg'><img src=http:\/\/ski.inmontanis.info\/d\/202834-3\/DSC00703.jpg \/><\/a><br \/>\n^ Abfahrt am SL Rosolin<\/p>\n<p><a href='http:\/\/ski.inmontanis.info\/d\/202839-2\/DSC00708.jpg'><img src=http:\/\/ski.inmontanis.info\/d\/202838-3\/DSC00708.jpg \/><\/a><br \/>\n^ Kaliningrads Sommerschischi<\/p>\n<p><a href='http:\/\/ski.inmontanis.info\/d\/202843-2\/DSC00712.jpg'><img src=http:\/\/ski.inmontanis.info\/d\/202842-3\/DSC00712.jpg \/><\/a><br \/>\n^ 4KSB Vanoise vs. See<\/p>\n<p><a href='http:\/\/ski.inmontanis.info\/d\/202847-2\/DSC00713.jpg'><img src=http:\/\/ski.inmontanis.info\/d\/202846-3\/DSC00713.jpg \/><\/a><br \/>\n^ SL Rosolin Talstation. Wird wohl auch in wenigen Jahren gletscherfrei sein.<\/p>\n<p><a href='http:\/\/ski.inmontanis.info\/d\/202851-2\/DSC00717.jpg'><img src=http:\/\/ski.inmontanis.info\/d\/202850-3\/DSC00717.jpg \/><\/a><br \/>\n^ Offpiste an der 4KSB Vanoise ging heute wenig, aber eine Linie ging ohne Abschnallen durch. Haben aber bei unseren beiden Abfahrten jedesmal eine falsche Abzweigung erwischt :)<\/p>\n<p><a href='http:\/\/ski.inmontanis.info\/d\/202855-2\/DSC00719.jpg'><img src=http:\/\/ski.inmontanis.info\/d\/202854-3\/DSC00719.jpg \/><\/a><br \/>\n^ Offpiste an der 4KSB Vanoise. Schade, dass hier nicht mehr fahren, dann ginge es viel ebsser.<\/p>\n<p><a href='http:\/\/ski.inmontanis.info\/d\/202859-2\/DSC00720.jpg'><img src=http:\/\/ski.inmontanis.info\/d\/202858-3\/DSC00720.jpg \/><\/a><br \/>\n^ Offpiste an der 4KSB Vanoise<\/p>\n<p><a href='http:\/\/ski.inmontanis.info\/d\/202863-2\/DSC00722.jpg'><img src=http:\/\/ski.inmontanis.info\/d\/202862-3\/DSC00722.jpg \/><\/a><br \/>\n^ Offpiste an der 4KSB Vanoise, im unteren Bereich gab es zwei Varianten &#8230;<\/p>\n<p><a href='http:\/\/ski.inmontanis.info\/d\/202867-2\/DSC00728.jpg'><img src=http:\/\/ski.inmontanis.info\/d\/202866-3\/DSC00728.jpg \/><\/a><br \/>\n^ Offpiste an der 4KSB Vanoise, hier die zweite Variante.<\/p>\n<p><a href='http:\/\/ski.inmontanis.info\/d\/202871-2\/DSC00730.jpg'><img src=http:\/\/ski.inmontanis.info\/d\/202870-3\/DSC00730.jpg \/><\/a><br \/>\n^ Offpiste an der 4KSB Vanoise<\/p>\n<p><a href='http:\/\/ski.inmontanis.info\/d\/202875-2\/DSC00731.jpg'><img src=http:\/\/ski.inmontanis.info\/d\/202874-3\/DSC00731.jpg \/><\/a><br \/>\n^ Diese Seite am SL 3500 war in den letzten Jahren h\u00e4ufig nicht so plan pr\u00e4pariert.<\/p>\n<p><a href='http:\/\/ski.inmontanis.info\/d\/202879-2\/DSC00732.jpg'><img src=http:\/\/ski.inmontanis.info\/d\/202878-3\/DSC00732.jpg \/><\/a><br \/>\n^ Diese Seite am SL 3500 wurde in letzter Zeit gar nicht pr\u00e4pariert, heute daher auch noch pappiger. Da der SL 3500 aber eh so uns\u00e4glich lahm l\u00e4uft, ist man ganz froh, wenn man schneem\u00e4\u00dfig hier nicht \u00f6fters fahren will.<\/p>\n<p><a href='http:\/\/ski.inmontanis.info\/d\/202883-2\/ge20150705a.jpg'><img src=http:\/\/ski.inmontanis.info\/d\/202882-3\/ge20150705a.jpg \/><\/a><br \/>\n^ GPS-Track 5.7.2015<\/p>\n<p>Kalinigrad fuhr schon etwas fr\u00fcher heim, ich blieb bis zum Schluss und wollte nochmal nach Albertville zum Essen. Im Buffalo Grill war&#8217;s um kurz nach 14 Uhr erstaunlicherweise noch recht voll, ich entschied mich diesmal nur f\u00fcr das mittlere Men\u00fc mit dem Spie\u00df um 10,90 (inkl. Vorspeisensalat plus Wasser plus Nachtisch, so dass man satt wird), machte allerdings ein Nachspeisen-Upgrade (um &#8211; ich glaub &#8211; 2,50 Aufpreis kann man jede andere Nachspeise, nicht nur die vom Men\u00fc, nehmen) und entschied mich f\u00fcr den &#8220;french donut&#8221;, eine Mischung aus Croissant und Donut (also wie der ber\u00fchmte &#8220;Cronut&#8221;?) mit Karamellsauce, gegrillten Mandelsplittern und Sahne &#8230; wei\u00df nicht, ob ich jemals ein leckereres Dessert gegessen hab &#8211; absolute Empfehlung!!<\/p>\n<p>Auf eine 2 Portion der Nachspeise verzichtete ich, da ich noch am Quick vorbei fuhr und einen Quick&#8217;n&#8217;Toast (kalt f\u00fcr heute Abend) und 5 Churros mitnahm, wobei die nat\u00fcrlich warm besser schmecken und daher 4 gleich vertilgt wurden &#8211; alles etwas konzentrierter diesmal, wenn man nur 1 Sommerskitag in Frankreich hat&#8230;<\/p>\n<p>Zur\u00fcck ging&#8217;s, da ich Zeit hatte, \u00fcber die k\u00fcrzeste und mautg\u00fcnstigste Variante: \u00dcber das Arly-Tal nach Chamonix, nach Martigny und durch&#8217;s Wallis, \u00fcber den Furka nach Andermatt, \u00fcber den Oberalp nach Disentis, Chur und \u00fcber den Arlberg wieder nach Tirol.<\/p>\n<p>Die D1212 nahe Ugine (Gorges de l&#8217;Arly) ist in dem engen Tal immer noch gesperrt. Oder eher schon wieder? Ich dachte, nachdem sie letzten Sommer schon gesperrt war, konnte ich im Winter in einer Richtung durchfahren.  Ok, da geht wohl \u00f6fters mal was runter auf diese Stra\u00dfe, beinahe j\u00e4hrlich hat man da irgendein Problem &#8230;.:<\/p>\n<p><a href='http:\/\/www.mannecy.fr\/img_o\/Gorges_de_l_Arly.jpg'>http:\/\/www.mannecy.fr\/img_o\/Gorges_de_l_Arly.jpg<\/a><\/p>\n<p>Aua Aua &#8211; ok, dann lieber oben rumfahren:<br \/>\n<a href='http:\/\/s-www.ledauphine.com\/images\/1295B27C-B6AD-4FFE-8931-2BBEA70C0F0D\/LDL_V0_12\/photo-le-dl.jpg'>http:\/\/s-www.ledauphine.com\/images\/1295B27C-B6AD-4FFE-8931-2BBEA70C0F0D\/LDL_V0_12\/photo-le-dl.jpg<\/a><\/p>\n<p>Mal versch\u00fcttet:<br \/>\n<object style=\"height: 500px; width: 900px\"><param name=\"movie\" value=\"http:\/\/www.youtube.com\/v\/g3IVO0uL36w\"><\/param><param name=\"wmode\" value=\"transparent\"><\/param><embed src=\"http:\/\/www.youtube.com\/v\/g3IVO0uL36w\" type=\"application\/x-shockwave-flash\" wmode=\"transparent\"  width=\"900\" height=\"480\"><\/embed><\/object><\/p>\n<p>.. und mal weggesp\u00fclt:<br \/>\n<object style=\"height: 500px; width: 900px\"><param name=\"movie\" value=\"http:\/\/www.youtube.com\/v\/WFR8QfgMW3o\"><\/param><param name=\"wmode\" value=\"transparent\"><\/param><embed src=\"http:\/\/www.youtube.com\/v\/WFR8QfgMW3o\" type=\"application\/x-shockwave-flash\" wmode=\"transparent\"  width=\"900\" height=\"480\"><\/embed><\/object><\/p>\n<p>Wah!<\/p>\n<p><a href='http:\/\/ski.inmontanis.info\/d\/202913-2\/DSC00737.jpg'><img src=http:\/\/ski.inmontanis.info\/d\/202911-3\/DSC00737.jpg \/><\/a><br \/>\n^ Blick ins kleine Skigebiet von Passy (Bildmitte, nur KSSL; rechts die Stra\u00dfe nach Chamonix hoch). Schaut ja gar nicht so \u00fcbel aus, dazu sonnige S\u00fcdseite &#8211; muss ich doch mal im Winter vorbeischauen &#8230;<br \/>\nHomepage: <a href='http:\/\/www.ville-passy-mont-blanc.fr\/plaine_joux.html'>http:\/\/www.ville-passy-mont-blanc.fr\/plaine_joux.html<\/a><\/p>\n<p><a href='http:\/\/ski.inmontanis.info\/d\/202899-2\/DSC00739.jpg'><img src=http:\/\/ski.inmontanis.info\/d\/202898-3\/DSC00739.jpg \/><\/a><br \/>\n^ Mont Blanc<\/p>\n<p><a href='http:\/\/ski.inmontanis.info\/d\/202903-2\/DSC00749.jpg'><img src=http:\/\/ski.inmontanis.info\/d\/202902-3\/DSC00749.jpg \/><\/a><br \/>\n^ Bossons-Gletscher am Mont Blanc, der bis auf etwa 1400m runtergeht.<\/p>\n<p><a href='http:\/\/ski.inmontanis.info\/d\/202907-2\/DSC00753.jpg'><img src=http:\/\/ski.inmontanis.info\/d\/202906-3\/DSC00753.jpg \/><\/a><br \/>\n^ PB Aiguille du Midi in Chamonix. Lt. Autothermometer hatte es kurz nach Chamonix auf ca. 1100m \u00fcbrigens 35\u00b0C.<\/p>\n<p><a href='http:\/\/extra.inmontanis.info\/d\/29343-2\/DSC00763.jpg'><img src=http:\/\/extra.inmontanis.info\/d\/29342-3\/DSC00763.jpg \/><\/a><br \/>\n^ 18:06 Uhr: Noch 39\u00b0 im Wallis im Rh\u00f4ne-Tal bei Leuk<\/p>\n<p><a href='http:\/\/extra.inmontanis.info\/d\/29347-2\/DSC00766.jpg'><img src=http:\/\/extra.inmontanis.info\/d\/29346-3\/DSC00766.jpg \/><\/a><br \/>\n^ Wallis \/ Obergoms. Das da rechts oben schaut so nach Schneeresten auf einer Abfahrt aus &#8211; aber da sollte doch gar kein Skigebiet sein?<\/p>\n<p>Lt. GE kommen nur 2 Gebiete in Frage: Oberwald-Hungerberg und Senntumhitte, beide machten mir auf GE einen sehr netten Eindruck &#8211; daher, wie sollte es anders sein, sind sie mittlerweile geschlossen. Weil leider immer die interessantesten Kleinskigebiete sterben m\u00fcssen :-(<\/p>\n<p>Ein paar Bilder von MM\/ATV:<br \/>\nOberwald-Hungerberg (seit 2009 stillgelegt, mittlerweile abgetragen): <a href='http:\/\/www.stahlseil.ch\/gallery\/main.php?g2_itemId=25325'>http:\/\/www.stahlseil.ch\/gallery\/main.php?g2_itemId=25325<\/a><br \/>\nUlrichen-Senntum (seit 1994 stillgelegt, mittlerweile abgetragen): <a href='http:\/\/www.stahlseil.ch\/gallery\/main.php?g2_itemId=25816'>http:\/\/www.stahlseil.ch\/gallery\/main.php?g2_itemId=25816<\/a><\/p>\n<p>Weitere Infos zu den beiden Gebieten:<br \/>\n<a href='http:\/\/alpinforum.com\/forum\/viewtopic.php?f=32&#038;t=9945'>http:\/\/alpinforum.com\/forum\/viewtopic.php?f=32&#038;t=9945<\/a><br \/>\n<a href='http:\/\/alpinforum.com\/forum\/viewtopic.php?f=32&#038;t=4953'>http:\/\/alpinforum.com\/forum\/viewtopic.php?f=32&#038;t=4953<\/a><br \/>\n<a href='http:\/\/alpinforum.com\/forum\/viewtopic.php?f=32&#038;t=12486'>http:\/\/alpinforum.com\/forum\/viewtopic.php?f=32&#038;t=12486<\/a><\/p>\n<p>Was mich aber weiterhin zur Frage bringt, was ich nun eigentlich fotografiert hatte und was mir so nach Schneeresten einer beschneiten Abfahrt aussah &#8211; denn es scheint im Vgl. zu GE weder das eine noch das andere Gebiet gewesen zu sein, obwohl auch diese beiden Gebiete im Bild sichtbar sein sollten.<\/p>\n<p><a href='http:\/\/extra.inmontanis.info\/d\/29351-2\/DSC00767.jpg'><img src=http:\/\/extra.inmontanis.info\/d\/29350-3\/DSC00767.jpg \/><\/a><br \/>\n^ Grimselpass (den fuhr ich aber nicht, ich fuhr rechts weiter zum Furka)<\/p>\n<p><a href='http:\/\/extra.inmontanis.info\/d\/29355-2\/DSC00773.jpg'><img src=http:\/\/extra.inmontanis.info\/d\/29354-3\/DSC00773.jpg \/><\/a><br \/>\n^ Furkapass bzw. ehemalige Rhonegletscher-Zunge. Bis ca. 2005 hat man hier noch das Gletscherende gesehen. 1900 ging noch eine dicke Gletscherzunge bis runter ins Tal:<\/p>\n<p><a href='https:\/\/de.wikipedia.org\/wiki\/Rhonegletscher#\/media\/File:Gletch_und_Rhonegletscher_um_1900.jpeg'>https:\/\/de.wikipedia.org\/wiki\/Rhonegletscher#\/media\/File:Gletch_und_Rhonegletscher_um_1900.jpeg<\/a><\/p>\n<p><a href='http:\/\/extra.inmontanis.info\/d\/29359-2\/DSC00776.jpg'><img src=http:\/\/extra.inmontanis.info\/d\/29358-3\/DSC00776.jpg \/><\/a><br \/>\n^ Weltuntergangsstimmung am Furkapass.<\/p>\n<p><a href='http:\/\/extra.inmontanis.info\/d\/29363-2\/DSC00777.jpg'><img src=http:\/\/extra.inmontanis.info\/d\/29362-3\/DSC00777.jpg \/><\/a><br \/>\n^ Irgendwo n\u00e4he Andermatt<\/p>\n<p><a href='http:\/\/extra.inmontanis.info\/d\/29367-2\/DSC00779.jpg'><img src=http:\/\/extra.inmontanis.info\/d\/29366-3\/DSC00779.jpg \/><\/a><br \/>\n^ Auffahrt zum Oberalp mit eigenartig fahler Lichtstimmung (wie bei einer Sonnenfinsternis)<\/p>\n<p><a href='http:\/\/extra.inmontanis.info\/d\/29371-2\/DSC00785.jpg'><img src=http:\/\/extra.inmontanis.info\/d\/29370-3\/DSC00785.jpg \/><\/a><br \/>\n^ Einen durch Schatten abgeschnittenen Regenbogen sieht man auch nicht alle Tage&#8230;<\/p>\n<p><a href='http:\/\/extra.inmontanis.info\/d\/29375-2\/DSC00792.jpg'><img src=http:\/\/extra.inmontanis.info\/d\/29374-3\/DSC00792.jpg \/><\/a><br \/>\n^ Regenbogen<\/p>\n<p><a href='http:\/\/extra.inmontanis.info\/d\/29379-2\/DSC00794.jpg'><img src=http:\/\/extra.inmontanis.info\/d\/29378-3\/DSC00794.jpg \/><\/a><br \/>\n^ Doppel-Regenbogen<\/p>\n<p><a href='http:\/\/extra.inmontanis.info\/d\/29383-2\/DSC00800.jpg'><img src=http:\/\/extra.inmontanis.info\/d\/29382-3\/DSC00800.jpg \/><\/a><br \/>\n^ Regenbogen, vor Disentis<\/p>\n<p><a href='http:\/\/extra.inmontanis.info\/d\/29387-2\/DSC00801.jpg'><img src=http:\/\/extra.inmontanis.info\/d\/29386-3\/DSC00801.jpg \/><\/a><br \/>\n^ Regenbogen, nahe Disentis<\/p>\n<p><a href='http:\/\/extra.inmontanis.info\/d\/29391-2\/DSC00811.jpg'><img src=http:\/\/extra.inmontanis.info\/d\/29390-3\/DSC00811.jpg \/><\/a><br \/>\n^ Und nochmal ein durch Bergschatten abgeschnittener Regenbogen<\/p>\n<p><a href='http:\/\/extra.inmontanis.info\/d\/29395-2\/DSC00817.jpg'><img src=http:\/\/extra.inmontanis.info\/d\/29394-3\/DSC00817.jpg \/><\/a><br \/>\n^ Im Rheintal, sowohl auf der Autobahn, wie auch hier zwischen Ruggell und der Grenze, nicht in einer Stadt, sondern am Land, hatte es um 22 Uhr noch 30\u00b0. Pervers. Nebenbei, auch nicht schlecht: Mit einem halben Tank von Frankreich nahe Albertville (Ugine) bis \u00d6sterreich, ca. 420 km und mehrere P\u00e4sse (400m-1100m-600m-1500m-1100m-1500m-400m-2400m-1400m-2000m-400m), w\u00e4ren dann ca. 5,2-5,7 l\/100km<\/p>\n<p>Kurz nach Mitternacht war ich wieder daheim.<\/p>\n<p>Falls jemand Einkaufstipps f\u00fcr gek\u00fchlte Fertiggerichte aus Frankreich haben will, mittlerweile hab ich mich durch 115 Speisen durchprobiert. Generell empfehlenswert sind die Marken Fleury Michon und Sodebo (eher zu vergessen dagegen z.B. Lustucru), am besten schmecken mir:<\/p>\n<p>Fleury Gratin de pommes de terre tomate ch\u00e8vre &#038; poulet<br \/>\nFleury Eminc\u00e9s de boeuf sauce au poivre, pommes de terre<br \/>\nFleury Po\u00eal\u00e9e \u00e0 la landaise<br \/>\nFleury Po\u00eal\u00e9e \u00e0 la savoyarde<br \/>\nSodebo XtremBox Radiatori Poulet sweet curry<br \/>\nSodebo PastaBox Nouilles chinoises au Poulet et Sauce sat\u00e9 (diesmal leider nicht bekommen)<\/p>\n<p>Die ungek\u00fchlten Fertiggerichten sind, wie auch in DE\/AT, generell viel weniger schmackhaft, hervorstehen tut hier nur wenig, aber z.B. diese hier find ich gut:<br \/>\nD&#8217;Aucy, Boulettes de boeuf sauce tomate et riz<br \/>\nD&#8217;Aucy, Boeuf sauce au poivre et ses l\u00e9gumes<br \/>\nWilliam Saurin xxl mixed grill riz sauce texane<\/p>\n<p>So, genug vom Essen geredet, sonst bekomm ich noch Hunger &#8230;<\/p>\n<p>Eine Sache hab ich aber noch, und zwar das leidige Thema Skistecken. Genauer gesagt: SkiUNstecken. Ich hab mich jahrelang mit meinen Skistecken ge\u00e4rgert, weil sie so h\u00e4ufig nicht stecken blieben, hab hier und da mal nach gr\u00f6\u00dfere Tellern gefragt, die an den Stecken aber nicht montierbar waren oder die von den Skigebieten gar nicht lagernd waren. Sind ja altmodisch, die gro\u00dfen Teller, aber die kurzen halten halt mal nicht so gut.<\/p>\n<p>Mitte April, als ich in Lech war und meine Strolz-Skischuhe ebendort beim gratis Erstservice hatte, kaufte ich im Schlussverkauf 50% runtergesetzte Skistecken, da sie auch die alten, breiten Teller lagernd hatten. Worauf ich aber nicht aufgepasst hatte: Der Teller allein ist nur die halbe Miete&#8230;<\/p>\n<p><a href='http:\/\/extra.inmontanis.info\/d\/29399-2\/DSC08792.jpg'><img src=http:\/\/extra.inmontanis.info\/d\/29398-3\/DSC08792.jpg \/><\/a><\/p>\n<p>.. denn die Stecken steckten auch nicht wirklich besser, wie ich eine Woche sp\u00e4ter feststellen musste. Der Grund war leicht sichbar:<\/p>\n<p><a href='http:\/\/extra.inmontanis.info\/d\/29403-2\/DSC08875.jpg'><img src=http:\/\/extra.inmontanis.info\/d\/29402-3\/DSC08875.jpg \/><\/a><\/p>\n<p>ein f\u00fcr die Dicke zu kurzer Stummel, der noch dazu konisch verl\u00e4uft. Hallo? Hausverstand? Das ist doch logisch, dass der Stecken damit im Schnee nicht vern\u00fcnftig steckenbleibt. Ich kapier&#8217;s nicht, seit vielleicht 20 oder 25 Jahren werden nur noch Skistecken produziert, die ihrem Namen nicht mehr gerecht werden. Werden die von den Firmen nicht getestet? Oder z\u00e4hlt das Steckenbleiben eines Skisteckens in allerlei m\u00f6glichen Schneezusammensetzungen nicht mehr zu den Anfordernissen eines Skisteckens? Design statt Funktionalit\u00e4t?<\/p>\n<p>Ich nahm mir vor, diesen schwarzen Stummel abzuschleifen, so dass er geradliniger und weniger konisch verl\u00e4uft und war der Meinung, dass, wenn auch nicht perfekt, die Stecken nun etwas besser hielten. Bis einer von den beiden pl\u00f6tzlich wieder schlechter funktionierte &#8211; es fehlte nun die Spitze, der Stummel k\u00fcrzer und logischerweise dadurch ein schlechterer Halt:<\/p>\n<p><a href='http:\/\/extra.inmontanis.info\/d\/29407-2\/DSC09997.jpg'><img src=http:\/\/extra.inmontanis.info\/d\/29406-3\/DSC09997.jpg \/><\/a><\/p>\n<p>Nebenbei war es bei hartem Schnee nun quasi unm\u00f6glich, den Stecken ohne Spitze in den Schnee zu rammen. Erneut nahm ich den Stecken unter die Bohrmaschine, Zangen und anderem Werkzeug und entfernte die schwarze Gummiummantelung komplett und montierte den Teller weiter oben am Stecken, zus\u00e4tzlich verdickt mit Klebstoff und Hei\u00dfkleber, mit der Feile feilte ich ein paar Vertiefungen ins Metall am Ende. Wie lang das beides halten wird, ist fraglich, den zweiten Stecken hab ich auch noch nicht umgestellt, aber ich meinte in den letzten beiden Tagen doch eine sp\u00fcrbare Verbesserung des Steckenbleibens festzustellen. Jetzt nervt mich nur noch die Schlaufe, denn die Gr\u00f6\u00dfen\u00e4nderung geht nach einem Skitag immer auf maximal zur\u00fcck.<\/p>\n<p><a href='http:\/\/extra.inmontanis.info\/d\/29411-2\/DSC00735.jpg'><img src=http:\/\/extra.inmontanis.info\/d\/29410-3\/DSC00735.jpg \/><\/a><\/p>\n<p>Unglaublich, worauf man alles beim Kauf eines Skisteckens achten m\u00fcsste &#8230; Und bevor mich wieder einer dumm anredet, warum Stecken stecken bleiben sollten: Bei jedem Foto, das ich auf der Piste mach, m\u00fcssen die Stecken im Schnee stecken bleiben, damit ich den Rucksack ausziehen, die Cam rausholen und fotografieren kann.<\/p>\n<p>## Ende der kleinen Westalpen-Sommerski-Wochenendtour, eine Woche sp\u00e4ter war ich ja dann in Hintertux ##<\/p>\n","protected":false},"excerpt":{"rendered":"<p>Um 6 Uhr stand ich auf und fuhr die Passstra\u00dfe ein bisschen bergab, denn dort gab es am Stra\u00dfenrand noch gro\u00dfe Schneefelder. Ich f\u00fcllte pro K\u00fchlbox 2 Pet-Flaschen mit Schnee ab, wobei eh noch etwas Eis drin war (ich hatte die Flaschen mit Wasser gef\u00fcllt letzte Woche im Gefrierfach und am Freitag nachmittag mitgenommen). Sollte <a href=\"http:\/\/blog.inmontanis.info\/?p=3409\">[&#8230;]<\/a><\/p>\n","protected":false},"author":1,"featured_media":0,"comment_status":"closed","ping_status":"closed","sticky":false,"template":"","format":"standard","meta":{"footnotes":""},"categories":[16,14,28,339,81],"tags":[49,54,52,78,45,47],"class_list":["post-3409","post","type-post","status-publish","format-standard","hentry","category-france","category-swiss","category-skifahren-sommer","category-tignes","category-kurztrips","tag-4sb","tag-gletschervergleich","tag-pb","tag-restschnee","tag-see","tag-sl","odd"],"_links":{"self":[{"href":"http:\/\/blog.inmontanis.info\/index.php?rest_route=\/wp\/v2\/posts\/3409","targetHints":{"allow":["GET"]}}],"collection":[{"href":"http:\/\/blog.inmontanis.info\/index.php?rest_route=\/wp\/v2\/posts"}],"about":[{"href":"http:\/\/blog.inmontanis.info\/index.php?rest_route=\/wp\/v2\/types\/post"}],"author":[{"embeddable":true,"href":"http:\/\/blog.inmontanis.info\/index.php?rest_route=\/wp\/v2\/users\/1"}],"replies":[{"embeddable":true,"href":"http:\/\/blog.inmontanis.info\/index.php?rest_route=%2Fwp%2Fv2%2Fcomments&post=3409"}],"version-history":[{"count":3,"href":"http:\/\/blog.inmontanis.info\/index.php?rest_route=\/wp\/v2\/posts\/3409\/revisions"}],"predecessor-version":[{"id":3412,"href":"http:\/\/blog.inmontanis.info\/index.php?rest_route=\/wp\/v2\/posts\/3409\/revisions\/3412"}],"wp:attachment":[{"href":"http:\/\/blog.inmontanis.info\/index.php?rest_route=%2Fwp%2Fv2%2Fmedia&parent=3409"}],"wp:term":[{"taxonomy":"category","embeddable":true,"href":"http:\/\/blog.inmontanis.info\/index.php?rest_route=%2Fwp%2Fv2%2Fcategories&post=3409"},{"taxonomy":"post_tag","embeddable":true,"href":"http:\/\/blog.inmontanis.info\/index.php?rest_route=%2Fwp%2Fv2%2Ftags&post=3409"}],"curies":[{"name":"wp","href":"https:\/\/api.w.org\/{rel}","templated":true}]}}