{"id":3405,"date":"2015-07-04T22:20:45","date_gmt":"2015-07-04T20:20:45","guid":{"rendered":"http:\/\/blog.inmontanis.info\/?p=3405"},"modified":"2023-08-03T22:27:23","modified_gmt":"2023-08-03T20:27:23","slug":"cervinia-plateau-rosa-4-7-2015","status":"publish","type":"post","link":"http:\/\/blog.inmontanis.info\/?p=3405","title":{"rendered":"Cervinia &#8211; Plateau Ros\u00e0, 4.7.2015"},"content":{"rendered":"<p>Kurz nach 7 klingelte mein Wecker, ich zog mich an usw., musste ja heute nicht fahren, da ich direkt am Seilbahnparkplatz stand. Kurzer Umblick &#8211; da hab ich dann auch schon Kaliningrad entdeckt. Wir gingen zur Kasse und mussten erst mal feststellen, dass &#8211; wieder einmal &#8211; noch keine Skip\u00e4sse ausgegeben werden, da die Schweizer noch kein Betriebs-OK gegeben haben. Hach&#8230;<\/p>\n<p>Auf zur anderen Kasse und was mich angeht, ein Gang zum WC sp\u00e4ter, und die Skip\u00e4sse wurden verkauft. 44,- \u20ac f\u00fcr die internationale Tageskarte. Von Zermatt aus kostet&#8217;s 82,- CHF :) Wobei man ja nur bis 13 Uhr skifahren darf. Heute war f\u00fcr mich ja der 3. Besuch in Cervinia in dieser Saison, und genau genommen sollte ich heute hier wieder nicht offiziell Skifahren, denn in <em>Cervinia<\/em> sind s\u00e4mtliche Abfahrten geschlossen &#8230; :) <\/p>\n<p>Wartezeiten waren heute an der Talstation der PB inexistent &#8211; auch wenn es dank Bettenwechsel am heutigen Samstag sicher auch in Les 2 Alpes leerer als an den sonstigen Tagen gewesen w\u00e4re, so leer wird&#8217;s wohl nicht sein. Sp\u00e4ter mussten wir nur hier und da am SL mal ein bisschen warten, aber das war eher im Bereich < 1 Minute.\n\nLeider ist das Sommerskigebiet hier sehr eingeschr\u00e4nkt - nicht, weil man nicht die M\u00f6glichkeiten h\u00e4tte, sondern weil man nicht will. 3 parallele SL mit parallelen, schmalen Abfahrten, das ist es im Prinzip. Dazu hat man noch die knapp 900 hm lange Abfahrt an der PB, die mit 6-8 km aber entsprechend viele Flachst\u00fccke aufweist und durch die langen Fu\u00dfwege an der Tal- und Bergstation der PB auch maximal f\u00fcr 2-3 Abfahrten taugt. Der Schnee war allerdings sehr gut und die M\u00f6glichkeiten reichen f\u00fcr den halben Tag auch locker aus. Nachtr\u00e4glich betrachtet muss ich aber sagen, dass man ohne der Abfahrt zum Trockenen Steg und stattdessen mit den beiden oberen SL doch mehr sinnvolle Abfahrten und mehr Abwechslung h\u00e4tte.\n\nZum Abschluss fuhren wir noch die gesperrte Ventina-Abfahrt an der 3. Sektion in cervinia, wobei wir hierbei durch ein Absperrband fahren mussten. Waren aber nicht die einzigen Spuren. Schnee war etwas pappig und im unteren Bereich gab's auch ein paar Hindernisse. \n\n(Fotos anklicken zum Vergr\u00f6\u00dfern)\n\n<a href='http:\/\/ski.inmontanis.info\/d\/202491-2\/DSC00474.jpg'><img src=http:\/\/ski.inmontanis.info\/d\/202490-3\/DSC00474.jpg \/><\/a><br \/>\n^ PB Sektion 1<\/p>\n<p><a href='http:\/\/ski.inmontanis.info\/d\/202495-2\/DSC00475.jpg'><img src=http:\/\/ski.inmontanis.info\/d\/202494-3\/DSC00475.jpg \/><\/a><br \/>\n^ Mit einer inoffiziellen Abfahrt zum Plan Maison schauts heuer schlecht aus &#8230;<\/p>\n<p><a href='http:\/\/ski.inmontanis.info\/d\/202499-2\/DSC00477.jpg'><img src=http:\/\/ski.inmontanis.info\/d\/202498-3\/DSC00477.jpg \/><\/a><br \/>\n^ .. ich nahm mir die Schneeflecken unter die Lupe und \u00fcberlegte, wie ich hier runter kommen k\u00f6nnte mit m\u00f6glichst wenig Fu\u00dfweg, entschied dann aber doch, nur mit Kalinigrad die Ventina zu fahren.<\/p>\n<p><a href='http:\/\/ski.inmontanis.info\/d\/202503-2\/DSC00494.jpg'><img src=http:\/\/ski.inmontanis.info\/d\/202502-3\/DSC00494.jpg \/><\/a><br \/>\n^ PB Sektion 3 \/ Testa Grigia; Ventina-Abfahrt nicht mehr offen, sind sie zum Schluss gefahren.<\/p>\n<p>Am 2.7.2005, also vor 10 Jahren, lag quasi genausowenig Schnee wie heute, aber die Ventina war damals noch offen:<br \/>\n<img src=http:\/\/ski.inmontanis.info\/d\/20457-2\/07020015_G.jpg \/><br \/>\n^ 2.7.2005<\/p>\n<p><a href='http:\/\/ski.inmontanis.info\/d\/202507-2\/DSC00496.jpg'><img src=http:\/\/ski.inmontanis.info\/d\/202506-3\/DSC00496.jpg \/><\/a><br \/>\n^ Blick von der Bergstation Sektion 3 \/ Testa Grigia nach Plan Maison<\/p>\n<p><a href='http:\/\/ski.inmontanis.info\/d\/202511-2\/DSC00497.jpg'><img src=http:\/\/ski.inmontanis.info\/d\/202510-3\/DSC00497.jpg \/><\/a><br \/>\n^ Plateau Ros\u00e0 von Bergstation Testa Grigia<\/p>\n<p>Sah vor 10 Jahren ziemlich gleich aus:<br \/>\n<img src=http:\/\/ski.inmontanis.info\/d\/20471-2\/07020019_G.jpg \/><br \/>\n^ 2.7.2005<\/p>\n<p><a href='http:\/\/ski.inmontanis.info\/d\/202515-2\/DSC00500.jpg'><img src=http:\/\/ski.inmontanis.info\/d\/202514-3\/DSC00500.jpg \/><\/a><br \/>\n^ Die sch\u00f6ne diagonale Mittelabfahrt wird ja jedes Jahr leider erst im Juli gebaut und ist im Sommer dann f\u00fcr hochkar\u00e4tige Renntrainings ge\u00f6ffnet.<\/p>\n<p><a href='http:\/\/ski.inmontanis.info\/d\/202519-2\/DSC00501.jpg'><img src=http:\/\/ski.inmontanis.info\/d\/202518-3\/DSC00501.jpg \/><\/a><br \/>\n^ K vs C\/M<\/p>\n<p><a href='http:\/\/ski.inmontanis.info\/d\/202523-2\/DSC00502.jpg'><img src=http:\/\/ski.inmontanis.info\/d\/202522-3\/DSC00502.jpg \/><\/a><br \/>\n^ F\u00fcr die H\u00f6he, Lage und geringe Aufweichung des Schnees ist der Steilhang m.E. relativ schlecht pr\u00e4pariert.<\/p>\n<p><a href='http:\/\/ski.inmontanis.info\/d\/202527-2\/DSC00503.jpg'><img src=http:\/\/ski.inmontanis.info\/d\/202526-3\/DSC00503.jpg \/><\/a><br \/>\n^ Abfahrt an den Monte Rosa SL mit Blick zum Monte Cervino \/ Matterhorn<\/p>\n<p><a href='http:\/\/ski.inmontanis.info\/d\/202531-2\/DSC00505.jpg'><img src=http:\/\/ski.inmontanis.info\/d\/202530-3\/DSC00505.jpg \/><\/a><br \/>\n^ Plateau Ros\u00e0 &#8211; SL vom Testa-SL in quasi kompletter L\u00e4nge<\/p>\n<p><a href='http:\/\/ski.inmontanis.info\/d\/202535-2\/DSC00506.jpg'><img src=http:\/\/ski.inmontanis.info\/d\/202534-3\/DSC00506.jpg \/><\/a><br \/>\n^ Abfahrt am Testa-SL<\/p>\n<p><a href='http:\/\/ski.inmontanis.info\/d\/202539-2\/DSC00511.jpg'><img src=http:\/\/ski.inmontanis.info\/d\/202538-3\/DSC00511.jpg \/><\/a><br \/>\n^ \u00dcbergang Theodulo<\/p>\n<p><a href='http:\/\/ski.inmontanis.info\/d\/202543-2\/DSC00512.jpg'><img src=http:\/\/ski.inmontanis.info\/d\/202542-3\/DSC00512.jpg \/><\/a><br \/>\n^ Leider geschlossen: SL Testa. W\u00e4re mit seinen 2 Abfahrten eine sch\u00f6ne Erg\u00e4nzung.<\/p>\n<p><a href='http:\/\/ski.inmontanis.info\/d\/202547-2\/DSC00516.jpg'><img src=http:\/\/ski.inmontanis.info\/d\/202546-3\/DSC00516.jpg \/><\/a><br \/>\n^ SL Gandegg &#8211; SL Testa, Abfahrt zum Trockenen Steg<\/p>\n<p><a href='http:\/\/ski.inmontanis.info\/d\/202551-2\/DSC00520.jpg'><img src=http:\/\/ski.inmontanis.info\/d\/202550-3\/DSC00520.jpg \/><\/a><br \/>\n^ Abfahrt Trockener Steg, nach dem Flachteil war es hier wieder etwas sch\u00f6ner.<\/p>\n<p><a href='http:\/\/ski.inmontanis.info\/d\/202555-2\/DSC00522.jpg'><img src=http:\/\/ski.inmontanis.info\/d\/202554-3\/DSC00522.jpg \/><\/a><br \/>\n^ Furggsattel-6KSB<\/p>\n<p>Vergleichsbild dazu vom 2.7.2005:<br \/>\n<img src=http:\/\/ski.inmontanis.info\/d\/20555-2\/07020047_G.jpg \/><\/p>\n<p><a href='http:\/\/ski.inmontanis.info\/d\/202559-2\/DSC00519.jpg'><img src=http:\/\/ski.inmontanis.info\/d\/202558-3\/DSC00519.jpg \/><\/a><br \/>\n^ Breithorn und Kleinmatterhorn samt PB<\/p>\n<p><a href='http:\/\/ski.inmontanis.info\/d\/202563-2\/DSC00524.jpg'><img src=http:\/\/ski.inmontanis.info\/d\/202562-3\/DSC00524.jpg \/><\/a><br \/>\n^ Abfahrt Trockener Steg, rechts Furggsattel-KSB<\/p>\n<p><a href='http:\/\/ski.inmontanis.info\/d\/202567-2\/DSC00525.jpg'><img src=http:\/\/ski.inmontanis.info\/d\/202566-3\/DSC00525.jpg \/><\/a><br \/>\n^ PB Kleinmatterhorn<\/p>\n<p><a href='http:\/\/ski.inmontanis.info\/d\/202571-2\/DSC00526.jpg'><img src=http:\/\/ski.inmontanis.info\/d\/202570-3\/DSC00526.jpg \/><\/a><br \/>\n^ Abfahrt Trockener Steg. Wo soll egtl. die Talstation der 3S-Bahn aufs KMH hin?<\/p>\n<p>Am 2.7.2005 war hier bereits Schluss, mittlerweile ist die Beschneiung also besser:<br \/>\n<img src=http:\/\/ski.inmontanis.info\/d\/20564-2\/07020050_G.jpg \/><br \/>\n^ 2.7.2005<\/p>\n<p><a href='http:\/\/ski.inmontanis.info\/d\/202575-2\/DSC02069.jpg'><img src=http:\/\/ski.inmontanis.info\/d\/202574-3\/DSC02069.jpg \/><\/a><br \/>\n^ Gletscher-\/Gipfel-Pano Monte Rosa<\/p>\n<p><a href='http:\/\/ski.inmontanis.info\/d\/202739-2\/DSC00530.jpg'><img src=http:\/\/ski.inmontanis.info\/d\/202738-3\/DSC00530.jpg \/><\/a><br \/>\n^ Abfahrt Trockener Steg<\/p>\n<p>Und am 2.7.2005:<br \/>\n<img src=http:\/\/ski.inmontanis.info\/d\/20565-2\/07020051_G.jpg \/><br \/>\n^ 2.7.2005<\/p>\n<p><a href='http:\/\/ski.inmontanis.info\/d\/202579-2\/DSC00531.jpg'><img src=http:\/\/ski.inmontanis.info\/d\/202578-3\/DSC00531.jpg \/><\/a><br \/>\n^ Kleinmatterhorn-PB<\/p>\n<p><a href='http:\/\/ski.inmontanis.info\/d\/202583-2\/DSC00532.jpg'><img src=http:\/\/ski.inmontanis.info\/d\/202582-3\/DSC00532.jpg \/><\/a><br \/>\n^ Monte Rosa &#8211; Kleinmatterhorn<\/p>\n<p><a href='http:\/\/ski.inmontanis.info\/d\/202587-2\/DSC00534.jpg'><img src=http:\/\/ski.inmontanis.info\/d\/202586-3\/DSC00534.jpg \/><\/a><br \/>\n^ Talblick Zermatt<\/p>\n<p><a href='http:\/\/ski.inmontanis.info\/d\/202591-2\/DSC00535.jpg'><img src=http:\/\/ski.inmontanis.info\/d\/202590-3\/DSC00535.jpg \/><\/a><br \/>\n^ Die beiden SL am Gobba di Rollin sind leider noch nicht in Betrieb &#8211; erst, wenn die Abfahrt zum Trockenen Steg geschlossen wird.<\/p>\n<p><a href='http:\/\/ski.inmontanis.info\/d\/202595-2\/DSC00537.jpg'><img src=http:\/\/ski.inmontanis.info\/d\/202594-3\/DSC00537.jpg \/><\/a><br \/>\n^ Sommerskigebiet am Plateau Ros\u00e0<\/p>\n<p><a href='http:\/\/ski.inmontanis.info\/d\/202599-2\/DSC00542.jpg'><img src=http:\/\/ski.inmontanis.info\/d\/202598-3\/DSC00542.jpg \/><\/a><br \/>\n^ Zoom Ex-PB Furggen<\/p>\n<p><a href='http:\/\/ski.inmontanis.info\/d\/202603-2\/DSC00544.jpg'><img src=http:\/\/ski.inmontanis.info\/d\/202602-3\/DSC00544.jpg \/><\/a><br \/>\n^ Sommerskigebiet am Plateau Ros\u00e0 mit Matterhorn\/Cervino<\/p>\n<p><a href='http:\/\/ski.inmontanis.info\/d\/202607-2\/DSC00545.jpg'><img src=http:\/\/ski.inmontanis.info\/d\/202606-3\/DSC00545.jpg \/><\/a><br \/>\n^ Verbindungsabfahrt von der PB-Bergstation zu den SL, zwar nur ein Weg, aber recht nett.<\/p>\n<p><a href='http:\/\/ski.inmontanis.info\/d\/202611-2\/DSC00547.jpg'><img src=http:\/\/ski.inmontanis.info\/d\/202610-3\/DSC00547.jpg \/><\/a><br \/>\n^ Rosa-SL um 10 Uhr &#8211; keine Wartezeiten. Auch wenn&#8217;s wohl auch in L2A heute am Samstag leerer als an den anderen Tagen w\u00e4re, so leer w\u00e4re es dort wohl nicht gewesen &#8230;<\/p>\n<p><a href='http:\/\/ski.inmontanis.info\/d\/202615-2\/DSC00549.jpg'><img src=http:\/\/ski.inmontanis.info\/d\/202614-3\/DSC00549.jpg \/><\/a><br \/>\n^ Sommerskigebiet am Plateau Ros\u00e0 mit Matterhorn\/Cervino links und Kleinmatterhorn rechts<\/p>\n<p><a href='http:\/\/ski.inmontanis.info\/d\/202619-2\/DSC00551.jpg'><img src=http:\/\/ski.inmontanis.info\/d\/202618-3\/DSC00551.jpg \/><\/a><br \/>\n^ Offpiste unter der Theodul-H\u00fctte &#8211; war leider sehr bremsig. Aber der quasi frisch pr\u00e4parierte Weg dorthin war super firnig<\/p>\n<p><a href='http:\/\/ski.inmontanis.info\/d\/202623-2\/DSC00552.jpg'><img src=http:\/\/ski.inmontanis.info\/d\/202622-3\/DSC00552.jpg \/><\/a><br \/>\n^ Matterhorn vom Trockenen Steg<\/p>\n<p><a href='http:\/\/ski.inmontanis.info\/d\/202627-2\/DSC00553.jpg'><img src=http:\/\/ski.inmontanis.info\/d\/202626-3\/DSC00553.jpg \/><\/a><br \/>\n^ Keinmatterhorn; der Aufzug war heute au\u00dfer Betrieb<\/p>\n<p><a href='http:\/\/ski.inmontanis.info\/d\/202631-2\/DSC00554.jpg'><img src=http:\/\/ski.inmontanis.info\/d\/202630-3\/DSC00554.jpg \/><\/a><br \/>\n^ Wie \u00fcblich: Massenwanderung zum Breithorn<\/p>\n<p><a href='http:\/\/ski.inmontanis.info\/d\/202635-2\/DSC00555.jpg'><img src=http:\/\/ski.inmontanis.info\/d\/202634-3\/DSC00555.jpg \/><\/a><br \/>\n^ Nanu, Holz in der Piste, mitten im Trainingshang ?!<\/p>\n<p><a href='http:\/\/ski.inmontanis.info\/d\/202639-2\/DSC00558.jpg'><img src=http:\/\/ski.inmontanis.info\/d\/202638-3\/DSC00558.jpg \/><\/a><br \/>\n^ Toller Firn und viel Platz nach 11 Uhr im Trainingsareal<\/p>\n<p><a href='http:\/\/ski.inmontanis.info\/d\/202643-2\/DSC00562.jpg'><img src=http:\/\/ski.inmontanis.info\/d\/202642-3\/DSC00562.jpg \/><\/a><br \/>\n^ Gletscher<\/p>\n<p><a href='http:\/\/ski.inmontanis.info\/d\/202647-2\/DSC00568.jpg'><img src=http:\/\/ski.inmontanis.info\/d\/202646-3\/DSC00568.jpg \/><\/a><br \/>\n^ Gletscher und Kleinmatterhorn-PB<\/p>\n<p><a href='http:\/\/ski.inmontanis.info\/d\/202651-2\/DSC00570.jpg'><img src=http:\/\/ski.inmontanis.info\/d\/202650-3\/DSC00570.jpg \/><\/a><br \/>\n^ Gletscher<\/p>\n<p><a href='http:\/\/ski.inmontanis.info\/d\/202655-2\/DSC00574.jpg'><img src=http:\/\/ski.inmontanis.info\/d\/202654-3\/DSC00574.jpg \/><\/a><br \/>\n^ Gletscher<\/p>\n<p><a href='http:\/\/ski.inmontanis.info\/d\/202659-2\/DSC00575.jpg'><img src=http:\/\/ski.inmontanis.info\/d\/202658-3\/DSC00575.jpg \/><\/a><br \/>\n^ Breithorn und Gletscherbruch<\/p>\n<p><a href='http:\/\/ski.inmontanis.info\/d\/202663-2\/DSC00584.jpg'><img src=http:\/\/ski.inmontanis.info\/d\/202662-3\/DSC00584.jpg \/><\/a><br \/>\n^ Breithorn<\/p>\n<p><a href='http:\/\/ski.inmontanis.info\/d\/202667-2\/DSC00588.jpg'><img src=http:\/\/ski.inmontanis.info\/d\/202666-3\/DSC00588.jpg \/><\/a><br \/>\n^ Gletscher<\/p>\n<p>Vergleich 2.7.2005:<br \/>\n<img src=http:\/\/ski.inmontanis.info\/d\/20580-2\/07020056_G.jpg \/><br \/>\n^ 2.7.2005<\/p>\n<p><a href='http:\/\/ski.inmontanis.info\/d\/202671-2\/DSC00589.jpg'><img src=http:\/\/ski.inmontanis.info\/d\/202670-3\/DSC00589.jpg \/><\/a><br \/>\n^ Gletscherpano von der KMH-PB-Bergstation<\/p>\n<p>Vergleich 2.7.2005:<br \/>\n<img src=http:\/\/ski.inmontanis.info\/d\/20583-2\/07020057_G.jpg \/><br \/>\n^ 2.7.2005<\/p>\n<p><a href='http:\/\/ski.inmontanis.info\/d\/202675-2\/DSC00590.jpg'><img src=http:\/\/ski.inmontanis.info\/d\/202674-3\/DSC00590.jpg \/><\/a><br \/>\n^ Matterhorn von der KMH-PB-Bergstation<\/p>\n<p><a href='http:\/\/ski.inmontanis.info\/d\/202679-2\/DSC00591.jpg'><img src=http:\/\/ski.inmontanis.info\/d\/202678-3\/DSC00591.jpg \/><\/a><br \/>\n^ 12:45 &#8211; toller Firn auf der gesperrten Abfahrt neben den SL<\/p>\n<p><a href='http:\/\/ski.inmontanis.info\/d\/202683-2\/DSC00596.jpg'><img src=http:\/\/ski.inmontanis.info\/d\/202682-3\/DSC00596.jpg \/><\/a><br \/>\n^ Abschluss: Auf der gesperrten Ventina-Abfahrt, bissl bremsig<\/p>\n<p><a href='http:\/\/ski.inmontanis.info\/d\/202687-2\/DSC00598.jpg'><img src=http:\/\/ski.inmontanis.info\/d\/202686-3\/DSC00598.jpg \/><\/a><br \/>\n^ F\u00fcr K<\/p>\n<p><a href='http:\/\/ski.inmontanis.info\/d\/202691-2\/DSC00601.jpg'><img src=http:\/\/ski.inmontanis.info\/d\/202690-3\/DSC00601.jpg \/><\/a><br \/>\n^ F\u00fcr K<\/p>\n<p><a href='http:\/\/ski.inmontanis.info\/d\/202695-2\/DSC00610.jpg'><img src=http:\/\/ski.inmontanis.info\/d\/202694-3\/DSC00610.jpg \/><\/a><br \/>\n^ F\u00fcr K<\/p>\n<p><a href='http:\/\/ski.inmontanis.info\/d\/202699-2\/DSC00606.jpg'><img src=http:\/\/ski.inmontanis.info\/d\/202698-3\/DSC00606.jpg \/><\/a><br \/>\n^ Anstatt den Schnee auf den Weg zu schieben und die Abfahrt zu \u00f6ffnen, wird &#8211; keine Ahnung, entweder ein Depot gemacht, oder der Schnee aus der Abfahrt geschoben&#8230;<\/p>\n<p><a href='http:\/\/ski.inmontanis.info\/d\/202703-2\/DSC00608.jpg'><img src=http:\/\/ski.inmontanis.info\/d\/202702-3\/DSC00608.jpg \/><\/a><br \/>\n^ R\u00fcckblick Ventina-Abfahrt. Unten musste man etwas zu Fu\u00df gehen.<\/p>\n<p><a href='http:\/\/ski.inmontanis.info\/d\/202707-2\/ge20150704a.jpg'><img src=http:\/\/ski.inmontanis.info\/d\/202706-3\/ge20150704a.jpg \/><\/a><br \/>\n^ GPS-Track, ohne Ventina oder Plan Maison ist das Sommerskigebiet am Plateau Ros\u00e0 leider sehr eint\u00f6nig &#8211; allerdings sind die Abfahrten zum Trockenen Steg auch recht lang und h\u00f6henmeterintensiv. Gr\u00f6\u00dfenvergleich: Die Plateau-Rosa-SL sind ca. 1,4 km lang.<\/p>\n<p>Kaliningrad&#8217;s Bericht des heutigen und morgigen Tages:<br \/>\n<a href='http:\/\/www.sommerschi.com\/forum\/sommerschi-f5\/hochsommerliche-flucht-nach-dahinschmelzenden-glet-t3299.html'>http:\/\/www.sommerschi.com\/forum\/sommerschi-f5\/hochsommerliche-flucht-nach-dahinschmelzenden-glet-t3299.html<\/a><\/p>\n<p>Am Parkplatz trennten sich unsere Wege, auch wenn wir im Prinzip zumindest noch einen Teil gemeinsam zu fahren hatten, Kalinigrad fuhr nach Tignes, ich dagegen erst nach Albertville zum Einkaufen (gleich eine 2. K\u00fchlbox gekauft, da ich aufgrund der warmen Temperaturen diesmal mit 2 Schnee-Flaschen arbeiten wollte und au\u00dferdem meine alte Autobatterie dabei hatte, um auch zwei K\u00fchlboxen morgen nachmittag in Betrieb halten zu k\u00f6nnen.) Das Verstauen der Sachen bei 35\u00b0+Sonne am Parkplatz des Geant Casino in Albertville war allerdings eine Tortur.<\/p>\n<p><a href='http:\/\/extra.inmontanis.info\/d\/29327-2\/DSC00614.jpg'><img src=http:\/\/extra.inmontanis.info\/d\/29326-3\/DSC00614.jpg \/><\/a><br \/>\n^ Fahrt durch&#8217;s Aostatal, mautsparend nicht auf der Autobahn, mit Blick zum Montebianco \/ Mont Blanc<\/p>\n<p><a href='http:\/\/extra.inmontanis.info\/d\/29331-2\/DSC00617.jpg'><img src=http:\/\/extra.inmontanis.info\/d\/29330-3\/DSC00617.jpg \/><\/a><br \/>\n^ Not Fast Butt Furious &#8211; der war wirklich langsam, konnte ihn zum Gl\u00fcck nach einigen Kehren \u00fcberholen.<\/p>\n<p><a href='http:\/\/extra.inmontanis.info\/d\/29335-2\/DSC00623.jpg'><img src=http:\/\/extra.inmontanis.info\/d\/29334-3\/DSC00623.jpg \/><\/a><br \/>\n^ Trotz 26\u00b0C am Kleinen Sankt Bernhard Pass auf fast 2200m gab&#8217;s doch noch einige gr\u00f6\u00dfere Restschneefelder.<\/p>\n<p><a href='http:\/\/extra.inmontanis.info\/d\/29339-2\/DSC00626.jpg'><img src=http:\/\/extra.inmontanis.info\/d\/29338-3\/DSC00626.jpg \/><\/a><br \/>\n^ Vom Kleinen Sankt Bernhard kommend bin ich nun kurz vor Albertville &#8211; und es hat um 18:43 Uhr immer noch 35\u00b0. grausig.<\/p>\n<p>Nach dem Einkaufen ging&#8217;s noch in die Pattaterie, wo ich eine gratis Nachspeise bekam, nachdem meine Bestellung erst vergessen wurde &#8211; kurioserweise hatten aber auch alle an den anderen Tischen das gleiche wie ich bestellt: La Foresti\u00e8re, die Ofenkartoffel mit H\u00e4hnchenbrust und Pilzsauce. Sehr lecker, mit Abstand das beste, was ich bisher in der Pataterie gegessen hatte.<\/p>\n<p>Im Anschluss ging&#8217;s auf den Col de l&#8217;Iseran, wo es kurioserweise mittlerweile schon nach 23 Uhr war. Wo ist die Zeit nur wieder hin?! Schlafen tu ich heute direkt hier oben, erstmals, normalerweise w\u00e4re es mir auch zu kalt hier oben. So kann ich aber gleich morgen fr\u00fch die Schneeflaschen f\u00fcr die K\u00fchlung auff\u00fcllen. Noch ein paar Langzeitfotos und schon war Mitternacht &#8211; nichts wie ab ins Bett und 4 Wecker ab 6 Uhr gestellt. Morgen verschlafen w\u00e4re bl\u00f6d, denn die Passstra\u00dfe wird ab ca. 8 Uhr bis ca. 14 Uhr wegen eines Radevents gesperrt. Da will ich hier oben keinesfalls festsitzen und hier skifahren m\u00fcssen, noch dazu wo die Talabfahrt nicht mehr geht &#8230;<\/p>\n<p><a href='http:\/\/ski.inmontanis.info\/d\/202711-2\/DSC00631.jpg'><img src=http:\/\/ski.inmontanis.info\/d\/202710-3\/DSC00631.jpg \/><\/a><br \/>\n^ Leuchtender Beschneiungs-See an der Auffahrt zum Col de l&#8217;Iseran.<\/p>\n<p><a href='http:\/\/ski.inmontanis.info\/d\/202715-2\/DSC00639.jpg'><img src=http:\/\/ski.inmontanis.info\/d\/202714-3\/DSC00639.jpg \/><\/a><br \/>\n^ Warme (oder: angenehm k\u00fchle) 12\u00b0 um 23 Uhr am Parkplatz Iseran \/ Pissaillas auf ca. 2.750m &#8211; immerhin frier ich heute Nacht nicht ;)<\/p>\n<p><a href='http:\/\/ski.inmontanis.info\/d\/202719-2\/DSC00641.jpg'><img src=http:\/\/ski.inmontanis.info\/d\/202718-3\/DSC00641.jpg \/><\/a><br \/>\n^ Langzeitbelichtung am Sommerskigebietsparkplatz. Hatte gehofft, ich w\u00fcrde den Mond noch aufgehen sehen, aber selbst 40 Minuten sp\u00e4ter kam er noch nicht hervor.<\/p>\n<p><a href='http:\/\/ski.inmontanis.info\/d\/202723-2\/DSC00648.jpg'><img src=http:\/\/ski.inmontanis.info\/d\/202722-3\/DSC00648.jpg \/><\/a><br \/>\n^ Langzeitbelichtung (15sec) am Parkplatz<\/p>\n<p><a href='http:\/\/ski.inmontanis.info\/d\/202727-2\/DSC00654.jpg'><img src=http:\/\/ski.inmontanis.info\/d\/202726-3\/DSC00654.jpg \/><\/a><br \/>\n^ Langzeitbelichtung (20sec)<\/p>\n<p><a href='http:\/\/ski.inmontanis.info\/d\/202731-2\/DSC00655.jpg'><img src=http:\/\/ski.inmontanis.info\/d\/202730-3\/DSC00655.jpg \/><\/a><br \/>\n^ Langzeitbelichtung (20sec). Der Schatten zeigt: Der Mond braucht noch lang, bis er von mir aus sichtbar wird.<\/p>\n<p><a href='http:\/\/ski.inmontanis.info\/d\/202735-2\/DSC00657.jpg'><img src=http:\/\/ski.inmontanis.info\/d\/202734-3\/DSC00657.jpg \/><\/a><br \/>\n^ Langzeitbelichtung (20sec), die Talabfahrt ist seit ein paar Tagen geschlossen, der SL dieses WE aber noch ge\u00f6ffnet.<\/p>\n<p><a href='http:\/\/extra.inmontanis.info\/d\/29323-2\/ge20150704-05route.jpg'><img src=http:\/\/extra.inmontanis.info\/d\/29322-3\/ge20150704-05route.jpg \/><\/a><br \/>\n^ Strecke der kleinen Westalpensommerski-Tour 3.+4.+5.7.2015 &#8212; nur ein Sommerskitag in Frankreich heuer, das ist auch Negativrekord &#8230;<\/p>\n<p>(Fortsetzung folgt.)<\/p>\n","protected":false},"excerpt":{"rendered":"<p>Kurz nach 7 klingelte mein Wecker, ich zog mich an usw., musste ja heute nicht fahren, da ich direkt am Seilbahnparkplatz stand. Kurzer Umblick &#8211; da hab ich dann auch schon Kaliningrad entdeckt. Wir gingen zur Kasse und mussten erst mal feststellen, dass &#8211; wieder einmal &#8211; noch keine Skip\u00e4sse ausgegeben werden, da die Schweizer <a href=\"http:\/\/blog.inmontanis.info\/?p=3405\">[&#8230;]<\/a><\/p>\n","protected":false},"author":1,"featured_media":0,"comment_status":"closed","ping_status":"closed","sticky":false,"template":"","format":"standard","meta":{"footnotes":""},"categories":[508,15,14,28,81],"tags":[54,100,52,78,45,47],"class_list":["post-3405","post","type-post","status-publish","format-standard","hentry","category-cervinia-zermatt","category-italienitaly","category-swiss","category-skifahren-sommer","category-kurztrips","tag-gletschervergleich","tag-langzeitbelichtung","tag-pb","tag-restschnee","tag-see","tag-sl","odd"],"_links":{"self":[{"href":"http:\/\/blog.inmontanis.info\/index.php?rest_route=\/wp\/v2\/posts\/3405","targetHints":{"allow":["GET"]}}],"collection":[{"href":"http:\/\/blog.inmontanis.info\/index.php?rest_route=\/wp\/v2\/posts"}],"about":[{"href":"http:\/\/blog.inmontanis.info\/index.php?rest_route=\/wp\/v2\/types\/post"}],"author":[{"embeddable":true,"href":"http:\/\/blog.inmontanis.info\/index.php?rest_route=\/wp\/v2\/users\/1"}],"replies":[{"embeddable":true,"href":"http:\/\/blog.inmontanis.info\/index.php?rest_route=%2Fwp%2Fv2%2Fcomments&post=3405"}],"version-history":[{"count":2,"href":"http:\/\/blog.inmontanis.info\/index.php?rest_route=\/wp\/v2\/posts\/3405\/revisions"}],"predecessor-version":[{"id":3407,"href":"http:\/\/blog.inmontanis.info\/index.php?rest_route=\/wp\/v2\/posts\/3405\/revisions\/3407"}],"wp:attachment":[{"href":"http:\/\/blog.inmontanis.info\/index.php?rest_route=%2Fwp%2Fv2%2Fmedia&parent=3405"}],"wp:term":[{"taxonomy":"category","embeddable":true,"href":"http:\/\/blog.inmontanis.info\/index.php?rest_route=%2Fwp%2Fv2%2Fcategories&post=3405"},{"taxonomy":"post_tag","embeddable":true,"href":"http:\/\/blog.inmontanis.info\/index.php?rest_route=%2Fwp%2Fv2%2Ftags&post=3405"}],"curies":[{"name":"wp","href":"https:\/\/api.w.org\/{rel}","templated":true}]}}