{"id":3392,"date":"2015-06-14T19:49:12","date_gmt":"2015-06-14T17:49:12","guid":{"rendered":"http:\/\/blog.inmontanis.info\/?p=3392"},"modified":"2023-08-06T10:59:30","modified_gmt":"2023-08-06T08:59:30","slug":"stubaier-gletscher-13-6-14-6-2015","status":"publish","type":"post","link":"http:\/\/blog.inmontanis.info\/?p=3392","title":{"rendered":"Stubaier Gletscher, 13.6.+14.6.2015"},"content":{"rendered":"<p><strong>13.6.2015<\/strong><\/p>\n<p>Skibetrieb ist seit Montag nur noch bis 12:30 Uhr (SL; 8KSB &#8211; 12:15), daher war ich schon um 7:30 an der Talstation. Kaum Sonne, teils starker Wind, \u00fcber Nacht war&#8217;s bedeckt und warm &#8211; daher war der Schnee auch Fr\u00fch wieder weich. On- wie Offpiste egtl. nicht so pappig, aber in den Flachst\u00fccken (zur 8KSB) musste man \u00fcberall schieben. Am h\u00e4rtesten war&#8217;s wieder mal zur Mittelstation, hier war&#8217;s heute auch oben weniger pappig als letzte Woche.<\/p>\n<p>Die B\u00fcgel am SL Eisjoch sind inzwischen abgeh\u00e4ngt, an der Schaufeljoch-8EUB wird gerade die Revision durchgef\u00fchrt, das Gesperrt-Schild an der Mittelstationsabfahrt wurde entfernt &#8211; sind aber kaum Leute zur Mittelstation (oder auch oben offpiste) gefahren. Da die Wettervorhersage f\u00fcr morgen Sturm meldet (und somit evtl. kein Skibetrieb sein k\u00f6nnte), bin ich die 3 Abfahrten zur Mittelstation in Summe 4x gefahren, wobei ich die rote nun nicht mehr fahren werde.<\/p>\n<p>Aufl\u00f6sung von letzter Woche:<\/p>\n<blockquote><p>^ &#8230; was will man hier wohl mit dem ganzen Kies (oder was das ist)?<\/p><\/blockquote>\n<p>Wurde wohl nur auf dem Platz verteilt.<\/p>\n<p>(Fotos anklicken zum Vergr\u00f6\u00dfern)<\/p>\n<p><a href='http:\/\/ski.inmontanis.info\/d\/199703-2\/DSC00157.jpg'><img src=http:\/\/ski.inmontanis.info\/d\/199702-3\/DSC00157.jpg \/><\/a><br \/>\n^ Mure<\/p>\n<p><a href='http:\/\/ski.inmontanis.info\/d\/199707-2\/DSC00160.jpg'><img src=http:\/\/ski.inmontanis.info\/d\/199706-3\/DSC00160.jpg \/><\/a><br \/>\n^ Stra\u00dfenbau. Eine langwierige Arbeit&#8230;<\/p>\n<p><a href='http:\/\/ski.inmontanis.info\/d\/199711-2\/DSC00168.jpg'><img src=http:\/\/ski.inmontanis.info\/d\/199710-3\/DSC00168.jpg \/><\/a><br \/>\n^ Gamsgarten<\/p>\n<p><a href='http:\/\/ski.inmontanis.info\/d\/199715-2\/DSC00171.jpg'><img src=http:\/\/ski.inmontanis.info\/d\/199714-3\/DSC00171.jpg \/><\/a><br \/>\n^ Rote Mittelstationsabfahrt (rechts)<\/p>\n<p><a href='http:\/\/ski.inmontanis.info\/d\/199719-2\/DSC00172.jpg'><img src=http:\/\/ski.inmontanis.info\/d\/199718-3\/DSC00172.jpg \/><\/a><br \/>\n^ Rote Mittelstationsabfahrt<\/p>\n<p><a href='http:\/\/ski.inmontanis.info\/d\/199723-2\/DSC00179.jpg'><img src=http:\/\/ski.inmontanis.info\/d\/199722-3\/DSC00179.jpg \/><\/a><br \/>\n^ Kanonenrohr-Skiroute, ging auch wieder gut, bin ich heute 2x gefahren<\/p>\n<p><a href='http:\/\/ski.inmontanis.info\/d\/199727-2\/DSC00174.jpg'><img src=http:\/\/ski.inmontanis.info\/d\/199726-3\/DSC00174.jpg \/><\/a><br \/>\n^ Mittelstationsabfahrten; da ich den Bach an der rechten Abfahrt unten nicht queren wollte (vor 2 Jahren gemacht, echt nervig), bin ich im Schneefeld zum SL rausgequert und dann das St\u00fcck Stra\u00dfe (sehr steil) zum Schneefeld raufgelaufen. Naja, brauch ich jetzt nicht mehr.<\/p>\n<p><a href='http:\/\/ski.inmontanis.info\/d\/199731-2\/DSC00194.jpg'><img src=http:\/\/ski.inmontanis.info\/d\/199730-3\/DSC00194.jpg \/><\/a><br \/>\n^ Fernau-Abfahrtsvariante, bin ich heute auch 2x gefahren.<\/p>\n<p><a href='http:\/\/ski.inmontanis.info\/d\/199735-2\/DSC00195.jpg'><img src=http:\/\/ski.inmontanis.info\/d\/199734-3\/DSC00195.jpg \/><\/a><br \/>\n^ Mittelstation, Stra\u00dfenbau<\/p>\n<p><strong>14.6.2015<\/strong><\/p>\n<p>Im Vgl. zu gestern waren die Pisten heute fr\u00fch zwar etwas h\u00e4rter, aber im Allgemeinen auch pappiger\/bremsiger. Dazu etwas windiger (daher fuhr die 8KSB noch langsamer), k\u00e4lter, weniger Sonne und am sp\u00e4teren Vormittag einsetzender Regen (bzw. Schnee an der SL Daunferner-Bergstation), der um 12 Uhr st\u00e4rker wurde, so dass ich aufh\u00f6rte.<\/p>\n<p>Mittelstation bin ich 3x gefahren, ich w\u00fcrde das nun als &#8220;Ende des sinnvollen Abfahrens zur Mittelstation&#8221; bezeichnen. Einige Reste werden in 0-2 Tagen abgetaut sein und zu sp\u00fcrbar vermehrten Fu\u00dfwegen f\u00fchren.<\/p>\n<p>Ich wei\u00df zwar nicht wie&#8217;s letztes Jahr war, aber sonst war ab Mitte Juni ja immer die Eisgrat II statt Gamsgarten II ge\u00f6ffnet. Das scheint man heuer wohl nicht zu machen.<\/p>\n<p>(Fotos anklicken zum Vergr\u00f6\u00dfern)<\/p>\n<p><a href='http:\/\/ski.inmontanis.info\/d\/200077-2\/DSC00196.jpg'><img src=http:\/\/ski.inmontanis.info\/d\/200076-3\/DSC00196.jpg \/><\/a><br \/>\n^ Gamsgarten<\/p>\n<p><a href='http:\/\/ski.inmontanis.info\/d\/200081-2\/DSC00197.jpg'><img src=http:\/\/ski.inmontanis.info\/d\/200080-3\/DSC00197.jpg \/><\/a><br \/>\n^ Eisjoch-Steilhang<\/p>\n<p><a href='http:\/\/ski.inmontanis.info\/d\/200085-2\/DSC00198.jpg'><img src=http:\/\/ski.inmontanis.info\/d\/200084-3\/DSC00198.jpg \/><\/a><br \/>\n^ Mittelstationsabfahrt, Restschnee in der Drainage, aber unter dem Schnee flie\u00dft auch Wasser, ist also nicht mehr sehr dick.<\/p>\n<p><a href='http:\/\/ski.inmontanis.info\/d\/200089-2\/DSC00199.jpg'><img src=http:\/\/ski.inmontanis.info\/d\/200088-3\/DSC00199.jpg \/><\/a><br \/>\n^ Mittelstationsabfahrt, die Kante entlang sollte n\u00e4chste Woche noch ausreichend Schnee haben, weiter unten allerdings fraglich.<\/p>\n<p><a href='http:\/\/ski.inmontanis.info\/d\/200093-2\/DSC00202.jpg'><img src=http:\/\/ski.inmontanis.info\/d\/200092-3\/DSC00202.jpg \/><\/a><br \/>\n^ Mittelstationsabfahrt, auch hier wird&#8217;s enger; gestern konnte ich rechts noch problemlos runterfahren, heute schon steinig.<\/p>\n<p><a href='http:\/\/ski.inmontanis.info\/d\/200097-2\/DSC00204.jpg'><img src=http:\/\/ski.inmontanis.info\/d\/200096-3\/DSC00204.jpg \/><\/a><br \/>\n^ Mittelstationsabfahrten; Rechts diese Ausfahrt vom Kanonenrohr hierher wird in 0-2 Tagen ebenfalls nicht mehr gehen, die linke Rinne musste ich auch schon etwas \u00fcber Steine queren<\/p>\n<p><a href='http:\/\/ski.inmontanis.info\/d\/200101-2\/DSC00205_001.jpg'><img src=http:\/\/ski.inmontanis.info\/d\/200100-3\/DSC00205_001.jpg \/><\/a><br \/>\n^ Mittelstationsabfahrt; hinter der Schneekanone w\u00e4re die vorhin fotografierte Drainage, ohne die hat man hier auch ein sch\u00f6nes St\u00fcck zu gehen.<\/p>\n<p><a href='http:\/\/ski.inmontanis.info\/d\/200105-2\/DSC00208.jpg'><img src=http:\/\/ski.inmontanis.info\/d\/200104-3\/DSC00208.jpg \/><\/a><br \/>\n^ D\u00fcster, Schneefall und Regen um 12 Uhr, Zeit zu gehen.<\/p>\n<p>Den derzeitigen Wettervorhersagen f\u00fcr die n\u00e4chsten Tage nach (Regen und Schnee) wird es auch weiterhin keine guten Firnverh\u00e4ltnisse geben &#8211; echt entt\u00e4uschend, der diesj\u00e4hrige Fr\u00fchsommer (&#8220;Fr\u00fchsommer&#8221; h\u00f6rt sich jedenfalls besser an als &#8220;Sp\u00e4tfr\u00fchjahr&#8221; :) ) &#8230;<\/p>\n","protected":false},"excerpt":{"rendered":"<p>13.6.2015<\/p>\n<p>Skibetrieb ist seit Montag nur noch bis 12:30 Uhr (SL; 8KSB &#8211; 12:15), daher war ich schon um 7:30 an der Talstation. Kaum Sonne, teils starker Wind, \u00fcber Nacht war&#8217;s bedeckt und warm &#8211; daher war der Schnee auch Fr\u00fch wieder weich. On- wie Offpiste egtl. nicht so pappig, aber in den Flachst\u00fccken (zur <a href=\"http:\/\/blog.inmontanis.info\/?p=3392\">[&#8230;]<\/a><\/p>\n","protected":false},"author":1,"featured_media":0,"comment_status":"closed","ping_status":"closed","sticky":false,"template":"","format":"standard","meta":{"footnotes":""},"categories":[25,13,28,895],"tags":[39,57,78,47],"class_list":["post-3392","post","type-post","status-publish","format-standard","hentry","category-noreport","category-austria","category-skifahren-sommer","category-stubaier-gletscher","tag-6eub","tag-8sb","tag-restschnee","tag-sl","odd"],"_links":{"self":[{"href":"http:\/\/blog.inmontanis.info\/index.php?rest_route=\/wp\/v2\/posts\/3392","targetHints":{"allow":["GET"]}}],"collection":[{"href":"http:\/\/blog.inmontanis.info\/index.php?rest_route=\/wp\/v2\/posts"}],"about":[{"href":"http:\/\/blog.inmontanis.info\/index.php?rest_route=\/wp\/v2\/types\/post"}],"author":[{"embeddable":true,"href":"http:\/\/blog.inmontanis.info\/index.php?rest_route=\/wp\/v2\/users\/1"}],"replies":[{"embeddable":true,"href":"http:\/\/blog.inmontanis.info\/index.php?rest_route=%2Fwp%2Fv2%2Fcomments&post=3392"}],"version-history":[{"count":1,"href":"http:\/\/blog.inmontanis.info\/index.php?rest_route=\/wp\/v2\/posts\/3392\/revisions"}],"predecessor-version":[{"id":3393,"href":"http:\/\/blog.inmontanis.info\/index.php?rest_route=\/wp\/v2\/posts\/3392\/revisions\/3393"}],"wp:attachment":[{"href":"http:\/\/blog.inmontanis.info\/index.php?rest_route=%2Fwp%2Fv2%2Fmedia&parent=3392"}],"wp:term":[{"taxonomy":"category","embeddable":true,"href":"http:\/\/blog.inmontanis.info\/index.php?rest_route=%2Fwp%2Fv2%2Fcategories&post=3392"},{"taxonomy":"post_tag","embeddable":true,"href":"http:\/\/blog.inmontanis.info\/index.php?rest_route=%2Fwp%2Fv2%2Ftags&post=3392"}],"curies":[{"name":"wp","href":"https:\/\/api.w.org\/{rel}","templated":true}]}}