{"id":339,"date":"2009-06-01T23:59:57","date_gmt":"2009-06-01T21:59:57","guid":{"rendered":"http:\/\/blog.inmontanis.info\/?p=339"},"modified":"2023-08-06T21:20:49","modified_gmt":"2023-08-06T19:20:49","slug":"kaunertaler-gletscher-1-6-2009","status":"publish","type":"post","link":"http:\/\/blog.inmontanis.info\/?p=339","title":{"rendered":"Kaunertaler Gletscher, 1.6.2009"},"content":{"rendered":"<p>Leider eine Woche zu sp\u00e4t f\u00fcr Karlesjoch und Ochsenalm &#8211; nachdem ich in einer Stunde alles 1-2x gefahren war, w\u00e4re es mir fast langweilig geworden, aber dann bin ich neben den Pisten gefahren, was sehr gut ging, und als dann gegen Mittag die Trainingsmannschaften den oberen Bereich am Wei\u00dfseeferner-SL geleert hatten, bin ich bis 14 Uhr doch noch gut befriedigt worden.<br \/>\n<!--more--><br \/>\n<em>[_de]Bilder anklicken zum Vergr\u00f6\u00dfern[\/_de]\u2028[_en]Click photos to enlarge[\/_en]<\/em><\/p>\n<p><a href='http:\/\/ski.inmontanis.info\/d\/100180-1\/P1370961.JPG'><img src=http:\/\/ski.inmontanis.info\/d\/100181-4\/P1370961.JPG \/><\/a><br \/>\n^ SL Karlesspitze hei\u00dft jetzt 8EUB Karlesjoch (!) und ist nur im Ausflugsbetrieb ab 10 Uhr ge\u00f6ffnet. Grummel. Ok, der SL war ab Anfang Juni auch nicht mehr in Betrieb&#8230;<\/p>\n<p><a href='http:\/\/ski.inmontanis.info\/d\/100176-1\/P1370962.JPG'><img src=http:\/\/ski.inmontanis.info\/d\/100177-4\/P1370962.JPG \/><\/a><br \/>\n^ SL Wei\u00dfseeferner komplett \/ Wei\u00dfseespitze<\/p>\n<p><a href='http:\/\/ski.inmontanis.info\/d\/100204-1\/P1370966.JPG'><img src=http:\/\/ski.inmontanis.info\/d\/100205-4\/P1370966.JPG \/><\/a><br \/>\n^ SL N\u00f6rderjoch 2. Seit 2005 oder 2006 war die linke Abfahrt nicht mehr pr\u00e4pariert, umso erstaunter war ich, dass sie wieder reaktiviert wurde!<\/p>\n<p><a href='http:\/\/ski.inmontanis.info\/d\/100200-1\/P1370968.JPG'><img src=http:\/\/ski.inmontanis.info\/d\/100201-4\/P1370968.JPG \/><\/a><br \/>\n^ Pano von der Bergstation SL Wei\u00dfseeferner aus. Irgendwie verwischen sich Trainingsgel\u00e4nde und Abfahrt auch immer mehr?<\/p>\n<p><a href='http:\/\/ski.inmontanis.info\/d\/100208-1\/P1370971.JPG'><img src=http:\/\/ski.inmontanis.info\/d\/100209-4\/P1370971.JPG \/><\/a><br \/>\n^ Trainingshang und oberer Teil SL Wei\u00dfseeferner<\/p>\n<p><a href='http:\/\/ski.inmontanis.info\/d\/100217-1\/P1370972.JPG'><img src=http:\/\/ski.inmontanis.info\/d\/100218-4\/P1370972.JPG \/><\/a><br \/>\n^ Viele gingen heute auf die Wei\u00dfseespitze<\/p>\n<p><a href='http:\/\/ski.inmontanis.info\/d\/100221-1\/P1370975.JPG'><img src=http:\/\/ski.inmontanis.info\/d\/100222-4\/P1370975.JPG \/><\/a><br \/>\n^ Andrang auf der Wei\u00dfseespitze. Einige fuhren sogar den Steilhang mit Skiern hinab!<\/p>\n<p><a href='http:\/\/ski.inmontanis.info\/d\/100212-1\/P1370976.JPG'><img src=http:\/\/ski.inmontanis.info\/d\/100213-4\/P1370976.JPG \/><\/a><br \/>\n^ Im SL N\u00f6rderjoch I, wie immer mit leichten Wartezeiten<\/p>\n<p><a href='http:\/\/ski.inmontanis.info\/d\/100196-1\/P1370977.JPG'><img src=http:\/\/ski.inmontanis.info\/d\/100197-4\/P1370977.JPG \/><\/a><br \/>\n^ Standard-Foto am SL N\u00f6rderjoch 2<\/p>\n<p><a href='http:\/\/ski.inmontanis.info\/d\/100188-1\/P1370978.JPG'><img src=http:\/\/ski.inmontanis.info\/d\/100189-4\/P1370978.JPG \/><\/a><br \/>\n^ Oberer Teil 8EUB Karlesjoch. Also f\u00fcr mich h\u00e4tte der Schnee noch locker gereicht. Hab nicht gefragt, aber vermutlich darf man nicht auf eigene Gefahr fahren. <\/p>\n<p><a href='http:\/\/ski.inmontanis.info\/d\/100192-1\/P1370979.JPG'><img src=http:\/\/ski.inmontanis.info\/d\/100193-4\/P1370979.JPG \/><\/a><br \/>\n^ Bergstation 8EUB Karlesjoch. Bin gar nicht raufgefahren, wenn ich nicht mit Skiern abfahren darf, was soll ich dann dort oben?!<\/p>\n<p><a href='http:\/\/ski.inmontanis.info\/d\/100184-1\/P1370980.JPG'><img src=http:\/\/ski.inmontanis.info\/d\/100185-4\/P1370980.JPG \/><\/a><br \/>\n^ Ausbuddeln des Mattendepots und neue 8EUB Karlesjoch<\/p>\n<p><a href='http:\/\/ski.inmontanis.info\/d\/100225-1\/P1370981.JPG'><img src=http:\/\/ski.inmontanis.info\/d\/100226-4\/P1370981.JPG \/><\/a><br \/>\n^ .. andere fuhren die leichtere Variante \u00fcber die N\u00f6rderjoch-Lifte. W\u00fcrde doch hier nur schon eine Seilbahn raufgehen &#8230;.<\/p>\n<p><a href='http:\/\/ski.inmontanis.info\/d\/100229-1\/P1370982.JPG'><img src=http:\/\/ski.inmontanis.info\/d\/100230-4\/P1370982.JPG \/><\/a><br \/>\n^ .. und selbige im Zoom<\/p>\n<p><a href='http:\/\/ski.inmontanis.info\/d\/100233-1\/P1370985.JPG'><img src=http:\/\/ski.inmontanis.info\/d\/100234-4\/P1370985.JPG \/><\/a><br \/>\n^ Am N\u00f6rderjoch II mit ehemaliger N\u00f6rderjoch III -Strecke und der Tourenabfahrt von der Wei\u00dfseespitze. W\u00fcrde doch nur schon die PB da rauf gehen &#8230;<\/p>\n<p><a href='http:\/\/ski.inmontanis.info\/d\/100237-1\/P1370987.JPG'><img src=http:\/\/ski.inmontanis.info\/d\/100238-4\/P1370987.JPG \/><\/a><br \/>\n^ Mir fiel ein, dass ich noch nie die Bergstation SL Wei\u00dfseeferner von hier aus fotografiert hatte, also noch schnell nachholen :-)<\/p>\n","protected":false},"excerpt":{"rendered":"<p>Leider eine Woche zu sp\u00e4t f\u00fcr Karlesjoch und Ochsenalm &#8211; nachdem ich in einer Stunde alles 1-2x gefahren war, w\u00e4re es mir fast langweilig geworden, aber dann bin ich neben den Pisten gefahren, was sehr gut ging, und als dann gegen Mittag die Trainingsmannschaften den oberen Bereich am Wei\u00dfseeferner-SL geleert hatten, bin ich bis 14 <a href=\"http:\/\/blog.inmontanis.info\/?p=339\">[&#8230;]<\/a><\/p>\n","protected":false},"author":1,"featured_media":0,"comment_status":"open","ping_status":"closed","sticky":false,"template":"","format":"standard","meta":{"footnotes":""},"categories":[24,905,13,28],"tags":[47],"class_list":["post-339","post","type-post","status-publish","format-standard","hentry","category-tagestour","category-kaunertaler-gletscher","category-austria","category-skifahren-sommer","tag-sl","odd"],"_links":{"self":[{"href":"http:\/\/blog.inmontanis.info\/index.php?rest_route=\/wp\/v2\/posts\/339","targetHints":{"allow":["GET"]}}],"collection":[{"href":"http:\/\/blog.inmontanis.info\/index.php?rest_route=\/wp\/v2\/posts"}],"about":[{"href":"http:\/\/blog.inmontanis.info\/index.php?rest_route=\/wp\/v2\/types\/post"}],"author":[{"embeddable":true,"href":"http:\/\/blog.inmontanis.info\/index.php?rest_route=\/wp\/v2\/users\/1"}],"replies":[{"embeddable":true,"href":"http:\/\/blog.inmontanis.info\/index.php?rest_route=%2Fwp%2Fv2%2Fcomments&post=339"}],"version-history":[{"count":4,"href":"http:\/\/blog.inmontanis.info\/index.php?rest_route=\/wp\/v2\/posts\/339\/revisions"}],"predecessor-version":[{"id":9304,"href":"http:\/\/blog.inmontanis.info\/index.php?rest_route=\/wp\/v2\/posts\/339\/revisions\/9304"}],"wp:attachment":[{"href":"http:\/\/blog.inmontanis.info\/index.php?rest_route=%2Fwp%2Fv2%2Fmedia&parent=339"}],"wp:term":[{"taxonomy":"category","embeddable":true,"href":"http:\/\/blog.inmontanis.info\/index.php?rest_route=%2Fwp%2Fv2%2Fcategories&post=339"},{"taxonomy":"post_tag","embeddable":true,"href":"http:\/\/blog.inmontanis.info\/index.php?rest_route=%2Fwp%2Fv2%2Ftags&post=339"}],"curies":[{"name":"wp","href":"https:\/\/api.w.org\/{rel}","templated":true}]}}