{"id":3384,"date":"2015-05-25T19:40:40","date_gmt":"2015-05-25T17:40:40","guid":{"rendered":"http:\/\/blog.inmontanis.info\/?p=3384"},"modified":"2023-08-06T10:59:41","modified_gmt":"2023-08-06T08:59:41","slug":"stubaier-gletscher-23-5-24-5-25-5-2015","status":"publish","type":"post","link":"http:\/\/blog.inmontanis.info\/?p=3384","title":{"rendered":"Stubaier Gletscher 23.5.+24.5.+25.5.2015"},"content":{"rendered":"<p><strong>Sa, 23.5.2015<\/strong><\/p>\n<p>Zugegeben, wenn ich mir nicht unl\u00e4ngst vorgenommen h\u00e4tte, diese Saison 122 Skitage schaffen zu wollen (= 1\/3 des Jahres), w\u00e4re ich heute wohl daheim geblieben oder w\u00e4re zumindest erst bei brauchbarer Aussicht (Webcams) gefahren. Andererseits sahen die Wetterberichte f\u00fcr morgen auch nicht besser aus und verlieren tut man ja nichts &#8211; bei ca. 44km Anfahrt und Saisonkarte.<\/p>\n<p>Halber Meter Neuschnee und kalt &#8211; Schneeverh\u00e4ltnisse auf den Pisten w\u00e4ren heute ganz gut gewesen nur &#8230; die Sicht war miserabel: Zumeist dichter Nebel. Durch die Pistenpr\u00e4parierung zwischen 9 und 10 Uhr war es immerhin ein wenig angenehmer, aber auch nur, solang man in der Spur blieb. \u00dcbrigens, wie schon letzte Woche, gab es keine offizielle Verbindung zwischen 8KSB Rotadl und SL Daunferner &#8211; man musste zwangsl\u00e4ufig das Seil der Absperrung irgendwo unterqueren (oder heute auch dr\u00fcberfahren, so viel hatte es geschneit) und querfeldein (heute: bei Nebel quer durch den Tiefschnee) r\u00fcber.<\/p>\n<p>Die Mittelstationsabfahrten hab ich mir wg. der schlechten Sicht geschenkt und bin kurz vor 12 Uhr wieder runter gefahren. Immerhin hatte es die Zeit \u00fcber nur leicht geschneit und es war doch mehr los als in so manchem Skigebiet im Winter bei Sonnenschein :)<\/p>\n<p><a href='http:\/\/ski.inmontanis.info\/d\/198426-2\/DSC09977.jpg'><img src=http:\/\/ski.inmontanis.info\/d\/198425-3\/DSC09977.jpg \/><\/a><br \/>\n^ Neuschnee, oben Nebel<\/p>\n<p>Auf nichtssagende Nebelfotos oben hab ich verzichtet. Vielleicht wird&#8217;s ja die n\u00e4chsten beiden Pfingsttage noch besser.<\/p>\n<p><strong>So, 24.5.2015<\/strong><\/p>\n<p>Bin heut etwas sp\u00e4ter rauf, war zwischen 10 und 11 im Skigebiet, und es war tats\u00e4chlich noch dichterer Nebel als gestern, aber auch mehr los.<\/p>\n<p>Um 12:45 bin ich mit der 6EUB zur Mittelstation runter, als es dort nun doch brauchbare Sichtverh\u00e4ltnisse gab &#8211; also wieder mit der 6EUB rauf und die Gamsgarten-Abfahrt zur Mittelstation runter. Mittlerweile wurde es auch oben besser und die Sonne spitzte &#8211; wobei aber auch immer wieder dichtere Nebelb\u00e4nke vom Tal aus raufzogen.<\/p>\n<p>Zum Schluss nochmal die andere Mittelstationsabfahrt &#8211; im Prinzip waren beide sehr schwer zu fahren, auch oben war der Neuschnee mittlerweile sehr schwer. Talabfahrt bin ich daher vorsorglich wieder nicht gefahren &#8230;<\/p>\n<p>(Fotos anklicken zum Vergr\u00f6\u00dfern)<\/p>\n<p><a href='http:\/\/ski.inmontanis.info\/d\/198652-2\/DSC09980.jpg'><img src=http:\/\/ski.inmontanis.info\/d\/198651-3\/DSC09980.jpg \/><\/a><br \/>\n^ Der Nebel war heute fast noch dichter als gestern &#8230;<\/p>\n<p><a href='http:\/\/ski.inmontanis.info\/d\/198656-2\/DSC09984.jpg'><img src=http:\/\/ski.inmontanis.info\/d\/198655-3\/DSC09984.jpg \/><\/a><br \/>\n^ Man kann derzeit wieder bis zum Einstieg an der Mittelstation fahren, auch die Gamsgartenabfahrt war wieder auf voller Breite fahrbar ;)<\/p>\n<p><a href='http:\/\/ski.inmontanis.info\/d\/198660-2\/DSC09987.jpg'><img src=http:\/\/ski.inmontanis.info\/d\/198659-3\/DSC09987.jpg \/><\/a><br \/>\n^ Gef\u00e4hrliche Eiszapfen<\/p>\n<p><a href='http:\/\/ski.inmontanis.info\/d\/198664-2\/DSC09988.jpg'><img src=http:\/\/ski.inmontanis.info\/d\/198663-3\/DSC09988.jpg \/><\/a><br \/>\n^ 8KSB Rotadl &#8211; nachmittags ging sich doch noch etwas Sonne und blauer Himmel aus<\/p>\n<p><a href='http:\/\/ski.inmontanis.info\/d\/198668-2\/DSC09996.jpg'><img src=http:\/\/ski.inmontanis.info\/d\/198667-3\/DSC09996.jpg \/><\/a><br \/>\n^ Mittelstationsabfahrten, Schnee war sehr schwer.<\/p>\n<p><strong>Pfingstmontag, 25.5.2015<\/strong><\/p>\n<p>Wetterbedingt war ich heute bereits kurz nach 8 Uhr an der Talstation, Wartezeiten gabs aber keine, obwohl im Laufe des Tages der A-Parkplatz noch fast komplett voll wurde. Beim Rauffahren eine Gruppe junger Freerider in der Gondel gehabt, die zwar wusste, dass 9 Lifte ge\u00f6ffnet angesagt waren, sich dann aber aufregten, dass Fernau-6KSB und Daunjoch-4KSB nicht ge\u00f6ffnet waren :) Waren wohl auch noch nie Mitte Mai am Stubaier &#8211; und haben sich wohl nicht vorher informiert. Selber Schuld.<\/p>\n<p>Im Gegensatz zu den letzten beiden Tagen war das Wetter heute wesentlich besser, morgens sehr sonnig, gegen 10:30 war der Nebel vom Stubai- und \u00d6tztal oben angelangt, der aber noch weiter stieg &#8211; in Folge gabs dann eine Mischung aus Sonne, Wolken und einigen wenigen Nebelb\u00e4nken, nach Mittag war&#8217;s aber doch ziemlich bedeckt und man hatte eine recht eint\u00f6nige Sicht.<\/p>\n<p>Schnee war auf den Pisten ganz gut, ab Mittag wurde er weicher (schmieriger) und angenehmer. Offpiste bin ich nicht viel gefahren (paar mal am Windachferner &#8211; dort tragf\u00e4hig hart, 2x Mittelstation &#8211; dort schwer und nass, aber fahrbar; der Rest schien mir auch etwas schwer oder unsicher zu sein &#8211; aber es waren gen\u00fcgend unterwegs. Au\u00dferdem schmerzten meine Oberschenkel und Knie noch von den schwierigen Verh\u00e4ltnissen der letzten beiden Tage..). Nur um Gamsgarten herum war&#8217;s nachmittags ein bisschen pappig. Wobei ich nur bis 13:30 Uhr geblieben bin.<\/p>\n<p>(Fotos anklicken zum Vergr\u00f6\u00dfern)<\/p>\n<p><a href='http:\/\/ski.inmontanis.info\/d\/198672-2\/DSC09999.jpg'><img src=http:\/\/ski.inmontanis.info\/d\/198671-3\/DSC09999.jpg \/><\/a><br \/>\n^ Die meisten H\u00e4nge wurden gestern noch verspurt, die kleinen Schneerutsche waren ebenso von gestern.<\/p>\n<p><a href='http:\/\/ski.inmontanis.info\/d\/198676-2\/DSC00001.jpg'><img src=http:\/\/ski.inmontanis.info\/d\/198675-3\/DSC00001.jpg \/><\/a><br \/>\n^ SL Eisjoch, Eisgrat und Nebeldecke im Stubaital, der sp\u00e4ter raufzog.<\/p>\n<p><a href='http:\/\/ski.inmontanis.info\/d\/198680-2\/DSC00004.jpg'><img src=http:\/\/ski.inmontanis.info\/d\/198679-3\/DSC00004.jpg \/><\/a><br \/>\n^ SL Daunferner, die linke (also mittlere) Piste wurde im Laufe des Vormittags noch teilweise pr\u00e4pariert<\/p>\n<p><a href='http:\/\/ski.inmontanis.info\/d\/198684-2\/DSC00006.jpg'><img src=http:\/\/ski.inmontanis.info\/d\/198683-3\/DSC00006.jpg \/><\/a><br \/>\n^ Stellenweise gab es einige Verkrustungen an den Felsen (und auch an den Liften usw.) &#8211; aber nat\u00fcrlich noch lange kein Vergleich zu Davraz in der T\u00fcrkei :)<\/p>\n<p><a href='http:\/\/ski.inmontanis.info\/d\/198688-2\/DSC00009.jpg'><img src=http:\/\/ski.inmontanis.info\/d\/198687-3\/DSC00009.jpg \/><\/a><br \/>\n^ SL Windach, gestern geschlossen, heute offen.<\/p>\n<p><a href='http:\/\/ski.inmontanis.info\/d\/198709-2\/DSC00011.jpg'><img src=http:\/\/ski.inmontanis.info\/d\/198708-3\/DSC00011.jpg \/><\/a><br \/>\n^ Der Funpark am SL Gai\u00dfkar wurde letzte Woche doch noch nicht eingestampft, er wurde sogar nochmal erweitert (Evtl. Fotosession?)<\/p>\n<p><a href='http:\/\/ski.inmontanis.info\/d\/198693-2\/DSC00013.jpg'><img src=http:\/\/ski.inmontanis.info\/d\/198692-3\/DSC00013.jpg \/><\/a><br \/>\n^ Schneeverschiebe-Arbeiten an der Jochdohle<\/p>\n<p><a href='http:\/\/ski.inmontanis.info\/d\/198697-2\/DSC00016.jpg'><img src=http:\/\/ski.inmontanis.info\/d\/198696-3\/DSC00016.jpg \/><\/a><br \/>\n^ Mittelstation<\/p>\n<p><a href='http:\/\/ski.inmontanis.info\/d\/198701-2\/DSC00017.jpg'><img src=http:\/\/ski.inmontanis.info\/d\/198700-3\/DSC00017.jpg \/><\/a><br \/>\n^ Mit den ganzen Schneer\u00e4umungen am Gamsgarten und an der Mittelstation h\u00e4tte man auch gleich jeweils ein Depot f\u00fcr den Herbst anlegen k\u00f6nnen (ohne die vorhandenen Pistenreste weiter zu tangieren, versteht sich).<\/p>\n<p><a href='http:\/\/ski.inmontanis.info\/d\/198705-2\/DSC00018.jpg'><img src=http:\/\/ski.inmontanis.info\/d\/198704-3\/DSC00018.jpg \/><\/a><br \/>\n^ Die H\u00e4nge am SL Daunscharte wurden heute auch komplett verspurt, zumindest die unteren :)<\/p>\n<p>Den aktuellen Wettervorhersagen nach wird man wohl auch die n\u00e4chsten 2 Wochenenden noch keine guten Firn-Verh\u00e4ltnisse haben. Vielleicht reichts n\u00e4chsten Samstag wenigstens f\u00fcr die Mittelstationsabfahren?<\/p>\n","protected":false},"excerpt":{"rendered":"<p>Sa, 23.5.2015<\/p>\n<p>Zugegeben, wenn ich mir nicht unl\u00e4ngst vorgenommen h\u00e4tte, diese Saison 122 Skitage schaffen zu wollen (= 1\/3 des Jahres), w\u00e4re ich heute wohl daheim geblieben oder w\u00e4re zumindest erst bei brauchbarer Aussicht (Webcams) gefahren. Andererseits sahen die Wetterberichte f\u00fcr morgen auch nicht besser aus und verlieren tut man ja nichts &#8211; bei ca. <a href=\"http:\/\/blog.inmontanis.info\/?p=3384\">[&#8230;]<\/a><\/p>\n","protected":false},"author":1,"featured_media":0,"comment_status":"closed","ping_status":"closed","sticky":false,"template":"","format":"standard","meta":{"footnotes":""},"categories":[25,13,28,895],"tags":[39,57,47],"class_list":["post-3384","post","type-post","status-publish","format-standard","hentry","category-noreport","category-austria","category-skifahren-sommer","category-stubaier-gletscher","tag-6eub","tag-8sb","tag-sl","odd"],"_links":{"self":[{"href":"http:\/\/blog.inmontanis.info\/index.php?rest_route=\/wp\/v2\/posts\/3384","targetHints":{"allow":["GET"]}}],"collection":[{"href":"http:\/\/blog.inmontanis.info\/index.php?rest_route=\/wp\/v2\/posts"}],"about":[{"href":"http:\/\/blog.inmontanis.info\/index.php?rest_route=\/wp\/v2\/types\/post"}],"author":[{"embeddable":true,"href":"http:\/\/blog.inmontanis.info\/index.php?rest_route=\/wp\/v2\/users\/1"}],"replies":[{"embeddable":true,"href":"http:\/\/blog.inmontanis.info\/index.php?rest_route=%2Fwp%2Fv2%2Fcomments&post=3384"}],"version-history":[{"count":2,"href":"http:\/\/blog.inmontanis.info\/index.php?rest_route=\/wp\/v2\/posts\/3384\/revisions"}],"predecessor-version":[{"id":3386,"href":"http:\/\/blog.inmontanis.info\/index.php?rest_route=\/wp\/v2\/posts\/3384\/revisions\/3386"}],"wp:attachment":[{"href":"http:\/\/blog.inmontanis.info\/index.php?rest_route=%2Fwp%2Fv2%2Fmedia&parent=3384"}],"wp:term":[{"taxonomy":"category","embeddable":true,"href":"http:\/\/blog.inmontanis.info\/index.php?rest_route=%2Fwp%2Fv2%2Fcategories&post=3384"},{"taxonomy":"post_tag","embeddable":true,"href":"http:\/\/blog.inmontanis.info\/index.php?rest_route=%2Fwp%2Fv2%2Ftags&post=3384"}],"curies":[{"name":"wp","href":"https:\/\/api.w.org\/{rel}","templated":true}]}}