{"id":3381,"date":"2015-05-17T19:37:16","date_gmt":"2015-05-17T17:37:16","guid":{"rendered":"http:\/\/blog.inmontanis.info\/?p=3381"},"modified":"2023-08-06T10:59:44","modified_gmt":"2023-08-06T08:59:44","slug":"stubaier-gletscher-14-5-16-5-17-5-2015","status":"publish","type":"post","link":"http:\/\/blog.inmontanis.info\/?p=3381","title":{"rendered":"Stubaier Gletscher 14.5.+16.5.+17.5.2015"},"content":{"rendered":"<p><strong>Do, 14.5.2015 (Feiertag)<\/strong><\/p>\n<p>Heute startete ich wieder in meine Stubai-Saison. Dank Saisonkarte werde ich nun wieder jedes Wochenende bis zum Ende der Saison (Ende Juni, da man im Juli nur bis zum ersten Freitag f\u00e4hrt) droben sein.<\/p>\n<p>Leider gab&#8217;s \u00fcber Nacht etwas Neuschnee, der in den oberen Bereichen zu absolut nervigen Pisten f\u00fchrte. Die Mittelstationsabfahrten waren zwar auch pappig, aber wenigstens gleichm\u00e4\u00dfig, so dass sie doch noch besser gingen als die oberen, bin daher auch vermehrt die geschlossenen Abfahrten zur Mittelstation gefahren. Die Lifte sind derzeit von 8:00 (erste Bergfahrt) bis 15:30 (letzte Bergfahrt) ge\u00f6ffnet.<\/p>\n<p>Fotos hatte ich etliche gemacht, aber leider mit einem nervigen Bildbearbeitungsmodus, weshalb ich alle Fotos wieder gel\u00f6scht habe :-(<\/p>\n<p><strong>Sa, 16.5.2015<\/strong><\/p>\n<p>Da ich heute ab 12\/12:15 arbeiten musste (und somit um 10:45 wieder runter fahren musste), wollte ich fr\u00fch dran sein, war kurz nach 8 Uhr am Parkplatz &#8211; und musste 10 Minuten an der Talstation warten. Kann man also auch gleich 10 Minuten sp\u00e4ter rauffahren &#8230;.<\/p>\n<p>Der Neuschnee am Freitag war nicht so ergiebig wie gemeldet und daher bis Mittag tats\u00e4chlich angenehmer zu fahren als am Donnerstag. Grund war auch, dass es k\u00e4lter war und am Morgen nochmal pr\u00e4pariert wurde, so dass sich der Neuschnee schon etwas mit dem Altschnee vermischt hatte. Au\u00dferdem war der Nebel recht feucht, so dass der Schnee sch\u00f6n nass und glitschig war. Nur ganz oben war&#8217;s sonnig, also blieb ich vermehrt an den oberen SL. Mittelstationsabfahrt fuhr ich heute keine, da ich die Ski zum (gratis-) Service gab, spar ich mir die Schlepperei heute Mittag und morgen Fr\u00fch&#8230;<\/p>\n<p>(Fotos anklicken zum Vergr\u00f6\u00dfern)<\/p>\n<p><a href='http:\/\/ski.inmontanis.info\/d\/197860-2\/DSC09876.jpg'><img src=http:\/\/ski.inmontanis.info\/d\/197859-3\/DSC09876.jpg \/><\/a><br \/>\n^ ca. 10min Wartezeiten um 8:13 Uhr<\/p>\n<p><a href='http:\/\/ski.inmontanis.info\/d\/197864-2\/DSC09878.jpg'><img src=http:\/\/ski.inmontanis.info\/d\/197863-3\/DSC09878.jpg \/><\/a><br \/>\n^ SL Windachferner und Nebel im \u00d6tztal<\/p>\n<p><a href='http:\/\/ski.inmontanis.info\/d\/197868-2\/DSC09886.jpg'><img src=http:\/\/ski.inmontanis.info\/d\/197867-3\/DSC09886.jpg \/><\/a><br \/>\n^ SL Gai\u00dfkar mit Funpark<\/p>\n<p><a href='http:\/\/ski.inmontanis.info\/d\/197872-2\/DSC09887.jpg'><img src=http:\/\/ski.inmontanis.info\/d\/197871-3\/DSC09887.jpg \/><\/a><br \/>\n^ Bissl Glitzerschnee ist gut f\u00fcr&#8217;s Gem\u00fct<\/p>\n<p><a href='http:\/\/ski.inmontanis.info\/d\/197876-2\/DSC09894.jpg'><img src=http:\/\/ski.inmontanis.info\/d\/197875-3\/DSC09894.jpg \/><\/a><br \/>\n^ Nebelmeer mit Eisjochlifte<\/p>\n<p><a href='http:\/\/ski.inmontanis.info\/d\/197880-2\/DSC09896.jpg'><img src=http:\/\/ski.inmontanis.info\/d\/197879-3\/DSC09896.jpg \/><\/a><br \/>\n^ Die Wolken\/Nebeldecke zieht nach S\u00fcden<\/p>\n<p><a href='http:\/\/ski.inmontanis.info\/d\/197884-2\/DSC09898.jpg'><img src=http:\/\/ski.inmontanis.info\/d\/197883-3\/DSC09898.jpg \/><\/a><br \/>\n^ Die Rotadl-KSB-Bergstation liegt gerade wieder in der Sonne, also dann mal r\u00fcber.<\/p>\n<p><a href='http:\/\/ski.inmontanis.info\/d\/197888-2\/DSC09904.jpg'><img src=http:\/\/ski.inmontanis.info\/d\/197887-3\/DSC09904.jpg \/><\/a><br \/>\n^ Nebelmeer mit SL Daunferner<\/p>\n<p><a href='http:\/\/ski.inmontanis.info\/d\/197892-2\/DSC09908.jpg'><img src=http:\/\/ski.inmontanis.info\/d\/197891-3\/DSC09908.jpg \/><\/a><br \/>\n^ Paar sind die Fernaumauer bzw. nebendran gefahren<\/p>\n<p><strong>So, 17.5.2015<\/strong><\/p>\n<p>On-Piste waren die Verh\u00e4ltnisse heute wesentlich besser als am Donnerstag, nur am Windachferner gab&#8217;s nachmittags Papp (auch etwas am Eisjoch-SL), ansonsten gab es auch immer wieder viele Pistenraupenspuren und auch am Daunferner nachmittags alles problemlos.<\/p>\n<p>Off-Piste dagegen war es schlechter als am Donnerstag, da es am Freitag eben bis Mittelstation geschneit hatte und auf den Mittelstationsabfahrten immer noch eine Neuschneeschicht war bzw. auch darunter eine noch pappigere Masse. Bin daher auch nur 5x zur Mittelstation gefahren.<\/p>\n<p>(Fotos anklicken zum Vergr\u00f6\u00dfern)<\/p>\n<p><a href='http:\/\/ski.inmontanis.info\/d\/197896-2\/DSC09920.jpg'><img src=http:\/\/ski.inmontanis.info\/d\/197895-3\/DSC09920.jpg \/><\/a><br \/>\n^ Standardbild Mittelstationsabfahrten<\/p>\n<p><a href='http:\/\/ski.inmontanis.info\/d\/197900-2\/DSC09924.jpg'><img src=http:\/\/ski.inmontanis.info\/d\/197899-3\/DSC09924.jpg \/><\/a><br \/>\n^ Standardbild Gamsgarten<\/p>\n<p><a href='http:\/\/ski.inmontanis.info\/d\/197904-2\/DSC09925.jpg'><img src=http:\/\/ski.inmontanis.info\/d\/197903-3\/DSC09925.jpg \/><\/a><br \/>\n^ KSB+SL Eisjoch<\/p>\n<p><a href='http:\/\/ski.inmontanis.info\/d\/197908-2\/DSC09933.jpg'><img src=http:\/\/ski.inmontanis.info\/d\/197907-3\/DSC09933.jpg \/><\/a><br \/>\n^ Depot f\u00fcr die Gamsgartenabfahrt (f\u00fcr Juni oder f\u00fcr Herbst?)<\/p>\n<p><a href='http:\/\/ski.inmontanis.info\/d\/197912-2\/DSC09934.jpg'><img src=http:\/\/ski.inmontanis.info\/d\/197911-3\/DSC09934.jpg \/><\/a><br \/>\n^ Eisjoch-Rotadl-KSBs<\/p>\n<p><a href='http:\/\/ski.inmontanis.info\/d\/197916-2\/DSC09935.jpg'><img src=http:\/\/ski.inmontanis.info\/d\/197915-3\/DSC09935.jpg \/><\/a><br \/>\n^ Depot Rotadl<\/p>\n<p><a href='http:\/\/ski.inmontanis.info\/d\/197920-2\/DSC09936.jpg'><img src=http:\/\/ski.inmontanis.info\/d\/197919-3\/DSC09936.jpg \/><\/a><br \/>\n^ Seit heute nur noch der kurze Daunferner-SL offen<\/p>\n<p><a href='http:\/\/ski.inmontanis.info\/d\/197924-2\/DSC09946.jpg'><img src=http:\/\/ski.inmontanis.info\/d\/197923-3\/DSC09946.jpg \/><\/a><br \/>\n^ Alternative Rinne Gamsgartenabfahrt zur Mittelstation<\/p>\n<p><a href='http:\/\/ski.inmontanis.info\/d\/197928-2\/DSC09948.jpg'><img src=http:\/\/ski.inmontanis.info\/d\/197927-3\/DSC09948.jpg \/><\/a><br \/>\n^ Gamsgartenabfahrt zur Mittelstation (rechts) und die von mir gefahrene Rinne (Mitte). Ging zwar nicht so gut wie am Donnerstag, aber trotzdem 2x gefahren<\/p>\n<p><a href='http:\/\/ski.inmontanis.info\/d\/197932-2\/DSC09951.jpg'><img src=http:\/\/ski.inmontanis.info\/d\/197931-3\/DSC09951.jpg \/><\/a><br \/>\n^ Letzter Betriebstag SL Gai\u00dfkar und Funpark, selbiger wird nun abgebaut (oder Schnee zusammengefahren + vermattet?)<\/p>\n<p><a href='http:\/\/ski.inmontanis.info\/d\/197936-2\/DSC09952.jpg'><img src=http:\/\/ski.inmontanis.info\/d\/197935-3\/DSC09952.jpg \/><\/a><br \/>\n^ Saubere Spitzkehren<\/p>\n<p><a href='http:\/\/ski.inmontanis.info\/d\/197940-2\/DSC09955.jpg'><img src=http:\/\/ski.inmontanis.info\/d\/197939-3\/DSC09955.jpg \/><\/a><br \/>\n^ Schutzwall an der Schaufeljoch-EUB (gegen Lawinen und\/oder Steinschlag)<\/p>\n<p><a href='http:\/\/ski.inmontanis.info\/d\/197944-2\/DSC09941.jpg'><img src=http:\/\/ski.inmontanis.info\/d\/197943-3\/DSC09941.jpg \/><\/a><br \/>\n^ Der Schutzwall an der Schaufeljochbahn. Interessant, die regelm\u00e4\u00dfigen Schmutzschichten. Und ziemlich viel Schnee, wenn das alles von heuer ist! (Aber eine Schmutzschicht pro Sommer kann ja auch nicht sein, denn dann l\u00e4ge ja heuer weniger als sonst den Sommer \u00fcber.)<\/p>\n<p><a href='http:\/\/ski.inmontanis.info\/d\/197948-2\/DSC09956.jpg'><img src=http:\/\/ski.inmontanis.info\/d\/197947-3\/DSC09956.jpg \/><\/a><br \/>\n^ Nachmittags wurden vermehrt Abdeckmatten vom Eisgrat zum Eisjoch gefahren, weshalb man am SL immer wieder eine frische Spur hatte.<\/p>\n<p><a href='http:\/\/ski.inmontanis.info\/d\/197952-2\/DSC09962.jpg'><img src=http:\/\/ski.inmontanis.info\/d\/197951-3\/DSC09962.jpg \/><\/a><br \/>\n^ Fernau-Abfahrt, Schaut rechts fast nach Firn aus, war aber doch etwas pappiger, wenngleich es jetzt nach 15 Uhr wesentlich angenehmer war als mittags.<\/p>\n<p><a href='http:\/\/ski.inmontanis.info\/d\/197956-2\/DSC09963.jpg'><img src=http:\/\/ski.inmontanis.info\/d\/197955-3\/DSC09963.jpg \/><\/a><br \/>\n^ Bau-Vorarbeiten f\u00fcr die neue 3S-Bahn an der Mittelstation<\/p>\n<p><a href='http:\/\/ski.inmontanis.info\/d\/197960-2\/DSC09965.jpg'><img src=http:\/\/ski.inmontanis.info\/d\/197959-3\/DSC09965.jpg \/><\/a><br \/>\n^ Irgendwer scheint da letztens ins Tal an der EUB gefahren sein &#8211; mir w\u00e4re der Weg untenraus zu steil und zu lang. Dann lieber Wilde Grubn und den flachen Weg vorlaufen..<\/p>\n<p><a href='http:\/\/ski.inmontanis.info\/d\/197964-2\/DSC09967.jpg'><img src=http:\/\/ski.inmontanis.info\/d\/197963-3\/DSC09967.jpg \/><\/a><br \/>\n^ Nerv. War heut fr\u00fch leider 10 min zu fr\u00fch &#8211; ansonsten w\u00e4re der Parkplatzeinweiser weggewesen und ich h\u00e4tte links weiter rauf fahren k\u00f6nnen, um einen n\u00e4heren Parkplatz zu bekommen &#8230;.<\/p>\n<p>Lt. Schneevorhersagen k\u00f6nnte es bis n\u00e4chstes WE (Pfingsten) 1m Neuschnee geben, mit Schneefallgrenze um 1500m &#8211; somit weiterhin keine Chance auf guten Firn :-(<\/p>\n","protected":false},"excerpt":{"rendered":"<p>Do, 14.5.2015 (Feiertag)<\/p>\n<p>Heute startete ich wieder in meine Stubai-Saison. Dank Saisonkarte werde ich nun wieder jedes Wochenende bis zum Ende der Saison (Ende Juni, da man im Juli nur bis zum ersten Freitag f\u00e4hrt) droben sein.<\/p>\n<p>Leider gab&#8217;s \u00fcber Nacht etwas Neuschnee, der in den oberen Bereichen zu absolut nervigen Pisten f\u00fchrte. Die Mittelstationsabfahrten <a href=\"http:\/\/blog.inmontanis.info\/?p=3381\">[&#8230;]<\/a><\/p>\n","protected":false},"author":1,"featured_media":0,"comment_status":"closed","ping_status":"closed","sticky":false,"template":"","format":"standard","meta":{"footnotes":""},"categories":[25,13,28,895],"tags":[39,56,57,77,78,47],"class_list":["post-3381","post","type-post","status-publish","format-standard","hentry","category-noreport","category-austria","category-skifahren-sommer","category-stubaier-gletscher","tag-6eub","tag-6sb","tag-8sb","tag-nebelmeer","tag-restschnee","tag-sl","odd"],"_links":{"self":[{"href":"http:\/\/blog.inmontanis.info\/index.php?rest_route=\/wp\/v2\/posts\/3381","targetHints":{"allow":["GET"]}}],"collection":[{"href":"http:\/\/blog.inmontanis.info\/index.php?rest_route=\/wp\/v2\/posts"}],"about":[{"href":"http:\/\/blog.inmontanis.info\/index.php?rest_route=\/wp\/v2\/types\/post"}],"author":[{"embeddable":true,"href":"http:\/\/blog.inmontanis.info\/index.php?rest_route=\/wp\/v2\/users\/1"}],"replies":[{"embeddable":true,"href":"http:\/\/blog.inmontanis.info\/index.php?rest_route=%2Fwp%2Fv2%2Fcomments&post=3381"}],"version-history":[{"count":3,"href":"http:\/\/blog.inmontanis.info\/index.php?rest_route=\/wp\/v2\/posts\/3381\/revisions"}],"predecessor-version":[{"id":9224,"href":"http:\/\/blog.inmontanis.info\/index.php?rest_route=\/wp\/v2\/posts\/3381\/revisions\/9224"}],"wp:attachment":[{"href":"http:\/\/blog.inmontanis.info\/index.php?rest_route=%2Fwp%2Fv2%2Fmedia&parent=3381"}],"wp:term":[{"taxonomy":"category","embeddable":true,"href":"http:\/\/blog.inmontanis.info\/index.php?rest_route=%2Fwp%2Fv2%2Fcategories&post=3381"},{"taxonomy":"post_tag","embeddable":true,"href":"http:\/\/blog.inmontanis.info\/index.php?rest_route=%2Fwp%2Fv2%2Ftags&post=3381"}],"curies":[{"name":"wp","href":"https:\/\/api.w.org\/{rel}","templated":true}]}}