{"id":3375,"date":"2015-05-09T19:30:17","date_gmt":"2015-05-09T17:30:17","guid":{"rendered":"http:\/\/blog.inmontanis.info\/?p=3375"},"modified":"2023-08-03T22:27:27","modified_gmt":"2023-08-03T20:27:27","slug":"cervinia-9-5-2015","status":"publish","type":"post","link":"http:\/\/blog.inmontanis.info\/?p=3375","title":{"rendered":"Cervinia 9.5.2015"},"content":{"rendered":"<p><strong>Fr, 8.5.2015<\/strong><\/p>\n<p>Nachdem das Wetter in Nordtirol dieses WE nicht so besonders werden soll und in Italien noch ein paar Gebiete offen sind, st\u00fcnde f\u00fcr&#8217;s WE also Livigno, Prali oder Cervinia am Plan. Also 2 von diesen 3. Prali oder Cervinia k\u00f6nnte man au\u00dferdem mit einem kleinen Einkaufsbesuch in Frankreich verbinden. Freitag Mittag las ich auf der Homepage von Prali, dass der SL nicht mehr in Betrieb w\u00e4re, nur noch die DSB (Hatte ich mir beim Anblick der Webcam schon gedacht, liegt schon zu wenig Schnee). Damit w\u00e4re es f\u00fcr mich allerdings etwas uninteressanter. Zudem k\u00f6nnte man Cervinia besser und k\u00fcrzer mit einem Frankreich-Zwischenhalt verbinden. So nahm ich mir Freitag nachmittag frei und checkte die \u00d6ffnungszeiten der Superm\u00e4rkte in Frankreich am Genfersee. Leider war heute ein Feiertag, so dass einige f\u00fcher schlie\u00dfen w\u00fcrden.<\/p>\n<p>Durch die Schweiz war wie \u00fcblich viel Verkehr, ein paar Mal hatte ich auch Stau. Bis ich am ersten Supermarkt nahe Thonon war, war es 19:15, noch gut Zeit. Der Leclerc war aber dann doch in vielerlei Hinsicht unbefriedigend und ich musste noch zum Geant Casino nach Annemasse fahren. Der sollte lt. Website bis 21 Uhr normal Freitags offen haben, kein Hinweis auf k\u00fcrzere \u00d6ffnung heute. Um 20:15 war ich dort und las, dass er nur bis 20:30 ofen hatte. Gut, immerhin hatte ich also das Gl\u00fcck, gerade noch rechtzeitig gekommen zu sein, musste mich allerdings sehr beeilen.<\/p>\n<p><a href='http:\/\/extra.inmontanis.info\/d\/27861-2\/DSC09652.jpg'><img src=http:\/\/extra.inmontanis.info\/d\/27860-3\/DSC09652.jpg \/><\/a><br \/>\n^ Aufgrund der Tunnelsperrung gibt&#8217;s \u00fcber den Arlbergpass nat\u00fcrlich wesentlich mehr Verkehr &#8211; an das Schild halten sich aber leider nicht alle LKWs.<\/p>\n<p><a href='http:\/\/extra.inmontanis.info\/d\/27865-2\/DSC09653.jpg'><img src=http:\/\/extra.inmontanis.info\/d\/27864-3\/DSC09653.jpg \/><\/a><br \/>\n^ Neue F\u00fchrung der Passstra\u00dfe &#8211; ein paar Kehren mehr statt weniger (warum ?!)<\/p>\n<p><a href='http:\/\/extra.inmontanis.info\/d\/27869-2\/DSC09657.jpg'><img src=http:\/\/extra.inmontanis.info\/d\/27868-3\/DSC09657.jpg \/><\/a><br \/>\n^ Viel vom Bodensee kann man auf der schweizer Autobahn ja nicht sehen (L\u00e4rmschutzwall etc.)<\/p>\n<p><a href='http:\/\/extra.inmontanis.info\/d\/27873-2\/DSC09667.jpg'><img src=http:\/\/extra.inmontanis.info\/d\/27872-3\/DSC09667.jpg \/><\/a><br \/>\n^ Am Genfersee<\/p>\n<p><a href='http:\/\/extra.inmontanis.info\/d\/27877-2\/DSC09673.jpg'><img src=http:\/\/extra.inmontanis.info\/d\/27876-3\/DSC09673.jpg \/><\/a><br \/>\n^ Grenz\u00fcbergang CH-FR mitten in St. Gingolph, seit 1569 (!) verl\u00e4uft die Grenze im Ort.<\/p>\n<p>Danach ging&#8217;s &#8220;nat\u00fcrlich&#8221; zum Buffalo, wo ich mir (abgesehen von den Mix Tapas) heute leider das Falsche ausgesucht hatte, weil ich mich von der Bourbon-BBQ-Sauce verleiten lie\u00df. Irgendwie hatte ich verpasst, dass Spare Ribs ja vom Schwein sind und Rinds-Rippchen somit ungleich gr\u00f6\u00dfer sein m\u00fcssen. Anstatt kross gegrillt war das ganze von der Konsistenz her eher ein Rindsbarten. Jetzt nicht schlecht, aber ich hatte mich halt auf was gegrilltes eingestellt.<\/p>\n<p>Anschlie\u00dfend noch tanken und wieder zur\u00fcck in die Schweiz, wobei ich in Frankreich und in der Schweiz eine Polizeikontrolle hatte, die Franzosen leuchteten nur so durch die Gegend, am Kreisverkehr nach Martigny dann l\u00e4nger, da die Papiere genauer und abseits von mir kontrolliert wurden.<\/p>\n<p><a href='http:\/\/extra.inmontanis.info\/d\/27881-2\/Foto+1.jpg'><img src=http:\/\/extra.inmontanis.info\/d\/27880-3\/Foto+1.jpg \/><\/a><br \/>\n^ Mix Tapas, schon bissl was aufgegessen, aber mit 5,90 f\u00fcr die 8 St\u00fcck schon etwas teuer (16 St\u00fcck w\u00e4ren mit 7,90 g\u00fcnstiger, aber allein zu viel) (wobei ich heute sogar 10 St\u00fcck erhielt)<\/p>\n<p><a href='http:\/\/extra.inmontanis.info\/d\/27885-2\/Foto+2.jpg'><img src=http:\/\/extra.inmontanis.info\/d\/27884-3\/Foto+2.jpg \/><\/a><br \/>\n^ Short Ribs BBQ-Bourbon<\/p>\n<p><a href='http:\/\/extra.inmontanis.info\/d\/27889-2\/DSC09678.jpg'><img src=http:\/\/extra.inmontanis.info\/d\/27888-3\/DSC09678.jpg \/><\/a><br \/>\n^ Vor Evian am Genfersee getankt und 40 km weiter in der Schweiz noch 1.010 km Restweite? Sch\u00f6n w\u00e4r&#8217;s ;)<\/p>\n<p>Der Bernardino-Tunnel war mit 27,90 \u20ac auch ganz sch\u00f6n teuer (aber immerhin noch g\u00fcnstiger als in CHF), weiter Mautfrei bis nach Cervinia und direkt am Seilbahnparkplatz \u00fcbernachtet.<\/p>\n<p><strong>Sa, 9.5.2015 &#8211; Cervinia<\/strong><\/p>\n<p>Um 8:10 Uhr war ich an der Kasse, musste 10 Minuten warten (weil zu voll) und hab mir um 44,- \u20ac die internationale Tageskarte gekauft, da man bis 12:30 oder 13:30 auch an den (dzt. wenigen) schweizer Liften fahren konnte und die Italiener bis 15 oder 15.30 Betrieb haben sollten. Danach an der Seilbahn erst 10 Minuten warten m\u00fcssen, bevor die ersten Schritte weitergingen &#8211; dann hie\u00df es, dass es technische Probleme g\u00e4be und ich musste weitere 20-30 Minuten warten, bis es endlich weiter ging (2 Kabinen waren au\u00dferdem noch vor mir voll).<\/p>\n<p>Am Plan Maison wurde es dann auch nicht besser, die 2. Sektion fuhr zwar, aber fahren durfte man nicht. 2 Stunden sp\u00e4ter entschied man sich, den Betrieb f\u00fcr heute endg\u00fcltig einzustellen. Wind? Obwohl&#8217;s mir an der 2. Sektion nicht so schlimm aussah, wobei sie schon ziemlich geschaukelt hatte. Und die PB Sektion 3 fuhr auch recht langsam. Aber ohne 2. Sektion konnte man leider auch nicht auf die geschlossene, aber durchgehend pr\u00e4parierte Talabfahrt kommen. \u00c4rgerlich. Bin dann die schnee\u00e4rmere Talabfahrt von hier aus gefahren, mit etwas Fu\u00dfweg und zumeist schlechten Verh\u00e4ltnissen (Bruchharsch usw.). Aber die anderen Lifte in Betrieb nehmen? N\u00f6.<\/p>\n<p><a href='http:\/\/ski.inmontanis.info\/d\/197452-2\/DSC09680.jpg'><img src=http:\/\/ski.inmontanis.info\/d\/197451-3\/DSC09680.jpg \/><\/a><br \/>\n^ PB Sektion 1<\/p>\n<p><a href='http:\/\/ski.inmontanis.info\/d\/197456-2\/DSC09681.jpg'><img src=http:\/\/ski.inmontanis.info\/d\/197455-3\/DSC09681.jpg \/><\/a><br \/>\n^ Cervinia und Monte Cervino (Matterhorn)<\/p>\n<p><a href='http:\/\/ski.inmontanis.info\/d\/197460-2\/DSC09687.jpg'><img src=http:\/\/ski.inmontanis.info\/d\/197459-3\/DSC09687.jpg \/><\/a><br \/>\n^ Cervinia<\/p>\n<p><a href='http:\/\/ski.inmontanis.info\/d\/197464-2\/DSC09684.jpg'><img src=http:\/\/ski.inmontanis.info\/d\/197463-3\/DSC09684.jpg \/><\/a><br \/>\n^ 2. + 3. Sektion &#8211; fuhr teilweise, aber man durfte nicht mit<\/p>\n<p><a href='http:\/\/ski.inmontanis.info\/d\/197468-2\/DSC09688.jpg'><img src=http:\/\/ski.inmontanis.info\/d\/197467-3\/DSC09688.jpg \/><\/a><br \/>\n^ Die alternative 4KSB-Kette einschalten? N\u00f6. Wenigstens den \u00dcbungs-SL? N\u00f6.<\/p>\n<p><a href='http:\/\/ski.inmontanis.info\/d\/197472-2\/DSC09692.jpg'><img src=http:\/\/ski.inmontanis.info\/d\/197471-3\/DSC09692.jpg \/><\/a><br \/>\n^ Um nicht mit der Bahn abfahren zu m\u00fcssen, fuhr (nicht nur) ich die Abfahrt an der 1. Sektion &#8211; aber Schnee war noch grausig<\/p>\n<p><a href='http:\/\/ski.inmontanis.info\/d\/197476-2\/DSC09694.jpg'><img src=http:\/\/ski.inmontanis.info\/d\/197475-3\/DSC09694.jpg \/><\/a><br \/>\n^ bissl Fu\u00dfweg gab&#8217;s auch<\/p>\n<p><a href='http:\/\/ski.inmontanis.info\/d\/197505-2\/DSC09699.jpg'><img src=http:\/\/ski.inmontanis.info\/d\/197504-3\/DSC09699.jpg \/><\/a><br \/>\n^ Talstationen<\/p>\n<p><a href='http:\/\/ski.inmontanis.info\/d\/197481-2\/DSC09700.jpg'><img src=http:\/\/ski.inmontanis.info\/d\/197480-3\/DSC09700.jpg \/><\/a><br \/>\n^ Diese Talabfahrt w\u00e4re zwar auch geschlossen, aber pr\u00e4pariert und ohne apere Stellen gewesen &#8211; aber ohne der 2. Sektion EUB kam man halt nicht hin :(<\/p>\n<p><a href='http:\/\/ski.inmontanis.info\/d\/197485-2\/DSC09701.jpg'><img src=http:\/\/ski.inmontanis.info\/d\/197484-3\/DSC09701.jpg \/><\/a><br \/>\n^ Ex-Talstation. Immer wieder sch\u00f6n ;)<\/p>\n<p><a href='http:\/\/ski.inmontanis.info\/d\/197489-2\/DSC09703.jpg'><img src=http:\/\/ski.inmontanis.info\/d\/197488-3\/DSC09703.jpg \/><\/a><br \/>\n^ Kraftwerk(sbahn) kurz vor Cervinia<\/p>\n<p><a href='http:\/\/ski.inmontanis.info\/d\/197493-2\/DSC09704.jpg'><img src=http:\/\/ski.inmontanis.info\/d\/197492-3\/DSC09704.jpg \/><\/a><br \/>\n^ Kraftwerk(sbahn) n\u00e4he Valtournenche<\/p>\n<p><a href='http:\/\/ski.inmontanis.info\/d\/197497-2\/DSC09708.jpg'><img src=http:\/\/ski.inmontanis.info\/d\/197496-3\/DSC09708.jpg \/><\/a><br \/>\n^ Aktuell ist da links eine Kraftwerksstandseilbahn, aber fr\u00fcher k\u00f6nnte rechts auch eine gewesen sein? Oder waren da weitere Wasserrohre?<\/p>\n<p><a href='http:\/\/ski.inmontanis.info\/d\/197501-2\/DSC09707.jpg'><img src=http:\/\/ski.inmontanis.info\/d\/197500-3\/DSC09707.jpg \/><\/a><br \/>\n^ .. jedenfalls gabs auch noch eine PB<\/p>\n<p>Wenigsten bekam man den kompletten Preis der Tageskarte zur\u00fcckerstattet, also die 44,- \u20ac in bar. Wenn ich das allerdings schon gleich fr\u00fch um 8:30 oder 9 Uhr gewusst h\u00e4tte, h\u00e4tte ich noch nach Prali fahren k\u00f6nnen. Das lohnte sich jetzt um 12 Uhr nicht mehr bei 2,5-3h Fahrt :( Somit hat mich Cervinia ein zweites Mal diese Saison angepisst. Aufgrund des Einkaufs will ich ja nicht sagen, dass sich der Weg nicht gelohnt h\u00e4tte, aber nur wg. Einkaufen w\u00fcrd ich ja auch nicht einen so gro\u00dfen Umweg fahren.<\/p>\n<p>Da auch sonst nichts brauchbares anzufahren war entschied ich mich f\u00fcr eine mautfreie Fahrt nach Livigno, was auch etwas k\u00fcrzer war als \u00fcber die Autobahnen. Um Como allerdings schon m\u00fchselig und voll. Pizza in Bormio, wobei sie diesmal nicht sooo ganz mein Fall war (weder von meiner Belagauswahl, au\u00dferdem war mir der Boden schon wieder zu dick, hatte zumeist eher 3-4mm statt 1-2mm). Weiter nach Livigno und am Seilbahnparklatz \u00fcbernachtet, sogar mit Wifi :)<\/p>\n<p><a href='http:\/\/extra.inmontanis.info\/d\/27893-2\/DSC09718.jpg'><img src=http:\/\/extra.inmontanis.info\/d\/27892-3\/DSC09718.jpg \/><\/a><br \/>\n^ Materialseilbahn bei Erba<\/p>\n<p><a href='http:\/\/extra.inmontanis.info\/d\/27897-2\/ge20150509-10.jpg'><img src=http:\/\/extra.inmontanis.info\/d\/27896-3\/ge20150509-10.jpg \/><\/a><br \/>\n^ Fahrstrecke dieses WE (1.400 km)<\/p>\n<p><a href='http:\/\/ski.inmontanis.info\/d\/197509-2\/DSC09727.jpg'><img src=http:\/\/ski.inmontanis.info\/d\/197508-3\/DSC09727.jpg \/><\/a><br \/>\n^ 6EUB Carosello in der Nacht (15 sek)<\/p>\n<p><a href='http:\/\/ski.inmontanis.info\/d\/197513-2\/DSC09725.jpg'><img src=http:\/\/ski.inmontanis.info\/d\/197512-3\/DSC09725.jpg \/><\/a><br \/>\n^ 6EUB Carosello in der Nacht (15 sek)<\/p>\n","protected":false},"excerpt":{"rendered":"<p>Fr, 8.5.2015<\/p>\n<p>Nachdem das Wetter in Nordtirol dieses WE nicht so besonders werden soll und in Italien noch ein paar Gebiete offen sind, st\u00fcnde f\u00fcr&#8217;s WE also Livigno, Prali oder Cervinia am Plan. Also 2 von diesen 3. Prali oder Cervinia k\u00f6nnte man au\u00dferdem mit einem kleinen Einkaufsbesuch in Frankreich verbinden. Freitag Mittag las ich <a href=\"http:\/\/blog.inmontanis.info\/?p=3375\">[&#8230;]<\/a><\/p>\n","protected":false},"author":1,"featured_media":0,"comment_status":"closed","ping_status":"closed","sticky":false,"template":"","format":"standard","meta":{"footnotes":""},"categories":[508,15,14,27,32,81],"tags":[39,79,100,52,45],"class_list":["post-3375","post","type-post","status-publish","format-standard","hentry","category-cervinia-zermatt","category-italienitaly","category-swiss","category-skifahren-winterskiing-winter","category-lostplaces","category-kurztrips","tag-6eub","tag-agudio","tag-langzeitbelichtung","tag-pb","tag-see","odd"],"_links":{"self":[{"href":"http:\/\/blog.inmontanis.info\/index.php?rest_route=\/wp\/v2\/posts\/3375","targetHints":{"allow":["GET"]}}],"collection":[{"href":"http:\/\/blog.inmontanis.info\/index.php?rest_route=\/wp\/v2\/posts"}],"about":[{"href":"http:\/\/blog.inmontanis.info\/index.php?rest_route=\/wp\/v2\/types\/post"}],"author":[{"embeddable":true,"href":"http:\/\/blog.inmontanis.info\/index.php?rest_route=\/wp\/v2\/users\/1"}],"replies":[{"embeddable":true,"href":"http:\/\/blog.inmontanis.info\/index.php?rest_route=%2Fwp%2Fv2%2Fcomments&post=3375"}],"version-history":[{"count":3,"href":"http:\/\/blog.inmontanis.info\/index.php?rest_route=\/wp\/v2\/posts\/3375\/revisions"}],"predecessor-version":[{"id":5015,"href":"http:\/\/blog.inmontanis.info\/index.php?rest_route=\/wp\/v2\/posts\/3375\/revisions\/5015"}],"wp:attachment":[{"href":"http:\/\/blog.inmontanis.info\/index.php?rest_route=%2Fwp%2Fv2%2Fmedia&parent=3375"}],"wp:term":[{"taxonomy":"category","embeddable":true,"href":"http:\/\/blog.inmontanis.info\/index.php?rest_route=%2Fwp%2Fv2%2Fcategories&post=3375"},{"taxonomy":"post_tag","embeddable":true,"href":"http:\/\/blog.inmontanis.info\/index.php?rest_route=%2Fwp%2Fv2%2Ftags&post=3375"}],"curies":[{"name":"wp","href":"https:\/\/api.w.org\/{rel}","templated":true}]}}