{"id":332,"date":"2009-09-05T23:59:28","date_gmt":"2009-09-05T21:59:28","guid":{"rendered":"http:\/\/blog.inmontanis.info\/?p=332"},"modified":"2023-07-01T20:57:42","modified_gmt":"2023-07-01T18:57:42","slug":"hintertuxer-gletscher-5-9-2009","status":"publish","type":"post","link":"http:\/\/blog.inmontanis.info\/?p=332","title":{"rendered":"Hintertuxer Gletscher, 5.9.2009"},"content":{"rendered":"<p><em>[_de]Bilder anklicken zum Vergr\u00f6\u00dfern[\/_de]\u2028[_en]Click photos to enlarge[\/_en]<\/em><\/p>\n<p>Dass ich dieses Wochenende auf &#8216;n Gletscher zum Skifahren gehen werde, hatte ich schon vor 2 Wochen in Neuss beschlossen. Auch blieb nur Hintertux oder Stelvio zur Auswahl.<\/p>\n<p>Da auf der Webcam heute fr\u00fch bereits die Sonne lachte, fuhr ich Hintertux (ansonsten w\u00e4r&#8217;s wohl morgen zum Stilfserjoch gegangen).<\/p>\n<p>Der Neuschnee war im 1-10cm  &#8211; Bereich, hat also gerade so gereicht, das alles sch\u00f6n anzusehen war, vom Skifahrerischen her war&#8217;s aber teilweise recht hart, und hier und da gab&#8217;s auch Eisplatten. Daf\u00fcr musste man am Olperer nicht schieben &#8211; und so bin ich heute halt mehr Olperer gefahren als die Gefrorene Wand wie vor 1 Monat.<\/p>\n<p>Irgendwie bin ich&#8217;s beim Ski-Anziehen immer noch nicht gew\u00f6hnt, dass meine Ski beim Stehen im Flachen  so rutschig sein k\u00f6nnen :)<\/p>\n<p>Daf\u00fcr war die Sicht nach Italien so gut wie selten. Also im Gesamten betrachtet war&#8217;s nat\u00fcrlich ein toller Tag.<\/p>\n<p>Fotos, anklicken zum Vergr\u00f6\u00dfern:<\/p>\n<p><a href='http:\/\/ski.inmontanis.info\/d\/101956-1\/P1430167.JPG'><img src=http:\/\/ski.inmontanis.info\/d\/101957-3\/P1430167.JPG \/><\/a><br \/>\n^ Zoom Hintertux von der Reither Spitze (oberhalb Seefeld-Zirl) von letztem Sonntag (30.8.2009)<\/p>\n<p><a href='http:\/\/ski.inmontanis.info\/d\/101960-1\/P1430270.JPG'><img src=http:\/\/ski.inmontanis.info\/d\/101961-3\/P1430270.JPG \/><\/a><br \/>\n^ TFH-Hang mit ordentlichem Schneedepot (Matten inzwischen entfernt) und die Beschneiung l\u00e4uft.<\/p>\n<p><a href='http:\/\/ski.inmontanis.info\/d\/101965-1\/P1430273.JPG'><img src=http:\/\/ski.inmontanis.info\/d\/101966-3\/P1430273.JPG \/><\/a><br \/>\n^ Die neue Beschneiung am TFH-Hang links<\/p>\n<p><a href='http:\/\/ski.inmontanis.info\/d\/101969-1\/P1430278.JPG'><img src=http:\/\/ski.inmontanis.info\/d\/101970-3\/P1430278.JPG \/><\/a><br \/>\n^ Nach langer Zeit endlich mal wieder ein gutes Pano nach Italien!<\/p>\n<p><a href='http:\/\/ski.inmontanis.info\/d\/101973-1\/P1430279.JPG'><img src=http:\/\/ski.inmontanis.info\/d\/101974-3\/P1430279.JPG \/><\/a><br \/>\n^ Zoom nach Italien<\/p>\n<p><a href='http:\/\/ski.inmontanis.info\/d\/101977-1\/P1430284.JPG'><img src=http:\/\/ski.inmontanis.info\/d\/101978-3\/P1430284.JPG \/><\/a><br \/>\n^ Skiweg zur DSB. Witzigerweise hat der mit dem 2003 gebaggerten Weg nur noch wenig gemein :-)<\/p>\n<p><a href='http:\/\/ski.inmontanis.info\/d\/101981-1\/P1430289.JPG'><img src=http:\/\/ski.inmontanis.info\/d\/101982-3\/P1430289.JPG \/><\/a><br \/>\n^ West-Zoom. Dieser charakteristische Doppel-Gipfel da links hinten m\u00fcsste wohl die Wildspitze sein.<\/p>\n<p><a href='http:\/\/ski.inmontanis.info\/d\/101985-1\/P1430292.JPG'><img src=http:\/\/ski.inmontanis.info\/d\/101986-3\/P1430292.JPG \/><\/a><br \/>\n^ Zoom zum oberen Kasererweg, man beachte auch die Felsen rechts in der schwarzen Abfahrt, die heuer wieder etwas st\u00e4rker ausgeapert sind. <\/p>\n<p><a href='http:\/\/ski.inmontanis.info\/d\/101989-1\/P1430294.JPG'><img src=http:\/\/ski.inmontanis.info\/d\/101990-3\/P1430294.JPG \/><\/a><br \/>\n^ DSB Sektion IV, heuer zur Abwechslung mit angeschnallten Skiern fahrbar!<\/p>\n<p><a href='http:\/\/ski.inmontanis.info\/d\/101993-1\/P1430298.JPG'><img src=http:\/\/ski.inmontanis.info\/d\/101994-3\/P1430298.JPG \/><\/a><br \/>\n^ DSB-Abfahrt um 11 Uhr<\/p>\n<p><a href='http:\/\/ski.inmontanis.info\/d\/101997-1\/P1430301.JPG'><img src=http:\/\/ski.inmontanis.info\/d\/101998-3\/P1430301.JPG \/><\/a><br \/>\n^ Weg zur DSB<\/p>\n<p><a href='http:\/\/ski.inmontanis.info\/d\/102001-1\/P1430303.JPG'><img src=http:\/\/ski.inmontanis.info\/d\/102002-3\/P1430303.JPG \/><\/a><br \/>\n^ Blick von der DSB zum GB 3. Nach Norden hin war das Pano heute zum vergessen.<\/p>\n<p><a href='http:\/\/ski.inmontanis.info\/d\/102005-1\/P1430304.JPG'><img src=http:\/\/ski.inmontanis.info\/d\/102006-3\/P1430304.JPG \/><\/a><br \/>\n^ Talblick von der DSB Sektion IV<\/p>\n<p><a href='http:\/\/ski.inmontanis.info\/d\/102009-1\/P1430306.JPG'><img src=http:\/\/ski.inmontanis.info\/d\/102010-3\/P1430306.JPG \/><\/a><br \/>\n^ Italien-Zoom. M\u00fcsste Langkofel-Plattkofel sein, oder?<\/p>\n<p><a href='http:\/\/ski.inmontanis.info\/d\/102014-1\/P1430311.JPG'><img src=http:\/\/ski.inmontanis.info\/d\/102015-3\/P1430311.JPG \/><\/a><br \/>\n^ Nebelspiele und Olperer<\/p>\n<p><a href='http:\/\/ski.inmontanis.info\/d\/102018-1\/P1430312.JPG'><img src=http:\/\/ski.inmontanis.info\/d\/102019-3\/P1430312.JPG \/><\/a><br \/>\n^ Olperer-H\u00e4nge, dank Neuschnee wieder sch\u00f6n wei\u00df.<\/p>\n<p><a href='http:\/\/ski.inmontanis.info\/d\/102022-1\/P1430313.JPG'><img src=http:\/\/ski.inmontanis.info\/d\/102023-3\/P1430313.JPG \/><\/a><br \/>\n^ Zoom Bergstation SL Olperer<\/p>\n<p><a href='http:\/\/ski.inmontanis.info\/d\/102026-1\/P1430315.JPG'><img src=http:\/\/ski.inmontanis.info\/d\/102027-3\/P1430315.JPG \/><\/a><br \/>\n^ Zoom Bergstation SL Olperer<\/p>\n<p><a href='http:\/\/ski.inmontanis.info\/d\/102030-1\/P1430317.JPG'><img src=http:\/\/ski.inmontanis.info\/d\/102031-3\/P1430317.JPG \/><\/a><br \/>\n^ Nochmal im Zoom zur Wildspitze (oder?)<\/p>\n<p><a href='http:\/\/ski.inmontanis.info\/d\/102034-1\/P1430320.JPG'><img src=http:\/\/ski.inmontanis.info\/d\/102035-3\/P1430320.JPG \/><\/a><br \/>\n^ Pano mit Bergstation DSB Sektion IV<\/p>\n<p><a href='http:\/\/ski.inmontanis.info\/d\/102038-1\/P1430332.JPG'><img src=http:\/\/ski.inmontanis.info\/d\/102039-3\/P1430332.JPG \/><\/a><br \/>\n^ Die Felsen am GW-Hang. Das rechte Feld ist schon ganz sch\u00f6n breit geworden.<\/p>\n<p><a href='http:\/\/ski.inmontanis.info\/d\/102042-1\/P1430334.JPG'><img src=http:\/\/ski.inmontanis.info\/d\/102043-3\/P1430334.JPG \/><\/a><br \/>\n^ Pistenvorbereitungen Abfahrt Olperer-TFH<\/p>\n<p><a href='http:\/\/ski.inmontanis.info\/d\/102046-1\/P1430341.JPG'><img src=http:\/\/ski.inmontanis.info\/d\/102047-3\/P1430341.JPG \/><\/a><br \/>\n^ Hoffentlich nur ein Stein-Schutthaufen!!!<\/p>\n<p><a href='http:\/\/ski.inmontanis.info\/d\/102050-1\/P1430342.JPG'><img src=http:\/\/ski.inmontanis.info\/d\/102051-3\/P1430342.JPG \/><\/a><br \/>\n^ Vergleichsfoto Olperer-Kaserer von der DSB-Mittelstation aus. Da rechts unten sind ein paar Personen auf der TFH-Abfahrt, die Zoom ich gleich mal rein &#8230;<\/p>\n<p><a href='http:\/\/ski.inmontanis.info\/d\/102058-1\/P1430344.JPG'><img src=http:\/\/ski.inmontanis.info\/d\/102059-3\/P1430344.JPG \/><\/a><br \/>\n^ Blick von der DSB-Mittelstation zu den Kaserer-Liften<\/p>\n<p><a href='http:\/\/ski.inmontanis.info\/d\/102054-1\/P1430346.JPG'><img src=http:\/\/ski.inmontanis.info\/d\/102055-3\/P1430346.JPG \/><\/a><br \/>\n^ Zoom zu den Personen auf der TFH-Abfahrt. Keine Ahnung, was die da machen ?!<\/p>\n<p><a href='http:\/\/ski.inmontanis.info\/d\/102062-1\/P1430347.JPG'><img src=http:\/\/ski.inmontanis.info\/d\/102063-3\/P1430347.JPG \/><\/a><br \/>\n^ TFH-Abfahrt wird auch schon etwas vorbereitet..<\/p>\n<p><a href='http:\/\/ski.inmontanis.info\/d\/102066-1\/P1430348.JPG'><img src=http:\/\/ski.inmontanis.info\/d\/102067-3\/P1430348.JPG \/><\/a><br \/>\n^ Vergleichsfoto GW-H\u00e4nge<\/p>\n<p><a href='http:\/\/ski.inmontanis.info\/d\/102070-1\/P1430350.JPG'><img src=http:\/\/ski.inmontanis.info\/d\/102071-3\/P1430350.JPG \/><\/a><br \/>\n^ GB3, Ex-SL Sektion IV und DSB Sektion IV<\/p>\n<p><a href='http:\/\/ski.inmontanis.info\/d\/102074-1\/P1430352.JPG'><img src=http:\/\/ski.inmontanis.info\/d\/102075-3\/P1430352.JPG \/><\/a><br \/>\n^ Die St\u00fctze der DSB wird entmattet, nat\u00fcrlich heute mit Neuschnee und kalten Temperaturen. Sinn? <\/p>\n<p><a href='http:\/\/ski.inmontanis.info\/d\/102078-1\/P1430357.JPG'><img src=http:\/\/ski.inmontanis.info\/d\/102079-3\/P1430357.JPG \/><\/a><br \/>\n^ Pistenraupe mit Mattenroller<\/p>\n<p><a href='http:\/\/ski.inmontanis.info\/d\/102082-1\/P1430364.JPG'><img src=http:\/\/ski.inmontanis.info\/d\/102083-3\/P1430364.JPG \/><\/a><br \/>\n^ Erstaunlicherweise sind die Matten auf der Unterseite ziemlich dreckig!<\/p>\n<p><a href='http:\/\/ski.inmontanis.info\/d\/102103-1\/P1430367.JPG'><img src=http:\/\/ski.inmontanis.info\/d\/102104-3\/P1430367.JPG \/><\/a><br \/>\n^ Italien-Zoom. Irgendwie erinnert mich das an die Seiseralm? Dann w\u00e4ren die Felsen dahinter das Rosengarten-Massiv?<\/p>\n<p><a href='http:\/\/ski.inmontanis.info\/d\/102095-1\/P1430371.JPG'><img src=http:\/\/ski.inmontanis.info\/d\/102096-3\/P1430371.JPG \/><\/a><br \/>\n^ Italien-Zoom<\/p>\n<p><a href='http:\/\/ski.inmontanis.info\/d\/102107-1\/P1430378.JPG'><img src=http:\/\/ski.inmontanis.info\/d\/102108-3\/P1430378.JPG \/><\/a><br \/>\n^ Italien-Zoom<\/p>\n<p><a href='http:\/\/ski.inmontanis.info\/d\/102111-1\/P1430379.JPG'><img src=http:\/\/ski.inmontanis.info\/d\/102112-3\/P1430379.JPG \/><\/a><br \/>\n^ Italien-Zoom<\/p>\n<p><a href='http:\/\/ski.inmontanis.info\/d\/102115-1\/P1430380.JPG'><img src=http:\/\/ski.inmontanis.info\/d\/102116-3\/P1430380.JPG \/><\/a><br \/>\n^ Italien-Zoom nach S\u00fcdwesten, der Gletscher da rechts k\u00f6nnte also irgendwas in Richtung Presanella-Adamello-Ortler sein&#8230;?<\/p>\n<p><a href='http:\/\/ski.inmontanis.info\/d\/102087-1\/P1430381.JPG'><img src=http:\/\/ski.inmontanis.info\/d\/102088-3\/P1430381.JPG \/><\/a><br \/>\n^ DSB-Mittelstation und Mattenabdeckungsarbeiten<\/p>\n<p><a href='http:\/\/ski.inmontanis.info\/d\/102091-1\/P1430385.JPG'><img src=http:\/\/ski.inmontanis.info\/d\/102092-3\/P1430385.JPG \/><\/a><br \/>\n^ Matten-Aufrollung<\/p>\n<p><a href='http:\/\/ski.inmontanis.info\/d\/102099-1\/P1430389.JPG'><img src=http:\/\/ski.inmontanis.info\/d\/102100-3\/P1430389.JPG \/><\/a><br \/>\n^ Selten kann man vom Hintertuxer Gletscher so tief in die Dolomiten schauen wie heute&#8230;<\/p>\n","protected":false},"excerpt":{"rendered":"<p>[_de]Bilder anklicken zum Vergr\u00f6\u00dfern[\/_de] [_en]Click photos to enlarge[\/_en]<\/p>\n<p>Dass ich dieses Wochenende auf &#8216;n Gletscher zum Skifahren gehen werde, hatte ich schon vor 2 Wochen in Neuss beschlossen. Auch blieb nur Hintertux oder Stelvio zur Auswahl.<\/p>\n<p>Da auf der Webcam heute fr\u00fch bereits die Sonne lachte, fuhr ich Hintertux (ansonsten w\u00e4r&#8217;s wohl morgen zum Stilfserjoch <a href=\"http:\/\/blog.inmontanis.info\/?p=332\">[&#8230;]<\/a><\/p>\n","protected":false},"author":1,"featured_media":0,"comment_status":"open","ping_status":"closed","sticky":false,"template":"","format":"standard","meta":{"footnotes":""},"categories":[24,246,13,28],"tags":[38,47],"class_list":["post-332","post","type-post","status-publish","format-standard","hentry","category-tagestour","category-hintertux","category-austria","category-skifahren-sommer","tag-dsb","tag-sl","odd"],"_links":{"self":[{"href":"http:\/\/blog.inmontanis.info\/index.php?rest_route=\/wp\/v2\/posts\/332","targetHints":{"allow":["GET"]}}],"collection":[{"href":"http:\/\/blog.inmontanis.info\/index.php?rest_route=\/wp\/v2\/posts"}],"about":[{"href":"http:\/\/blog.inmontanis.info\/index.php?rest_route=\/wp\/v2\/types\/post"}],"author":[{"embeddable":true,"href":"http:\/\/blog.inmontanis.info\/index.php?rest_route=\/wp\/v2\/users\/1"}],"replies":[{"embeddable":true,"href":"http:\/\/blog.inmontanis.info\/index.php?rest_route=%2Fwp%2Fv2%2Fcomments&post=332"}],"version-history":[{"count":2,"href":"http:\/\/blog.inmontanis.info\/index.php?rest_route=\/wp\/v2\/posts\/332\/revisions"}],"predecessor-version":[{"id":334,"href":"http:\/\/blog.inmontanis.info\/index.php?rest_route=\/wp\/v2\/posts\/332\/revisions\/334"}],"wp:attachment":[{"href":"http:\/\/blog.inmontanis.info\/index.php?rest_route=%2Fwp%2Fv2%2Fmedia&parent=332"}],"wp:term":[{"taxonomy":"category","embeddable":true,"href":"http:\/\/blog.inmontanis.info\/index.php?rest_route=%2Fwp%2Fv2%2Fcategories&post=332"},{"taxonomy":"post_tag","embeddable":true,"href":"http:\/\/blog.inmontanis.info\/index.php?rest_route=%2Fwp%2Fv2%2Ftags&post=332"}],"curies":[{"name":"wp","href":"https:\/\/api.w.org\/{rel}","templated":true}]}}