{"id":328,"date":"2009-09-26T23:59:49","date_gmt":"2009-09-26T21:59:49","guid":{"rendered":"http:\/\/blog.inmontanis.info\/?p=328"},"modified":"2023-08-06T20:04:52","modified_gmt":"2023-08-06T18:04:52","slug":"solden-rettenbachferner-26-9-2009","status":"publish","type":"post","link":"http:\/\/blog.inmontanis.info\/?p=328","title":{"rendered":"S\u00f6lden, Rettenbachferner, 26.9.2009"},"content":{"rendered":"<p><em>[_de]Bilder anklicken zum Vergr\u00f6\u00dfern[\/_de]\u2028[_en]Click photos to enlarge[\/_en]<\/em><\/p>\n<p>2 skilose Wochenenden sind genug &#8211; und da es in S\u00f6lden derzeit aufgrund des geringen Pistenangebots den Skipass um \u20ac 20,- gibt, musste ich einfach vorbeischauen. G\u00fcnstiger Gletscherskifahren geht nicht.<\/p>\n<p>Mir w\u00e4r&#8217;s ja zu bl\u00f6d gewesen, bei 20,- noch wegen Einheimischentarife zu fragen, aber wenn mich die Kassiererin schon fragt, wo ich herkomm &#8230; so wurde mir &#8211; wie in S\u00f6lden \u00fcblich &#8211; somit der Einheimischen=Seniorentarif verrechnet, und der ist eben 16,-\u00a0 &#8211; f\u00fcr knapp 4 Stunden Skifahren Ende September (Skibetrieb bis 13 Uhr), da kann man nicht meckern :-)<\/p>\n<p>Es waren beide Sektionen der 8EUB Schwarze Schneid ge\u00f6ffnet, sowie der SL Karleskogl. Ge\u00f6ffnete Pisten bis zur Mittelstation, d.h. 8EUB mit Fu\u00dfweg an der Mittelstation, ohne Fu\u00dfweg an der Bergstation bzw. SL Karleskogl ohne Fu\u00dfweg und ohne Skiabschnallen.<\/p>\n<p>Die Abfahrt links des SL Karleskogl war unterteilt in \u00f6ffentlich und Training, die rechte Abfahrt war gemischt, und rechts der rechten Abfahrt war ein Teil unpr\u00e4pariert und nicht abgesperrt.<\/p>\n<p>Im unteren Teil war&#8217;s etwas schneearm bzw. musste man teilweise \u00fcber Gletschereis fahren, aber es ging. Ab 11 Uhr wurde es oben weicher und ab 12 Uhr war&#8217;s in einem f\u00fcr mich optimal griffigen Zustand.<\/p>\n<p>Von Sonne und Schnee war&#8217;s am Pitztaler allerdings wohl etwas besser :-)<\/p>\n<p>Gletschersp\u00e4ltchen gab&#8217;s nat\u00fcrlich auch einige &#8230;<\/p>\n<p>Fotos, anklicken zum Vergr\u00f6\u00dfern:<\/p>\n<p><a href='http:\/\/ski.inmontanis.info\/d\/103822-1\/P1430878.JPG'><img src=http:\/\/ski.inmontanis.info\/d\/103823-3\/P1430878.JPG \/><\/a><br \/>\n^ Vom alten Skiweg vom Seiterj\u00f6chl ist am Eis inzwischen kaum mehr etwas zu sehen &#8230;<\/p>\n<p><a href='http:\/\/ski.inmontanis.info\/d\/103826-1\/P1430891.JPG'><img src=http:\/\/ski.inmontanis.info\/d\/103827-3\/P1430891.JPG \/><\/a><br \/>\n^ Schwarze Schneid Sektion II &#8211; im unteren Teil der Abfahrt doch teilweise blanker Gletscher. War aber noch fahrbar.<\/p>\n<p><a href='http:\/\/ski.inmontanis.info\/d\/103831-1\/P1430899.JPG'><img src=http:\/\/ski.inmontanis.info\/d\/103832-3\/P1430899.JPG \/><\/a><br \/>\n^ An der Bergstation ist jedoch gen\u00fcgend Schnee hingeschoben worden.<\/p>\n<p><a href='http:\/\/ski.inmontanis.info\/d\/103835-1\/P1430903.JPG'><img src=http:\/\/ski.inmontanis.info\/d\/103836-3\/P1430903.JPG \/><\/a><br \/>\n^ Die Schwarze Schneid &#8211; Bahn bietet doch immer wieder tolle Perspektiven<\/p>\n<p><a href='http:\/\/ski.inmontanis.info\/d\/103839-1\/P1430905.JPG'><img src=http:\/\/ski.inmontanis.info\/d\/103840-3\/P1430905.JPG \/><\/a><br \/>\n^ Im oberen Teil lag Schnee, allerdings relativ hart &#8211; ab 11 Uhr wurde es weicher, ab 12 Uhr war&#8217;s f\u00fcr mich perfekt, um 13 Uhr wurde leider schon geschlossen.<\/p>\n<p><a href='http:\/\/ski.inmontanis.info\/d\/103843-1\/P1430922.JPG'><img src=http:\/\/ski.inmontanis.info\/d\/103844-3\/P1430922.JPG \/><\/a><br \/>\n^ Ehemalige Vermattung am Steilhang rechts des SL Karleskogl<\/p>\n<p><a href='http:\/\/ski.inmontanis.info\/d\/103847-1\/P1430924.JPG'><img src=http:\/\/ski.inmontanis.info\/d\/103848-3\/P1430924.JPG \/><\/a><br \/>\n^ Im SL Karleskogl. Fr\u00fcher war der Gletscherbuckel da links h\u00f6her, mittlerweile ist die SL-Spur auf gleichem Niveau ..<\/p>\n<p><a href='http:\/\/ski.inmontanis.info\/d\/103851-1\/P1430933.JPG'><img src=http:\/\/ski.inmontanis.info\/d\/103852-3\/P1430933.JPG \/><\/a><br \/>\n^ Blick zum Linken Fernerkogl und dem Pitztaler Gletscherskigebiet<\/p>\n<p><a href='http:\/\/ski.inmontanis.info\/d\/103855-1\/P1430943.JPG'><img src=http:\/\/ski.inmontanis.info\/d\/103856-3\/P1430943.JPG \/><\/a><br \/>\n^ SL Karleskogl &#8211; Gletscherrand. Hat sich in den letzten 3 Jahren kaum ver\u00e4ndert. Nur oben, oberhalb des SL Karleskogl, bzw. links davon &#8211; da gibt&#8217;s jetzt keinen Gletscher mehr.<\/p>\n<p><a href='http:\/\/ski.inmontanis.info\/d\/103859-1\/P1430946.JPG'><img src=http:\/\/ski.inmontanis.info\/d\/103860-3\/P1430946.JPG \/><\/a><br \/>\n^ Gesamtanblick Schwarze Schneid Sektion II bzw. SL Karleskogl. F\u00fcr 16,- (bzw. 20,-) Euro einen halben Tag skifahren &#8211; das Preis\/Leistungsverh\u00e4ltnis passt!<\/p>\n<p><a href='http:\/\/ski.inmontanis.info\/d\/103863-1\/P1430954.JPG'><img src=http:\/\/ski.inmontanis.info\/d\/103864-3\/P1430954.JPG \/><\/a><br \/>\n^ Abseits der pr\u00e4parierten Piste am SL Karleskogl. War super zu fahren!<\/p>\n<p><a href='http:\/\/ski.inmontanis.info\/d\/103875-1\/P1430960.JPG'><img src=http:\/\/ski.inmontanis.info\/d\/103876-3\/P1430960.JPG \/><\/a><br \/>\n^ Der Gletscher am ehemaligen Pitztaler J\u00f6chl &#8211; SL wird wohl bald verschwinden &#8230;<\/p>\n<p><a href='http:\/\/ski.inmontanis.info\/d\/103879-1\/P1430981.JPG'><img src=http:\/\/ski.inmontanis.info\/d\/103880-3\/P1430981.JPG \/><\/a><br \/>\n^ Tiefenbachferner<\/p>\n<p><a href='http:\/\/ski.inmontanis.info\/d\/103883-1\/P1430982.JPG'><img src=http:\/\/ski.inmontanis.info\/d\/103884-3\/P1430982.JPG \/><\/a><br \/>\n^ Zoom oberer Bereich Tiefenbachferner mit SL Mutkogl und SL Panorama<\/p>\n<p><a href='http:\/\/ski.inmontanis.info\/d\/103887-1\/P1430983.JPG'><img src=http:\/\/ski.inmontanis.info\/d\/103888-4\/P1430983.JPG \/><\/a><br \/>\n^ Bauarbeiten am Restaurant Tiefenbachferner. Man beachte die Schneeh\u00f6he am angeschnittenen Riesenschneehaufen!<\/p>\n<p><a href='http:\/\/ski.inmontanis.info\/d\/103891-1\/P1430985.JPG'><img src=http:\/\/ski.inmontanis.info\/d\/103892-4\/P1430985.JPG \/><\/a><br \/>\n^ Auch am Mini-SL gibt&#8217;s Pistenkorrekturen &#8230;<\/p>\n<p><a href='http:\/\/ski.inmontanis.info\/d\/103895-1\/P1430986.JPG'><img src=http:\/\/ski.inmontanis.info\/d\/103896-4\/P1430986.JPG \/><\/a><br \/>\n^ Gro\u00dfbaustelle Tiefenbachfernerparkplatz.<\/p>\n<p><a href='http:\/\/ski.inmontanis.info\/d\/103899-1\/P1430991.JPG'><img src=http:\/\/ski.inmontanis.info\/d\/103900-4\/P1430991.JPG \/><\/a><br \/>\n^ Infotafel zum Restaurant-Umbau. Gef\u00e4llt mir.<\/p>\n<p><a href='http:\/\/ski.inmontanis.info\/d\/103903-1\/P1430993.JPG'><img src=http:\/\/ski.inmontanis.info\/d\/103904-4\/P1430993.JPG \/><\/a><br \/>\n^ Infotafel zum neuen Beschneiungsteich, der 3 Jahre Bauzeit ben\u00f6tigt!<\/p>\n<p>&#8212;<\/p>\n<p><a href='http:\/\/ski.inmontanis.info\/d\/103818-1\/P1430994.JPG'><img src=http:\/\/ski.inmontanis.info\/d\/103820-3\/P1430994.JPG \/><\/a><br \/>\n^ Windachferner vom Rettenbachferner aus gezoomt<\/p>\n<p>&#8212;<\/p>\n<p><a href='http:\/\/ski.inmontanis.info\/d\/103776-1\/P1430934.JPG'><img src=http:\/\/ski.inmontanis.info\/d\/103777-3\/P1430934.JPG \/><\/a><br \/>\n^ Pitztaler Gletscherskigebiet vom Rettenbachjoch<\/p>\n<p><a href='http:\/\/ski.inmontanis.info\/d\/103780-1\/P1430895.JPG'><img src=http:\/\/ski.inmontanis.info\/d\/103781-4\/P1430895.JPG \/><\/a><br \/>\n^ SL Brunnenkogel und die zwei Schneedepots an der Abfahrt<\/p>\n<p><a href='http:\/\/ski.inmontanis.info\/d\/103784-1\/P1430914.JPG'><img src=http:\/\/ski.inmontanis.info\/d\/103785-3\/P1430914.JPG \/><\/a><br \/>\n^ Am SL Brunnenkogel reichen die Felsen inzwischen bis zur SL-Trasse<\/p>\n<p><a href='http:\/\/ski.inmontanis.info\/d\/103789-1\/P1430935.JPG'><img src=http:\/\/ski.inmontanis.info\/d\/103790-3\/P1430935.JPG \/><\/a><br \/>\n^ Mittelbergjoch von S\u00f6lden aus<\/p>\n<p><a href='http:\/\/ski.inmontanis.info\/d\/103793-1\/P1430937.JPG'><img src=http:\/\/ski.inmontanis.info\/d\/103794-3\/P1430937.JPG \/><\/a><br \/>\n^ Talstation 8EUB \/ 6KSB und kleines Schneedepot.<\/p>\n<p><a href='http:\/\/ski.inmontanis.info\/d\/103797-1\/P1430939.JPG'><img src=http:\/\/ski.inmontanis.info\/d\/103798-3\/P1430939.JPG \/><\/a><br \/>\n^ Zoom GUB Panoramabahn. Skibetrieb bis Mittelstation bei anscheinend sehr guten Pistenverh\u00e4ltnissen.<\/p>\n<p><a href='http:\/\/ski.inmontanis.info\/d\/103801-1\/P1430945.JPG'><img src=http:\/\/ski.inmontanis.info\/d\/103802-3\/P1430945.JPG \/><\/a><br \/>\n^ Zoom Felsausaperungen am Gletscherende der schwarzen Mittelberg-Abfahrt (Schweizer Weg)<\/p>\n<p><a href='http:\/\/ski.inmontanis.info\/d\/103805-1\/P1430951.JPG'><img src=http:\/\/ski.inmontanis.info\/d\/103806-3\/P1430951.JPG \/><\/a><br \/>\n^ Zoom zu den Bauarbeiten im Skigebiet Rifflsee vom Rettenbachferner aus<\/p>\n<p><a href='http:\/\/ski.inmontanis.info\/d\/103810-1\/P1430952.JPG'><img src=http:\/\/ski.inmontanis.info\/d\/103811-3\/P1430952.JPG \/><\/a><br \/>\n^ Neue Talstation<\/p>\n<p><a href='http:\/\/ski.inmontanis.info\/d\/103814-1\/P1430953.JPG'><img src=http:\/\/ski.inmontanis.info\/d\/103815-3\/P1430953.JPG \/><\/a><br \/>\n^ Neue Bergstation<\/p>\n<p>Paar Vergleichsfotos:<\/p>\n<p><a href='http:\/\/ski.inmontanis.info\/d\/103871-1\/P1430955.JPG'><img src=http:\/\/ski.inmontanis.info\/d\/103872-3\/P1430955.JPG \/><\/a><br \/>\n^ Vergleichsfoto Rettenbachferner<\/p>\n<p><a href='http:\/\/ski.inmontanis.info\/d\/6899-2\/P1100644.jpg'><img src=http:\/\/ski.inmontanis.info\/d\/6901-2\/P1100644.jpg \/><\/a><br \/>\n^ 22.7.2006<\/p>\n<p><a href='http:\/\/ski.inmontanis.info\/d\/103867-1\/P1430956.JPG'><img src=http:\/\/ski.inmontanis.info\/d\/103868-3\/P1430956.JPG \/><\/a><br \/>\n^ Vergleichsfoto Rettenbachferner<\/p>\n<p><a href='http:\/\/ski.inmontanis.info\/d\/6902-2\/P1100645.jpg'><img src=http:\/\/ski.inmontanis.info\/d\/6904-2\/P1100645.jpg \/><\/a><br \/>\n^ 22.7.2006<\/p>\n<p><a href='http:\/\/ski.inmontanis.info\/d\/103907-1\/P1430995.JPG'><img src=http:\/\/ski.inmontanis.info\/d\/103908-3\/P1430995.JPG \/><\/a><br \/>\n^ Vergleichsfoto Rettenbachferner von der Stra\u00dfe aus<\/p>\n<p><a href='http:\/\/ski.inmontanis.info\/d\/6905-2\/P1100646.jpg'><img src=http:\/\/ski.inmontanis.info\/d\/6907-2\/P1100646.jpg \/><\/a><br \/>\n^ 22.7.2006<\/p>\n<p><a href='http:\/\/ski.inmontanis.info\/d\/103911-1\/P1430997.JPG'><img src=http:\/\/ski.inmontanis.info\/d\/103912-3\/P1430997.JPG \/><\/a><br \/>\n^ Zoom Seiterj\u00f6chl von der Stra\u00dfe aus<\/p>\n<p><a href='http:\/\/ski.inmontanis.info\/d\/6908-2\/P1100647.jpg'><img src=http:\/\/ski.inmontanis.info\/d\/6910-2\/P1100647.jpg \/><\/a><br \/>\n^ 22.7.2006<\/p>\n<p>&#8212;<\/p>\n<p>Mal ein kleiner Vergleich der letzten Jahre:<\/p>\n<p><a href='http:\/\/ski.inmontanis.info\/d\/103789-1\/P1430935.JPG'><img src=http:\/\/ski.inmontanis.info\/d\/103790-4\/P1430935.JPG \/><\/a><br \/>\n^ 26.9.2009<\/p>\n<p><a href='http:\/\/ski.inmontanis.info\/d\/67214-1\/P1300749.JPG'><img src=http:\/\/ski.inmontanis.info\/d\/67215-4\/P1300749.JPG \/><\/a><br \/>\n^ 12.10.2008<\/p>\n<p><a href='http:\/\/ski.inmontanis.info\/d\/44024-1\/P1200370.JPG'><img src=http:\/\/ski.inmontanis.info\/d\/44026-4\/P1200370.JPG \/><\/a><br \/>\n^ 6.10.2007<\/p>\n<p><a href='http:\/\/ski.inmontanis.info\/d\/7872-2\/P1100466.jpg'><img src=http:\/\/ski.inmontanis.info\/d\/7874-2\/P1100466.jpg \/><\/a><br \/>\n^ 15.7.2006<\/p>\n<p><a href='http:\/\/ski.inmontanis.info\/d\/7763-2\/10260019_G.jpg'><img src=http:\/\/ski.inmontanis.info\/d\/7765-2\/10260019_G.jpg \/><\/a><br \/>\n^ 26.10.2005<\/p>\n<p><a href='http:\/\/ski.inmontanis.info\/d\/103789-1\/P1430935.JPG'><img src=http:\/\/ski.inmontanis.info\/d\/103790-4\/P1430935.JPG \/><\/a><br \/>\n^ 26.9.2009<\/p>\n","protected":false},"excerpt":{"rendered":"<p>Sommerski in S\u00f6lden am Rettenbachferner &#038; Gletschervergleich Pitztal &#038; \u00d6tztal <a href=\"http:\/\/blog.inmontanis.info\/?p=328\">[&#8230;]<\/a><\/p>\n","protected":false},"author":1,"featured_media":0,"comment_status":"open","ping_status":"closed","sticky":false,"template":"","format":"standard","meta":{"footnotes":""},"categories":[24,13,28,897],"tags":[53,54,47],"class_list":["post-328","post","type-post","status-publish","format-standard","hentry","category-tagestour","category-austria","category-skifahren-sommer","category-solden","tag-8eub","tag-gletschervergleich","tag-sl","odd"],"_links":{"self":[{"href":"http:\/\/blog.inmontanis.info\/index.php?rest_route=\/wp\/v2\/posts\/328","targetHints":{"allow":["GET"]}}],"collection":[{"href":"http:\/\/blog.inmontanis.info\/index.php?rest_route=\/wp\/v2\/posts"}],"about":[{"href":"http:\/\/blog.inmontanis.info\/index.php?rest_route=\/wp\/v2\/types\/post"}],"author":[{"embeddable":true,"href":"http:\/\/blog.inmontanis.info\/index.php?rest_route=\/wp\/v2\/users\/1"}],"replies":[{"embeddable":true,"href":"http:\/\/blog.inmontanis.info\/index.php?rest_route=%2Fwp%2Fv2%2Fcomments&post=328"}],"version-history":[{"count":4,"href":"http:\/\/blog.inmontanis.info\/index.php?rest_route=\/wp\/v2\/posts\/328\/revisions"}],"predecessor-version":[{"id":3358,"href":"http:\/\/blog.inmontanis.info\/index.php?rest_route=\/wp\/v2\/posts\/328\/revisions\/3358"}],"wp:attachment":[{"href":"http:\/\/blog.inmontanis.info\/index.php?rest_route=%2Fwp%2Fv2%2Fmedia&parent=328"}],"wp:term":[{"taxonomy":"category","embeddable":true,"href":"http:\/\/blog.inmontanis.info\/index.php?rest_route=%2Fwp%2Fv2%2Fcategories&post=328"},{"taxonomy":"post_tag","embeddable":true,"href":"http:\/\/blog.inmontanis.info\/index.php?rest_route=%2Fwp%2Fv2%2Ftags&post=328"}],"curies":[{"name":"wp","href":"https:\/\/api.w.org\/{rel}","templated":true}]}}