{"id":3232,"date":"2015-05-03T22:13:33","date_gmt":"2015-05-03T20:13:33","guid":{"rendered":"http:\/\/blog.inmontanis.info\/?p=3232"},"modified":"2023-08-03T21:30:50","modified_gmt":"2023-08-03T19:30:50","slug":"majelletta-prati-di-tivo-3-5-2015","status":"publish","type":"post","link":"http:\/\/blog.inmontanis.info\/?p=3232","title":{"rendered":"Majelletta + Prati di Tivo, 3.5.2015"},"content":{"rendered":"<p><strong>&#8220;Sommerschi&#8221; in den Abruzzen, 1.-3.5.2015<br \/>\nTag 3: Majelletta + Prati di Tivo, 3.5.2015<\/strong><\/p>\n<p>F\u00fcr halb 6 hatte ich mir den Wecker gestellt &#8211; wegen des Sonnenaufgangs. Kurzer Blick aus dem Fenster &#8211; viel zu bew\u00f6lkt, lohnt sich nicht, also weiterschlafen, bis 7:30 Uhr. Somit 8 Stunden Schlaf, 2h mehr als \u00fcblich &#8211; gut so, ich hab ja heute Abend noch eine weite R\u00fcckreise vor und dann w\u00e4re es nicht so schlimm, wenn ich auf morgen nur 5-5,5 Stunden schlafen w\u00fcrde.<\/p>\n<p>Hab mir um 8 Uhr die 4-Stunden-Karte um 19,- \u20ac gekauft (viele vor mir nur die 2h-Karte), wobei der Axess-Verkaufscomputer defekt war und die Hotline nicht erreichbar war. Somit wurden einfach Pappkarten ausgegeben. Sommerskistimmung pur heute hier oben &#8211; leider war der Schnee schon vor 10 Uhr pappiger als gestern zu Mittag. Schade. Auch die Sicht fand ich gestern besser. Somit doch sinnvoll gewesen, gestern zu Fu\u00df hier rauf zu gehen :)<\/p>\n<p>(Fotos anklicken zum Vergr\u00f6\u00dfern)<\/p>\n<p><a href='http:\/\/extra.inmontanis.info\/d\/29071-2\/ge201505abruzzen1.jpg'><img src=http:\/\/extra.inmontanis.info\/d\/29070-3\/ge201505abruzzen1.jpg \/><\/a><br \/>\nB) Majelletta<br \/>\nD) Prati di Tivo<\/p>\n<p><a href='http:\/\/ski.inmontanis.info\/d\/202299-2\/DSC09480.jpg'><img src=http:\/\/ski.inmontanis.info\/d\/202298-3\/DSC09480.jpg \/><\/a><br \/>\n^ 5:38 Uhr, verkorkster Sonnenaufgang &#8211; ich schlaf weiter.<\/p>\n<p><a href='http:\/\/ski.inmontanis.info\/d\/202303-2\/DSC09481.jpg'><img src=http:\/\/ski.inmontanis.info\/d\/202302-3\/DSC09481.jpg \/><\/a><br \/>\n^ Knapp 2 Stunden sp\u00e4ter stand ich auf, nun gl\u00e4nzte das Meer<\/p>\n<p><a href='http:\/\/ski.inmontanis.info\/d\/202307-2\/DSC09482.jpg'><img src=http:\/\/ski.inmontanis.info\/d\/202306-3\/DSC09482.jpg \/><\/a><br \/>\n^ Blauer Himmel, kein Wind, heute sollten die Lifte endlich laufen.<\/p>\n<p><a href='http:\/\/ski.inmontanis.info\/d\/202311-2\/DSC09483.jpg'><img src=http:\/\/ski.inmontanis.info\/d\/202310-3\/DSC09483.jpg \/><\/a><br \/>\n^ .. leider streikte der Kassen-PC und die \u00f6sterreichische Hotline (?) war nicht erreichbar. Also gab&#8217;s Pappkarten. Wie man ohne Angabe einer Uhrzeit die 4 Stunden kontrollieren will, bleibt allerdings fraglich ;)<\/p>\n<p><a href='http:\/\/ski.inmontanis.info\/d\/202315-2\/DSC09484.jpg'><img src=http:\/\/ski.inmontanis.info\/d\/202314-3\/DSC09484.jpg \/><\/a><br \/>\n^ Der untere SL<\/p>\n<p><a href='http:\/\/ski.inmontanis.info\/d\/202319-2\/DSC09485.jpg'><img src=http:\/\/ski.inmontanis.info\/d\/202318-3\/DSC09485.jpg \/><\/a><br \/>\n^ Zwischen dem ersten und dem zweiten Lift gibt es ja eine kleine Bar; die dortigen St\u00fchle sind an den F\u00fc\u00dfen mit alten Skiern verbunden &#8211; aber vmtl. weniger zum Abfahren, als eher um nicht einzusinken.<\/p>\n<p><a href='http:\/\/ski.inmontanis.info\/d\/202323-2\/DSC09487.jpg'><img src=http:\/\/ski.inmontanis.info\/d\/202322-3\/DSC09487.jpg \/><\/a><br \/>\n^ Das Holzgestell, das ich im Februar fotografierte, wurde nun mit einem Pistenplan erg\u00e4nzt<\/p>\n<p><a href='http:\/\/ski.inmontanis.info\/d\/202327-2\/DSC09488.jpg'><img src=http:\/\/ski.inmontanis.info\/d\/202326-3\/DSC09488.jpg \/><\/a><br \/>\n^ Graffer-SL vs. Meer (Adria)<\/p>\n<p><a href='http:\/\/ski.inmontanis.info\/d\/202331-2\/DSC09491.jpg'><img src=http:\/\/ski.inmontanis.info\/d\/202330-3\/DSC09491.jpg \/><\/a><br \/>\n^ Abfahrten leider von der Fr\u00fch weg sehr weich und insb. weiter unten pappig, gestern um 12 Uhr ging&#8217;s besser als heute um 9 Uhr :-(<\/p>\n<p><a href='http:\/\/ski.inmontanis.info\/d\/202335-2\/DSC09492.jpg'><img src=http:\/\/ski.inmontanis.info\/d\/202334-3\/DSC09492.jpg \/><\/a><br \/>\n^ Abfahrtspano<\/p>\n<p><a href='http:\/\/ski.inmontanis.info\/d\/202339-2\/DSC09496.jpg'><img src=http:\/\/ski.inmontanis.info\/d\/202338-3\/DSC09496.jpg \/><\/a><br \/>\n^ Graffer-SL vs. Meer (Adria)<\/p>\n<p><a href='http:\/\/ski.inmontanis.info\/d\/202343-2\/DSC02047.jpg'><img src=http:\/\/ski.inmontanis.info\/d\/202342-3\/DSC02047.jpg \/><\/a><br \/>\n^ SL und Meer (IR)<\/p>\n<p><a href='http:\/\/ski.inmontanis.info\/d\/202347-2\/DSC09497.jpg'><img src=http:\/\/ski.inmontanis.info\/d\/202346-3\/DSC09497.jpg \/><\/a><br \/>\n^ Meer-Pano hinterm Graffer-SL<\/p>\n<p><a href='http:\/\/ski.inmontanis.info\/d\/202351-2\/DSC09498.jpg'><img src=http:\/\/ski.inmontanis.info\/d\/202350-3\/DSC09498.jpg \/><\/a><br \/>\n^ Der Funpark am Graffer-SL war auch noch ge\u00f6ffnet<\/p>\n<p><a href='http:\/\/ski.inmontanis.info\/d\/202355-2\/DSC09503.jpg'><img src=http:\/\/ski.inmontanis.info\/d\/202354-3\/DSC09503.jpg \/><\/a><br \/>\n^ Im Graffer-SL (leider durch den Funpark extrem laute Musik hier)<\/p>\n<p><a href='http:\/\/ski.inmontanis.info\/d\/202359-2\/DSC09501.jpg'><img src=http:\/\/ski.inmontanis.info\/d\/202358-3\/DSC09501.jpg \/><\/a><br \/>\n^ SL-Pano<\/p>\n<p><a href='http:\/\/ski.inmontanis.info\/d\/202363-2\/DSC09504.jpg'><img src=http:\/\/ski.inmontanis.info\/d\/202362-3\/DSC09504.jpg \/><\/a><br \/>\n^ Ex-SL (Nascivera)<\/p>\n<p><a href='http:\/\/ski.inmontanis.info\/d\/202367-2\/ge20150503a1.jpg'><img src=http:\/\/ski.inmontanis.info\/d\/202366-3\/ge20150503a1.jpg \/><\/a><br \/>\n^ GPS-Track; gelb von heute und blau die Tour von gestern.<\/p>\n<p>Ich hab auch noch einige Filmsequenzen von der tollen, relaxten Sommerschi-Stimmung heute gemacht, SL, Abfahrten, auch ein bisschen IR:<br \/>\n<object style=\"height: 500px; width: 900px\"><param name=\"movie\" value=\"http:\/\/www.youtube.com\/v\/ECmGZ_m40HI\"><\/param><param name=\"wmode\" value=\"transparent\"><\/param><embed src=\"http:\/\/www.youtube.com\/v\/ECmGZ_m40HI\" type=\"application\/x-shockwave-flash\" wmode=\"transparent\"  width=\"900\" height=\"480\"><\/embed><\/object><\/p>\n<p><a href='http:\/\/ski.inmontanis.info\/d\/202371-2\/DSC09509.jpg'><img src=http:\/\/ski.inmontanis.info\/d\/202370-3\/DSC09509.jpg \/><\/a><br \/>\n^ Stra\u00dfe talw\u00e4rts. Heuer konnte ich schon echt viele interessante Wolkenhimmel fotografieren.<\/p>\n<p>Gegen 11:30 Uhr lie\u00df ich es sein und machte ich mich auf die ca. 2,5h lange Fahrt nach Prati di Tivo, wo ich mir noch eine 2h-Karte kaufte, die bis 16:10 Uhr gelten w\u00fcrde, die ich aber nicht ganz zum Schluss ausgenutzt hatte, da ich ja noch heim musste. (Im Gegensatz zu den anderen beiden ge\u00f6ffneten Skigebieten hatte Prati di Tivo als einziges so lang ge\u00f6ffnet)<\/p>\n<p><a href='http:\/\/ski.inmontanis.info\/d\/202375-2\/DSC09512.jpg'><img src=http:\/\/ski.inmontanis.info\/d\/202374-3\/DSC09512.jpg \/><\/a><br \/>\n^ A24, Richtung Teramo, mit Blick zum Gran Sasso<\/p>\n<p><a href='http:\/\/extra.inmontanis.info\/d\/29275-2\/DSC09514.jpg'><img src=http:\/\/extra.inmontanis.info\/d\/29274-3\/DSC09514.jpg \/><\/a><br \/>\n^ Eigenartige Tunnel bei Teramo, Fahrtrichtung Nord bzw. West<\/p>\n<p><a href='http:\/\/extra.inmontanis.info\/d\/29279-2\/DSC09609.jpg'><img src=http:\/\/extra.inmontanis.info\/d\/29278-3\/DSC09609.jpg \/><\/a><br \/>\n^ Eigenartige Tunnel bei Teramo, Fahrtrichtung Ost bzw. S\u00fcd (bei der R\u00fcckfahrt fotografiert)<\/p>\n<p>Im Zuge der Nacharbeit f\u00fcr diesen Bericht hab ich mir das ganze auch auf Karten angeschaut &#8211; und selbst da braucht man einige Zeit, bis man die Stra\u00dfenf\u00fchrung der beiden \u00e4u\u00dferen Tunnels (rosa) jeweils versteht:<\/p>\n<p><a href='http:\/\/binged.it\/1L76lDg'>http:\/\/binged.it\/1L76lDg<\/a><\/p>\n<p><a href='http:\/\/extra.inmontanis.info\/d\/29283-2\/DSC09518.jpg'><img src=http:\/\/extra.inmontanis.info\/d\/29282-3\/DSC09518.jpg \/><\/a><br \/>\n^ SS80 \/ Vomano mit Staumauer. Nettes Tal<\/p>\n<p><a href='http:\/\/extra.inmontanis.info\/d\/29287-2\/DSC09523.jpg'><img src=http:\/\/extra.inmontanis.info\/d\/29286-3\/DSC09523.jpg \/><\/a><br \/>\n^ Intermesoli<\/p>\n<p><a href='http:\/\/ski.inmontanis.info\/d\/202122-2\/DSC09527.jpg'><img src=http:\/\/ski.inmontanis.info\/d\/202121-3\/DSC09527.jpg \/><\/a><br \/>\n^ Auffahrt zu Prati di Tivo mit dem Ort Pietracamela und dem Gran Sasso (Corno Piccolo \/ Corno Grande)<\/p>\n<p><a href='http:\/\/ski.inmontanis.info\/d\/202126-2\/DSC09528.jpg'><img src=http:\/\/ski.inmontanis.info\/d\/202125-3\/DSC09528.jpg \/><\/a><br \/>\n^ Die Stra\u00dfe nach Prati di Tivo ist an mehreren Stellen leider sehr schlecht.<\/p>\n<p><a href='http:\/\/ski.inmontanis.info\/d\/202295-2\/DSC09530.jpg'><img src=http:\/\/ski.inmontanis.info\/d\/202294-3\/DSC09530.jpg \/><\/a><br \/>\n^ \u00dcberflutete Stra\u00dfe aufgrund der Schneeschmelze und warmen Temperaturen (glaub es hatte 20\u00b0 oder mehr hier)<\/p>\n<p>Wie schon im gestrigen Bericht geschrieben, war mir der Status des oberen Bereichs der Kombibahn unbekannt. Abfahrt oder nicht, darf man oder nicht, etc. Schlussendlich ist die Piste aktuell als Schwarz angeschrieben und war geschlossen. Allerdings hinderte mich der Liftler nicht, in die EUB einzusteigen, wohl er mich mehrmals auf Englisch darauf aufmerksam gemacht hat, dass es eine schwarze Piste sei und sie nicht pr\u00e4pariert ist und er sie mir sogar mit dem Finger gezeigt hat. Alles OK, meinte ich und ich durfte fahren :) War aber nat\u00fcrlich nicht der einzige, der bis rauf fuhr.<\/p>\n<p>Dank genau des oberen Bereichs war&#8217;s sehr geil, unpr\u00e4pariertes Gel\u00e4nde mit tiefem, weichen Sulz, wo man \u00fcberall fahren kann, genug Varianten, nur unten etwas pappiger. Optimales Fr\u00fchjahrs-\/Sommer-\/Restschnee-skifahren eben, so wie ich es mir am liebsten ist. Bin daher auch jedesmal die Gondel gefahren und nie den Sessel zur Mittelstation. Warm war&#8217;s aber, ca. 20\u00b0 an der Talstation. Bei jeder Fahrt bin ich anderswo runtergefahren, au\u00dfer mir war zu dieser Zeit kaum noch jemand unterwegs, die sa\u00dfen fast alle unten. <\/p>\n<p>Als Einstimmung ein paar Fotos vom 22.2.2008, wo ich hier h\u00e4tte skifahren wollen, es aber nicht tat, da der ESL nicht in Betrieb war:<\/p>\n<p><a href='http:\/\/ski.inmontanis.info\/d\/53612-3\/P1230731.JPG'><img src=http:\/\/ski.inmontanis.info\/d\/53611-4\/P1230731.JPG \/><\/a><br \/>\n^ ESL-Talstation<\/p>\n<p><a href='http:\/\/ski.inmontanis.info\/d\/53620-3\/P1230735.JPG'><img src=http:\/\/ski.inmontanis.info\/d\/53619-4\/P1230735.JPG \/><\/a><br \/>\n^ Strecke im Zoom. Mittendrin &#8230;<\/p>\n<p><a href='http:\/\/ski.inmontanis.info\/d\/53624-3\/P1230736.JPG'><img src=http:\/\/ski.inmontanis.info\/d\/53623-4\/P1230736.JPG \/><\/a><br \/>\n^ .. ein Zwischenausstieg.<\/p>\n<p><a href='http:\/\/ski.inmontanis.info\/d\/53648-3\/P1230776.JPG'><img src=http:\/\/ski.inmontanis.info\/d\/53647-4\/P1230776.JPG \/><\/a><br \/>\n^ .. und die Bergstation im Zoom<\/p>\n<p>^ Anhand dieser Erinnerung von 2008 kann man, so denke ich, meine Zweifel, ob ich heute diesen Steilhang fahren werde k\u00f6nnen, noch mehr nachvollziehen&#8230;<\/p>\n<p>Mittlerweile ist der ESL, wie gesagt, abgebaut, und durch eine Kombibahn ersetzt worden. Das war in den letzten Jahren auch nicht gerade f\u00f6rderlich f\u00fcr einen zweiten Versuch meinerseits :)<\/p>\n<p>Heute kann ich jedoch sagen: Wenn man von oben runterfahren kann (vmtl. also eher zum Ende der Saison hin, wenn \u00fcberhaupt), ist es sehr lohnenswert. <\/p>\n<p><a href='http:\/\/ski.inmontanis.info\/d\/202131-2\/DSC09531.jpg'><img src=http:\/\/ski.inmontanis.info\/d\/202130-3\/DSC09531.jpg \/><\/a><br \/>\n^ Kombibahn und Blick zur DSB (bzw. noch ein St\u00fcck 4SB)<\/p>\n<p><a href='http:\/\/ski.inmontanis.info\/d\/202135-2\/DSC09535.jpg'><img src=http:\/\/ski.inmontanis.info\/d\/202134-3\/DSC09535.jpg \/><\/a><br \/>\n^ Kombibahn und Abfahrten<\/p>\n<p><a href='http:\/\/ski.inmontanis.info\/d\/202139-2\/DSC09536.jpg'><img src=http:\/\/ski.inmontanis.info\/d\/202138-3\/DSC09536.jpg \/><\/a><br \/>\n^ Blick von der Kombibahn zur DSB; dazwischen gibts die eine oder andere Abfahrt, heute konnte man praktisch \u00fcberall gleich gut fahren<\/p>\n<p><a href='http:\/\/ski.inmontanis.info\/d\/202143-2\/DSC09538.jpg'><img src=http:\/\/ski.inmontanis.info\/d\/202142-3\/DSC09538.jpg \/><\/a><br \/>\n^ Mittelstation; f\u00e4hrt man mit dem Sessel, muss man hier raus; f\u00e4hrt man mit der Gondel, kann man hier nicht raus. Technisch k\u00f6nnte man aber auch an der Bergstation vom Sessel aussteigen (liegt allerdings kein Schnee)<\/p>\n<p><a href='http:\/\/ski.inmontanis.info\/d\/202147-2\/DSC09541.jpg'><img src=http:\/\/ski.inmontanis.info\/d\/202146-3\/DSC09541.jpg \/><\/a><br \/>\n^ Mittelstation; anscheinend wird im Sommer (Nur-Gondel-Betrieb) das Seil ausgeh\u00e4ngt, der Kuppelmechanismus hochgeklappt und \u00fcber diese klappbare St\u00fctze unterhalb gef\u00fchrt<\/p>\n<p><a href='http:\/\/ski.inmontanis.info\/d\/202151-2\/DSC09543.jpg'><img src=http:\/\/ski.inmontanis.info\/d\/202150-3\/DSC09543.jpg \/><\/a><br \/>\n^ Offpiste im oberen Bereich der Kombibahn; mit Blick zur DSB-Bergstation<\/p>\n<p><a href='http:\/\/ski.inmontanis.info\/d\/202155-2\/DSC09547.jpg'><img src=http:\/\/ski.inmontanis.info\/d\/202154-3\/DSC09547.jpg \/><\/a><br \/>\n^ Meer-Pano von der Bergstation<\/p>\n<p><a href='http:\/\/ski.inmontanis.info\/d\/202159-2\/DSC02058.jpg'><img src=http:\/\/ski.inmontanis.info\/d\/202158-3\/DSC02058.jpg \/><\/a><br \/>\n^ Meer-Pano von der Bergstation (IR)<\/p>\n<p><a href='http:\/\/ski.inmontanis.info\/d\/202163-2\/DSC09546.jpg'><img src=http:\/\/ski.inmontanis.info\/d\/202162-3\/DSC09546.jpg \/><\/a><br \/>\n^ Meer-Pano von der Bergstation. Na gut, ist bei dem Wetter gerade nicht wirklich gut sichtbar.<\/p>\n<p><a href='http:\/\/ski.inmontanis.info\/d\/202167-2\/DSC09548.jpg'><img src=http:\/\/ski.inmontanis.info\/d\/202166-3\/DSC09548.jpg \/><\/a><br \/>\n^ Blick zur Autobahn A24, die durch den Gran Sasso f\u00fchrt. In einem der Tunnel ist ein Abzweig zu einer Forschungsstation<\/p>\n<p><a href='http:\/\/ski.inmontanis.info\/d\/202171-2\/DSC09550.jpg'><img src=http:\/\/ski.inmontanis.info\/d\/202170-3\/DSC09550.jpg \/><\/a><br \/>\n^ Bergstation Kombibahn<\/p>\n<p><a href='http:\/\/ski.inmontanis.info\/d\/202175-2\/DSC09551.jpg'><img src=http:\/\/ski.inmontanis.info\/d\/202174-3\/DSC09551.jpg \/><\/a><br \/>\n^ Kombibahn in quasi voller L\u00e4nge. Abfahrten konnte man entweder hier gleich geradeaus ..<\/p>\n<p><a href='http:\/\/ski.inmontanis.info\/d\/202179-2\/DSC09552.jpg'><img src=http:\/\/ski.inmontanis.info\/d\/202178-3\/DSC09552.jpg \/><\/a><br \/>\n^ .. oder man querte hier durch. Man konnte auch oben herum und weiter oben weiter r\u00fcber queren. Jedenfalls ordentlich steil hier!<\/p>\n<p><a href='http:\/\/ski.inmontanis.info\/d\/202183-2\/DSC09553.jpg'><img src=http:\/\/ski.inmontanis.info\/d\/202182-3\/DSC09553.jpg \/><\/a><br \/>\n^ Steilh\u00e4nge an der Kombibahn, teilweise als schwarze Piste im Plan, teilweise gar nicht im Plan, vmtl. immer unpr\u00e4pariert?<\/p>\n<p><a href='http:\/\/ski.inmontanis.info\/d\/202187-2\/DSC02063.jpg'><img src=http:\/\/ski.inmontanis.info\/d\/202186-3\/DSC02063.jpg \/><\/a><br \/>\n^ Kombibahn und Meer-Pano (IR)<\/p>\n<p><a href='http:\/\/ski.inmontanis.info\/d\/202191-2\/DSC09556.jpg'><img src=http:\/\/ski.inmontanis.info\/d\/202190-3\/DSC09556.jpg \/><\/a><br \/>\n^ Auch im unteren Teil gab&#8217;s noch etliche Varianten zum Abfahren<\/p>\n<p><a href='http:\/\/ski.inmontanis.info\/d\/202195-2\/DSC09557.jpg'><img src=http:\/\/ski.inmontanis.info\/d\/202194-3\/DSC09557.jpg \/><\/a><br \/>\n^ Bergstation Kombibahn, ehemalige ESL-Bergstation und die \u00fcber 2900m hohen Gran-Sasso-Gipfel (Corno Grande)<\/p>\n<p><a href='http:\/\/ski.inmontanis.info\/d\/202199-2\/DSC09559.jpg'><img src=http:\/\/ski.inmontanis.info\/d\/202198-3\/DSC09559.jpg \/><\/a><br \/>\n^ Offpiste-H\u00e4nge an der Kombibahn. Ordentlich steil, aber genau das macht bei so einem Schnee nat\u00fcrlich am meisten Spa\u00df.<\/p>\n<p><a href='http:\/\/ski.inmontanis.info\/d\/202203-2\/DSC09561.jpg'><img src=http:\/\/ski.inmontanis.info\/d\/202202-3\/DSC09561.jpg \/><\/a><br \/>\n^ Offpiste an der Kombibahn<\/p>\n<p><a href='http:\/\/ski.inmontanis.info\/d\/202207-2\/DSC09562.jpg'><img src=http:\/\/ski.inmontanis.info\/d\/202206-3\/DSC09562.jpg \/><\/a><br \/>\n^ Offpiste an der Kombibahn<\/p>\n<p><a href='http:\/\/ski.inmontanis.info\/d\/202211-2\/DSC09563.jpg'><img src=http:\/\/ski.inmontanis.info\/d\/202210-3\/DSC09563.jpg \/><\/a><br \/>\n^ Mittelstation Kombibahn und Blick zum Meer<\/p>\n<p><a href='http:\/\/ski.inmontanis.info\/d\/202215-2\/DSC09560.jpg'><img src=http:\/\/ski.inmontanis.info\/d\/202214-3\/DSC09560.jpg \/><\/a><br \/>\n^ Ex-ESL-Bergstation<\/p>\n<p><a href='http:\/\/ski.inmontanis.info\/d\/202219-2\/DSC09565.jpg'><img src=http:\/\/ski.inmontanis.info\/d\/202218-3\/DSC09565.jpg \/><\/a><br \/>\n^ Ex-ESL-Bergstation<\/p>\n<p><a href='http:\/\/ski.inmontanis.info\/d\/202223-2\/DSC09568.jpg'><img src=http:\/\/ski.inmontanis.info\/d\/202222-3\/DSC09568.jpg \/><\/a><br \/>\n^ Offpiste an der Kombibahn; Querung zu weiteren Rinnen, bin einiges abgefahren, soweit mir die Zeit halt noch reichte.<\/p>\n<p><a href='http:\/\/ski.inmontanis.info\/d\/202227-2\/DSC09566.jpg'><img src=http:\/\/ski.inmontanis.info\/d\/202226-3\/DSC09566.jpg \/><\/a><br \/>\n^ Offpiste an der Kombibahn; Schnee war hier \u00fcberall sch\u00f6n weich und locker zu fahren.<\/p>\n<p><a href='http:\/\/ski.inmontanis.info\/d\/202231-2\/DSC09571.jpg'><img src=http:\/\/ski.inmontanis.info\/d\/202230-3\/DSC09571.jpg \/><\/a><br \/>\n^ Bergstation der DSB<\/p>\n<p><a href='http:\/\/ski.inmontanis.info\/d\/202235-2\/DSC09573.jpg'><img src=http:\/\/ski.inmontanis.info\/d\/202234-3\/DSC09573.jpg \/><\/a><br \/>\n^ Kombibahn von der DSB-Bergstation aus, nachdem ich bis hierher r\u00fcbergequert bin<\/p>\n<p><a href='http:\/\/ski.inmontanis.info\/d\/202239-2\/DSC09574.jpg'><img src=http:\/\/ski.inmontanis.info\/d\/202238-3\/DSC09574.jpg \/><\/a><br \/>\n^ DSB Strecke; weiter unten folgt dann eine kurze 4SB und unter der Stra\u00dfe ein kurzer SL. Rechts oben: Meer. Also selbst von hier aus kann man mit Meerblick abfahren.<\/p>\n<p><a href='http:\/\/ski.inmontanis.info\/d\/202243-2\/DSC02065.jpg'><img src=http:\/\/ski.inmontanis.info\/d\/202242-3\/DSC02065.jpg \/><\/a><br \/>\n^ IR: DSB Strecke; darunter die kurze 4SB, darunter der kurze SL<\/p>\n<p><a href='http:\/\/ski.inmontanis.info\/d\/202247-2\/DSC02064.jpg'><img src=http:\/\/ski.inmontanis.info\/d\/202246-3\/DSC02064.jpg \/><\/a><br \/>\n^ DSB und Meer (IR)<\/p>\n<p><a href='http:\/\/ski.inmontanis.info\/d\/202251-2\/DSC09575.jpg'><img src=http:\/\/ski.inmontanis.info\/d\/202250-3\/DSC09575.jpg \/><\/a><br \/>\n^ Offpiste; einige der Spuren links oben in den 2-3 Rinnen waren auch von mir<\/p>\n<p><a href='http:\/\/ski.inmontanis.info\/d\/202255-2\/DSC09576.jpg'><img src=http:\/\/ski.inmontanis.info\/d\/202254-3\/DSC09576.jpg \/><\/a><br \/>\n^ Blick von der Bergstation zum Gran Sasso-Hauptgipfel mit Corno Piccolo (rechts) und Corno Grande (keine Ahnung, Mitte? Oder links?); Mitte-Links m\u00fcsste sich dann die Senke befinden, wo der Gletscher ist.<\/p>\n<p><a href='http:\/\/ski.inmontanis.info\/d\/202259-2\/DSC09577.jpg'><img src=http:\/\/ski.inmontanis.info\/d\/202258-3\/DSC09577.jpg \/><\/a><br \/>\n^ Auch auf dieser Seite der Kombibahn konnte man bis unterhalb der Mittelstation noch fahren und sich seinen Weg zwischen den Felsen suchen<\/p>\n<p><a href='http:\/\/ski.inmontanis.info\/d\/202263-2\/DSC09579.jpg'><img src=http:\/\/ski.inmontanis.info\/d\/202262-3\/DSC09579.jpg \/><\/a><br \/>\n^ Offpiste links der Kombibahn &#8211; unterhalb der Lawinenverbauung oder weiter oben schon reingequert, es gab viele M\u00f6glichkeiten.<\/p>\n<p><a href='http:\/\/ski.inmontanis.info\/d\/202267-2\/DSC09580.jpg'><img src=http:\/\/ski.inmontanis.info\/d\/202266-3\/DSC09580.jpg \/><\/a><br \/>\n^ Auf einer der Varianten im unteren Bereich. Es gab durchaus auch noch 1-2 Pisten, die vmtl. gestern pr\u00e4pariert wurden.<\/p>\n<p><a href='http:\/\/ski.inmontanis.info\/d\/202271-2\/DSC09581.jpg'><img src=http:\/\/ski.inmontanis.info\/d\/202270-3\/DSC09581.jpg \/><\/a><br \/>\n^ Zur Talstation wurde es hier und da schon etwas eng, aber es ging noch.<\/p>\n<p><a href='http:\/\/ski.inmontanis.info\/d\/202275-2\/ge20150503b2.jpg'><img src=http:\/\/ski.inmontanis.info\/d\/202274-3\/ge20150503b2.jpg \/><\/a><br \/>\n^ GPS-Track; Orange die heute geschlossenen Lifte (SL-4SB-DSB), die aber wohl nicht sooo spannend sind, wobei die DSB noch ganz nett sein k\u00f6nnte.<\/p>\n<p><a href='http:\/\/ski.inmontanis.info\/d\/202279-2\/ge20150503b5.jpg'><img src=http:\/\/ski.inmontanis.info\/d\/202278-3\/ge20150503b5.jpg \/><\/a><br \/>\n^ Skigebiete am Gran Sasso: unten (auf der Nordseite) Prati di Tivo und Prato Selva; Oben (auf der S\u00fcdseite) Campo Imperatore<\/p>\n<p>Kurz nach 16 Uhr gab ich die KeyCard zur\u00fcck und plante die Heimfahrt. Ich wollte auf keinen Fall die reine Autobahn-Strecke fahren, die \u00fcber 50,- \u20ac Maut kosten w\u00fcrde, sondern eine der Varianten, die ca. 20,- \u20ac g\u00fcnstiger w\u00e4ren. Am wenigsten Umwege (zeitlich wie streckenm\u00e4\u00dfig) w\u00e4re dann die Variante \u00fcber Ravenna und dann schr\u00e4g nach Verona gewesen. Vor Ravanna war aber eine Staumeldung, so dass ich bereits in Riccione, vor Rimini, runter bin, von dort nach Ravenna und weiter. Ob sich das gelohnt hat, darf bezweifelt werden (glaub nochmal 30 Minuten l\u00e4nger + kleinen Stau hatte ich auch), aber danach hatte ich keine Probleme mehr mit Staus. 2 kurze Tankstopps, bei einem etwas Essen mitgenommen und um 1:40 Uhr war ich wieder daheim, trotzdem nur 10 Minuten sp\u00e4ter, als mein Navi bei der Abfahrt in Prati di Tivo gesch\u00e4tzt hatte. Wie gesagt, ich hatte ja in der vorherigen Nacht sehr viel geschlafen, so dass ich weder M\u00fcde war noch mich es gest\u00f6rt hatte, auf morgen nur 5,5h zu schlafen. <\/p>\n<p><a href='http:\/\/ski.inmontanis.info\/d\/202283-2\/DSC09599.jpg'><img src=http:\/\/ski.inmontanis.info\/d\/202282-3\/DSC09599.jpg \/><\/a><br \/>\n^ Pietracamela und weitere Gipfel (vmtl. Pizzo Intermesoli, Monte Corvo)<\/p>\n<p><a href='http:\/\/ski.inmontanis.info\/d\/202287-2\/DSC09605.jpg'><img src=http:\/\/ski.inmontanis.info\/d\/202286-3\/DSC09605.jpg \/><\/a><br \/>\n^ Talw\u00e4rts von Prati di Tivo wieder zur Hauptstra\u00dfe, alles sehr enge T\u00e4ler hier.<\/p>\n<p><a href='http:\/\/ski.inmontanis.info\/d\/202291-2\/DSC09607.jpg'><img src=http:\/\/ski.inmontanis.info\/d\/202290-3\/DSC09607.jpg \/><\/a><br \/>\n^ Wieder unten auf der Hauptstra\u00dfe SS80; inkl. Hinweisschild Prati di Tivo<\/p>\n<p><a href='http:\/\/extra.inmontanis.info\/d\/29291-2\/DSC09619.jpg'><img src=http:\/\/extra.inmontanis.info\/d\/29290-3\/DSC09619.jpg \/><\/a><br \/>\n^ Die A14 f\u00e4hrt teilweise mit dem Zug direkt am Meer entlang<\/p>\n<p><a href='http:\/\/extra.inmontanis.info\/d\/29295-2\/DSC09622.jpg'><img src=http:\/\/extra.inmontanis.info\/d\/29294-3\/DSC09622.jpg \/><\/a><br \/>\n^ Meerblick an der A14 (vor Ancona)<\/p>\n<p><a href='http:\/\/extra.inmontanis.info\/d\/29299-2\/DSC09626.jpg'><img src=http:\/\/extra.inmontanis.info\/d\/29298-3\/DSC09626.jpg \/><\/a><br \/>\n^ Meerblick an der A14 auch noch \u00fcber eine halbe Stunde sp\u00e4ter (nach Ancona)<\/p>\n<p><a href='http:\/\/extra.inmontanis.info\/d\/29303-2\/DSC09629.jpg'><img src=http:\/\/extra.inmontanis.info\/d\/29302-3\/DSC09629.jpg \/><\/a><br \/>\n^ Staumeldung an der A14. Also fuhr ich in Riccione raus und \u00fcber Rimini und Ravenna, wo ich allerdings auch hier und da etwas Stau hatte.<\/p>\n<p><a href='http:\/\/extra.inmontanis.info\/d\/29307-2\/DSC09636.jpg'><img src=http:\/\/extra.inmontanis.info\/d\/29306-3\/DSC09636.jpg \/><\/a><br \/>\n^ Keine Ahnung, Wasserturm? Sendeanlage?<\/p>\n<p><a href='http:\/\/extra.inmontanis.info\/d\/29311-2\/DSC09638.jpg'><img src=http:\/\/extra.inmontanis.info\/d\/29310-3\/DSC09638.jpg \/><\/a><br \/>\n^ Und zum Abschluss des Tages gab&#8217;s nochmal so einen geilen Wolkenhimmel, der zum Sonnenuntergang von unten beschienen wurde &#8230;<\/p>\n<p><a href='http:\/\/extra.inmontanis.info\/d\/29315-2\/DSC09642.jpg'><img src=http:\/\/extra.inmontanis.info\/d\/29314-3\/DSC09642.jpg \/><\/a><br \/>\n^ Zum Sonnenuntergang von unten beleuchtete Wolken, sieht man so sch\u00f6n auch recht selten.<\/p>\n<p><a href='http:\/\/extra.inmontanis.info\/d\/29319-2\/DSC09643.jpg'><img src=http:\/\/extra.inmontanis.info\/d\/29318-3\/DSC09643.jpg \/><\/a><br \/>\n^ Um 1:38 Uhr war ich endlich daheim, kurze Nacht, morgen ab 8 Uhr wieder arbeiten. Ok, ok, Val d&#8217;Isere &amp; Co w\u00e4re doch 1\/4 &#8211; 1\/3 k\u00fcrzer gewesen. Aber das bessere Wetter hatte ich -und die 3 Tage waren es auf jeden Fall auch wert!<\/p>\n<p>## ENDE ##<\/p>\n","protected":false},"excerpt":{"rendered":"<p>&#8220;Sommerschi&#8221; in den Abruzzen, 1.-3.5.2015 Tag 3: Majelletta + Prati di Tivo, 3.5.2015<\/p>\n<p>F\u00fcr halb 6 hatte ich mir den Wecker gestellt &#8211; wegen des Sonnenaufgangs. Kurzer Blick aus dem Fenster &#8211; viel zu bew\u00f6lkt, lohnt sich nicht, also weiterschlafen, bis 7:30 Uhr. Somit 8 Stunden Schlaf, 2h mehr als \u00fcblich &#8211; gut so, ich <a href=\"http:\/\/blog.inmontanis.info\/?p=3232\">[&#8230;]<\/a><\/p>\n","protected":false},"author":1,"featured_media":0,"comment_status":"closed","ping_status":"closed","sticky":false,"template":"","format":"standard","meta":{"footnotes":""},"categories":[147,15,472,59,418,28,27],"tags":[49,53,38,35,91,90,37,78,47],"class_list":["post-3232","post","type-post","status-publish","format-standard","hentry","category-abruzzen-sommerschi-1-3-5-2015","category-italienitaly","category-majelletta-p-lanciano","category-nostalgie","category-prati-di-tivo","category-skifahren-sommer","category-skifahren-winterskiing-winter","tag-4sb","tag-8eub","tag-dsb","tag-esl","tag-graffer","tag-infrarot","tag-meer","tag-restschnee","tag-sl","odd"],"_links":{"self":[{"href":"http:\/\/blog.inmontanis.info\/index.php?rest_route=\/wp\/v2\/posts\/3232","targetHints":{"allow":["GET"]}}],"collection":[{"href":"http:\/\/blog.inmontanis.info\/index.php?rest_route=\/wp\/v2\/posts"}],"about":[{"href":"http:\/\/blog.inmontanis.info\/index.php?rest_route=\/wp\/v2\/types\/post"}],"author":[{"embeddable":true,"href":"http:\/\/blog.inmontanis.info\/index.php?rest_route=\/wp\/v2\/users\/1"}],"replies":[{"embeddable":true,"href":"http:\/\/blog.inmontanis.info\/index.php?rest_route=%2Fwp%2Fv2%2Fcomments&post=3232"}],"version-history":[{"count":3,"href":"http:\/\/blog.inmontanis.info\/index.php?rest_route=\/wp\/v2\/posts\/3232\/revisions"}],"predecessor-version":[{"id":3235,"href":"http:\/\/blog.inmontanis.info\/index.php?rest_route=\/wp\/v2\/posts\/3232\/revisions\/3235"}],"wp:attachment":[{"href":"http:\/\/blog.inmontanis.info\/index.php?rest_route=%2Fwp%2Fv2%2Fmedia&parent=3232"}],"wp:term":[{"taxonomy":"category","embeddable":true,"href":"http:\/\/blog.inmontanis.info\/index.php?rest_route=%2Fwp%2Fv2%2Fcategories&post=3232"},{"taxonomy":"post_tag","embeddable":true,"href":"http:\/\/blog.inmontanis.info\/index.php?rest_route=%2Fwp%2Fv2%2Ftags&post=3232"}],"curies":[{"name":"wp","href":"https:\/\/api.w.org\/{rel}","templated":true}]}}