{"id":3229,"date":"2015-05-02T23:34:30","date_gmt":"2015-05-02T21:34:30","guid":{"rendered":"http:\/\/blog.inmontanis.info\/?p=3229"},"modified":"2023-08-03T21:30:54","modified_gmt":"2023-08-03T19:30:54","slug":"majelletta-cavallone-2-5-2015","status":"publish","type":"post","link":"http:\/\/blog.inmontanis.info\/?p=3229","title":{"rendered":"Majelletta &#038; Cavallone, 2.5.2015"},"content":{"rendered":"<p><strong>&#8220;Sommerschi&#8221; in den Abruzzen, 1.-3.5.2015<br \/>\nTeil 2a: Majelletta, 2.5.2015<\/strong><\/p>\n<p>Der Sturm wurde auch am Pass die Nacht \u00fcber st\u00e4rker, immer wieder h\u00f6rte ich ihn und sp\u00fcrte das Wackeln des Autos im Schlaf&#8230;<\/p>\n<p>Um 8 Uhr war ich wieder oben an den SL, die aufgrund des Sturmes nicht in Betrieb gingen. Also wenigstens die oberen Kurzb\u00fcgel-Teller-SL h\u00e4tte man doch in Betrieb nehmen k\u00f6enn?! Hmpf. Bis 10 Uhr hab ich gewartet, auch in Prati di Tivo war heute Sturmsperre, wie ich kurz im Internet nachschaute (sonst w\u00e4re ich die 2,5h nat\u00fcrlich r\u00fcbergefahren).<\/p>\n<p>\u00c4u\u00dferst bl\u00f6d. Wo soll ich dann morgen fahren? W\u00e4re ich doch gestern nach Campo Imperatore noch nach Prati di Tivo gefahren, wie ich teilweise mal angedacht hatte. Dann h\u00e4tte ich wenigstens gewusst, ob es sich lohnt oder nicht. Ich entschied mich vorerst, morgen Prati di Tivo zu fahren und heute in Majelletta zu bleiben, d.h. Ski an den Rucksack montieren und einmal aufsteigen. Nach \u00fcber 1h hatte ich die 320hm geschafft, runterw\u00e4rts brauchte ich auch fast eine Stunde, weil ich ausgiebigst fotografierte. Wobei ich aus Gewichtsgr\u00fcnden nur die IR-Cam mitgenommen hatte.<\/p>\n<p>Beim Abfahrten dann, toller Schnee und wehm\u00fctig der Blick zur\u00fcck &#8230; soll es das wirklich gewesen sein!? Soll ich morgen wirklich in Prati di Tivo fahren? Ob ich da auch nur halbwegs so viel Varinten wie hier h\u00e4tte? Sicher, wenn man von der Bergstation der Kombibahn fahren d\u00fcrfte, h\u00e4tte man 600hm, aber das wusste ich ja nicht. Im Hinterkopf hatte ich, dass man von der Bergstation schon zu ESL-Zeiten kaum fahren durfte, dass das egtl. als schwarze Piste ausgezeichnet w\u00e4re. Lt. Homepage ist eine rote und eine blaue ge\u00f6ffnet &#8211; kein Hinweis \u00fcberhaupt auf die Existenz einer schwarzen Piste. Oder ist die Piste mittlerweile von oben modelliert und rot ausgezeichnet? Ohne den oberen Teil h\u00e4tte man jedenfalls auch nur 300 statt 600 hm, und somit gleich viel wie hier, nur bei viel weniger Fl\u00e4che, da links von der Kombibahn Wald ist, wo wohl nicht mehr genug Schnee liegen d\u00fcrfte&#8230;. <\/p>\n<p>(Fotos anklicken zum Vergr\u00f6\u00dfern)<\/p>\n<p><a href='http:\/\/extra.inmontanis.info\/d\/29071-2\/ge201505abruzzen1.jpg'><img src=http:\/\/extra.inmontanis.info\/d\/29070-3\/ge201505abruzzen1.jpg \/><\/a><br \/>\nB) Majelletta<br \/>\nC) Cavallone (Korblift)<\/p>\n<p><a href='http:\/\/ski.inmontanis.info\/d\/201816-2\/DSC09185.jpg'><img src=http:\/\/ski.inmontanis.info\/d\/201815-3\/DSC09185.jpg \/><\/a><br \/>\n^ Sogar am Passo Lanciano (1320m) k\u00f6nnte man noch skifahren ;)<\/p>\n<p><a href='http:\/\/ski.inmontanis.info\/d\/201820-2\/DSC09194.jpg'><img src=http:\/\/ski.inmontanis.info\/d\/201819-3\/DSC09194.jpg \/><\/a><br \/>\n^ Leider nicht sehr sonnig, dazu sehr st\u00fcrmisch &#8211; die Lifte blieben zu. Die Schneewand rechts ist f\u00fcr Anfang Mai auf 1600m auch ordentlich ;)<\/p>\n<p><a href='http:\/\/ski.inmontanis.info\/d\/201824-2\/DSC09198.jpg'><img src=http:\/\/ski.inmontanis.info\/d\/201823-3\/DSC09198.jpg \/><\/a><br \/>\n^ Stillgelegter SL, dahinter der neue CCM-SL<\/p>\n<p><a href='http:\/\/ski.inmontanis.info\/d\/201828-2\/DSC01813.jpg'><img src=http:\/\/ski.inmontanis.info\/d\/201827-3\/DSC01813.jpg \/><\/a><br \/>\n^ IR-Pano von oben mit Blick zur Adria nachdem ich zu Fu\u00df raufgestiegen bin &#8211; die Lifte blieben wg. des Sturms leider zu. Naja, m.E. h\u00e4tte der SL schon fahren k\u00f6nnen.<\/p>\n<p><a href='http:\/\/ski.inmontanis.info\/d\/201832-2\/DSC01820.jpg'><img src=http:\/\/ski.inmontanis.info\/d\/201831-3\/DSC01820.jpg \/><\/a><br \/>\n^ Graffer-SL mit Meerpano (IR)<\/p>\n<p><a href='http:\/\/ski.inmontanis.info\/d\/201836-2\/DSC01834.jpg'><img src=http:\/\/ski.inmontanis.info\/d\/201835-3\/DSC01834.jpg \/><\/a><br \/>\n^ Graffer-SL mit Funpark und Meerpano (IR)<\/p>\n<p><a href='http:\/\/ski.inmontanis.info\/d\/201840-2\/DSC01847.jpg'><img src=http:\/\/ski.inmontanis.info\/d\/201839-3\/DSC01847.jpg \/><\/a><br \/>\n^ Graffer-SL mit Meerpano (IR)<\/p>\n<p><a href='http:\/\/ski.inmontanis.info\/d\/201844-2\/DSC01895.jpg'><img src=http:\/\/ski.inmontanis.info\/d\/201843-3\/DSC01895.jpg \/><\/a><br \/>\n^ Graffer-SL, ein Teil der Antennen, Meerblick (IR)<\/p>\n<p><a href='http:\/\/ski.inmontanis.info\/d\/201848-2\/DSC01927.jpg'><img src=http:\/\/ski.inmontanis.info\/d\/201847-3\/DSC01927.jpg \/><\/a><br \/>\n^ Einige der Antennenpilze<\/p>\n<p><a href='http:\/\/ski.inmontanis.info\/d\/201852-2\/DSC01930.jpg'><img src=http:\/\/ski.inmontanis.info\/d\/201851-3\/DSC01930.jpg \/><\/a><br \/>\n^ Talstation Graffer-SL mit Meerpano (IR)<\/p>\n<p><a href='http:\/\/ski.inmontanis.info\/d\/201856-2\/DSC01970.jpg'><img src=http:\/\/ski.inmontanis.info\/d\/201855-3\/DSC01970.jpg \/><\/a><br \/>\n^ Meerblick (IR), vorne die Stra\u00dfe ist auch noch tief unter Schnee.<\/p>\n<p><a href='http:\/\/ski.inmontanis.info\/d\/201860-2\/DSC01971.jpg'><img src=http:\/\/ski.inmontanis.info\/d\/201859-3\/DSC01971.jpg \/><\/a><br \/>\n^ Talstation Graffer-SL mit Meerblick (IR)<\/p>\n<p><a href='http:\/\/ski.inmontanis.info\/d\/201864-2\/DSC01979.jpg'><img src=http:\/\/ski.inmontanis.info\/d\/201863-3\/DSC01979.jpg \/><\/a><br \/>\n^ Abfahrt (IR), Schnee war ganz gut &#8211; besser als am n\u00e4chsten Tag.<\/p>\n<p><a href='http:\/\/ski.inmontanis.info\/d\/201868-2\/DSC01982.jpg'><img src=http:\/\/ski.inmontanis.info\/d\/201867-3\/DSC01982.jpg \/><\/a><br \/>\n^ Abfahrt und Variantenm\u00f6glichkeiten (IR)<\/p>\n<p><a href='http:\/\/ski.inmontanis.info\/d\/201872-2\/DSC01983.jpg'><img src=http:\/\/ski.inmontanis.info\/d\/201871-3\/DSC01983.jpg \/><\/a><br \/>\n^ Abfahrt (IR)<\/p>\n<p><a href='http:\/\/ski.inmontanis.info\/d\/201876-2\/DSC01987.jpg'><img src=http:\/\/ski.inmontanis.info\/d\/201875-3\/DSC01987.jpg \/><\/a><br \/>\n^ Stillgelegter Nascivera-SL<\/p>\n<p><a href='http:\/\/ski.inmontanis.info\/d\/201880-2\/DSC01991.jpg'><img src=http:\/\/ski.inmontanis.info\/d\/201879-3\/DSC01991.jpg \/><\/a><br \/>\n^ Stillgelegter Nascivera-SL; von den beiden rechten SL ist nur noch der linke in Betrieb (aber heute leider nicht)<\/p>\n<p><a href='http:\/\/ski.inmontanis.info\/d\/201884-2\/DSC01994.jpg'><img src=http:\/\/ski.inmontanis.info\/d\/201883-3\/DSC01994.jpg \/><\/a><br \/>\n^ Stillgelegter Nascivera-SL mit Meerblick (IR)<\/p>\n<p><a href='http:\/\/ski.inmontanis.info\/d\/201888-2\/DSC02005.jpg'><img src=http:\/\/ski.inmontanis.info\/d\/201887-3\/DSC02005.jpg \/><\/a><br \/>\n^ Stillgelegter Nascivera-SL (IR)<\/p>\n<p><a href='http:\/\/ski.inmontanis.info\/d\/201892-2\/DSC09204.jpg'><img src=http:\/\/ski.inmontanis.info\/d\/201891-3\/DSC09204.jpg \/><\/a><br \/>\n^ Meerblick gab&#8217;s nat\u00fcrlich auch ohne IR, hatte gewichtsm\u00e4\u00dfig nur die IR-Cam auf der Skitour dabei.<\/p>\n<p><a href='http:\/\/ski.inmontanis.info\/d\/201896-2\/DSC09206.jpg'><img src=http:\/\/ski.inmontanis.info\/d\/201895-3\/DSC09206.jpg \/><\/a><br \/>\n^ Riesen-Schneehaufen und aufgelassene SL-Talstation (vmtl. Vorg\u00e4nger 3SB) am Passo Lanciano<\/p>\n<p><a href='http:\/\/ski.inmontanis.info\/d\/201900-2\/DSC09209.jpg'><img src=http:\/\/ski.inmontanis.info\/d\/201899-3\/DSC09209.jpg \/><\/a><br \/>\n^ Blick von unten; da oben, wo die Antennen sind, ist die Talstation des Graffer-SL<\/p>\n<p><strong>&#8220;Sommerschi&#8221; in den Abruzzen, 1.-3.5.2015<br \/>\nTeil 2b: Korblift Cavallone, 2.5.2015<\/strong><\/p>\n<p>Zweites (geplantes) Ziel war heute der Korblift an der Cavallone-Grotte. War ich ja vor ein paar Jahren im Sommer schon mal, aber wollte den Korblift mal wieder mitnehmen, wenn man schon in der Gegend ist. Aber diesmal ohne Grotte, vielleicht n\u00e4chstes Mal wieder. Die Fahrt auf die andere Seite des Majella-Massifs ist anstrengend und wurde durch eine Stra\u00dfensperre noch verl\u00e4ngert. Leider hatte das Restaurant oben noch geschlossen und unten gab&#8217;s auch nichts sinnvolles. Pech mal wieder. Da h\u00e4tte man mal Zeit zum Mittagessen&#8230;<\/p>\n<p><a href='http:\/\/extra.inmontanis.info\/d\/29235-2\/DSC09210.jpg'><img src=http:\/\/extra.inmontanis.info\/d\/29234-3\/DSC09210.jpg \/><\/a><br \/>\n^ Mein Navi f\u00fchrte mich in Guardiagrele auf eine krasse Nebenstra\u00dfe (Colle Luna). Enge Kehren, aber krass war die Steilheit am Anfang (runterw\u00e4rts gefahren).<\/p>\n<p><a href='http:\/\/extra.inmontanis.info\/d\/29239-2\/DSC09218.jpg'><img src=http:\/\/extra.inmontanis.info\/d\/29238-3\/DSC09218.jpg \/><\/a><br \/>\n^ Casoli &#8211; typisch italienisch auf dem Berg gebaut<\/p>\n<p><a href='http:\/\/extra.inmontanis.info\/d\/29243-2\/DSC09222.jpg'><img src=http:\/\/extra.inmontanis.info\/d\/29242-3\/DSC09222.jpg \/><\/a><br \/>\n^ Bei Fara San Martino<\/p>\n<p><a href='http:\/\/extra.inmontanis.info\/d\/29103-2\/DSC09235.jpg'><img src=http:\/\/extra.inmontanis.info\/d\/29102-3\/DSC09235.jpg \/><\/a><br \/>\n^ Am Parkplatz des Korblifts<\/p>\n<p><a href='http:\/\/extra.inmontanis.info\/d\/29107-2\/DSC09239.jpg'><img src=http:\/\/extra.inmontanis.info\/d\/29106-3\/DSC09239.jpg \/><\/a><br \/>\n^ Talstation<\/p>\n<p><a href='http:\/\/extra.inmontanis.info\/d\/29111-2\/DSC02011.jpg'><img src=http:\/\/extra.inmontanis.info\/d\/29110-3\/DSC02011.jpg \/><\/a><br \/>\n^ Felsbewuchs in IR<\/p>\n<p><a href='http:\/\/extra.inmontanis.info\/d\/29115-2\/DSC09248.jpg'><img src=http:\/\/extra.inmontanis.info\/d\/29114-3\/DSC09248.jpg \/><\/a><br \/>\n^ Links und rechts des Korblifts sind steile Felsh\u00e4nge<\/p>\n<p><a href='http:\/\/extra.inmontanis.info\/d\/29119-2\/DSC09252.jpg'><img src=http:\/\/extra.inmontanis.info\/d\/29118-3\/DSC09252.jpg \/><\/a><br \/>\n^ Unterer Teil der Strecke<\/p>\n<p><a href='http:\/\/extra.inmontanis.info\/d\/29123-2\/DSC02023.jpg'><img src=http:\/\/extra.inmontanis.info\/d\/29122-3\/DSC02023.jpg \/><\/a><br \/>\n^ B\u00e4ume in Falschfarb-IR<\/p>\n<p><a href='http:\/\/extra.inmontanis.info\/d\/29127-2\/DSC09258.jpg'><img src=http:\/\/extra.inmontanis.info\/d\/29126-3\/DSC09258.jpg \/><\/a><br \/>\n^ Korblift-Strecke oben<\/p>\n<p><a href='http:\/\/extra.inmontanis.info\/d\/29131-2\/DSC02028.jpg'><img src=http:\/\/extra.inmontanis.info\/d\/29130-3\/DSC02028.jpg \/><\/a><br \/>\n^ Korblift (IR)<\/p>\n<p><a href='http:\/\/extra.inmontanis.info\/d\/29135-2\/DSC02034.jpg'><img src=http:\/\/extra.inmontanis.info\/d\/29134-3\/DSC02034.jpg \/><\/a><br \/>\n^ Zugang zum Eingang der H\u00f6hle (IR)<\/p>\n<p><a href='http:\/\/extra.inmontanis.info\/d\/29139-2\/DSC09266.jpg'><img src=http:\/\/extra.inmontanis.info\/d\/29138-3\/DSC09266.jpg \/><\/a><br \/>\n^ Bergstation<\/p>\n<p><a href='http:\/\/extra.inmontanis.info\/d\/29143-2\/DSC09267.jpg'><img src=http:\/\/extra.inmontanis.info\/d\/29142-3\/DSC09267.jpg \/><\/a><br \/>\n^ Blick von der Bergstation zur H\u00f6hle. Hier sind einige Lawinen abgegangen. Oder zumindest eine.<\/p>\n<p><a href='http:\/\/extra.inmontanis.info\/d\/29147-2\/DSC09271.jpg'><img src=http:\/\/extra.inmontanis.info\/d\/29146-3\/DSC09271.jpg \/><\/a><br \/>\n^ Bergstation<\/p>\n<p><a href='http:\/\/extra.inmontanis.info\/d\/29151-2\/DSC09274.jpg'><img src=http:\/\/extra.inmontanis.info\/d\/29150-3\/DSC09274.jpg \/><\/a><br \/>\n^ St\u00fctzen vor der Bergstation<\/p>\n<p><a href='http:\/\/extra.inmontanis.info\/d\/29155-2\/DSC09279.jpg'><img src=http:\/\/extra.inmontanis.info\/d\/29154-3\/DSC09279.jpg \/><\/a><br \/>\n^ Korblift<\/p>\n<p><a href='http:\/\/extra.inmontanis.info\/d\/29159-2\/DSC09285.jpg'><img src=http:\/\/extra.inmontanis.info\/d\/29158-3\/DSC09285.jpg \/><\/a><br \/>\n^ Aufgang zur H\u00f6hle. Lie\u00df ich heute aus, n\u00e4chstes Mal wieder.<\/p>\n<p><a href='http:\/\/extra.inmontanis.info\/d\/29163-2\/DSC09294.jpg'><img src=http:\/\/extra.inmontanis.info\/d\/29162-3\/DSC09294.jpg \/><\/a><br \/>\n^ Talblick<\/p>\n<p><a href='http:\/\/extra.inmontanis.info\/d\/29167-2\/DSC09296.jpg'><img src=http:\/\/extra.inmontanis.info\/d\/29166-3\/DSC09296.jpg \/><\/a><br \/>\n^ Fu\u00dfweg von der H\u00f6hle mit Blick zum Korblift samt Bergstation<\/p>\n<p><a href='http:\/\/extra.inmontanis.info\/d\/29171-2\/DSC09298.jpg'><img src=http:\/\/extra.inmontanis.info\/d\/29170-3\/DSC09298.jpg \/><\/a><br \/>\n^ In diesem Felshaus war zumindest bei meinem letzten Besuch ein kleiner Shop<\/p>\n<p><a href='http:\/\/extra.inmontanis.info\/d\/29175-2\/DSC09300.jpg'><img src=http:\/\/extra.inmontanis.info\/d\/29174-3\/DSC09300.jpg \/><\/a><br \/>\n^ Bergstation<\/p>\n<p><a href='http:\/\/extra.inmontanis.info\/d\/29179-2\/DSC09301.jpg'><img src=http:\/\/extra.inmontanis.info\/d\/29178-3\/DSC09301.jpg \/><\/a><br \/>\n^ Bergstation. Das Restaurant im Untergeschoss war leider noch geschlossen.<\/p>\n<p><a href='http:\/\/extra.inmontanis.info\/d\/29183-2\/DSC09304.jpg'><img src=http:\/\/extra.inmontanis.info\/d\/29182-3\/DSC09304.jpg \/><\/a><br \/>\n^ Oberer Teil der Korbliftstrecke<\/p>\n<p><a href='http:\/\/extra.inmontanis.info\/d\/29187-2\/DSC09315.jpg'><img src=http:\/\/extra.inmontanis.info\/d\/29186-3\/DSC09315.jpg \/><\/a><br \/>\n^ St\u00fctze 15; Nascivera hatte ja irgendwann Niederhalter-St\u00fctzen hinzugef\u00fcgt. Ich frag mich allerdings, ob diese Teletrasporti-Anlage schon immer diese Marchisio-K\u00f6rbe hatte..<\/p>\n<p><a href='http:\/\/extra.inmontanis.info\/d\/29191-2\/DSC09317.jpg'><img src=http:\/\/extra.inmontanis.info\/d\/29190-3\/DSC09317.jpg \/><\/a><br \/>\n^ Noch ein Nascivera-Niederhalter<\/p>\n<p><a href='http:\/\/extra.inmontanis.info\/d\/29195-2\/DSC09324.jpg'><img src=http:\/\/extra.inmontanis.info\/d\/29194-3\/DSC09324.jpg \/><\/a><br \/>\n^ Nascivera-Portalst\u00fctze<\/p>\n<p><a href='http:\/\/extra.inmontanis.info\/d\/29199-2\/DSC09330.jpg'><img src=http:\/\/extra.inmontanis.info\/d\/29198-3\/DSC09330.jpg \/><\/a><br \/>\n^ St\u00fctze ca. 11-10<\/p>\n<p><a href='http:\/\/extra.inmontanis.info\/d\/29203-2\/DSC09338.jpg'><img src=http:\/\/extra.inmontanis.info\/d\/29202-3\/DSC09338.jpg \/><\/a><br \/>\n^ St\u00fctze 11 und oberer Streckenabschnitt; die Bergstation befindet sich unterhalb der linken Rollenbatterie.<\/p>\n<p><a href='http:\/\/extra.inmontanis.info\/d\/29207-2\/DSC09349.jpg'><img src=http:\/\/extra.inmontanis.info\/d\/29206-3\/DSC09349.jpg \/><\/a><br \/>\n^ St\u00fctze 9<\/p>\n<p><a href='http:\/\/extra.inmontanis.info\/d\/29211-2\/DSC09363.jpg'><img src=http:\/\/extra.inmontanis.info\/d\/29210-3\/DSC09363.jpg \/><\/a><br \/>\n^ Das &quot;Non Dondolare&quot;-Schild ist kaum noch lesbar<\/p>\n<p><a href='http:\/\/extra.inmontanis.info\/d\/29215-2\/DSC09368.jpg'><img src=http:\/\/extra.inmontanis.info\/d\/29214-3\/DSC09368.jpg \/><\/a><br \/>\n^ Boden des Korbs<\/p>\n<p><a href='http:\/\/extra.inmontanis.info\/d\/29219-2\/DSC09372.jpg'><img src=http:\/\/extra.inmontanis.info\/d\/29218-3\/DSC09372.jpg \/><\/a><br \/>\n^ St\u00fctzenfundament<\/p>\n<p><a href='http:\/\/extra.inmontanis.info\/d\/29223-2\/DSC09373.jpg'><img src=http:\/\/extra.inmontanis.info\/d\/29222-3\/DSC09373.jpg \/><\/a><br \/>\n^ Talstation und Parkplatz<\/p>\n<p><a href='http:\/\/extra.inmontanis.info\/d\/29227-2\/DSC09379.jpg'><img src=http:\/\/extra.inmontanis.info\/d\/29226-3\/DSC09379.jpg \/><\/a><br \/>\n^ Kassenh\u00e4uschen im Stil einer PB-Kabine oder einer Lok. Vielleicht war&#8217;s auch mal eins von beiden.<\/p>\n<p><a href='http:\/\/extra.inmontanis.info\/d\/29231-2\/DSC09382.jpg'><img src=http:\/\/extra.inmontanis.info\/d\/29230-3\/DSC09382.jpg \/><\/a><br \/>\n^ St\u00fctze 1<\/p>\n<p>Kleines Video, inkl. ein paar IR-Sequenzen zum Schluss:<br \/>\n<object style=\"height: 500px; width: 900px\"><param name=\"movie\" value=\"http:\/\/www.youtube.com\/v\/-R7d5Ko_3_E\"><\/param><param name=\"wmode\" value=\"transparent\"><\/param><embed src=\"http:\/\/www.youtube.com\/v\/-R7d5Ko_3_E\" type=\"application\/x-shockwave-flash\" wmode=\"transparent\"  width=\"900\" height=\"480\"><\/embed><\/object><\/p>\n<p><strong>&#8220;Sommerschi&#8221; in den Abruzzen, 1.-3.5.2015<br \/>\nTeil 2c: Majelletta in der Nacht, 2.5.2015<\/strong><\/p>\n<p>Die Entscheidung, wo ich nun morgen hinfahren wollte, f\u00e4llte ich dann nach dem Korblift, und sie lautete: Heute abend nochmal Majelletta rauffahren und die sturmm\u00e4\u00dfig verpatzten Nachtfotos nachholen. Morgen 2 Stunden weniger als ge\u00f6ffnet fahren, also nur bis 12, und dann 2,5h nach Prati di Tivo r\u00fcber, die lt. Website bis 17 Uhr in Betrieb sein sollten &#8211; wenn ich dort nochmal 2 Stunden fahren w\u00fcrde, w\u00fcrde ich also in Summe genauso lang fahren, als w\u00e4re ich in Majelletta bis zum Schluss um 14h geblieben. Umgekehrt, nur in Prati di Tivo, w\u00e4re ich sicher auch nicht den ganzen Tag geblieben &#8230;<\/p>\n<p><a href='http:\/\/extra.inmontanis.info\/d\/29247-2\/DSC09383.jpg'><img src=http:\/\/extra.inmontanis.info\/d\/29246-3\/DSC09383.jpg \/><\/a><br \/>\n^ SS84 \/ Zwischen Lama und Palena<\/p>\n<p><a href='http:\/\/extra.inmontanis.info\/d\/29251-2\/DSC09389.jpg'><img src=http:\/\/extra.inmontanis.info\/d\/29250-3\/DSC09389.jpg \/><\/a><br \/>\n^ Massenwanderung &#8211; gingen zum Gl\u00fcck in die entgegengesetzte Richtung.<\/p>\n<p>Zur\u00fcck bin ich \u00fcber Campo di Giove gefahren (die s\u00fcdliche Passstra\u00dfe ist ja im Winter gesperrt), in Palena \u00fcberlegte ich kurz, ob ich zur Talstation der geschlossenen DSB fahre .. aber da ich mir vorhin die Stra\u00dfe nicht im GE angeschaut hatte und auch nicht wusste, wie hoch die Talstation ist und bef\u00fcrchtete, dass da noch irgendwo Schneefelder liegen k\u00f6nnten und andererseits wurde auf einer Website von einem schlechten bis unfahrbaren Zustand gewarnt, also hab ich&#8217;s doch nicht probiert. Nachtr\u00e4glich hab ich mir die Stra\u00dfe jetzt auf den Sat-Bildern angeschaut, es gibt einige gro\u00dfe L\u00f6cher, die vmtl. umfahrbar w\u00e4ren, und eine Stelle, wo die Stra\u00dfe zur H\u00e4lfte abgebrochen ist &#8211; keine Ahnung ob der Rest noch breit genug f\u00fcr ein Auto ist und ob sich der Zustand mittlerweile vielleicht noch verschlechtert hat oder evtl. die Stra\u00dfe sowieso gesperrt w\u00e4re. Hier das Sat-Bild: <a href='http:\/\/binged.it\/1O2d13R'>http:\/\/binged.it\/1O2d13R<\/a><\/p>\n<p><a href='http:\/\/ski.inmontanis.info\/d\/201808-2\/DSC09391.jpg'><img src=http:\/\/ski.inmontanis.info\/d\/201807-3\/DSC09391.jpg \/><\/a><br \/>\n^ Hatte kurz \u00fcberlegt, einen Abstecher zur stillgelegten DSB  auf der R\u00fcckseite vom Skigebiet Campo di Giove (wo ich heuer im Winter auch schon war) zu machen &#8230;<\/p>\n<p><a href='http:\/\/extra.inmontanis.info\/d\/29255-2\/DSC09400.jpg'><img src=http:\/\/extra.inmontanis.info\/d\/29254-3\/DSC09400.jpg \/><\/a><br \/>\n^ Die kleine Passstra\u00dfe s\u00fcdlich von Campo di Giove ist im (Hoch-) Winter geschlossen. Grund genug, sie jetzt mal zu fahren. S\u00fcdseitig liegt ein sch\u00f6ner See<\/p>\n<p><a href='http:\/\/extra.inmontanis.info\/d\/29259-2\/DSC09406.jpg'><img src=http:\/\/extra.inmontanis.info\/d\/29258-3\/DSC09406.jpg \/><\/a><br \/>\n^ .. es gibt sogar noch einige Schneefelder auf 1400m auf diesem Pass<\/p>\n<p><a href='http:\/\/ski.inmontanis.info\/d\/201812-2\/DSC09414.jpg'><img src=http:\/\/ski.inmontanis.info\/d\/201811-3\/DSC09414.jpg \/><\/a><br \/>\n^ Blick ins Skigebiet von Campo di Giove (man sieht hier die 2 stillgelegten SL zum Gipfel)<\/p>\n<p><a href='http:\/\/extra.inmontanis.info\/d\/29263-2\/DSC09415.jpg'><img src=http:\/\/extra.inmontanis.info\/d\/29262-3\/DSC09415.jpg \/><\/a><br \/>\n^ Pano vor Campo di Giove<\/p>\n<p>In Sulmona war ich noch einkaufen, danach nur schwer ein Restaurant gefunden. Ich erinnerte mich aber an das Restaurant neben dem Hotel vom Februar, war zwar ein kleiner Umweg, aber es hatte offen. Nat\u00fcrlich muss man, wenn man schon mal hier in der Gegend ist, etwas mit Tr\u00fcffel essen. Ich entschied mich f\u00fcr eine &#8220;wei\u00dfe&#8221; Pizza (also ohne Tomatenso\u00dfe), mit Salsiccia (na klar), Champignons und &#8220;crema tartufata&#8221;. Lecker, lecker.<\/p>\n<p><a href='http:\/\/extra.inmontanis.info\/d\/29267-2\/20150502pizza.jpg'><img src=http:\/\/extra.inmontanis.info\/d\/29266-3\/20150502pizza.jpg \/><\/a><br \/>\n^ Leckere Pizza mit Salsiccia, Champignons und Tr\u00fcffelsauce<\/p>\n<p><a href='http:\/\/extra.inmontanis.info\/d\/29271-2\/DSC09423.jpg'><img src=http:\/\/extra.inmontanis.info\/d\/29270-3\/DSC09423.jpg \/><\/a><br \/>\n^ Abendd\u00e4mmerung auf der Stra\u00dfe zum Passo Lanciano, inkl. kleinem Feuerwerk<\/p>\n<p>Nach dem Sonnenuntergang war ich wieder im Skigebiet Majelletta, diesmal \u00fcbernachtete ich gleich oben.<\/p>\n<p><a href='http:\/\/ski.inmontanis.info\/d\/201904-2\/DSC09447.jpg'><img src=http:\/\/ski.inmontanis.info\/d\/201903-3\/DSC09447.jpg \/><\/a><br \/>\n^ Nachtpano Majelletta zur Adria (10sek)<\/p>\n<p><a href='http:\/\/ski.inmontanis.info\/d\/201908-2\/DSC09449.jpg'><img src=http:\/\/ski.inmontanis.info\/d\/201907-3\/DSC09449.jpg \/><\/a><br \/>\n^ Nachtpano Majelletta zur Adria (15sek)<\/p>\n<p><a href='http:\/\/ski.inmontanis.info\/d\/201912-2\/DSC09450.jpg'><img src=http:\/\/ski.inmontanis.info\/d\/201911-3\/DSC09450.jpg \/><\/a><br \/>\n^ Nachtpano Majelletta richtung Pescara \/ Adria (15sek)<\/p>\n<p><a href='http:\/\/ski.inmontanis.info\/d\/201916-2\/DSC09452.jpg'><img src=http:\/\/ski.inmontanis.info\/d\/201915-3\/DSC09452.jpg \/><\/a><br \/>\n^ Mondpano (15 sek). Mit dem hellen Mond und den Wolken sieht man fast keine Sterne &#8230;<\/p>\n<p><a href='http:\/\/ski.inmontanis.info\/d\/201920-2\/DSC09455.jpg'><img src=http:\/\/ski.inmontanis.info\/d\/201919-3\/DSC09455.jpg \/><\/a><br \/>\n^ Nachtpano mit Rif. Mamma Rosa (10 sek)<\/p>\n<p><a href='http:\/\/ski.inmontanis.info\/d\/201924-2\/DSC09459.jpg'><img src=http:\/\/ski.inmontanis.info\/d\/201923-3\/DSC09459.jpg \/><\/a><br \/>\n^ Nachtpano (13 sek)<\/p>\n<p><a href='http:\/\/ski.inmontanis.info\/d\/201928-2\/DSC09460.jpg'><img src=http:\/\/ski.inmontanis.info\/d\/201927-3\/DSC09460.jpg \/><\/a><br \/>\n^ Nachtpano (13 sek)<\/p>\n<p><a href='http:\/\/ski.inmontanis.info\/d\/201932-2\/DSC09462.jpg'><img src=http:\/\/ski.inmontanis.info\/d\/201931-3\/DSC09462.jpg \/><\/a><br \/>\n^ SL und Sterne (13sek)<\/p>\n<p><a href='http:\/\/ski.inmontanis.info\/d\/201936-2\/DSC09465.jpg'><img src=http:\/\/ski.inmontanis.info\/d\/201935-3\/DSC09465.jpg \/><\/a><br \/>\n^ Mond und SL (13 sek)<\/p>\n<p>(Fortsetzung folgt)<\/p>\n","protected":false},"excerpt":{"rendered":"<p>&#8220;Sommerschi&#8221; in den Abruzzen, 1.-3.5.2015 Teil 2a: Majelletta, 2.5.2015<\/p>\n<p>Der Sturm wurde auch am Pass die Nacht \u00fcber st\u00e4rker, immer wieder h\u00f6rte ich ihn und sp\u00fcrte das Wackeln des Autos im Schlaf&#8230;<\/p>\n<p>Um 8 Uhr war ich wieder oben an den SL, die aufgrund des Sturmes nicht in Betrieb gingen. Also wenigstens die oberen Kurzb\u00fcgel-Teller-SL <a href=\"http:\/\/blog.inmontanis.info\/?p=3229\">[&#8230;]<\/a><\/p>\n","protected":false},"author":1,"featured_media":0,"comment_status":"closed","ping_status":"closed","sticky":false,"template":"","format":"standard","meta":{"footnotes":""},"categories":[147,15,472,59,29],"tags":[91,90,63,100,80,37,47],"class_list":["post-3229","post","type-post","status-publish","format-standard","hentry","category-abruzzen-sommerschi-1-3-5-2015","category-italienitaly","category-majelletta-p-lanciano","category-nostalgie","category-skitourenwalk-ski","tag-graffer","tag-infrarot","tag-korblift","tag-langzeitbelichtung","tag-marchisio","tag-meer","tag-sl","odd"],"_links":{"self":[{"href":"http:\/\/blog.inmontanis.info\/index.php?rest_route=\/wp\/v2\/posts\/3229","targetHints":{"allow":["GET"]}}],"collection":[{"href":"http:\/\/blog.inmontanis.info\/index.php?rest_route=\/wp\/v2\/posts"}],"about":[{"href":"http:\/\/blog.inmontanis.info\/index.php?rest_route=\/wp\/v2\/types\/post"}],"author":[{"embeddable":true,"href":"http:\/\/blog.inmontanis.info\/index.php?rest_route=\/wp\/v2\/users\/1"}],"replies":[{"embeddable":true,"href":"http:\/\/blog.inmontanis.info\/index.php?rest_route=%2Fwp%2Fv2%2Fcomments&post=3229"}],"version-history":[{"count":2,"href":"http:\/\/blog.inmontanis.info\/index.php?rest_route=\/wp\/v2\/posts\/3229\/revisions"}],"predecessor-version":[{"id":3231,"href":"http:\/\/blog.inmontanis.info\/index.php?rest_route=\/wp\/v2\/posts\/3229\/revisions\/3231"}],"wp:attachment":[{"href":"http:\/\/blog.inmontanis.info\/index.php?rest_route=%2Fwp%2Fv2%2Fmedia&parent=3229"}],"wp:term":[{"taxonomy":"category","embeddable":true,"href":"http:\/\/blog.inmontanis.info\/index.php?rest_route=%2Fwp%2Fv2%2Fcategories&post=3229"},{"taxonomy":"post_tag","embeddable":true,"href":"http:\/\/blog.inmontanis.info\/index.php?rest_route=%2Fwp%2Fv2%2Ftags&post=3229"}],"curies":[{"name":"wp","href":"https:\/\/api.w.org\/{rel}","templated":true}]}}