{"id":3221,"date":"2015-04-26T22:03:04","date_gmt":"2015-04-26T20:03:04","guid":{"rendered":"http:\/\/blog.inmontanis.info\/?p=3221"},"modified":"2023-08-06T21:24:06","modified_gmt":"2023-08-06T19:24:06","slug":"ischgl-26-4-2015-pb-val-gronda","status":"publish","type":"post","link":"http:\/\/blog.inmontanis.info\/?p=3221","title":{"rendered":"Ischgl, 26.4.2015 \/ PB Val Gronda"},"content":{"rendered":"<p>Am 26.4. stand ein Kilometerfresstag in Ischgl auf dem Programm &#8211; ich glaub sogar, dass ich noch nie so viel km gefahren bin wie an diesem Tag: 138,8 km inkl. Liftfahrten!<\/p>\n<p>Highlight war f\u00fcr mich heute die Erstbefahrung der Piz Val Gronda &#8211; PPPB. PPPB? Protzige Pornopendelbahn :) Das ist das einzige, was mir vor Ort dazu eingefallen ist. <\/p>\n<p>(Fotos anklicken zum Vergr\u00f6\u00dfern)<\/p>\n<p><a href='http:\/\/ski.inmontanis.info\/d\/201384-2\/DSC08879.jpg'><img src=http:\/\/ski.inmontanis.info\/d\/201383-3\/DSC08879.jpg \/><\/a><br \/>\n^ Mittelstationen<\/p>\n<p><a href='http:\/\/ski.inmontanis.info\/d\/201388-2\/DSC08880.jpg'><img src=http:\/\/ski.inmontanis.info\/d\/201387-3\/DSC08880.jpg \/><\/a><br \/>\n^ DSB Velilleck und Abfahrt 7<\/p>\n<p><a href='http:\/\/ski.inmontanis.info\/d\/201392-2\/DSC08883.jpg'><img src=http:\/\/ski.inmontanis.info\/d\/201391-3\/DSC08883.jpg \/><\/a><br \/>\n^ 8KSB Idjoch. Auf Samnauner Seite war das Wetter wesentlich schlechter<\/p>\n<p><a href='http:\/\/ski.inmontanis.info\/d\/201396-2\/DSC08885.jpg'><img src=http:\/\/ski.inmontanis.info\/d\/201395-3\/DSC08885.jpg \/><\/a><br \/>\n^ Nette H\u00e4nge links der 4KSB Gampe<\/p>\n<p><a href='http:\/\/ski.inmontanis.info\/d\/201400-2\/DSC08887.jpg'><img src=http:\/\/ski.inmontanis.info\/d\/201399-3\/DSC08887.jpg \/><\/a><br \/>\n^ PB Val Gronda von der Gampenbahn aus. Sch\u00f6n, dass die Ende April noch in Betrieb ist, wird Zeit f\u00fcr meine Erstbefahrung<\/p>\n<p><a href='http:\/\/ski.inmontanis.info\/d\/201404-2\/DSC08888.jpg'><img src=http:\/\/ski.inmontanis.info\/d\/201403-3\/DSC08888.jpg \/><\/a><br \/>\n^ Talstation PB Piz Val Gronda. Als die Kabine einfuhr, stand das PB f\u00fcr mich aber nicht mehr f\u00fcr Pendelbahn, sondern f\u00fcr Pornobahn. Aber Porno im griechischen Wortsinn, nicht im neujugendeutschen ;-)<\/p>\n<p><a href='http:\/\/ski.inmontanis.info\/d\/201408-2\/DSC08889.jpg'><img src=http:\/\/ski.inmontanis.info\/d\/201407-3\/DSC08889.jpg \/><\/a><br \/>\n^ Talstation PB Val Gronda<\/p>\n<p><a href='http:\/\/ski.inmontanis.info\/d\/201412-2\/DSC08891.jpg'><img src=http:\/\/ski.inmontanis.info\/d\/201411-3\/DSC08891.jpg \/><\/a><br \/>\n^ PB Val Gronda St\u00fctze 1 und Skiweg retour (rechts)<\/p>\n<p><a href='http:\/\/ski.inmontanis.info\/d\/201416-2\/DSC08892.jpg'><img src=http:\/\/ski.inmontanis.info\/d\/201415-3\/DSC08892.jpg \/><\/a><br \/>\n^ &#8220;PPB&#8221; Val Gronda<\/p>\n<p><a href='http:\/\/ski.inmontanis.info\/d\/201420-2\/DSC08893.jpg'><img src=http:\/\/ski.inmontanis.info\/d\/201419-3\/DSC08893.jpg \/><\/a><br \/>\n^ PB Val Gronda Halfway<\/p>\n<p><a href='http:\/\/ski.inmontanis.info\/d\/201424-2\/DSC08895.jpg'><img src=http:\/\/ski.inmontanis.info\/d\/201423-3\/DSC08895.jpg \/><\/a><br \/>\n^ PB Val Gronda Spannfeld St\u00fctze 1-2<\/p>\n<p><a href='http:\/\/ski.inmontanis.info\/d\/201428-2\/DSC08897.jpg'><img src=http:\/\/ski.inmontanis.info\/d\/201427-3\/DSC08897.jpg \/><\/a><br \/>\n^ PB Val Gronda St\u00fctze 2<\/p>\n<p><a href='http:\/\/ski.inmontanis.info\/d\/201432-2\/DSC08899.jpg'><img src=http:\/\/ski.inmontanis.info\/d\/201431-3\/DSC08899.jpg \/><\/a><br \/>\n^ PB Val Gronda Kabine, mit etlichen Sitzpl\u00e4tzen, wo es sogar Skihalter gibt.<\/p>\n<p><a href='http:\/\/ski.inmontanis.info\/d\/201436-2\/DSC08902.jpg'><img src=http:\/\/ski.inmontanis.info\/d\/201435-3\/DSC08902.jpg \/><\/a><br \/>\n^ PB Val Gronda von der Bergstation aus<\/p>\n<p><a href='http:\/\/ski.inmontanis.info\/d\/201440-2\/DSC08918.jpg'><img src=http:\/\/ski.inmontanis.info\/d\/201439-3\/DSC08918.jpg \/><\/a><br \/>\n^ Seitenblick Bergstation PB Val Gronda (Fimbatal)<\/p>\n<p><a href='http:\/\/ski.inmontanis.info\/d\/201444-2\/DSC08905.jpg'><img src=http:\/\/ski.inmontanis.info\/d\/201443-3\/DSC08905.jpg \/><\/a><br \/>\n^ R\u00fcckseitenpano PB Val Gronda<\/p>\n<p><a href='http:\/\/ski.inmontanis.info\/d\/201448-2\/DSC08906.jpg'><img src=http:\/\/ski.inmontanis.info\/d\/201447-3\/DSC08906.jpg \/><\/a><br \/>\n^ PB Val Gronda Bergstation<\/p>\n<p><a href='http:\/\/ski.inmontanis.info\/d\/201452-2\/DSC08908.jpg'><img src=http:\/\/ski.inmontanis.info\/d\/201451-3\/DSC08908.jpg \/><\/a><br \/>\n^ (nette) Abfahrt PB Val Gronda<\/p>\n<p><a href='http:\/\/ski.inmontanis.info\/d\/201456-2\/DSC08910.jpg'><img src=http:\/\/ski.inmontanis.info\/d\/201455-3\/DSC08910.jpg \/><\/a><br \/>\n^ PB Val Gronda und Abfahrt<\/p>\n<p><a href='http:\/\/ski.inmontanis.info\/d\/201460-2\/DSC08913.jpg'><img src=http:\/\/ski.inmontanis.info\/d\/201459-3\/DSC08913.jpg \/><\/a><br \/>\n^ PB Val Gronda mit Skiaufh\u00e4nger<\/p>\n<p><a href='http:\/\/ski.inmontanis.info\/d\/201464-2\/DSC08926.jpg'><img src=http:\/\/ski.inmontanis.info\/d\/201463-3\/DSC08926.jpg \/><\/a><br \/>\n^ PB Val Gronda Offpiste-Gebiet<\/p>\n<p><a href='http:\/\/ski.inmontanis.info\/d\/201468-2\/DSC08925.jpg'><img src=http:\/\/ski.inmontanis.info\/d\/201467-3\/DSC08925.jpg \/><\/a><br \/>\n^ PB Val Gronda und Abfahrt<\/p>\n<p><a href='http:\/\/ski.inmontanis.info\/d\/201472-2\/DSC08927.jpg'><img src=http:\/\/ski.inmontanis.info\/d\/201471-3\/DSC08927.jpg \/><\/a><br \/>\n^ Skiweg PB Val Gronda<\/p>\n<p><a href='http:\/\/ski.inmontanis.info\/d\/201476-2\/DSC08929.jpg'><img src=http:\/\/ski.inmontanis.info\/d\/201475-3\/DSC08929.jpg \/><\/a><br \/>\n^ Verbindungsweg 40b Gampenalp &#8211; Bodenalp<\/p>\n<p><a href='http:\/\/ski.inmontanis.info\/d\/201480-2\/DSC08930.jpg'><img src=http:\/\/ski.inmontanis.info\/d\/201479-3\/DSC08930.jpg \/><\/a><br \/>\n^ 4SB Bodenalp &#8211; hatte um 12:20 Uhr keine 10 Spuren auf der Piste ;)<\/p>\n<p><a href='http:\/\/ski.inmontanis.info\/d\/201484-2\/DSC08931.jpg'><img src=http:\/\/ski.inmontanis.info\/d\/201483-3\/DSC08931.jpg \/><\/a><br \/>\n^ Da k\u00f6nnte man sicher auch noch eine Abfahrt und eine KSB reinbauen &#8230;<\/p>\n<p><a href='http:\/\/ski.inmontanis.info\/d\/201488-2\/DSC08932.jpg'><img src=http:\/\/ski.inmontanis.info\/d\/201487-3\/DSC08932.jpg \/><\/a><br \/>\n^ 4KSB H\u00f6llspitz und Paznauner Taja<\/p>\n<p><a href='http:\/\/ski.inmontanis.info\/d\/201492-2\/DSC08933.jpg'><img src=http:\/\/ski.inmontanis.info\/d\/201491-3\/DSC08933.jpg \/><\/a><br \/>\n^ 6SB Sassgalun und 6KSB Lange Wand<\/p>\n<p><a href='http:\/\/ski.inmontanis.info\/d\/201496-2\/DSC08934.jpg'><img src=http:\/\/ski.inmontanis.info\/d\/201495-3\/DSC08934.jpg \/><\/a><br \/>\n^ 8KSB H\u00f6llboden und Idalp<\/p>\n<p><a href='http:\/\/ski.inmontanis.info\/d\/201500-2\/DSC08938.jpg'><img src=http:\/\/ski.inmontanis.info\/d\/201499-3\/DSC08938.jpg \/><\/a><br \/>\n^ SL Schwarzwasser, trotz noch ge\u00f6ffneter Mittelstationsabfahrt nicht mehr ge\u00f6ffnet und schon abgeb\u00fcgelt &#8211; das hei\u00dft das ganze St\u00fcck hier r\u00fcber schieben :-(<\/p>\n<p><a href='http:\/\/ski.inmontanis.info\/d\/201504-2\/DSC08939.jpg'><img src=http:\/\/ski.inmontanis.info\/d\/201503-3\/DSC08939.jpg \/><\/a><br \/>\n^ 6KSB Nachtweide, toller Firn auf den zwei netten Abfahrten, kaum jemand fuhr die Bahn.<\/p>\n<p><a href='http:\/\/ski.inmontanis.info\/d\/201508-2\/DSC08940.jpg'><img src=http:\/\/ski.inmontanis.info\/d\/201507-3\/DSC08940.jpg \/><\/a><br \/>\n^ Liftkreuzung Nachtweide usw. Die Linienf\u00fchrung der 3 KSBs hier vergess ich jedes Mal, weil ich mir nie merken kann, dass links der Velill-KSB mittlerweile noch 3 weitere KSBs stehen<\/p>\n<p><a href='http:\/\/ski.inmontanis.info\/d\/201512-2\/DSC08941.jpg'><img src=http:\/\/ski.inmontanis.info\/d\/201511-3\/DSC08941.jpg \/><\/a><br \/>\n^ Kurzfristige Abfahrtssperre im H\u00f6llkar, weil einige Lawinen gesprengt wurden<\/p>\n<p><a href='http:\/\/ski.inmontanis.info\/d\/201516-2\/DSC08945.jpg'><img src=http:\/\/ski.inmontanis.info\/d\/201515-3\/DSC08945.jpg \/><\/a><br \/>\n^ Mein Lieblingslift in Ischgl bleibt nat\u00fcrlich der Grat-SL Greitspitz (heute 4x gefahren)<\/p>\n<p><a href='http:\/\/ski.inmontanis.info\/d\/201520-2\/DSC08951.jpg'><img src=http:\/\/ski.inmontanis.info\/d\/201519-3\/DSC08951.jpg \/><\/a><br \/>\n^ Funpark an der Idalp<\/p>\n<p><a href='http:\/\/ski.inmontanis.info\/d\/201524-3\/ge20150426d.jpg'><img src=http:\/\/ski.inmontanis.info\/d\/201523-3\/ge20150426d.jpg \/><\/a><br \/>\n^ GPS-Track 26.4.2015 (t\u00fcrkis, 138,8 km und 30.500 H\u00f6henmeter (inkl. Liftfahrten)) bzw. 20.12.2014 (dunkelblau)<\/p>\n<p><img src=http:\/\/ski.inmontanis.info\/d\/201527-2\/20150426-gps.jpg \/><\/p>\n","protected":false},"excerpt":{"rendered":"<p>Am 26.4. stand ein Kilometerfresstag in Ischgl auf dem Programm &#8211; ich glaub sogar, dass ich noch nie so viel km gefahren bin wie an diesem Tag: 138,8 km inkl. Liftfahrten!<\/p>\n<p>Highlight war f\u00fcr mich heute die Erstbefahrung der Piz Val Gronda &#8211; PPPB. PPPB? Protzige Pornopendelbahn :) Das ist das einzige, was mir vor <a href=\"http:\/\/blog.inmontanis.info\/?p=3221\">[&#8230;]<\/a><\/p>\n","protected":false},"author":1,"featured_media":0,"comment_status":"closed","ping_status":"closed","sticky":false,"template":"","format":"standard","meta":{"footnotes":""},"categories":[906,25,13,27],"tags":[49,56,57,52,47],"class_list":["post-3221","post","type-post","status-publish","format-standard","hentry","category-ischgl-samnaun","category-noreport","category-austria","category-skifahren-winterskiing-winter","tag-4sb","tag-6sb","tag-8sb","tag-pb","tag-sl","odd"],"_links":{"self":[{"href":"http:\/\/blog.inmontanis.info\/index.php?rest_route=\/wp\/v2\/posts\/3221","targetHints":{"allow":["GET"]}}],"collection":[{"href":"http:\/\/blog.inmontanis.info\/index.php?rest_route=\/wp\/v2\/posts"}],"about":[{"href":"http:\/\/blog.inmontanis.info\/index.php?rest_route=\/wp\/v2\/types\/post"}],"author":[{"embeddable":true,"href":"http:\/\/blog.inmontanis.info\/index.php?rest_route=\/wp\/v2\/users\/1"}],"replies":[{"embeddable":true,"href":"http:\/\/blog.inmontanis.info\/index.php?rest_route=%2Fwp%2Fv2%2Fcomments&post=3221"}],"version-history":[{"count":3,"href":"http:\/\/blog.inmontanis.info\/index.php?rest_route=\/wp\/v2\/posts\/3221\/revisions"}],"predecessor-version":[{"id":3224,"href":"http:\/\/blog.inmontanis.info\/index.php?rest_route=\/wp\/v2\/posts\/3221\/revisions\/3224"}],"wp:attachment":[{"href":"http:\/\/blog.inmontanis.info\/index.php?rest_route=%2Fwp%2Fv2%2Fmedia&parent=3221"}],"wp:term":[{"taxonomy":"category","embeddable":true,"href":"http:\/\/blog.inmontanis.info\/index.php?rest_route=%2Fwp%2Fv2%2Fcategories&post=3221"},{"taxonomy":"post_tag","embeddable":true,"href":"http:\/\/blog.inmontanis.info\/index.php?rest_route=%2Fwp%2Fv2%2Ftags&post=3221"}],"curies":[{"name":"wp","href":"https:\/\/api.w.org\/{rel}","templated":true}]}}