{"id":3215,"date":"2015-04-19T19:46:39","date_gmt":"2015-04-19T17:46:39","guid":{"rendered":"http:\/\/blog.inmontanis.info\/?p=3215"},"modified":"2023-08-05T21:08:48","modified_gmt":"2023-08-05T19:08:48","slug":"st-anton-am-arlberg-19-4-2015","status":"publish","type":"post","link":"http:\/\/blog.inmontanis.info\/?p=3215","title":{"rendered":"St. Anton am Arlberg, 19.4.2015"},"content":{"rendered":"<p>Eine Woche nach Lech fuhr ich dann auch wenigstens noch einmal nach St. Anton, wobei ich diesmal nicht alleine unterwegs war, sondern Kris mitfuhr. Wenn auch nicht den ganzen Tag, da er \u00f6fters mal eine Pause eingelegt hat.<\/p>\n<p>Da es an diesem Wochenende recht kalt war, blieben die Nord- und Westh\u00e4nge leider sehr lang sehr hart (falls sie \u00fcberhaupt noch auffirnten; Stuben\/Albona war gegen 13 Uhr unspa\u00dfig eisig-hart). S\u00fcd- und Osth\u00e4nge wurden nachmittags z.T. angenehm, sind z.T. aber auch wieder viel zu viel tief aufgesulzt. Die blaue Abfahrt durch das Steissbachtal war schon dauerhaft geschlossen, sind wohl nochnicht alle Lawinen abgegangen?! Schneem\u00e4\u00dfig h\u00e4tte es sich vmtl. gelohnt, die letzte Stunde am Rendl zu verbringen, aber mir war der Fu\u00dfweg durch den Ort und retour f\u00fcr das St\u00fcndchen zu bl\u00f6d, bin daher noch insb. die geschlossenen Abfahrten an der Gampen-4KSB gefahren, die nachmittags &#8211; wie bei Restschnee auf S\u00fcdh\u00e4ngen zu der Jahreszeit \u00fcblich &#8211; tolle, fr\u00fchjahrsfirnige Verh\u00e4ltnisse hatten. Den besten Firn hatten wir aber bei den Tal-SL in St. Christoph, nach Mittag noch bestens pr\u00e4parierte Abfahrten mit Butterfirn.<\/p>\n<p>Nebenbei konnte ich heute auch endlich noch eine andere Sache abhaken: Das Pano zum Bodensee vom Valluga-Gipfel. <\/p>\n<p>(Fotos anklicken zum Vergr\u00f6\u00dfern)<\/p>\n<p><a href='http:\/\/ski.inmontanis.info\/d\/200995-2\/DSC08800.jpg'><img src=http:\/\/ski.inmontanis.info\/d\/200994-3\/DSC08800.jpg \/><\/a><br \/>\n^ SL Sch\u00f6ngraben mit Blick ins Tal richtung Landeck. Mehrfach gefahren, gibt ja kaum noch anspruchsvolle SL in St&#8217;Anton.<\/p>\n<p><a href='http:\/\/ski.inmontanis.info\/d\/200999-2\/DSC08802.jpg'><img src=http:\/\/ski.inmontanis.info\/d\/200998-3\/DSC08802.jpg \/><\/a><br \/>\n^ PB Valluga II. Netterweise ist die Gipfelbahn ja im Skipass enthalten, auch wenn wir &#8220;Normalos&#8221; nur ohne Ski rauf d\u00fcrfen.<\/p>\n<p><a href='http:\/\/ski.inmontanis.info\/d\/201168-2\/DSC08804.jpg'><img src=http:\/\/ski.inmontanis.info\/d\/201167-3\/DSC08804.jpg \/><\/a><br \/>\n^ Panoramaplattform auf dem Dach der PB Valluga II<\/p>\n<p><a href='http:\/\/ski.inmontanis.info\/d\/201004-2\/DSC01763.jpg'><img src=http:\/\/ski.inmontanis.info\/d\/201003-3\/DSC01763.jpg \/><\/a><br \/>\n^ Nordwestpano (IR), ins Skigebiet von Lech und weiter ins deutsche Flachland<\/p>\n<p><a href='http:\/\/ski.inmontanis.info\/d\/201008-2\/DSC01764.jpg'><img src=http:\/\/ski.inmontanis.info\/d\/201007-3\/DSC01764.jpg \/><\/a><br \/>\n^ Pano \u00fcber das Skigebiet von Lech ins deutsche Flachland mit dem Bodensee (IR)<\/p>\n<p><a href='http:\/\/ski.inmontanis.info\/d\/201012-2\/DSC01765.jpg'><img src=http:\/\/ski.inmontanis.info\/d\/201011-3\/DSC01765.jpg \/><\/a><br \/>\n^ IR-Pano ins deutsche Flachland; links die PB-Bergstation von Lech<\/p>\n<p><a href='http:\/\/ski.inmontanis.info\/d\/201016-2\/DSC01771.jpg'><img src=http:\/\/ski.inmontanis.info\/d\/201015-3\/DSC01771.jpg \/><\/a><br \/>\n^ IR-Pano (Nord \/ Nordost)<\/p>\n<p><a href='http:\/\/ski.inmontanis.info\/d\/201020-2\/DSC01773.jpg'><img src=http:\/\/ski.inmontanis.info\/d\/201019-3\/DSC01773.jpg \/><\/a><br \/>\n^ IR-Pano (Nordost, mit Zugspitze)<\/p>\n<p><a href='http:\/\/ski.inmontanis.info\/d\/201024-2\/DSC08808.jpg'><img src=http:\/\/ski.inmontanis.info\/d\/201023-3\/DSC08808.jpg \/><\/a><br \/>\n^ Zoom durch eins der Panoramafernrohre &#8211; das ist also die Zugspitze.<\/p>\n<p><a href='http:\/\/ski.inmontanis.info\/d\/201028-2\/DSC01769.jpg'><img src=http:\/\/ski.inmontanis.info\/d\/201027-3\/DSC01769.jpg \/><\/a><br \/>\n^ Zoompano zur Zugspitze<\/p>\n<p><a href='http:\/\/ski.inmontanis.info\/d\/201032-2\/DSC01774.jpg'><img src=http:\/\/ski.inmontanis.info\/d\/201031-3\/DSC01774.jpg \/><\/a><br \/>\n^ IR-Pano (Ost)<\/p>\n<p><a href='http:\/\/ski.inmontanis.info\/d\/201036-2\/DSC01776.jpg'><img src=http:\/\/ski.inmontanis.info\/d\/201035-3\/DSC01776.jpg \/><\/a><br \/>\n^ IR-Pano (S\u00fcd-Ost) mit Wildspitze in Bildmitte<\/p>\n<p><a href='http:\/\/ski.inmontanis.info\/d\/201040-2\/DSC01777.jpg'><img src=http:\/\/ski.inmontanis.info\/d\/201039-3\/DSC01777.jpg \/><\/a><br \/>\n^ IR-Pano (S\u00fcd \/ S\u00fcd-Ost), unten das Rendl-Skigebiet. Links der Bildmitte erkenne ich die Wei\u00dfseespitze vom Kaunertaler Gletscherskigebiet, sonst bin ich mir da eher unsicher.<\/p>\n<p><a href='http:\/\/ski.inmontanis.info\/d\/201044-2\/DSC01778.jpg'><img src=http:\/\/ski.inmontanis.info\/d\/201043-3\/DSC01778.jpg \/><\/a><br \/>\n^ IR-Pano (S\u00fcd)<\/p>\n<p><a href='http:\/\/ski.inmontanis.info\/d\/201048-2\/DSC01779.jpg'><img src=http:\/\/ski.inmontanis.info\/d\/201047-3\/DSC01779.jpg \/><\/a><br \/>\n^ IR-Pano (S\u00fcdwest)<\/p>\n<p><a href='http:\/\/ski.inmontanis.info\/d\/201052-2\/DSC01780.jpg'><img src=http:\/\/ski.inmontanis.info\/d\/201051-3\/DSC01780.jpg \/><\/a><br \/>\n^ IR-Pano (West)<\/p>\n<p><a href='http:\/\/ski.inmontanis.info\/d\/201056-2\/DSC08818.jpg'><img src=http:\/\/ski.inmontanis.info\/d\/201055-3\/DSC08818.jpg \/><\/a><br \/>\n^ Valluga-R\u00fcckseite, Freeride<\/p>\n<p><a href='http:\/\/ski.inmontanis.info\/d\/201060-2\/DSC08814.jpg'><img src=http:\/\/ski.inmontanis.info\/d\/201059-3\/DSC08814.jpg \/><\/a><br \/>\n^ Freeride, R\u00fcckseite Valluga<\/p>\n<p><a href='http:\/\/ski.inmontanis.info\/d\/201064-2\/DSC08820.jpg'><img src=http:\/\/ski.inmontanis.info\/d\/201063-3\/DSC08820.jpg \/><\/a><br \/>\n^ PB Valluga II<\/p>\n<p><a href='http:\/\/ski.inmontanis.info\/d\/201068-2\/DSC08821.jpg'><img src=http:\/\/ski.inmontanis.info\/d\/201067-3\/DSC08821.jpg \/><\/a><br \/>\n^ Abfahrt PB Valluga zu SL Valluga, mein Lieblingseck in St. Anton<\/p>\n<p><a href='http:\/\/ski.inmontanis.info\/d\/201072-2\/DSC08823.jpg'><img src=http:\/\/ski.inmontanis.info\/d\/201071-3\/DSC08823.jpg \/><\/a><br \/>\n^ PB Valluga II, Bildmitte 3KSB Schindlergrat Bergstation, links SL Valluga<\/p>\n<p><a href='http:\/\/ski.inmontanis.info\/d\/201076-2\/DSC08825.jpg'><img src=http:\/\/ski.inmontanis.info\/d\/201075-3\/DSC08825.jpg \/><\/a><br \/>\n^ PB Valluga II<\/p>\n<p><a href='http:\/\/ski.inmontanis.info\/d\/201080-2\/DSC08828.jpg'><img src=http:\/\/ski.inmontanis.info\/d\/201079-3\/DSC08828.jpg \/><\/a><br \/>\n^ Der nette SL Valluga, hat neuerdings (?) eine direkte Abfahrt in Form einer Skiroute<\/p>\n<p><a href='http:\/\/ski.inmontanis.info\/d\/201084-2\/DSC08829.jpg'><img src=http:\/\/ski.inmontanis.info\/d\/201083-3\/DSC08829.jpg \/><\/a><br \/>\n^ SL Valluga, extra hoch gebaut; rechts oben 3KSB Schindlergrat<\/p>\n<p><a href='http:\/\/ski.inmontanis.info\/d\/201088-2\/DSC08830.jpg'><img src=http:\/\/ski.inmontanis.info\/d\/201087-3\/DSC08830.jpg \/><\/a><br \/>\n^ SL Valluga mit altmodischer einseitiger Fachwerkst\u00fctze und Skiroute, die bin ich auch noch nie gefahren. Sehr steil oben; Schnee war auch nicht sooo besonders, 10-20cm Pulver auf eisig-harten Untergrund, so ungef\u00e4hr.<\/p>\n<p><a href='http:\/\/ski.inmontanis.info\/d\/201092-2\/DSC08833.jpg'><img src=http:\/\/ski.inmontanis.info\/d\/201091-3\/DSC08833.jpg \/><\/a><br \/>\n^ Skiroute 15<\/p>\n<p><a href='http:\/\/ski.inmontanis.info\/d\/201096-2\/DSC08834.jpg'><img src=http:\/\/ski.inmontanis.info\/d\/201095-3\/DSC08834.jpg \/><\/a><br \/>\n^ Einstieg in eine der Rinnen an der 3KSB Schindlergrat, mir war&#8217;s zu heftig, Kris fuhr rein. Hinten oben Valluga PB I-II<\/p>\n<p><a href='http:\/\/ski.inmontanis.info\/d\/201100-2\/DSC08836.jpg'><img src=http:\/\/ski.inmontanis.info\/d\/201099-3\/DSC08836.jpg \/><\/a><br \/>\n^ Kris (mittig unten) wechselt die breite Rinne zu einer schm\u00e4leren; darunter in Bildmitte 6KSB Arlenm\u00e4hder und Valfagehr<\/p>\n<p><a href='http:\/\/ski.inmontanis.info\/d\/201104-2\/DSC08838.jpg'><img src=http:\/\/ski.inmontanis.info\/d\/201103-3\/DSC08838.jpg \/><\/a><br \/>\n^ Offpiste am Schindlergrat, Kris nahm von den rechten beiden Rinnen die linke<\/p>\n<p><a href='http:\/\/ski.inmontanis.info\/d\/201108-2\/DSC08839.jpg'><img src=http:\/\/ski.inmontanis.info\/d\/201107-3\/DSC08839.jpg \/><\/a><br \/>\n^ Offpsite Schindlergrat<\/p>\n<p><a href='http:\/\/ski.inmontanis.info\/d\/201112-2\/DSC08842.jpg'><img src=http:\/\/ski.inmontanis.info\/d\/201111-3\/DSC08842.jpg \/><\/a><br \/>\n^ PB Valluga I<\/p>\n<p><a href='http:\/\/ski.inmontanis.info\/d\/201116-2\/DSC08844.jpg'><img src=http:\/\/ski.inmontanis.info\/d\/201115-3\/DSC08844.jpg \/><\/a><br \/>\n^ Abfahrt KSB Valfagehr. War um 12:20 Uhr noch eisig hart heute. Eher untypisch f\u00fcr Mitte\/Ende April.<\/p>\n<p><a href='http:\/\/ski.inmontanis.info\/d\/201120-2\/DSC08846.jpg'><img src=http:\/\/ski.inmontanis.info\/d\/201119-3\/DSC08846.jpg \/><\/a><br \/>\n^ Abfahrt nach Stuben mit der DSB  Albona 1<\/p>\n<p><a href='http:\/\/ski.inmontanis.info\/d\/201124-2\/DSC08847.jpg'><img src=http:\/\/ski.inmontanis.info\/d\/201123-3\/DSC08847.jpg \/><\/a><br \/>\n^ R\u00fcckseitige DSB Albonagrat, hier war der Schnee angenehm<\/p>\n<p><a href='http:\/\/ski.inmontanis.info\/d\/201128-2\/DSC08848.jpg'><img src=http:\/\/ski.inmontanis.info\/d\/201127-3\/DSC08848.jpg \/><\/a><br \/>\n^ Pano von der Valfagehr-KSB zum Arlbergpass und den KSBs Arlenm\u00e4hder (vorne) und St. Christoph; im Hintergrund Rendl-Gebiet<\/p>\n<p><a href='http:\/\/ski.inmontanis.info\/d\/201132-2\/DSC08850.jpg'><img src=http:\/\/ski.inmontanis.info\/d\/201131-3\/DSC08850.jpg \/><\/a><br \/>\n^ 6KSB Arlenm\u00e4hder<\/p>\n<p><a href='http:\/\/ski.inmontanis.info\/d\/201136-2\/DSC08852.jpg'><img src=http:\/\/ski.inmontanis.info\/d\/201135-3\/DSC08852.jpg \/><\/a><br \/>\n^ Schwierige Arbeit, aber wenigstens sch\u00f6n weich: Skiroute 3<\/p>\n<p><a href='http:\/\/ski.inmontanis.info\/d\/201140-2\/DSC08853.jpg'><img src=http:\/\/ski.inmontanis.info\/d\/201139-3\/DSC08853.jpg \/><\/a><br \/>\n^ 6KSB Kapall mit Blick ins lawinengeschlossene Steissbachtal, dar\u00fcber die PB Valluga I<\/p>\n<p><a href='http:\/\/ski.inmontanis.info\/d\/201144-2\/DSC08854.jpg'><img src=http:\/\/ski.inmontanis.info\/d\/201143-3\/DSC08854.jpg \/><\/a><br \/>\n^ 4KSB Gampen mit geschlossener und daher gut zu fahrender Abfahrt 22<\/p>\n<p><a href='http:\/\/ski.inmontanis.info\/d\/201148-2\/DSC08857.jpg'><img src=http:\/\/ski.inmontanis.info\/d\/201147-3\/DSC08857.jpg \/><\/a><br \/>\n^ 4KSB Gampen mit geschlossener Abfahrt 22, hier waren mit die besten Schneeverh\u00e4ltnisse heute, bin ich daher mehrmals gefahren.<\/p>\n<p><a href='http:\/\/ski.inmontanis.info\/d\/201152-2\/DSC08856.jpg'><img src=http:\/\/ski.inmontanis.info\/d\/201151-3\/DSC08856.jpg \/><\/a><br \/>\n^ Auch der Hoppelweg will gefahren werden, da noch Zeit war &#8211; stellenweise zwar sehr flach aber wenigstens sch\u00f6n schmal.<\/p>\n<p><a href='http:\/\/ski.inmontanis.info\/d\/201156-2\/DSC08859.jpg'><img src=http:\/\/ski.inmontanis.info\/d\/201155-3\/DSC08859.jpg \/><\/a><br \/>\n^ SL Nasserein an der EUB; den Spuren nach fuhr heute kaum einer mit dem SL, also drehte ich  kurz nach 16 Uhr wenigstens noch eine Runde.<\/p>\n<p><a href='http:\/\/ski.inmontanis.info\/d\/201160-2\/ge20150419a.jpg'><img src=http:\/\/ski.inmontanis.info\/d\/201159-3\/ge20150419a.jpg \/><\/a><br \/>\n^ GPS-Track 19.4.2015 (gelb) und 2013 (t\u00fcrkis)<\/p>\n<p><a href='http:\/\/ski.inmontanis.info\/d\/201164-2\/ge-Landeck.jpg'><img src=http:\/\/ski.inmontanis.info\/d\/201163-3\/ge-Landeck.jpg \/><\/a><br \/>\n^ Kleiner GPS-Track-\u00dcberblick der umliegenden Skigebiete. Die roten und gelben wollen sich ja jeweils verbinden. Da kommen schwere Zeiten auf Ischgl zu, wenn sie dann nach Galt\u00fcr das zweitkleinste Skigebiet im Paznaun sind ;-)<\/p>\n","protected":false},"excerpt":{"rendered":"<p>Eine Woche nach Lech fuhr ich dann auch wenigstens noch einmal nach St. Anton, wobei ich diesmal nicht alleine unterwegs war, sondern Kris mitfuhr. Wenn auch nicht den ganzen Tag, da er \u00f6fters mal eine Pause eingelegt hat.<\/p>\n<p>Da es an diesem Wochenende recht kalt war, blieben die Nord- und Westh\u00e4nge leider sehr lang sehr <a href=\"http:\/\/blog.inmontanis.info\/?p=3215\">[&#8230;]<\/a><\/p>\n","protected":false},"author":1,"featured_media":0,"comment_status":"closed","ping_status":"closed","sticky":false,"template":"","format":"standard","meta":{"footnotes":""},"categories":[25,13,27,838],"tags":[55,56,38,90,52,47],"class_list":["post-3215","post","type-post","status-publish","format-standard","hentry","category-noreport","category-austria","category-skifahren-winterskiing-winter","category-st-anton","tag-3sb","tag-6sb","tag-dsb","tag-infrarot","tag-pb","tag-sl","odd"],"_links":{"self":[{"href":"http:\/\/blog.inmontanis.info\/index.php?rest_route=\/wp\/v2\/posts\/3215","targetHints":{"allow":["GET"]}}],"collection":[{"href":"http:\/\/blog.inmontanis.info\/index.php?rest_route=\/wp\/v2\/posts"}],"about":[{"href":"http:\/\/blog.inmontanis.info\/index.php?rest_route=\/wp\/v2\/types\/post"}],"author":[{"embeddable":true,"href":"http:\/\/blog.inmontanis.info\/index.php?rest_route=\/wp\/v2\/users\/1"}],"replies":[{"embeddable":true,"href":"http:\/\/blog.inmontanis.info\/index.php?rest_route=%2Fwp%2Fv2%2Fcomments&post=3215"}],"version-history":[{"count":1,"href":"http:\/\/blog.inmontanis.info\/index.php?rest_route=\/wp\/v2\/posts\/3215\/revisions"}],"predecessor-version":[{"id":3216,"href":"http:\/\/blog.inmontanis.info\/index.php?rest_route=\/wp\/v2\/posts\/3215\/revisions\/3216"}],"wp:attachment":[{"href":"http:\/\/blog.inmontanis.info\/index.php?rest_route=%2Fwp%2Fv2%2Fmedia&parent=3215"}],"wp:term":[{"taxonomy":"category","embeddable":true,"href":"http:\/\/blog.inmontanis.info\/index.php?rest_route=%2Fwp%2Fv2%2Fcategories&post=3215"},{"taxonomy":"post_tag","embeddable":true,"href":"http:\/\/blog.inmontanis.info\/index.php?rest_route=%2Fwp%2Fv2%2Ftags&post=3215"}],"curies":[{"name":"wp","href":"https:\/\/api.w.org\/{rel}","templated":true}]}}