{"id":3205,"date":"2015-04-11T19:35:13","date_gmt":"2015-04-11T17:35:13","guid":{"rendered":"http:\/\/blog.inmontanis.info\/?p=3205"},"modified":"2023-08-06T08:45:30","modified_gmt":"2023-08-06T06:45:30","slug":"kappl-11-4-2015","status":"publish","type":"post","link":"http:\/\/blog.inmontanis.info\/?p=3205","title":{"rendered":"Kappl 11.4.2015"},"content":{"rendered":"<p>Wollte heute egtl. nach Ischgl, aber um 9:30 waren die Parkpl\u00e4tze schon voll bzw. f\u00fcr noch mehr Busse reserviert (DSDS-Aufzeichnung!), und da ich nicht in die evtl. kostenpflichtigen Parkh\u00e4usern wollte, fuhr ich wieder zur\u00fcck nach Kappl.<\/p>\n<p>Dort fast nichts los, zumeist toller Schnee (irgendwo zwischen Firn und Pulver, je nach Ort mal so mal so, in den mittleren-unteren Bereichen auch zeitweise pappig.<\/p>\n<p><a href='http:\/\/ski.inmontanis.info\/d\/194672-2\/DSC08600.jpg'><img src=http:\/\/ski.inmontanis.info\/d\/194671-3\/DSC08600.jpg \/><\/a><br \/>\n^ Talabfahrt, bis zum letzten Betriebstag (morgen) offen.<\/p>\n<p><a href='http:\/\/ski.inmontanis.info\/d\/194676-2\/DSC08602.jpg'><img src=http:\/\/ski.inmontanis.info\/d\/194675-3\/DSC08602.jpg \/><\/a><br \/>\n^ 4EUB-4KSB-SL<\/p>\n<p><a href='http:\/\/ski.inmontanis.info\/d\/194680-2\/DSC08608.jpg'><img src=http:\/\/ski.inmontanis.info\/d\/194679-3\/DSC08608.jpg \/><\/a><br \/>\n^ Beste Abfahrt heute am Nachmittag &#8211; am oberen SL<\/p>\n<p><a href='http:\/\/ski.inmontanis.info\/d\/194684-2\/DSC08612.jpg'><img src=http:\/\/ski.inmontanis.info\/d\/194683-3\/DSC08612.jpg \/><\/a><br \/>\n^ Pistenzustand am oberen SL um 14:30 Uhr &#8211; Mischung aus Firn und Pulver<\/p>\n<p><a href='http:\/\/ski.inmontanis.info\/d\/194688-2\/DSC08614.jpg'><img src=http:\/\/ski.inmontanis.info\/d\/194687-3\/DSC08614.jpg \/><\/a><br \/>\n^ Ex-Trasse ESL Sektion 2<\/p>\n<p><a href='http:\/\/ski.inmontanis.info\/d\/194692-2\/DSC08615.jpg'><img src=http:\/\/ski.inmontanis.info\/d\/194691-3\/DSC08615.jpg \/><\/a><br \/>\n^ Talabfahrt und 4EUB. Vielleicht mein letztes Winter-Bild der 4EUB.<\/p>\n","protected":false},"excerpt":{"rendered":"<p>Wollte heute egtl. nach Ischgl, aber um 9:30 waren die Parkpl\u00e4tze schon voll bzw. f\u00fcr noch mehr Busse reserviert (DSDS-Aufzeichnung!), und da ich nicht in die evtl. kostenpflichtigen Parkh\u00e4usern wollte, fuhr ich wieder zur\u00fcck nach Kappl.<\/p>\n<p>Dort fast nichts los, zumeist toller Schnee (irgendwo zwischen Firn und Pulver, je nach Ort mal so mal so, <a href=\"http:\/\/blog.inmontanis.info\/?p=3205\">[&#8230;]<\/a><\/p>\n","protected":false},"author":1,"featured_media":0,"comment_status":"closed","ping_status":"closed","sticky":false,"template":"","format":"standard","meta":{"footnotes":""},"categories":[866,25,13,27],"tags":[42,47],"class_list":["post-3205","post","type-post","status-publish","format-standard","hentry","category-kappl","category-noreport","category-austria","category-skifahren-winterskiing-winter","tag-4eub","tag-sl","odd"],"_links":{"self":[{"href":"http:\/\/blog.inmontanis.info\/index.php?rest_route=\/wp\/v2\/posts\/3205","targetHints":{"allow":["GET"]}}],"collection":[{"href":"http:\/\/blog.inmontanis.info\/index.php?rest_route=\/wp\/v2\/posts"}],"about":[{"href":"http:\/\/blog.inmontanis.info\/index.php?rest_route=\/wp\/v2\/types\/post"}],"author":[{"embeddable":true,"href":"http:\/\/blog.inmontanis.info\/index.php?rest_route=\/wp\/v2\/users\/1"}],"replies":[{"embeddable":true,"href":"http:\/\/blog.inmontanis.info\/index.php?rest_route=%2Fwp%2Fv2%2Fcomments&post=3205"}],"version-history":[{"count":2,"href":"http:\/\/blog.inmontanis.info\/index.php?rest_route=\/wp\/v2\/posts\/3205\/revisions"}],"predecessor-version":[{"id":3207,"href":"http:\/\/blog.inmontanis.info\/index.php?rest_route=\/wp\/v2\/posts\/3205\/revisions\/3207"}],"wp:attachment":[{"href":"http:\/\/blog.inmontanis.info\/index.php?rest_route=%2Fwp%2Fv2%2Fmedia&parent=3205"}],"wp:term":[{"taxonomy":"category","embeddable":true,"href":"http:\/\/blog.inmontanis.info\/index.php?rest_route=%2Fwp%2Fv2%2Fcategories&post=3205"},{"taxonomy":"post_tag","embeddable":true,"href":"http:\/\/blog.inmontanis.info\/index.php?rest_route=%2Fwp%2Fv2%2Ftags&post=3205"}],"curies":[{"name":"wp","href":"https:\/\/api.w.org\/{rel}","templated":true}]}}