{"id":3195,"date":"2015-04-06T17:09:48","date_gmt":"2015-04-06T15:09:48","guid":{"rendered":"http:\/\/blog.inmontanis.info\/?p=3195"},"modified":"2023-08-08T20:22:09","modified_gmt":"2023-08-08T18:22:09","slug":"zoncolan-6-4-2015","status":"publish","type":"post","link":"http:\/\/blog.inmontanis.info\/?p=3195","title":{"rendered":"Zoncolan, 6.4.2015"},"content":{"rendered":"<p><strong>Friaul-Osterwochenende, Teil 3: Zoncolan, 6.4.2015<\/strong><\/p>\n<p>Etwas versp\u00e4tet, gegen 8:45 Uhr, kam ich in Ravascletto an der PB an. Skipass hatte ich ja von gestern noch, musste ich also nicht kaufen. Ich eilte zur Bahn, um 8:53 fuhr sie los &#8211; ohne mich. Nerv. N\u00e4chste fuhr dann um 9:05.<\/p>\n<p>Offen war oben alles, die Pisten wie erwartet extrem modelliert und verfangz\u00e4unt &#8211; naja, das ist halt das Motto von Promotur :-( Nat\u00fcrliche, ehemalige Abfahrten werden im Gegenzug anscheinend daf\u00fcr dann aufgelassen. Landschaftlich trotzdem sehr nett und mit so einem weiten Pano ins Flachland und wieder zur Adria h\u00e4tte ich hier auch gar nicht gerechnet, ob ich jetzt aber unbedingt nochmal hier her muss, wei\u00df ich nicht.<\/p>\n<p>(Fotos anklicken zum Vergr\u00f6\u00dfern)<\/p>\n<p><a href='http:\/\/extra.inmontanis.info\/d\/27981-2\/DSC08017.jpg'><img src=http:\/\/extra.inmontanis.info\/d\/27980-3\/DSC08017.jpg \/><\/a><\/p>\n<p><a href='http:\/\/ski.inmontanis.info\/d\/197968-2\/DSC08027.jpg'><img src=http:\/\/ski.inmontanis.info\/d\/197967-3\/DSC08027.jpg \/><\/a><br \/>\n^ Pistenplan, bis auf ein paar \u00dcbungs-F\u00f6rderb\u00e4nder also alles offen<\/p>\n<p><a href='http:\/\/ski.inmontanis.info\/d\/197972-2\/DSC08028.jpg'><img src=http:\/\/ski.inmontanis.info\/d\/197971-3\/DSC08028.jpg \/><\/a><br \/>\n^ Stillgelegte Graffer-DSB und Funifor<\/p>\n<p><a href='http:\/\/ski.inmontanis.info\/d\/197976-2\/DSC08032.jpg'><img src=http:\/\/ski.inmontanis.info\/d\/197975-3\/DSC08032.jpg \/><\/a><br \/>\n^ Mittelstation Funifor und obere Strecke<\/p>\n<p><a href='http:\/\/ski.inmontanis.info\/d\/197980-2\/DSC08036.jpg'><img src=http:\/\/ski.inmontanis.info\/d\/197979-3\/DSC08036.jpg \/><\/a><br \/>\n^ Bergstation Funifor<\/p>\n<p><a href='http:\/\/ski.inmontanis.info\/d\/197984-2\/DSC08038.jpg'><img src=http:\/\/ski.inmontanis.info\/d\/197983-3\/DSC08038.jpg \/><\/a><br \/>\n^ Strecke Funifor<\/p>\n<p><a href='http:\/\/ski.inmontanis.info\/d\/197988-2\/DSC08042.jpg'><img src=http:\/\/ski.inmontanis.info\/d\/197987-3\/DSC08042.jpg \/><\/a><br \/>\n^ Blick ins Skigebiet von der Bergstation Funifor aus<\/p>\n<p><a href='http:\/\/ski.inmontanis.info\/d\/197992-2\/DSC08044.jpg'><img src=http:\/\/ski.inmontanis.info\/d\/197991-3\/DSC08044.jpg \/><\/a><br \/>\n^ 4KSB Valvan mit roter Abfahrt<\/p>\n<p><a href='http:\/\/ski.inmontanis.info\/d\/197996-2\/DSC08045.jpg'><img src=http:\/\/ski.inmontanis.info\/d\/197995-3\/DSC08045.jpg \/><\/a><br \/>\n^ Modelliert und rote Fangz\u00e4une, ich krieg das Kotzen<\/p>\n<p><a href='http:\/\/ski.inmontanis.info\/d\/198000-2\/DSC08046.jpg'><img src=http:\/\/ski.inmontanis.info\/d\/197999-3\/DSC08046.jpg \/><\/a><br \/>\n^ 4KSB Tamai 2000 mit modellierter Abfahrt links und wohl zu gering modellierter, stillgelegter Abfahrt in Bildmitte, jetzt Buckelpiste<\/p>\n<p><a href='http:\/\/ski.inmontanis.info\/d\/198004-2\/DSC08053.jpg'><img src=http:\/\/ski.inmontanis.info\/d\/198003-3\/DSC08053.jpg \/><\/a><br \/>\n^ SL Arvenis, h\u00fcbsch gelegen<\/p>\n<p><a href='http:\/\/ski.inmontanis.info\/d\/198008-2\/DSC08055.jpg'><img src=http:\/\/ski.inmontanis.info\/d\/198007-3\/DSC08055.jpg \/><\/a><br \/>\n^ Gipfel-DSB Cima Tamai<\/p>\n<p><a href='http:\/\/ski.inmontanis.info\/d\/198012-2\/DSC08058.jpg'><img src=http:\/\/ski.inmontanis.info\/d\/198011-3\/DSC08058.jpg \/><\/a><br \/>\n^ 4KSB Tamai 2000, SL Arvenis; links auch gut zu sehen die t\u00fcrkise Bergstation des Funifors<\/p>\n<p><a href='http:\/\/ski.inmontanis.info\/d\/198016-2\/DSC08060.jpg'><img src=http:\/\/ski.inmontanis.info\/d\/198015-3\/DSC08060.jpg \/><\/a><br \/>\n^ S\u00fcdpano<\/p>\n<p><a href='http:\/\/ski.inmontanis.info\/d\/198020-2\/DSC01749.jpg'><img src=http:\/\/ski.inmontanis.info\/d\/198019-3\/DSC01749.jpg \/><\/a><br \/>\n^ S\u00fcdpano mit Meerblick (Adria, IR)<\/p>\n<p><a href='http:\/\/ski.inmontanis.info\/d\/198024-2\/DSC08061.jpg'><img src=http:\/\/ski.inmontanis.info\/d\/198023-3\/DSC08061.jpg \/><\/a><br \/>\n^ S\u00fcdpano, ebenfalls mit Meerblick zur Adria<\/p>\n<p><a href='http:\/\/ski.inmontanis.info\/d\/198028-2\/DSC01752.jpg'><img src=http:\/\/ski.inmontanis.info\/d\/198027-3\/DSC01752.jpg \/><\/a><br \/>\n^ Meerpano (IR)<\/p>\n<p><a href='http:\/\/ski.inmontanis.info\/d\/198032-2\/DSC08062.jpg'><img src=http:\/\/ski.inmontanis.info\/d\/198031-3\/DSC08062.jpg \/><\/a><br \/>\n^ Abfahrt an der Gipfel-DSB. Alternativ kann man auch links offpiste eine Rinne runter<\/p>\n<p><a href='http:\/\/ski.inmontanis.info\/d\/198036-2\/DSC08070.jpg'><img src=http:\/\/ski.inmontanis.info\/d\/198035-3\/DSC08070.jpg \/><\/a><br \/>\n^ SL Arvenis<\/p>\n<p><a href='http:\/\/ski.inmontanis.info\/d\/198040-2\/DSC08066.jpg'><img src=http:\/\/ski.inmontanis.info\/d\/198039-3\/DSC08066.jpg \/><\/a><br \/>\n^ SL Arvenis<\/p>\n<p><a href='http:\/\/ski.inmontanis.info\/d\/198044-2\/DSC08069.jpg'><img src=http:\/\/ski.inmontanis.info\/d\/198043-3\/DSC08069.jpg \/><\/a><br \/>\n^ SL Arvenis, 4KSB Tamai 2000, DSB Cima Tamai<\/p>\n<p><a href='http:\/\/ski.inmontanis.info\/d\/198048-2\/DSC08078.jpg'><img src=http:\/\/ski.inmontanis.info\/d\/198047-3\/DSC08078.jpg \/><\/a><br \/>\n^ 4KSB Cuel d&#8217;Ajar, links unten im Plan<\/p>\n<p><a href='http:\/\/ski.inmontanis.info\/d\/198052-2\/DSC08080.jpg'><img src=http:\/\/ski.inmontanis.info\/d\/198051-3\/DSC08080.jpg \/><\/a><br \/>\n^ Abfahrt zu den 4KSB Cuel d&#8217;Ajar  (links au\u00dferhalb des Bildes) und 4KSB Valvan (rechts)<\/p>\n<p><a href='http:\/\/ski.inmontanis.info\/d\/198056-2\/DSC08083.jpg'><img src=http:\/\/ski.inmontanis.info\/d\/198055-3\/DSC08083.jpg \/><\/a><br \/>\n^ 4KSB Valvan, hat 2 modellierte Abfahrten und anscheinend ein-zwei ehemalige, unmodellierte? K\u00f6nnte jedenfalls nett sein, wenn Schnee liegt.<\/p>\n<p><a href='http:\/\/ski.inmontanis.info\/d\/198060-2\/DSC08086.jpg'><img src=http:\/\/ski.inmontanis.info\/d\/198059-3\/DSC08086.jpg \/><\/a><br \/>\n^ 4SB Val di Nuf mit Abfahrt<\/p>\n<p><a href='http:\/\/ski.inmontanis.info\/d\/198064-2\/DSC08088.jpg'><img src=http:\/\/ski.inmontanis.info\/d\/198063-3\/DSC08088.jpg \/><\/a><br \/>\n^ 4SB Val di Nuf<\/p>\n<p><a href='http:\/\/ski.inmontanis.info\/d\/198068-2\/DSC08094.jpg'><img src=http:\/\/ski.inmontanis.info\/d\/198067-3\/DSC08094.jpg \/><\/a><br \/>\n^ 4KSB Valvan, hier gab&#8217;s etwas Wartezeiten (und Renntraining oder Rennen)<\/p>\n<p><a href='http:\/\/ski.inmontanis.info\/d\/198072-2\/DSC08095.jpg'><img src=http:\/\/ski.inmontanis.info\/d\/198071-3\/DSC08095.jpg \/><\/a><br \/>\n^ Bergstation Funifor.<\/p>\n<p><a href='http:\/\/ski.inmontanis.info\/d\/198076-2\/DSC01753.jpg'><img src=http:\/\/ski.inmontanis.info\/d\/198075-3\/DSC01753.jpg \/><\/a><br \/>\n^ Von der Bergstation des Funifors kann man doch tats\u00e4chlich in die Ebene und zum schimmernden Mittelmeer schauen (IR)<\/p>\n<p><a href='http:\/\/ski.inmontanis.info\/d\/198080-2\/DSC08097.jpg'><img src=http:\/\/ski.inmontanis.info\/d\/198079-3\/DSC08097.jpg \/><\/a><br \/>\n^ Abfahrt 4KSB Valvan und Parkplatz<\/p>\n<p><a href='http:\/\/ski.inmontanis.info\/d\/198084-2\/DSC08101.jpg'><img src=http:\/\/ski.inmontanis.info\/d\/198083-3\/DSC08101.jpg \/><\/a><br \/>\n^ Bergstation Gipfel-DSB Cima Tamai<\/p>\n<p><a href='http:\/\/ski.inmontanis.info\/d\/198088-2\/DSC08098.jpg'><img src=http:\/\/ski.inmontanis.info\/d\/198087-3\/DSC08098.jpg \/><\/a><br \/>\n^ \u00dcber diesen Grat k\u00f6nnte man in die Offpisteh\u00e4nge der Gipfel-DSB fahren (hatte aber heute die falschen Ski daf\u00fcr an)<\/p>\n<p><a href='http:\/\/ski.inmontanis.info\/d\/198092-2\/DSC01760.jpg'><img src=http:\/\/ski.inmontanis.info\/d\/198091-3\/DSC01760.jpg \/><\/a><br \/>\n^ Die Adria schimmerte zur Mittagszeit (hier im IR-Zoom, war aber mit blo\u00dfem Auge fast noch besser zu sehen, zumindest leuchtender)<\/p>\n<p><a href='http:\/\/ski.inmontanis.info\/d\/198096-2\/DSC08104.jpg'><img src=http:\/\/ski.inmontanis.info\/d\/198095-3\/DSC08104.jpg \/><\/a><br \/>\n^ Blick ins Skigebiet von der Gipfel-DSB aus<\/p>\n<p><a href='http:\/\/ski.inmontanis.info\/d\/198100-2\/DSC08109.jpg'><img src=http:\/\/ski.inmontanis.info\/d\/198099-3\/DSC08109.jpg \/><\/a><br \/>\n^ Talabfahrt Funifor<\/p>\n<p><a href='http:\/\/ski.inmontanis.info\/d\/198104-2\/DSC08112.jpg'><img src=http:\/\/ski.inmontanis.info\/d\/198103-3\/DSC08112.jpg \/><\/a><br \/>\n^ Ex-Graffer-DSB<\/p>\n<p><a href='http:\/\/ski.inmontanis.info\/d\/198108-2\/DSC08114.jpg'><img src=http:\/\/ski.inmontanis.info\/d\/198107-3\/DSC08114.jpg \/><\/a><br \/>\n^ Ex-Graffer-DSB<\/p>\n<p><a href='http:\/\/ski.inmontanis.info\/d\/198112-2\/DSC08124.jpg'><img src=http:\/\/ski.inmontanis.info\/d\/198111-3\/DSC08124.jpg \/><\/a><br \/>\n^ 64bit-Graffer &#8211;  mit Rollen war der nicht geizig :)<\/p>\n<p><a href='http:\/\/ski.inmontanis.info\/d\/198116-2\/DSC08126.jpg'><img src=http:\/\/ski.inmontanis.info\/d\/198115-3\/DSC08126.jpg \/><\/a><br \/>\n^ Ex-Graffer-DSB<\/p>\n<p><a href='http:\/\/ski.inmontanis.info\/d\/198120-2\/DSC08127.jpg'><img src=http:\/\/ski.inmontanis.info\/d\/198119-3\/DSC08127.jpg \/><\/a><br \/>\n^ Ex-Graffer-DSB und Funifor und Abfahrt<\/p>\n<p><a href='http:\/\/ski.inmontanis.info\/d\/198124-2\/DSC08128.jpg'><img src=http:\/\/ski.inmontanis.info\/d\/198123-3\/DSC08128.jpg \/><\/a><br \/>\n^ Rifugio Stella Alpina an der Bergstation der Ex-Graffer-DSB<\/p>\n<p><a href='http:\/\/ski.inmontanis.info\/d\/198128-2\/DSC08130.jpg'><img src=http:\/\/ski.inmontanis.info\/d\/198127-3\/DSC08130.jpg \/><\/a><br \/>\n^ Mittelstation Funifor<\/p>\n<p><a href='http:\/\/ski.inmontanis.info\/d\/198132-2\/DSC08133.jpg'><img src=http:\/\/ski.inmontanis.info\/d\/198131-3\/DSC08133.jpg \/><\/a><br \/>\n^ Talabfahrt Funifor.<\/p>\n<p><a href='http:\/\/ski.inmontanis.info\/d\/198136-2\/DSC08135.jpg'><img src=http:\/\/ski.inmontanis.info\/d\/198135-3\/DSC08135.jpg \/><\/a><br \/>\n^ Talabfahrt Funifor<\/p>\n<p><a href='http:\/\/ski.inmontanis.info\/d\/198140-2\/DSC08136.jpg'><img src=http:\/\/ski.inmontanis.info\/d\/198139-3\/DSC08136.jpg \/><\/a><br \/>\n^ Funifor Talstation<\/p>\n<p><a href='http:\/\/ski.inmontanis.info\/d\/198144-2\/ge20150406c.jpg'><img src=http:\/\/ski.inmontanis.info\/d\/198143-3\/ge20150406c.jpg \/><\/a><br \/>\n^ GPS-Track<\/p>\n<p>Gegen 12:15 Uhr war ich mit meiner geplanten Runde fertig, n\u00e4chstes und letztes Ziel war dann Tarvisio &#8230; (Fortsetzung folgt.)<\/p>\n","protected":false},"excerpt":{"rendered":"<p>Friaul-Osterwochenende, Teil 3: Zoncolan, 6.4.2015<\/p>\n<p>Etwas versp\u00e4tet, gegen 8:45 Uhr, kam ich in Ravascletto an der PB an. Skipass hatte ich ja von gestern noch, musste ich also nicht kaufen. Ich eilte zur Bahn, um 8:53 fuhr sie los &#8211; ohne mich. Nerv. N\u00e4chste fuhr dann um 9:05.<\/p>\n<p>Offen war oben alles, die Pisten wie <a href=\"http:\/\/blog.inmontanis.info\/?p=3195\">[&#8230;]<\/a><\/p>\n","protected":false},"author":1,"featured_media":0,"comment_status":"closed","ping_status":"closed","sticky":false,"template":"","format":"standard","meta":{"footnotes":""},"categories":[15,27,81,375],"tags":[49,38,91,90,37,52,47],"class_list":["post-3195","post","type-post","status-publish","format-standard","hentry","category-italienitaly","category-skifahren-winterskiing-winter","category-kurztrips","category-zoncolan","tag-4sb","tag-dsb","tag-graffer","tag-infrarot","tag-meer","tag-pb","tag-sl","odd"],"_links":{"self":[{"href":"http:\/\/blog.inmontanis.info\/index.php?rest_route=\/wp\/v2\/posts\/3195","targetHints":{"allow":["GET"]}}],"collection":[{"href":"http:\/\/blog.inmontanis.info\/index.php?rest_route=\/wp\/v2\/posts"}],"about":[{"href":"http:\/\/blog.inmontanis.info\/index.php?rest_route=\/wp\/v2\/types\/post"}],"author":[{"embeddable":true,"href":"http:\/\/blog.inmontanis.info\/index.php?rest_route=\/wp\/v2\/users\/1"}],"replies":[{"embeddable":true,"href":"http:\/\/blog.inmontanis.info\/index.php?rest_route=%2Fwp%2Fv2%2Fcomments&post=3195"}],"version-history":[{"count":1,"href":"http:\/\/blog.inmontanis.info\/index.php?rest_route=\/wp\/v2\/posts\/3195\/revisions"}],"predecessor-version":[{"id":3196,"href":"http:\/\/blog.inmontanis.info\/index.php?rest_route=\/wp\/v2\/posts\/3195\/revisions\/3196"}],"wp:attachment":[{"href":"http:\/\/blog.inmontanis.info\/index.php?rest_route=%2Fwp%2Fv2%2Fmedia&parent=3195"}],"wp:term":[{"taxonomy":"category","embeddable":true,"href":"http:\/\/blog.inmontanis.info\/index.php?rest_route=%2Fwp%2Fv2%2Fcategories&post=3195"},{"taxonomy":"post_tag","embeddable":true,"href":"http:\/\/blog.inmontanis.info\/index.php?rest_route=%2Fwp%2Fv2%2Ftags&post=3195"}],"curies":[{"name":"wp","href":"https:\/\/api.w.org\/{rel}","templated":true}]}}