{"id":3193,"date":"2015-04-05T17:03:57","date_gmt":"2015-04-05T15:03:57","guid":{"rendered":"http:\/\/blog.inmontanis.info\/?p=3193"},"modified":"2023-08-01T21:38:21","modified_gmt":"2023-08-01T19:38:21","slug":"piancavallo-5-4-2015","status":"publish","type":"post","link":"http:\/\/blog.inmontanis.info\/?p=3193","title":{"rendered":"Piancavallo, 5.4.2015"},"content":{"rendered":"<p><strong>Friaul-Osterwochenende, Teil 1: Anfahrt, 5.4.2015<\/strong><\/p>\n<p>Osterwochenende. 3 Tage Skifahren. Appennin, Febbio + sonst mal schauen, evtl. noch Frabosa in den S\u00fcdalpen. So mein Plan seit einigen Wochen.<\/p>\n<p>Eine Woche vor Ostern waren die Vorhersagen zumindest noch f\u00fcr Samstag im Appennin brauchbar, in den S\u00fcdalpen waren alle 3 Tage sonnig gemeldet. Und Frabosa und andere Skigebiete (u.a. Sangiacomo, Lurisia) noch mit (quasi) Vollbetrieb, super!<\/p>\n<p>Im Laufe der Woche war dann aber nur noch 1 von 4 konsultierten Wettersites f\u00fcr Sa+So auf halbwegs bisschen Sonne eingestellt, der Rest meldete eher schlecht und bisschen Schneefall. In Frankreich nicht viel besser, evtl. am SA im S\u00fcden und am SO im Norden halbwegs brauchbar, aber auch hier meldeten andere Seiten schlechter. Macht also nicht wirklich Sinn das Ganze. Dennoch packte ich am Donnerstag noch meine Koffer und hoffte auf die Vorhersagen am Freitag, denn Freitag Nachmittag nach der Arbeit m\u00fcsste ich fahren, wenn ich am SA in den S\u00fcdalpen oder in Frankreich sein wollte.<\/p>\n<p>Aber die Wettervorhersagen blieben schlecht. Eine Alternative tat sich pl\u00f6tzlich auf, im Friaul sollte es wenigstens am Sonntag schon sonnig werden. Montag sowieso. So blieb ich am Ostersamstag ein bisschen in der Gegend auf der Saisonkarte, Elfer und Bergeralm. Sicht war zumeist ok, geschneit hatte es aber die ganze Zeit mehr oder weniger.<\/p>\n<p>Nun war ich im Friaul bisher erst einmal, n\u00e4mlich in der Sella Nevea, die anderen Skigebiete schob ich laufend vor mich hin. Die 2-Tageskarte kostet jetzt in der Nachsaison nur noch 44,- \u00a4 (also 22,- pro Tag!) und w\u00e4re in allen 5 Skigebieten g\u00fcltig, so dass ich jeden Tag zumindest 2 Skigebiete machen k\u00f6nnte. Dies auch deshalb, weil nur noch Piancavallo und Zoncolan (und Sella Nevea) quasi Vollbetrieb hatten, Forni di Sopra + Tarvisio hatten schon einiges schneemangelsbedingt zu.<\/p>\n<p>Die Entscheidung, welche Gebiete ich kombinieren wollte, war also nicht einfach. Am Sonntag war viel Wind gemeldet, insb. in den n\u00f6rdlicheren Gebieten, am Montag vormittag w\u00e4re aber in Piancavallo und Venedig mehr Sonne. Dann entdeckte ich, dass in Piancavallo am Montag ein Event mit irgendeinem Rennen ist &#8211; was evtl. zu einer geschlossenen Piste f\u00fchren k\u00f6nnte, also entschied ich mich f\u00fcr Piancavallo am Sonntag.<\/p>\n<p>Da die H\u00e4nge \u00f6stlich und s\u00fcdlich ausgerichtet sind, kam hier auch nur der Vormittag in Frage. Die anderen 4 Skigebiete sind jeweils mit ca. 2 Stunden Fahrzeit zu erreichen, weshalb also nur eines der kleinen bzw. mit geringer \u00d6ffnung in Frage k\u00e4me. Hier entschied ich mich f\u00fcr Tarvisio mit der Option auf Sella Nevea, falls es windbedingt zu Problemen kommen sollte. F\u00fcr Montag bliebe dann Zoncolan + X, Forni di Sopra (die aber die Talabfahrt nicht mehr offen hatten) oder Sella Nevea (das man ja auch in Zukufnt mal fahren k\u00f6nnte, wenn die slowenische Seite endlich wieder aufmachen w\u00fcrde).<\/p>\n<p>Um 4:10 Uhr stand ich am Ostersonntag auf, um 4:35 kam ich weg. Eines meiner Navis hatte dabei eine andere Route als das andere, das sich an die Route von Google Maps hielt. Komisch &#8230; Ich hielt mich an die Google Maps Route, auch in meiner Italienkarte war die direkte Verbindung von Barcis nach Piancavallo als normale Stra\u00dfe eingezeichnet&#8230;<\/p>\n<p>Auf dem Weg kam ich aber erst mal am Vajont-Stausee vorbei, wo ich einen kurzen Fotostopp einlegte.<\/p>\n<p>(Fotos anklicken zum Vergr\u00f6\u00dfern)<\/p>\n<p><a href='http:\/\/extra.inmontanis.info\/d\/27177-2\/DSC07793.jpg'><img src=http:\/\/extra.inmontanis.info\/d\/27176-3\/DSC07793.jpg \/><\/a><br \/>\n^ Auffahrt von Longarone zur Vajont-Stauseemauer<\/p>\n<p><a href='http:\/\/extra.inmontanis.info\/d\/27181-2\/DSC07795.jpg'><img src=http:\/\/extra.inmontanis.info\/d\/27180-3\/DSC07795.jpg \/><\/a><br \/>\n^ Gedenkst\u00e4tte am Vajont-Ex-Stausee<\/p>\n<p><a href='http:\/\/extra.inmontanis.info\/d\/27185-2\/DSC07797.jpg'><img src=http:\/\/extra.inmontanis.info\/d\/27184-3\/DSC07797.jpg \/><\/a><br \/>\n^ Gedenkbanner<\/p>\n<p><a href='http:\/\/extra.inmontanis.info\/d\/27189-2\/DSC07798.jpg'><img src=http:\/\/extra.inmontanis.info\/d\/27188-3\/DSC07798.jpg \/><\/a><br \/>\n^ Ex-Vajont-Stausee. Der Hang rechts sollte fr\u00fcher also weiter oben gewesen sein, bevor er in den See rutschte&#8230;<\/p>\n<p><a href='http:\/\/extra.inmontanis.info\/d\/27193-2\/DSC07801.jpg'><img src=http:\/\/extra.inmontanis.info\/d\/27192-3\/DSC07801.jpg \/><\/a><br \/>\n^ Nur noch die Staumauer erinnert an den ehemaligen Stausee<\/p>\n<p><a href='http:\/\/extra.inmontanis.info\/d\/27197-2\/geVajont2.jpg'><img src=http:\/\/extra.inmontanis.info\/d\/27196-3\/geVajont2.jpg \/><\/a><br \/>\n^ Im Sat-Bild betrachtend kaum vorstellbar, dass der kleine See in Bildmitte mal als Stausee bis zur Staumauer vorging &#8211; bevor der Hang links in den See gerutscht ist.<\/p>\n<p>Ein Referat von Dachstein zur Vajont-Geschichte gibt&#8217;s hier:<br \/>\n<a href='http:\/\/www.sommerschi.com\/forum\/viewtopic.php?f=8&#038;t=1894'>http:\/\/www.sommerschi.com\/forum\/viewtopic.php?f=8&#038;t=1894<\/a><\/p>\n<p><a href='http:\/\/extra.inmontanis.info\/d\/27201-2\/DSC07806.jpg'><img src=http:\/\/extra.inmontanis.info\/d\/27200-3\/DSC07806.jpg \/><\/a><br \/>\n^ Erto-Cimolais<\/p>\n<p><a href='http:\/\/extra.inmontanis.info\/d\/27205-2\/DSC07819.jpg'><img src=http:\/\/extra.inmontanis.info\/d\/27204-3\/DSC07819.jpg \/><\/a><br \/>\n^ Cimolais-Barcis<\/p>\n<p><a href='http:\/\/extra.inmontanis.info\/d\/27209-2\/DSC07824.jpg'><img src=http:\/\/extra.inmontanis.info\/d\/27208-3\/DSC07824.jpg \/><\/a><br \/>\n^ Krass schmale Br\u00fccke vor Barcis. Konnte aber noch ohne eingeklappte Au\u00dfenspiegel dr\u00fcberfahren :)<\/p>\n<p>Auch die Stra\u00dfenschilder lie\u00dfen keine Zweifel: Skifahrer + Piancavallo = hier k\u00e4me man ins Skigebiet. Die Schilder, dass die Stra\u00dfe bei Schneefall und 24h danach geschlossen sei, nahm ich zur Kenntnis &#8211; aber keine Ahnung, ob das hier nun gestern geschneit hatte oder nicht.<\/p>\n<p><a href='http:\/\/extra.inmontanis.info\/d\/27213-2\/DSC07845.jpg'><img src=http:\/\/extra.inmontanis.info\/d\/27212-3\/DSC07845.jpg \/><\/a><br \/>\n^ Die Stra\u00dfe von Barcis-Piancavallo ist bei Regen, Schnee und 24h danach gesperrt. Auf anderen Tafeln war Piancavallo mit einem Skifahrer-Symbol erg\u00e4nzt, d.h. die Stra\u00dfe sollte im Winter also generell offen sein?!<\/p>\n<p><a href='http:\/\/extra.inmontanis.info\/d\/27217-2\/DSC07827.jpg'><img src=http:\/\/extra.inmontanis.info\/d\/27216-3\/DSC07827.jpg \/><\/a><br \/>\n^ Barcis-Piancavallo<\/p>\n<p><a href='http:\/\/extra.inmontanis.info\/d\/27221-2\/DSC07830.jpg'><img src=http:\/\/extra.inmontanis.info\/d\/27220-3\/DSC07830.jpg \/><\/a><br \/>\n^ Also eindeutig ge\u00f6ffnet, w\u00fcrd ich mal sagen&#8230;<\/p>\n<p><a href='http:\/\/extra.inmontanis.info\/d\/27225-2\/DSC07832.jpg'><img src=http:\/\/extra.inmontanis.info\/d\/27224-3\/DSC07832.jpg \/><\/a><br \/>\n^ Barcis-Piancavallo<\/p>\n<p><a href='http:\/\/extra.inmontanis.info\/d\/27229-2\/DSC07836.jpg'><img src=http:\/\/extra.inmontanis.info\/d\/27228-3\/DSC07836.jpg \/><\/a><br \/>\n^ Barcis-Piancavallo. Vor der Gallerie war schon ein hakeliges Schneefeld, aber nach der Kehre war dann Schluss mit lustig.<\/p>\n<p>Einige H\u00f6henmeter schon zur\u00fcckgelegt kam pl\u00f6tzlich eine unger\u00e4umte Stelle, wo einige gefahren sind, zwei aber umgekehrt hatten. Mist. Vor dem Schneefeld umkehren ging sich ob der geringen Breite nicht aus. Der Schnee an der Umkehrstelle sah weich aus, die Spuren waren tief, also fuhr ich ein St\u00fcck die etwas eisig ausschauenden Spuren hinauf und schlug zur\u00fcck ein &#8211; und das war&#8217;s dann. Der Schnee war hart, insb. die R\u00e4nder der Spuren waren gefroren und ich, jetzt halb quer in der Stra\u00dfe stehend, kam nicht mehr vor und nicht mehr zur\u00fcck. So ein Scheiss!<\/p>\n<p><a href='http:\/\/extra.inmontanis.info\/d\/27233-2\/DSC07837.jpg'><img src=http:\/\/extra.inmontanis.info\/d\/27232-3\/DSC07837.jpg \/><\/a><br \/>\n^ Na super, das hab ich jetzt gebraucht. Wollte noch vor dem Schnee umkehren, war mir aber zu schmal, also dachte ich, kehrste wie die anderen im Schnee um &#8230;<\/p>\n<p><a href='http:\/\/extra.inmontanis.info\/d\/27237-2\/DSC07838.jpg'><img src=http:\/\/extra.inmontanis.info\/d\/27236-3\/DSC07838.jpg \/><\/a><br \/>\n^ .. hatte aber nicht damit gerechnet, dass der Schnee 1. noch hart gefroren ist und 2. der Untergrund eisig ist &#8211; und steckte fest. Das Hinzuf\u00fcgen von Schnee und Stroh und kleinen Steinchen vom Stra\u00dfenrand brachten auch keine Besserung.<\/p>\n<p>Gut, leg ich halt endlich mal die Centrax Ketten an, waren ja teuer genug und hatte ich noch nie ausprobiert. Beim Montieren der ersten stellte ich aber fest, dass der Festzurrmechanismus nicht funktionierte &#8211; es wurde nicht fest, die Kordel rutschte raus. Na super. Seil reingesteckt, gedreht, wurde nicht fest. Hab das Teil dann zerlegt (4 Schrauben, die eine ging kaum raus, Federmechanismus etc.), einen Knoten in das Seil gemacht und wieder zusammengebaut (was mit der Feder und den festen Schrauben alles nicht sehr einfach war) &#8211; es sah so aus, als ob es nun greifen w\u00fcrde, also versuchte ich die Ketten wieder zu montieren (diesmal auf der rechten Seite) &#8211; aber es wurde nicht fester. Immerhin hielt das Seil soweit, dass die Kette zwar nicht fest sa\u00df, aber wenigstens nicht ganz so locker. Montierte die andere, funktionierende Kette am linken (bergseitigen) Rad, da dieses dauernd durchdrehte.<\/p>\n<p>Ich ging ein paar Meter bergw\u00e4rts und sah, dass nach diesem kleinen Feld und der Kurve die Stra\u00dfe wieder frei w\u00e4re, somit h\u00e4tte ich also dieses St\u00fcck auch ganz ohne Ketten einfach dr\u00fcberfahren k\u00f6nnen, w\u00e4re mit ASR problemlos gewesen. Ob allerdings weiter oben im Stra\u00dfenverlauf eine noch schlimmere Stelle oder eine gar nicht  mehr passierbare Stelle kommen w\u00fcrde, konnte man allerdings auch nicht wissen, lt. GPS kamen noch einige Kehren und das verhie\u00df nichts gutes.<\/p>\n<p>Half aber nichts, ich kam nicht mehr vorw\u00e4rts, auch mit Ketten drehte das Rad durch. Der Eisschnee in der Spur war zu weich, der Schnee am Rand der Spur geforen. Dass ich gerade erst tausende Kilometer in der T\u00fcrkei und die abtenteuerlichsten Stra\u00dfen in Georgien und Armenien ohne Ketten geschafft hatte und jetzt im April mal wieder (wie \u00fcblich!) in Italien auf einer Bergstra\u00dfe feststecke, ist nicht zu fassen.<\/p>\n<p><a href='http:\/\/extra.inmontanis.info\/d\/27241-2\/DSC07842.jpg'><img src=http:\/\/extra.inmontanis.info\/d\/27240-3\/DSC07842.jpg \/><\/a><br \/>\n^ Bl\u00f6derweise war ich mit Vorder- und Hinterrad in einer Spurrinne &#8211; und die Ketten  halfen auch nichts mehr&#8230;<\/p>\n<p>Also suchte ich meine Klapp-Schaufel und macht den Schnee in Richtung R\u00fcckw\u00e4rts fahrbarer, entfernte die vereisten Stellen zwischen den Spuren, den etwas zu hohen Schnee am Hinterrad und unter dem Kofferraum (hier streifte es bereits!) und probierte es erneut.<\/p>\n<p><a href='http:\/\/extra.inmontanis.info\/d\/27245-2\/DSC07841.jpg'><img src=http:\/\/extra.inmontanis.info\/d\/27244-3\/DSC07841.jpg \/><\/a><br \/>\n^ Also dann eben freischaufeln ..<\/p>\n<p>Erstaunlicherweise kam w\u00e4hrend dieser 1,5h Tortur kein anderes Auto des Wegs, der h\u00e4tte zwar nicht durchfahren k\u00f6nnen, aber mir evtl. anschieben helfen k\u00f6nnen. War zwar der Meinung, ein paar mal was geh\u00f6rt zu haben, aber vielleicht haben die vor dem ersten Schneefeld vor der Gallerie schon kehrt gemacht &#8211; oder mich von unten schr\u00e4g drin stehen sehen ;)<\/p>\n<p>Das R\u00fcckw\u00e4rtsfahren gelang dann endlich und ich konnte umkehren &#8211; auf einen zweiten Versuch auf dieser Stra\u00dfe verzichtete ich, erstens, weil die eine Kette ja nicht fest sa\u00df, und zweitens, weil ich bef\u00fcrchtete, dass es noch ein schlimmeres St\u00fcck geben k\u00f6nnte. Immerhin wei\u00df ich jetzt, dass das Anlegen dieser Centrax-Ketten wirklich sehr einfach und schnell w\u00e4re &#8211; wenn nichts defekt ist &#8211; und dass sie auf eismatschigen Untergrund kein Allheilmittel sind.<\/p>\n<p><a href='http:\/\/extra.inmontanis.info\/d\/27249-2\/DSC07843.jpg'><img src=http:\/\/extra.inmontanis.info\/d\/27248-3\/DSC07843.jpg \/><\/a><br \/>\n^ Nachdem ich die Spurrinnen (und die Schneeh\u00f6he unter dem Auto) mit dem Schaufeln entsch\u00e4rft hatte, gelang es mir endlich, zu wenden. Zeitverlust 1,5h (weil ich ja die Schneeketten wg. eines Defektes auch noch reparieren musste.)<\/p>\n<p>Mit dieser Misere und den noch zu fahrenden Umweg kam ich leider erst um 10 Uhr in Piancvallo an, ein Skigebietswechel war nun aufgrund der 2-st\u00fcndigen Fahrt ins n\u00e4chste Skigebiet sinnlos &#8230;<\/p>\n<p><a href='http:\/\/extra.inmontanis.info\/d\/27253-2\/DSC07847.jpg'><img src=http:\/\/extra.inmontanis.info\/d\/27252-3\/DSC07847.jpg \/><\/a><br \/>\n^ Staumauer bei Barcis, man f\u00e4hrt kurz in den Tunnel und dann \u00fcber die Mauer<\/p>\n<p><a href='http:\/\/extra.inmontanis.info\/d\/27257-2\/DSC07849.jpg'><img src=http:\/\/extra.inmontanis.info\/d\/27256-3\/DSC07849.jpg \/><\/a><br \/>\n^ Staumauer bei Barcis<\/p>\n<p><a href='http:\/\/extra.inmontanis.info\/d\/27261-2\/DSC07851.jpg'><img src=http:\/\/extra.inmontanis.info\/d\/27260-3\/DSC07851.jpg \/><\/a><br \/>\n^ Stausee bei Barcis<\/p>\n<p><a href='http:\/\/extra.inmontanis.info\/d\/27265-2\/DSC07854.jpg'><img src=http:\/\/extra.inmontanis.info\/d\/27264-3\/DSC07854.jpg \/><\/a><br \/>\n^ Stausee bei Montereale Valcellina<\/p>\n<p><strong>Friaul-Osterwochenende, Teil 2: Piancavallo, 5.4.2015<\/strong><\/p>\n<p>Mit dieser Misere kam ich leider erst um 10 Uhr in Piancvallo an, ein Skigebitswechel war nun aufgrund der 2-st\u00fcndigen Fahrt ins n\u00e4chste Skigebiet sinnlos, also blieb ich bis 15:50 Uhr. Der vormittags aufgesulzte Schnee war Ost- wie S\u00fcdseitig aufgrund der kalten Temperaturen und der ge\u00e4nderten Sonneneinstrahlung nachmittags war dann irgendwann eklig gefroren und machte keinen Spa\u00df mehr. Generell h\u00e4tten mir hier 3 Stunden doch gereicht.<\/p>\n<p>Das Panorama ist unzweifelhaft genial, und aufgrund des steilen, felsigen Gel\u00e4ndes kann man die vielen Pistenmodellierungen auch etwas verstehen, es ist einfach kein nat\u00fcrlicher &#8220;Skiberg&#8221; hier. Auch die Fangz\u00e4une machten sehr h\u00e4ufig Sinn, h\u00e4ufig allerdings auch keinen. Durch die dunkelblaue Farbe waren sie immerhin optisch nicht ganz so st\u00f6rend wie die roten. (Meine Suche nach einem Panino con Salsiccia blieb leider erfolglos, also nahm ich mir mittags ein Panino con Wurstel &#8211; also ein HotDog.)<\/p>\n<p>(Foto anklicken zum Vergr\u00f6\u00dfern.)<\/p>\n<p><a href='http:\/\/ski.inmontanis.info\/d\/195941-2\/DSC07860.jpg'><img src=http:\/\/ski.inmontanis.info\/d\/195940-3\/DSC07860.jpg \/><\/a><br \/>\n^ Blick ins Skigebiet<\/p>\n<p><a href='http:\/\/ski.inmontanis.info\/d\/195945-2\/ge20150405a.jpg'><img src=http:\/\/ski.inmontanis.info\/d\/195944-3\/ge20150405a.jpg \/><\/a><br \/>\n^ GPS-Track 4.5.2015 (Sat-Bild beinhaltet nicht die aktuellen Pistenbauten) mit ehemaligen Liften; ohne Gew\u00e4hr auf Richtigkeit und Vollst\u00e4ndigkeit. Magenta links unten in keinen alten Pl\u00e4nen gefunden, aber verr\u00e4terische Schneisen, evtl. auch Kurvenlift oder zwei SL<\/p>\n<p><a href='http:\/\/ski.inmontanis.info\/d\/195949-2\/DSC07861.jpg'><img src=http:\/\/ski.inmontanis.info\/d\/195948-3\/DSC07861.jpg \/><\/a><br \/>\n^ 4KSB Tremol (rechts)<\/p>\n<p><a href='http:\/\/ski.inmontanis.info\/d\/195953-2\/DSC07863.jpg'><img src=http:\/\/ski.inmontanis.info\/d\/195952-3\/DSC07863.jpg \/><\/a><br \/>\n^ F\u00f6rderband Caprioli (war fr\u00fcher vmtl. auch mal ein SL) und Blick zum linken Skigebietsteil mit 4SB Sauc<\/p>\n<p><a href='http:\/\/ski.inmontanis.info\/d\/195957-2\/DSC07864.jpg'><img src=http:\/\/ski.inmontanis.info\/d\/195956-3\/DSC07864.jpg \/><\/a><br \/>\n^ 4KSB Tremol und interessante Offpistevariante, leider zu wenig Schnee<\/p>\n<p><a href='http:\/\/ski.inmontanis.info\/d\/195961-2\/DSC07865.jpg'><img src=http:\/\/ski.inmontanis.info\/d\/195960-3\/DSC07865.jpg \/><\/a><br \/>\n^ Abfahrten an der 4KSB Tremol, oben die 4KSB Tremol 2<\/p>\n<p><a href='http:\/\/ski.inmontanis.info\/d\/195965-2\/DSC07866.jpg'><img src=http:\/\/ski.inmontanis.info\/d\/195964-3\/DSC07866.jpg \/><\/a><br \/>\n^ Einer der Beschneiungsseen mit Blick in die Po-Ebene und zum gl\u00e4nzenden Meer (Adria)<\/p>\n<p><a href='http:\/\/ski.inmontanis.info\/d\/195969-2\/DSC07873.jpg'><img src=http:\/\/ski.inmontanis.info\/d\/195968-3\/DSC07873.jpg \/><\/a><br \/>\n^ 4KSB Tremol 2<\/p>\n<p><a href='http:\/\/ski.inmontanis.info\/d\/195973-2\/DSC07875.jpg'><img src=http:\/\/ski.inmontanis.info\/d\/195972-3\/DSC07875.jpg \/><\/a><br \/>\n^ 4KSB Tremol 2 mit Blick r\u00fcber zur Verbindungsabfahrt der 4SB Sauc; Generell sind die Abfahrten hier sehr modelliert und verfangz\u00e4unt<\/p>\n<p><a href='http:\/\/ski.inmontanis.info\/d\/195977-2\/DSC07877.jpg'><img src=http:\/\/ski.inmontanis.info\/d\/195976-3\/DSC07877.jpg \/><\/a><br \/>\n^ Blick zur 4SB Busa Grande<\/p>\n<p><a href='http:\/\/ski.inmontanis.info\/d\/195981-2\/DSC07879.jpg'><img src=http:\/\/ski.inmontanis.info\/d\/195980-3\/DSC07879.jpg \/><\/a><br \/>\n^ 4KSB Tremol 2 mit Abfahrt (erinnert mich optisch an Zahnplomben ;) )<\/p>\n<p><a href='http:\/\/ski.inmontanis.info\/d\/195985-2\/DSC07886.jpg'><img src=http:\/\/ski.inmontanis.info\/d\/195984-3\/DSC07886.jpg \/><\/a><br \/>\n^ 4KSB Tremol 2 mit Pano in die Po-Ebene und dem gl\u00e4nzenden Meer (Adria) (und den beiden Beschneiungsseen)<\/p>\n<p><a href='http:\/\/ski.inmontanis.info\/d\/195989-2\/DSC07888.jpg'><img src=http:\/\/ski.inmontanis.info\/d\/195988-3\/DSC07888.jpg \/><\/a><br \/>\n^ 4KSB Tremol 2, Bergstationsbereich. Der Vorg\u00e4ngerlift war endete hier, aber weiter rechts, in der Mulde waren dann (max.) 2 SL nach links und rechts.<\/p>\n<p><a href='http:\/\/ski.inmontanis.info\/d\/195993-2\/DSC07891.jpg'><img src=http:\/\/ski.inmontanis.info\/d\/195992-3\/DSC07891.jpg \/><\/a><br \/>\n^ Start der Abfahrt an der 4KSB Tremol 2 mit Blick zur Adria<\/p>\n<p><a href='http:\/\/ski.inmontanis.info\/d\/195997-2\/DSC07901.jpg'><img src=http:\/\/ski.inmontanis.info\/d\/195996-3\/DSC07901.jpg \/><\/a><br \/>\n^ 4KSB Tremol 2, hier wo ich stehe sollte einer der beiden SL fr\u00fcher raufgegangen sein<\/p>\n<p><a href='http:\/\/ski.inmontanis.info\/d\/196001-2\/DSC07900.jpg'><img src=http:\/\/ski.inmontanis.info\/d\/196000-3\/DSC07900.jpg \/><\/a><br \/>\n^ Pano oberhalb der 4KSB Tremol 2 mit Blick zur Adria (links und rechts des Gipfelchens da vorne)<\/p>\n<p><a href='http:\/\/ski.inmontanis.info\/d\/196005-2\/DSC01681.jpg'><img src=http:\/\/ski.inmontanis.info\/d\/196004-3\/DSC01681.jpg \/><\/a><br \/>\n^ IR-Pano in die Ebene und zur Adria<\/p>\n<p><a href='http:\/\/ski.inmontanis.info\/d\/196009-2\/DSC01683.jpg'><img src=http:\/\/ski.inmontanis.info\/d\/196008-3\/DSC01683.jpg \/><\/a><br \/>\n^ 4KSB und Zoom in die Ebene und zur Adria (IR)<\/p>\n<p><a href='http:\/\/ski.inmontanis.info\/d\/196013-2\/DSC07899.jpg'><img src=http:\/\/ski.inmontanis.info\/d\/196012-3\/DSC07899.jpg \/><\/a><br \/>\n^ Hier gibt&#8217;s auch eine kleine Hochebene<\/p>\n<p><a href='http:\/\/ski.inmontanis.info\/d\/196017-2\/DSC07898.jpg'><img src=http:\/\/ski.inmontanis.info\/d\/196016-3\/DSC07898.jpg \/><\/a><br \/>\n^ Pano oberhalb der 4KSB Tremol richtung S\u00fcdwesten, rechts der Nevegal<\/p>\n<p><a href='http:\/\/ski.inmontanis.info\/d\/196021-2\/DSC01678.jpg'><img src=http:\/\/ski.inmontanis.info\/d\/196020-3\/DSC01678.jpg \/><\/a><br \/>\n^ S\u00fcd-West-Pano mit Nevegal (mitte\/rechts) (IR)<\/p>\n<p><a href='http:\/\/ski.inmontanis.info\/d\/196025-2\/DSC07902.jpg'><img src=http:\/\/ski.inmontanis.info\/d\/196024-3\/DSC07902.jpg \/><\/a><br \/>\n^ Abfahrt an der 4KSB Tremol 2 mit Meerpano<\/p>\n<p><a href='http:\/\/ski.inmontanis.info\/d\/196029-2\/DSC07903.jpg'><img src=http:\/\/ski.inmontanis.info\/d\/196028-3\/DSC07903.jpg \/><\/a><br \/>\n^ Abfahrt an der 4KSB Tremol 2 mit Meerpano. Dank des tollen Panos ist auch die Modellierung ertr\u00e4glich ;)<\/p>\n<p><a href='http:\/\/ski.inmontanis.info\/d\/196033-2\/DSC07905.jpg'><img src=http:\/\/ski.inmontanis.info\/d\/196032-3\/DSC07905.jpg \/><\/a><br \/>\n^ 4SB Sauc (vorne), 4SB Busa Grande (links), 3SB Sole (hinten, geht zur 4KSB Tremol)<\/p>\n<p><a href='http:\/\/ski.inmontanis.info\/d\/196037-2\/DSC07906.jpg'><img src=http:\/\/ski.inmontanis.info\/d\/196036-3\/DSC07906.jpg \/><\/a><br \/>\n^ 4SB Sauc mit schwarzer Abfahrt (wow, da sind noch Wellen drin, die ist noch gar nicht 100% modelliert!)<\/p>\n<p><a href='http:\/\/ski.inmontanis.info\/d\/196041-2\/DSC07907.jpg'><img src=http:\/\/ski.inmontanis.info\/d\/196040-3\/DSC07907.jpg \/><\/a><br \/>\n^ Blick zur 4SB Busa Grande und der ehemaligen Vorg\u00e4nger-SL-Schneise. Die blauen Fangz\u00e4une sind zumindest optisch wesentlich dezenter und angenehmer als rote.<\/p>\n<p><a href='http:\/\/ski.inmontanis.info\/d\/196045-2\/DSC07914.jpg'><img src=http:\/\/ski.inmontanis.info\/d\/196044-3\/DSC07914.jpg \/><\/a><br \/>\n^ Blick von der 4SB Sauc zur 4KSB Tremol 2 samt Abfahrt<\/p>\n<p><a href='http:\/\/ski.inmontanis.info\/d\/196049-2\/DSC07915.jpg'><img src=http:\/\/ski.inmontanis.info\/d\/196048-3\/DSC07915.jpg \/><\/a><br \/>\n^ Bergstation 4SB Sauc<\/p>\n<p><a href='http:\/\/ski.inmontanis.info\/d\/196053-2\/DSC01695.jpg'><img src=http:\/\/ski.inmontanis.info\/d\/196052-3\/DSC01695.jpg \/><\/a><br \/>\n^ IR-Pano (Zoom)<\/p>\n<p><a href='http:\/\/ski.inmontanis.info\/d\/196057-2\/DSC07917.jpg'><img src=http:\/\/ski.inmontanis.info\/d\/196056-3\/DSC07917.jpg \/><\/a><br \/>\n^ Piancavallo von schwarzer Abfahrt an der 4SB Sauc<\/p>\n<p><a href='http:\/\/ski.inmontanis.info\/d\/196061-2\/DSC07919.jpg'><img src=http:\/\/ski.inmontanis.info\/d\/196060-3\/DSC07919.jpg \/><\/a><br \/>\n^ 4SB Sauc (Poma, aber Agudio gelabelt)<\/p>\n<p><a href='http:\/\/ski.inmontanis.info\/d\/196065-2\/DSC07924.jpg'><img src=http:\/\/ski.inmontanis.info\/d\/196064-3\/DSC07924.jpg \/><\/a><br \/>\n^ Nottreppe an der 4SB Sauc<\/p>\n<p><a href='http:\/\/ski.inmontanis.info\/d\/196069-2\/DSC07956.jpg'><img src=http:\/\/ski.inmontanis.info\/d\/196068-3\/DSC07956.jpg \/><\/a><br \/>\n^ Nottreppe an der 4SB Sauc<\/p>\n<p><a href='http:\/\/ski.inmontanis.info\/d\/196073-2\/DSC07932.jpg'><img src=http:\/\/ski.inmontanis.info\/d\/196072-3\/DSC07932.jpg \/><\/a><br \/>\n^ 4KSB Tremol mit Ebene\/Meer-Pano<\/p>\n<p><a href='http:\/\/ski.inmontanis.info\/d\/196077-2\/DSC07935.jpg'><img src=http:\/\/ski.inmontanis.info\/d\/196076-3\/DSC07935.jpg \/><\/a><br \/>\n^ Abfahrt an der 4KSB Tremol mit Blick r\u00fcber zur 4SB Sauc samt schwarzer Abfahrt (fr\u00fcher war dort ein SL links + ein SL rechts + ein SL weiter hinauf), links die Ebene samt Meer<\/p>\n<p><a href='http:\/\/ski.inmontanis.info\/d\/196081-2\/DSC07936.jpg'><img src=http:\/\/ski.inmontanis.info\/d\/196080-3\/DSC07936.jpg \/><\/a><br \/>\n^ 4SB Busa Grande mit stark modellierter Abfahrt<\/p>\n<p><a href='http:\/\/ski.inmontanis.info\/d\/196085-2\/DSC07939.jpg'><img src=http:\/\/ski.inmontanis.info\/d\/196084-3\/DSC07939.jpg \/><\/a><br \/>\n^ Eine der vorher angesprochenen SL-Schneisen an der schwarzen Sauc-Abfahrt<\/p>\n<p><a href='http:\/\/ski.inmontanis.info\/d\/196089-2\/DSC07942.jpg'><img src=http:\/\/ski.inmontanis.info\/d\/196088-3\/DSC07942.jpg \/><\/a><br \/>\n^ Abfahrt an der 4KSB Tremol mit Blick in den Ort; im Tal ist noch ein weiterer Beschneiungssee<\/p>\n<p><a href='http:\/\/ski.inmontanis.info\/d\/196093-2\/DSC07943.jpg'><img src=http:\/\/ski.inmontanis.info\/d\/196092-3\/DSC07943.jpg \/><\/a><br \/>\n^ Blick zum mittlerweile stillgelegten SL Collalto<\/p>\n<p><a href='http:\/\/ski.inmontanis.info\/d\/196097-2\/DSC07945.jpg'><img src=http:\/\/ski.inmontanis.info\/d\/196096-3\/DSC07945.jpg \/><\/a><br \/>\n^ 4SB Busa Grande; es gibt sogar welche, die hier den Fu\u00dfweg runtergingen, um da ein bisschen Offpiste zu fahren :) (Das Gel\u00e4nde ist hier generell offpistefeindlich)<\/p>\n<p><a href='http:\/\/ski.inmontanis.info\/d\/196101-2\/DSC07953.jpg'><img src=http:\/\/ski.inmontanis.info\/d\/196100-3\/DSC07953.jpg \/><\/a><br \/>\n^ 4SB Sauc, schwarze Abfahrt<\/p>\n<p><a href='http:\/\/ski.inmontanis.info\/d\/196105-2\/DSC07952.jpg'><img src=http:\/\/ski.inmontanis.info\/d\/196104-3\/DSC07952.jpg \/><\/a><br \/>\n^ Schwarze Abfahrt an der 4SB Sauc mit Blick in die Ebene<\/p>\n<p><a href='http:\/\/ski.inmontanis.info\/d\/196109-2\/DSC01710.jpg'><img src=http:\/\/ski.inmontanis.info\/d\/196108-3\/DSC01710.jpg \/><\/a><br \/>\n^ IR-Zoom von ebendort in die Ebene bzw. zur Adria (Trieste links; die Berge sind in Slowenien und\/oder Kroatien)<\/p>\n<p><a href='http:\/\/ski.inmontanis.info\/d\/196113-2\/DSC07968.jpg'><img src=http:\/\/ski.inmontanis.info\/d\/196112-3\/DSC07968.jpg \/><\/a><br \/>\n^ 4KSB Tremol 2; in der Mulde in Bildmitte gab es fr\u00fcher einen SL<\/p>\n<p><a href='http:\/\/ski.inmontanis.info\/d\/196117-2\/DSC01712.jpg'><img src=http:\/\/ski.inmontanis.info\/d\/196116-3\/DSC01712.jpg \/><\/a><br \/>\n^ 4KSB Tremol 2 und Abfahrt und Ebene und jetzt blau die Adria (IR)<\/p>\n<p><a href='http:\/\/ski.inmontanis.info\/d\/196121-2\/DSC07971.jpg'><img src=http:\/\/ski.inmontanis.info\/d\/196120-3\/DSC07971.jpg \/><\/a><br \/>\n^ Bissl offpiste im oberen Teil der 4KSB Tremol 2<\/p>\n<p><a href='http:\/\/ski.inmontanis.info\/d\/196125-2\/DSC07972.jpg'><img src=http:\/\/ski.inmontanis.info\/d\/196124-3\/DSC07972.jpg \/><\/a><br \/>\n^ H\u00e4nge unter der 4SB Sauc, evtl. kann man hier von rechts kommend ein bisschen offpiste fahren, aber generell gibt&#8217;s aufgrund der vielen Steine wohl doch sehr wenig M\u00f6glichkeiten<\/p>\n<p><a href='http:\/\/ski.inmontanis.info\/d\/196129-2\/DSC01719.jpg'><img src=http:\/\/ski.inmontanis.info\/d\/196128-3\/DSC01719.jpg \/><\/a><br \/>\n^ IR-Pano in die Ebene<\/p>\n<p><a href='http:\/\/ski.inmontanis.info\/d\/196133-2\/DSC01727.jpg'><img src=http:\/\/ski.inmontanis.info\/d\/196132-3\/DSC01727.jpg \/><\/a><br \/>\n^ IR-Zoom in die Ebene und Adria (Venezia \/ Venedig)<\/p>\n<p><a href='http:\/\/ski.inmontanis.info\/d\/196137-2\/DSC01738.jpg'><img src=http:\/\/ski.inmontanis.info\/d\/196136-3\/DSC01738.jpg \/><\/a><br \/>\n^ IR-Zoom mit 4KSB Tremol 2 in die Ebene und zur blauen Adria<\/p>\n<p><a href='http:\/\/ski.inmontanis.info\/d\/196141-2\/DSC01743.jpg'><img src=http:\/\/ski.inmontanis.info\/d\/196140-3\/DSC01743.jpg \/><\/a><br \/>\n^ Pano zur Adria (IR) auch von fast ganz unten<\/p>\n<p>Fazit: Trotz des Panos und des Meerblicks glaub ich kaum, dass ich hier nochmal hin muss.<\/p>\n<p>Auch f\u00fcr die Hotelsuche brauchte ich gestern 1-2 Stunden, bis ich mich f\u00fcr eines entscheiden konnte &#8211; und zwar f\u00fcr das g\u00fcnstigste zwischen Zoncolan und Tarvisio, f\u00fcr 36,- \u00dcF, das aber leider noch keine Bewertungen auf booking.com hatte. Um 40,- h\u00e4tte man auch in Tarvisio zwei Hotels bekommen, die etliche gute Bewertungen und Fr\u00fchs\u00fccksbuffets (allerdings erst ab 8 Uhr &#8211; zu sp\u00e4t) hatten, aber da ich heute Nachmittag ja Skifahren in Tarvisio geplant h\u00e4tte, w\u00e4re das auch bl\u00f6d gewesen. Den Hinweis, dass das gratis Wlan nur in den \u00f6ffentlichen Bereichen funktionierte, akzeptierte ich, da ich annahm, dass ich mit meiner gro\u00dfen Antenne schon einen Empfang haben werden w\u00fcrde &#8211; war aber nix, insb. nicht, wenn man quasi mal wieder das letzte Zimmer am anderen Ende des Hauses bekommt. Egal, beim Essen konnte ich ja die wichtigsten Sachen nachschauen und bemerkte, dass Tarvisio heute 0 Lifte offen hatte &#8211; wohl doch zuviel Wind dort gewesen.<\/p>\n<p>Damit steht f\u00fcr morgen also Zoncolan + Tarvisio fest. Erst Zoncolan, dann Tarviso mit Option auf Nevea? Oder erst Tarvisio, dann Zoncolan mit Option auf Forni di Sopra? Aufgrund der heutigen Erfahrung mit dem Osthang und der Tatsache, dass Zoncolan bis auf die nordseitige PB nur Osth\u00e4nge hat, w\u00e4hrend es in Tarvisio an der Agudio-EUB immerhin einen Westhang g\u00e4be, wird es mich morgen aber wohl erst nach Zoncolan bringen.<\/p>\n<p><a href='http:\/\/extra.inmontanis.info\/d\/27269-2\/DSC07982.jpg'><img src=http:\/\/extra.inmontanis.info\/d\/27268-3\/DSC07982.jpg \/><\/a><br \/>\n^ Zufahrtsstra\u00dfe talw\u00e4rts mit Blick zur Adria<\/p>\n<p><a href='http:\/\/extra.inmontanis.info\/d\/27273-2\/DSC07992.jpg'><img src=http:\/\/extra.inmontanis.info\/d\/27272-3\/DSC07992.jpg \/><\/a><br \/>\n^ Ausgetrocknete Fl\u00fcsse (wg. den Stauseen?)<\/p>\n<p><a href='http:\/\/extra.inmontanis.info\/d\/27277-2\/DSC07998.jpg'><img src=http:\/\/extra.inmontanis.info\/d\/27276-3\/DSC07998.jpg \/><\/a><br \/>\n^ Br\u00fccke (Tagliamento)<\/p>\n<p><a href='http:\/\/extra.inmontanis.info\/d\/27281-2\/DSC08006.jpg'><img src=http:\/\/extra.inmontanis.info\/d\/27280-3\/DSC08006.jpg \/><\/a><br \/>\n^ Bew\u00e4sserungskanal<\/p>\n<p><a href='http:\/\/extra.inmontanis.info\/d\/27285-2\/DSC08008.jpg'><img src=http:\/\/extra.inmontanis.info\/d\/27284-3\/DSC08008.jpg \/><\/a><br \/>\n^ Venzone<\/p>\n<p><a href='http:\/\/extra.inmontanis.info\/d\/27289-2\/DSC08009.jpg'><img src=http:\/\/extra.inmontanis.info\/d\/27288-3\/DSC08009.jpg \/><\/a><br \/>\n^ Venzone<\/p>\n<p><a href='http:\/\/extra.inmontanis.info\/d\/27293-2\/DSC08011.jpg'><img src=http:\/\/extra.inmontanis.info\/d\/27292-3\/DSC08011.jpg \/><\/a><br \/>\n^ Ausgetrocknete Fl\u00fcsse<\/p>\n<p>Zur\u00fcck zum Hotel, auf booking.com wurde es mit 3 Sternen angegeben &#8211; der Aushang im Zimmer (von 2012) spricht nur von 1 Stern (es gibt auch keinen F\u00f6hn, kein Duschgel und italienuntypisch kein Bidet), dazu von einem Halbpensionspreis von 36,- und von einem \u00dcbernachtungspreis von 36,- (f\u00fcr das Mini-DZ f\u00fcr zwei Personen) &#8211; ich zahl leider die vollen 36,- ohne HP. Ist aber ne Pizzeria, somit nicht so teuer. Pizza 7,-, Tiramisu 3,50. 2 Pizzast\u00fccke hob ich mir f\u00fcr morgen auf, wobei der Teigboden hier f\u00fcr Italien \u00fcberdurchschnittlich dick war &#8211; mir fast zu dick und schon fast so dick wie  Pizzen in Deutschland (und relativ trocken). Das Fr\u00fchst\u00fcck, so wurde mir gleich beim Kommen gesagt, best\u00fcnde nur aus einem Croissant und einem Hei\u00dfgetr\u00e4nk, daf\u00fcr zeitlich aber schon sehr fr\u00fch, 7 Uhr w\u00e4re kein Problem, vmtl. w\u00e4rs sogar noch fr\u00fcher m\u00f6glich, was mir dann wiederum recht gelegen kommt, da ich somit fr\u00fcher in Zoncolan w\u00e4re. Schlussendlich musste ich 50,30 zahlen, weil auch noch der Liter Mineralwasser mit f\u00fcr Italien sehr teure 2,80 (plus Gedeck 1,-) verrechnet wurde. Muss ich jetzt auch nicht nochmal her.<\/p>\n<p><a href='http:\/\/extra.inmontanis.info\/d\/27297-2\/DSC08013.jpg'><img src=http:\/\/extra.inmontanis.info\/d\/27296-3\/DSC08013.jpg \/><\/a><br \/>\n^ Hotelzimmer, wohl recht neu eingerichtet und immerhin mit Schreibtisch und angenehmenen Sessel und vielen Steckdosen, auch die  Beleuchtung ist gut, nur die Temperatur h\u00e4tte w\u00e4rmer sein k\u00f6nnen, die Heizung war um 7 noch kalt. Naja, stand vielleicht noch auf Winterzeit. Schon m\u00fchselig irgendwie, dass man die Sterne im Hotelzimmer oft auch an der Zimmertemperatur erahnen kann. Bei 4 Sternen ist es mir viel zu warm, bei 0-1 Sternen viel zu kalt :)<\/p>\n<p>(Fortsetzung folgt.)<\/p>\n","protected":false},"excerpt":{"rendered":"<p>Friaul-Osterwochenende, Teil 1: Anfahrt, 5.4.2015<\/p>\n<p>Osterwochenende. 3 Tage Skifahren. Appennin, Febbio + sonst mal schauen, evtl. noch Frabosa in den S\u00fcdalpen. So mein Plan seit einigen Wochen.<\/p>\n<p>Eine Woche vor Ostern waren die Vorhersagen zumindest noch f\u00fcr Samstag im Appennin brauchbar, in den S\u00fcdalpen waren alle 3 Tage sonnig gemeldet. Und Frabosa und andere Skigebiete <a href=\"http:\/\/blog.inmontanis.info\/?p=3193\">[&#8230;]<\/a><\/p>\n","protected":false},"author":1,"featured_media":0,"comment_status":"closed","ping_status":"closed","sticky":false,"template":"","format":"standard","meta":{"footnotes":""},"categories":[15,425,27,81],"tags":[49,90,37,45],"class_list":["post-3193","post","type-post","status-publish","format-standard","hentry","category-italienitaly","category-piancavallo","category-skifahren-winterskiing-winter","category-kurztrips","tag-4sb","tag-infrarot","tag-meer","tag-see","odd"],"_links":{"self":[{"href":"http:\/\/blog.inmontanis.info\/index.php?rest_route=\/wp\/v2\/posts\/3193","targetHints":{"allow":["GET"]}}],"collection":[{"href":"http:\/\/blog.inmontanis.info\/index.php?rest_route=\/wp\/v2\/posts"}],"about":[{"href":"http:\/\/blog.inmontanis.info\/index.php?rest_route=\/wp\/v2\/types\/post"}],"author":[{"embeddable":true,"href":"http:\/\/blog.inmontanis.info\/index.php?rest_route=\/wp\/v2\/users\/1"}],"replies":[{"embeddable":true,"href":"http:\/\/blog.inmontanis.info\/index.php?rest_route=%2Fwp%2Fv2%2Fcomments&post=3193"}],"version-history":[{"count":2,"href":"http:\/\/blog.inmontanis.info\/index.php?rest_route=\/wp\/v2\/posts\/3193\/revisions"}],"predecessor-version":[{"id":5016,"href":"http:\/\/blog.inmontanis.info\/index.php?rest_route=\/wp\/v2\/posts\/3193\/revisions\/5016"}],"wp:attachment":[{"href":"http:\/\/blog.inmontanis.info\/index.php?rest_route=%2Fwp%2Fv2%2Fmedia&parent=3193"}],"wp:term":[{"taxonomy":"category","embeddable":true,"href":"http:\/\/blog.inmontanis.info\/index.php?rest_route=%2Fwp%2Fv2%2Fcategories&post=3193"},{"taxonomy":"post_tag","embeddable":true,"href":"http:\/\/blog.inmontanis.info\/index.php?rest_route=%2Fwp%2Fv2%2Ftags&post=3193"}],"curies":[{"name":"wp","href":"https:\/\/api.w.org\/{rel}","templated":true}]}}