{"id":3187,"date":"2015-03-28T16:55:38","date_gmt":"2015-03-28T15:55:38","guid":{"rendered":"http:\/\/blog.inmontanis.info\/?p=3187"},"modified":"2023-08-04T18:27:29","modified_gmt":"2023-08-04T16:27:29","slug":"oga-san-colombano-28-3-2015","status":"publish","type":"post","link":"http:\/\/blog.inmontanis.info\/?p=3187","title":{"rendered":"Oga &#8211; San Colombano, 28.3.2015"},"content":{"rendered":"<p><strong>Teil 1: Oga-San Colombano, 28.3.2015<\/strong><\/p>\n<p>Nachdem ich letztes Jahr zum ersten Mal in Oga &#8211; und begeistert &#8211; war, hatte ich mir ja vorgenommen, es m\u00f6glichst so gut wie jedes Jahr zu fahren.<\/p>\n<p>Heute gab es die vielleicht letzte M\u00f6glichkeit dieser Saison. Abfahrt um 5:45, nach ein paar kurzen Pausen &#8211; via Bernina &#8211; kam ich kurz nach 10 Uhr im Skigebiet an. Tageskarte &#8211; nur f\u00fcr die Oga-Seite, da ich Cima Piazzi (Isolaccia) letztes mal recht modelliert und langweilig fand &#8211; seit heute nur noch 24,- (statt 28,-), der Aufpreis f\u00fcr den Bormio-Skipass (36,-?) war mir dieser nicht wert. War im Nachhinein auch sehr gut so, da ich es erst bis zum Schluss schaffte, alle Abfahrten und Varianten zu fahren.<\/p>\n<p>Schnee war gr\u00f6\u00dftenteils leider recht hart und auch offpiste gr\u00f6\u00dftenteils nicht sehr gut heute gewesen. Vor ein paar Tagen gab&#8217;s etwas Neuschnee (-> d\u00fcnner Bruchharsch), es war kalt und windig und firnte heute kaum auf.<\/p>\n<p>Landschaftlich und mit den 3 SL oben aber halt absolut genial.<\/p>\n<p>(Fotos anklicken zum Vergr\u00f6\u00dfern)<\/p>\n<p><a href='http:\/\/extra.inmontanis.info\/d\/26645-2\/DSC07172.jpg'><img src=http:\/\/extra.inmontanis.info\/d\/26644-3\/DSC07172.jpg \/><\/a><br \/>\n^ Inntal-Schlucht vor Martina<\/p>\n<p><a href='http:\/\/extra.inmontanis.info\/d\/26649-2\/DSC07178.jpg'><img src=http:\/\/extra.inmontanis.info\/d\/26648-3\/DSC07178.jpg \/><\/a><br \/>\n^ Bernina \/ Lagalb<\/p>\n<p><a href='http:\/\/extra.inmontanis.info\/d\/26653-2\/DSC07181.jpg'><img src=http:\/\/extra.inmontanis.info\/d\/26652-3\/DSC07181.jpg \/><\/a><br \/>\n^ Bernina-Passstra\u00dfe<\/p>\n<p><a href='http:\/\/extra.inmontanis.info\/d\/26657-2\/DSC07186.jpg'><img src=http:\/\/extra.inmontanis.info\/d\/26656-3\/DSC07186.jpg \/><\/a><br \/>\n^ Bernina-Passstra\u00dfe<\/p>\n<p><a href='http:\/\/extra.inmontanis.info\/d\/26661-2\/DSC07187.jpg'><img src=http:\/\/extra.inmontanis.info\/d\/26660-3\/DSC07187.jpg \/><\/a><br \/>\n^ Bernina-Passstra\u00dfe<\/p>\n<p><a href='http:\/\/extra.inmontanis.info\/d\/26665-2\/DSC07189.jpg'><img src=http:\/\/extra.inmontanis.info\/d\/26664-3\/DSC07189.jpg \/><\/a><br \/>\n^ Bernina-Passstra\u00dfe, der vielleicht sch\u00f6nste im Winter ge\u00f6ffnete Alpenpass<\/p>\n<p><a href='http:\/\/extra.inmontanis.info\/d\/26669-2\/DSC07198.jpg'><img src=http:\/\/extra.inmontanis.info\/d\/26668-3\/DSC07198.jpg \/><\/a><br \/>\n^ See an der S\u00fcdseite der Bernina-Passstra\u00dfe<\/p>\n<p><a href='http:\/\/extra.inmontanis.info\/d\/26673-2\/DSC07202.jpg'><img src=http:\/\/extra.inmontanis.info\/d\/26672-3\/DSC07202.jpg \/><\/a><br \/>\n^ Tirano-Bormio<\/p>\n<p><a href='http:\/\/ski.inmontanis.info\/d\/193956-2\/DSC07205.jpg'><img src=http:\/\/ski.inmontanis.info\/d\/193955-3\/DSC07205.jpg \/><\/a><br \/>\n^ 4SB und Abfahrt<\/p>\n<p><a href='http:\/\/ski.inmontanis.info\/d\/193960-2\/DSC07209.jpg'><img src=http:\/\/ski.inmontanis.info\/d\/193959-3\/DSC07209.jpg \/><\/a><br \/>\n^ Abfahrt von der DSB Sektion II zur DSB Sektion III<\/p>\n<p><a href='http:\/\/ski.inmontanis.info\/d\/193964-2\/DSC07223.jpg'><img src=http:\/\/ski.inmontanis.info\/d\/193963-3\/DSC07223.jpg \/><\/a><br \/>\n^ SL Pra Vegl, die 4. Sektion<\/p>\n<p><a href='http:\/\/ski.inmontanis.info\/d\/193968-2\/DSC07224.jpg'><img src=http:\/\/ski.inmontanis.info\/d\/193967-3\/DSC07224.jpg \/><\/a><br \/>\n^ Links SL Pra Vegl (Sektion 4), rechts DSB San Colombano (Sektion 3) und dar\u00fcber SL Le Pone (Sektion 5)<\/p>\n<p><a href='http:\/\/ski.inmontanis.info\/d\/193972-2\/DSC07228.jpg'><img src=http:\/\/ski.inmontanis.info\/d\/193971-3\/DSC07228.jpg \/><\/a><br \/>\n^ SL Le Pone, die 5. Sektion, leider nur eine Abfahrt, trotzdem nat\u00fcrlich das Highlight.<\/p>\n<p><a href='http:\/\/ski.inmontanis.info\/d\/193976-2\/DSC07230.jpg'><img src=http:\/\/ski.inmontanis.info\/d\/193975-3\/DSC07230.jpg \/><\/a><br \/>\n^ Blick zum SL Masucco<\/p>\n<p><a href='http:\/\/ski.inmontanis.info\/d\/193980-2\/DSC07231.jpg'><img src=http:\/\/ski.inmontanis.info\/d\/193979-3\/DSC07231.jpg \/><\/a><br \/>\n^ Gipfelpano<\/p>\n<p><a href='http:\/\/ski.inmontanis.info\/d\/193984-2\/DSC07233.jpg'><img src=http:\/\/ski.inmontanis.info\/d\/193983-3\/DSC07233.jpg \/><\/a><br \/>\n^ SL Le Pone<\/p>\n<p><a href='http:\/\/ski.inmontanis.info\/d\/193988-2\/DSC07240.jpg'><img src=http:\/\/ski.inmontanis.info\/d\/193987-3\/DSC07240.jpg \/><\/a><br \/>\n^ DSB San Colombano (3. Sektion) von meb mit 3 Portalst\u00fctzen<\/p>\n<p><a href='http:\/\/ski.inmontanis.info\/d\/193992-2\/DSC07248.jpg'><img src=http:\/\/ski.inmontanis.info\/d\/193991-3\/DSC07248.jpg \/><\/a><br \/>\n^ SL Pra Vegl<\/p>\n<p><a href='http:\/\/ski.inmontanis.info\/d\/193996-2\/DSC07251.jpg'><img src=http:\/\/ski.inmontanis.info\/d\/193995-3\/DSC07251.jpg \/><\/a><br \/>\n^ SL Pra Vegl<\/p>\n<p><a href='http:\/\/ski.inmontanis.info\/d\/194000-2\/DSC07256.jpg'><img src=http:\/\/ski.inmontanis.info\/d\/193999-3\/DSC07256.jpg \/><\/a><br \/>\n^ SL Le Pone<\/p>\n<p><a href='http:\/\/ski.inmontanis.info\/d\/194004-2\/DSC07257.jpg'><img src=http:\/\/ski.inmontanis.info\/d\/194003-3\/DSC07257.jpg \/><\/a><br \/>\n^ R\u00fcckseitenpano<\/p>\n<p><a href='http:\/\/ski.inmontanis.info\/d\/194008-2\/DSC07261.jpg'><img src=http:\/\/ski.inmontanis.info\/d\/194007-3\/DSC07261.jpg \/><\/a><br \/>\n^ SL Le Pone<\/p>\n<p><a href='http:\/\/ski.inmontanis.info\/d\/194012-2\/DSC07263.jpg'><img src=http:\/\/ski.inmontanis.info\/d\/194011-3\/DSC07263.jpg \/><\/a><br \/>\n^ SL Le Pone<\/p>\n<p><a href='http:\/\/ski.inmontanis.info\/d\/194016-2\/DSC07266.jpg'><img src=http:\/\/ski.inmontanis.info\/d\/194015-3\/DSC07266.jpg \/><\/a><br \/>\n^ SL Le Pone<\/p>\n<p><a href='http:\/\/ski.inmontanis.info\/d\/194020-2\/DSC07268.jpg'><img src=http:\/\/ski.inmontanis.info\/d\/194019-3\/DSC07268.jpg \/><\/a><br \/>\n^ Vorne SL Le Pone, links dahinter SL Masucco Nord und SL Masucco S\u00fcd, Bildmitte DSB San Colombano, rechts SL Pra Vegl. Also 1 DSB und 4 SL, so muss ein Skigebiet sein :)<\/p>\n<p><a href='http:\/\/ski.inmontanis.info\/d\/194024-2\/DSC07269.jpg'><img src=http:\/\/ski.inmontanis.info\/d\/194023-3\/DSC07269.jpg \/><\/a><br \/>\n^ SL Le Pone<\/p>\n<p><a href='http:\/\/ski.inmontanis.info\/d\/194028-2\/DSC07271.jpg'><img src=http:\/\/ski.inmontanis.info\/d\/194027-3\/DSC07271.jpg \/><\/a><br \/>\n^ Gipfelpano im Offpiste-Bereich am SL Le Pone<\/p>\n<p><a href='http:\/\/ski.inmontanis.info\/d\/194032-2\/DSC07276.jpg'><img src=http:\/\/ski.inmontanis.info\/d\/194031-3\/DSC07276.jpg \/><\/a><br \/>\n^ Offpiste am SL Le Pone (vorne), dahinter wieder von links nach rechts SL Masucco Nord, SL Masucco S\u00fcd, DSB San Colombano, SL Pra Vegl<\/p>\n<p><a href='http:\/\/ski.inmontanis.info\/d\/194036-2\/DSC07278.jpg'><img src=http:\/\/ski.inmontanis.info\/d\/194035-3\/DSC07278.jpg \/><\/a><br \/>\n^ Offpiste am SL Le Pone, hier ging&#8217;s nachmittags ganz gut.<\/p>\n<p><a href='http:\/\/ski.inmontanis.info\/d\/194040-2\/DSC07280.jpg'><img src=http:\/\/ski.inmontanis.info\/d\/194039-3\/DSC07280.jpg \/><\/a><br \/>\n^ Ehemalige Abfahrt an der 3. Sektion; in richtung Sonne war&#8217;s sch\u00f6n firnig.<\/p>\n<p><a href='http:\/\/ski.inmontanis.info\/d\/194044-2\/DSC07281.jpg'><img src=http:\/\/ski.inmontanis.info\/d\/194043-3\/DSC07281.jpg \/><\/a><br \/>\n^ DSB San Colombano (3. Sektion)  und SL Pra Vegl<\/p>\n<p><a href='http:\/\/ski.inmontanis.info\/d\/194048-2\/DSC07284.jpg'><img src=http:\/\/ski.inmontanis.info\/d\/194047-3\/DSC07284.jpg \/><\/a><br \/>\n^ Abfahrt an der DSB San Colombano<\/p>\n<p><a href='http:\/\/ski.inmontanis.info\/d\/194052-2\/DSC07286.jpg'><img src=http:\/\/ski.inmontanis.info\/d\/194051-3\/DSC07286.jpg \/><\/a><br \/>\n^ Diagonal-Route von der Talstation DSB Sektion 3 zur Talstation DSB Sektion 2<\/p>\n<p><a href='http:\/\/ski.inmontanis.info\/d\/194056-2\/DSC07287.jpg'><img src=http:\/\/ski.inmontanis.info\/d\/194055-3\/DSC07287.jpg \/><\/a><br \/>\n^ Diagonal-Route<\/p>\n<p><a href='http:\/\/ski.inmontanis.info\/d\/194060-2\/DSC07289.jpg'><img src=http:\/\/ski.inmontanis.info\/d\/194059-3\/DSC07289.jpg \/><\/a><br \/>\n^ Diagonal-Route<\/p>\n<p>Da die Strecke heute nicht so klar ausgefahren war wie letztes Jahr, verglich ich meine Position immer wieder mit dem GPS-Track vom letzten Jahr, da ich hier wenigstens wusste, dass man runterkommt &#8211; und ich ja nicht wusste, wie es an anderen Stellen im Wald aussah.<\/p>\n<p><a href='http:\/\/ski.inmontanis.info\/d\/194064-2\/DSC07290.jpg'><img src=http:\/\/ski.inmontanis.info\/d\/194063-3\/DSC07290.jpg \/><\/a><br \/>\n^ Diagonal-Route<\/p>\n<p><a href='http:\/\/ski.inmontanis.info\/d\/194068-2\/DSC07291.jpg'><img src=http:\/\/ski.inmontanis.info\/d\/194067-3\/DSC07291.jpg \/><\/a><br \/>\n^ Diagonal-Route<\/p>\n<p><a href='http:\/\/ski.inmontanis.info\/d\/194072-2\/DSC07292.jpg'><img src=http:\/\/ski.inmontanis.info\/d\/194071-3\/DSC07292.jpg \/><\/a><br \/>\n^ Diagonal-Route<\/p>\n<p><a href='http:\/\/ski.inmontanis.info\/d\/194076-2\/DSC07294.jpg'><img src=http:\/\/ski.inmontanis.info\/d\/194075-3\/DSC07294.jpg \/><\/a><br \/>\n^ Diagonal-Route<\/p>\n<p><a href='http:\/\/ski.inmontanis.info\/d\/194080-2\/DSC07297.jpg'><img src=http:\/\/ski.inmontanis.info\/d\/194079-3\/DSC07297.jpg \/><\/a><br \/>\n^ Diagonal-Route<\/p>\n<p><a href='http:\/\/ski.inmontanis.info\/d\/194084-2\/DSC07299.jpg'><img src=http:\/\/ski.inmontanis.info\/d\/194083-3\/DSC07299.jpg \/><\/a><br \/>\n^ Diagonal-Route<\/p>\n<p><a href='http:\/\/ski.inmontanis.info\/d\/194088-2\/DSC07301.jpg'><img src=http:\/\/ski.inmontanis.info\/d\/194087-3\/DSC07301.jpg \/><\/a><br \/>\n^ Diagonal-Route<\/p>\n<p><a href='http:\/\/ski.inmontanis.info\/d\/194092-2\/DSC07302.jpg'><img src=http:\/\/ski.inmontanis.info\/d\/194091-3\/DSC07302.jpg \/><\/a><br \/>\n^ Diagonal-Route<\/p>\n<p><a href='http:\/\/ski.inmontanis.info\/d\/194096-2\/DSC07304.jpg'><img src=http:\/\/ski.inmontanis.info\/d\/194095-3\/DSC07304.jpg \/><\/a><br \/>\n^ Diagonal-Route<\/p>\n<p><a href='http:\/\/ski.inmontanis.info\/d\/194100-2\/DSC07305.jpg'><img src=http:\/\/ski.inmontanis.info\/d\/194099-3\/DSC07305.jpg \/><\/a><br \/>\n^ Diagonal-Route von der Talstation DSB Sektion 3 zur Talstation DSB Sektion 2<\/p>\n<p>Endlich. Die h\u00e4tte ich mir doch sparen k\u00f6nnen, war eher ein rumgerutschte als ein abfahren, obwohl der Schnee wenigstens zumeist weich war, aber dann wiederum, fast zu weich. War letztes Mal im Hochwinter doch besser&#8230;<\/p>\n<p><a href='http:\/\/ski.inmontanis.info\/d\/194104-2\/DSC07308.jpg'><img src=http:\/\/ski.inmontanis.info\/d\/194103-3\/DSC07308.jpg \/><\/a><br \/>\n^ DSB San Colombano<\/p>\n<p><a href='http:\/\/ski.inmontanis.info\/d\/194108-2\/DSC07312.jpg'><img src=http:\/\/ski.inmontanis.info\/d\/194107-3\/DSC07312.jpg \/><\/a><br \/>\n^ Eine der netten Abfahrten am SL Pra Vegl<\/p>\n<p><a href='http:\/\/ski.inmontanis.info\/d\/194112-2\/DSC07313.jpg'><img src=http:\/\/ski.inmontanis.info\/d\/194111-3\/DSC07313.jpg \/><\/a><br \/>\n^ SL Pra Vegl, Offpiste-Bereich (leichter Bruchharsch)<\/p>\n<p><a href='http:\/\/ski.inmontanis.info\/d\/194116-2\/DSC07315.jpg'><img src=http:\/\/ski.inmontanis.info\/d\/194115-3\/DSC07315.jpg \/><\/a><br \/>\n^ SL Pra Vegl, links dar\u00fcber SL Le Pone, rechts dar\u00fcber DSB San Colombano, dar\u00fcber SL Masucco<\/p>\n<p><a href='http:\/\/ski.inmontanis.info\/d\/194120-2\/DSC07320.jpg'><img src=http:\/\/ski.inmontanis.info\/d\/194119-3\/DSC07320.jpg \/><\/a><br \/>\n^ Gegenfoto von der Bergstation SL Masucco zu DSB San Colombano, SL Pra Vegl und rechts SL Le Pone<\/p>\n<p><a href='http:\/\/ski.inmontanis.info\/d\/194124-2\/DSC07316.jpg'><img src=http:\/\/ski.inmontanis.info\/d\/194123-3\/DSC07316.jpg \/><\/a><br \/>\n^ SL Pra Vegl<\/p>\n<p><a href='http:\/\/ski.inmontanis.info\/d\/194128-2\/DSC07319.jpg'><img src=http:\/\/ski.inmontanis.info\/d\/194127-3\/DSC07319.jpg \/><\/a><br \/>\n^ SL Le Pone<\/p>\n<p><a href='http:\/\/ski.inmontanis.info\/d\/194132-2\/DSC07324.jpg'><img src=http:\/\/ski.inmontanis.info\/d\/194131-3\/DSC07324.jpg \/><\/a><br \/>\n^ DSB Tade (2. Sektion)<\/p>\n<p><a href='http:\/\/ski.inmontanis.info\/d\/193915-2\/DSC07237.jpg'><img src=http:\/\/ski.inmontanis.info\/d\/193914-3\/DSC07237.jpg \/><\/a><br \/>\n^ Skigebiet Bormio 2000-3000 von gegen\u00fcber<\/p>\n<p><a href='http:\/\/ski.inmontanis.info\/d\/193919-2\/DSC07327.jpg'><img src=http:\/\/ski.inmontanis.info\/d\/193918-3\/DSC07327.jpg \/><\/a><br \/>\n^ Skigebiet Bormio 2000-3000 von gegen\u00fcber<\/p>\n<p><a href='http:\/\/ski.inmontanis.info\/d\/193923-2\/DSC07330.jpg'><img src=http:\/\/ski.inmontanis.info\/d\/193922-3\/DSC07330.jpg \/><\/a><br \/>\n^ Skigebiet Bormio 2000-3000 von gegen\u00fcber<\/p>\n<p><a href='http:\/\/ski.inmontanis.info\/d\/194136-2\/ge20150328b.jpg'><img src=http:\/\/ski.inmontanis.info\/d\/194135-3\/ge20150328b.jpg \/><\/a><br \/>\n^ GPS-Track 28.3.2015 (Gelb) und letztes Jahr (blau). Der Skipass inkl. der Isolaccia-Seite kostet ja etwas mehr, hab ich mir heute gespart.<\/p>\n<p>Fazit: Ich bleib dabei, solang das so genial nostalgisch ist dort oben, sollte ich jedes Jahr vorbeischauen.<\/p>\n<p>Nachmittags wollte ich noch ein Panino an der Bar am Parklplatz kaufen &#8211; aber die verkauften um die Zeit keine Panini mehr, nur noch Croissants und Kuchen. Wenigstens konnte man die Keycard retour geben. Fr\u00fcher hatte ich ja mal wieder keine Zeit zum Essen gehen. Wenigstens hatte ich mir an der OMV in Prutz am Morgen etwas mitgenommen&#8230;<\/p>\n<p><a href='http:\/\/extra.inmontanis.info\/d\/26677-2\/DSC07335.jpg'><img src=http:\/\/extra.inmontanis.info\/d\/26676-3\/DSC07335.jpg \/><\/a><br \/>\n^ Bormio-Tirano<\/p>\n<p><a href='http:\/\/extra.inmontanis.info\/d\/26681-2\/DSC07338.jpg'><img src=http:\/\/extra.inmontanis.info\/d\/26680-3\/DSC07338.jpg \/><\/a><br \/>\n^ Tirano<\/p>\n<p><a href='http:\/\/extra.inmontanis.info\/d\/26685-2\/DSC07349.jpg'><img src=http:\/\/extra.inmontanis.info\/d\/26684-3\/DSC07349.jpg \/><\/a><br \/>\n^ Edolo<\/p>\n<p><a href='http:\/\/extra.inmontanis.info\/d\/26689-2\/DSC07355.jpg'><img src=http:\/\/extra.inmontanis.info\/d\/26688-3\/DSC07355.jpg \/><\/a><br \/>\n^ Vor Darfo Boario Terme<\/p>\n<p><a href='http:\/\/extra.inmontanis.info\/d\/26693-2\/DSC07357.jpg'><img src=http:\/\/extra.inmontanis.info\/d\/26692-3\/DSC07357.jpg \/><\/a><br \/>\n^ Blick zum Monte Pora, auf dessen R\u00fcckseite das gleichnamige Skigebiet liegt<\/p>\n<p>\u00dcbernachtet wird zum 2. Mal im Sorriso in Boario Terme, da g\u00fcnstig, gut und gro\u00dfes Fr\u00fchst\u00fccksbuffet ab 7 Uhr. Warum Experimente machen &#8230;<\/p>\n<p>(Fortsetzung folgt.)<\/p>\n","protected":false},"excerpt":{"rendered":"<p>Teil 1: Oga-San Colombano, 28.3.2015<\/p>\n<p>Nachdem ich letztes Jahr zum ersten Mal in Oga &#8211; und begeistert &#8211; war, hatte ich mir ja vorgenommen, es m\u00f6glichst so gut wie jedes Jahr zu fahren.<\/p>\n<p>Heute gab es die vielleicht letzte M\u00f6glichkeit dieser Saison. Abfahrt um 5:45, nach ein paar kurzen Pausen &#8211; via Bernina &#8211; kam <a href=\"http:\/\/blog.inmontanis.info\/?p=3187\">[&#8230;]<\/a><\/p>\n","protected":false},"author":1,"featured_media":0,"comment_status":"closed","ping_status":"closed","sticky":false,"template":"","format":"standard","meta":{"footnotes":""},"categories":[522,15,59,215,14,27,81],"tags":[49,38,52,78,45,47],"class_list":["post-3187","post","type-post","status-publish","format-standard","hentry","category-bormio","category-italienitaly","category-nostalgie","category-oga-isolaccia","category-swiss","category-skifahren-winterskiing-winter","category-kurztrips","tag-4sb","tag-dsb","tag-pb","tag-restschnee","tag-see","tag-sl","odd"],"_links":{"self":[{"href":"http:\/\/blog.inmontanis.info\/index.php?rest_route=\/wp\/v2\/posts\/3187","targetHints":{"allow":["GET"]}}],"collection":[{"href":"http:\/\/blog.inmontanis.info\/index.php?rest_route=\/wp\/v2\/posts"}],"about":[{"href":"http:\/\/blog.inmontanis.info\/index.php?rest_route=\/wp\/v2\/types\/post"}],"author":[{"embeddable":true,"href":"http:\/\/blog.inmontanis.info\/index.php?rest_route=\/wp\/v2\/users\/1"}],"replies":[{"embeddable":true,"href":"http:\/\/blog.inmontanis.info\/index.php?rest_route=%2Fwp%2Fv2%2Fcomments&post=3187"}],"version-history":[{"count":1,"href":"http:\/\/blog.inmontanis.info\/index.php?rest_route=\/wp\/v2\/posts\/3187\/revisions"}],"predecessor-version":[{"id":3188,"href":"http:\/\/blog.inmontanis.info\/index.php?rest_route=\/wp\/v2\/posts\/3187\/revisions\/3188"}],"wp:attachment":[{"href":"http:\/\/blog.inmontanis.info\/index.php?rest_route=%2Fwp%2Fv2%2Fmedia&parent=3187"}],"wp:term":[{"taxonomy":"category","embeddable":true,"href":"http:\/\/blog.inmontanis.info\/index.php?rest_route=%2Fwp%2Fv2%2Fcategories&post=3187"},{"taxonomy":"post_tag","embeddable":true,"href":"http:\/\/blog.inmontanis.info\/index.php?rest_route=%2Fwp%2Fv2%2Ftags&post=3187"}],"curies":[{"name":"wp","href":"https:\/\/api.w.org\/{rel}","templated":true}]}}