{"id":3185,"date":"2015-03-22T16:53:14","date_gmt":"2015-03-22T15:53:14","guid":{"rendered":"http:\/\/blog.inmontanis.info\/?p=3185"},"modified":"2023-08-06T09:13:50","modified_gmt":"2023-08-06T07:13:50","slug":"galtur-22-3-2015","status":"publish","type":"post","link":"http:\/\/blog.inmontanis.info\/?p=3185","title":{"rendered":"Galt\u00fcr, 22.3.2015"},"content":{"rendered":"<p>Am Sonntag, den 22.3., h\u00e4tte ich egtl. gerne endlich mal einen der 3 Arlbergtage konsumiert, aber nach etwas Neuschnee gestern (in K\u00f6ssen kam ich ja noch trocken durch) und bei den gemeldeten, tieferen Temperaturen erwartete ich zu schlechte Schneeverh\u00e4ltnisse, als dass ich einen von den 3 Tage h\u00e4tte opfern wollen.<\/p>\n<p>Da die Wettervorhersage aber im Westen besser war, ging es nach Galt\u00fcr. Auf dem Weg kurzer Zwischenhalt in Kappl und die Talabfahrt und den SL gefahren &#8211; autsch. Sehr eisig hart (au\u00dfer ganz am Ende der Talabfahrt) &#8211; h\u00e4tte ich mal besser drauf verzichtet. Wie sch\u00f6n war doch der weiche Firn gestern in K\u00f6ssen &#8230;<\/p>\n<p>In Galt\u00fcr war&#8217;s auch eher hart, aber es war nicht ganz so unangenehm. Au\u00dfer auf den Skirouten, die waren tw. grausig bruchharschig. Auch hier in Summe ein sehr anstrengender Skitag, nur die sch\u00f6ne Landschaft hier im hintersten Paznauntal hat mich aufgeheitert, zumal ich auch nicht sehr h\u00e4ufig bis hier hinter fahre.<\/p>\n<p>Fotos anklicken zum Vergr\u00f6\u00dfern:<\/p>\n<p><a href='http:\/\/ski.inmontanis.info\/d\/193718-2\/DSC07120.jpg'><img src=http:\/\/ski.inmontanis.info\/d\/193717-3\/DSC07120.jpg \/><\/a><br \/>\n^ Skigebiet von der Stra\u00dfe aus<\/p>\n<p><a href='http:\/\/ski.inmontanis.info\/d\/193722-2\/DSC07121.jpg'><img src=http:\/\/ski.inmontanis.info\/d\/193721-3\/DSC07121.jpg \/><\/a><br \/>\n^ 4KSB Birkhahn und SL Soppa<\/p>\n<p><a href='http:\/\/ski.inmontanis.info\/d\/193726-2\/DSC07122.jpg'><img src=http:\/\/ski.inmontanis.info\/d\/193725-3\/DSC07122.jpg \/><\/a><br \/>\n^ Die obere der beiden Verbindungsabfahrten zur hinteren DSB<\/p>\n<p><a href='http:\/\/ski.inmontanis.info\/d\/193730-2\/DSC07124.jpg'><img src=http:\/\/ski.inmontanis.info\/d\/193729-3\/DSC07124.jpg \/><\/a><br \/>\n^ Die hintere DSB Breitspitz, landschaftlich eine der sch\u00f6nsten Lifte\/Skigebietssektoren Tirols, soll allerdings bald ersetzt werden. Einerseits sinnvoll, da die DSB hier die meiste Zeit viel zu kalt ist, andererseits sind die Pisten hier so sch\u00f6n dezent und schmal und absolut nicht massentauglich.<\/p>\n<p><a href='http:\/\/ski.inmontanis.info\/d\/193734-2\/DSC07125.jpg'><img src=http:\/\/ski.inmontanis.info\/d\/193733-3\/DSC07125.jpg \/><\/a><br \/>\n^ Schwarze Abfahrt 12 an der DSB Breitspitz. Wird \u00fcbrigens pr\u00e4pariert.<\/p>\n<p><a href='http:\/\/ski.inmontanis.info\/d\/193738-2\/DSC07127.jpg'><img src=http:\/\/ski.inmontanis.info\/d\/193737-3\/DSC07127.jpg \/><\/a><br \/>\n^ Rote und schwarze Abfahrt an der DSB Breitspitz mit Blick zum Kopssee<\/p>\n<p><a href='http:\/\/ski.inmontanis.info\/d\/193742-2\/DSC07131.jpg'><img src=http:\/\/ski.inmontanis.info\/d\/193741-3\/DSC07131.jpg \/><\/a><br \/>\n^ DSB Breitspitz Bergstation<\/p>\n<p><a href='http:\/\/ski.inmontanis.info\/d\/193746-2\/DSC07132.jpg'><img src=http:\/\/ski.inmontanis.info\/d\/193745-3\/DSC07132.jpg \/><\/a><br \/>\n^ Skiroute 3 an der DSB Breitspitz<\/p>\n<p><a href='http:\/\/ski.inmontanis.info\/d\/193750-2\/DSC07134.jpg'><img src=http:\/\/ski.inmontanis.info\/d\/193749-3\/DSC07134.jpg \/><\/a><br \/>\n^ Skiroute 3 an der DSB Breitspitz<\/p>\n<p><a href='http:\/\/ski.inmontanis.info\/d\/193754-2\/DSC07138.jpg'><img src=http:\/\/ski.inmontanis.info\/d\/193753-3\/DSC07138.jpg \/><\/a><br \/>\n^ Skiroute 3 an der DSB Breitspitz<\/p>\n<p><a href='http:\/\/ski.inmontanis.info\/d\/193758-2\/DSC07141.jpg'><img src=http:\/\/ski.inmontanis.info\/d\/193757-3\/DSC07141.jpg \/><\/a><br \/>\n^ Rote und schwarze Abfahrt an der DSB Breitspitz<\/p>\n<p><a href='http:\/\/ski.inmontanis.info\/d\/193762-2\/DSC07144.jpg'><img src=http:\/\/ski.inmontanis.info\/d\/193761-3\/DSC07144.jpg \/><\/a><br \/>\n^ DSB Breitspitz<\/p>\n<p><a href='http:\/\/ski.inmontanis.info\/d\/193766-2\/DSC07147.jpg'><img src=http:\/\/ski.inmontanis.info\/d\/193765-3\/DSC07147.jpg \/><\/a><br \/>\n^ Rote Abfahrt 10 an der DSB Breitspitz<\/p>\n<p><a href='http:\/\/ski.inmontanis.info\/d\/193770-2\/DSC07152.jpg'><img src=http:\/\/ski.inmontanis.info\/d\/193769-3\/DSC07152.jpg \/><\/a><br \/>\n^ Skiroute 3 an der DSB Breitspitz. Schnee war hier heute grauenhaft.<\/p>\n<p><a href='http:\/\/ski.inmontanis.info\/d\/193774-2\/DSC07154.jpg'><img src=http:\/\/ski.inmontanis.info\/d\/193773-3\/DSC07154.jpg \/><\/a><br \/>\n^ Blick zum R\u00fcckbringer-SL, der nur noch sehr selten in Betrieb ist, seitdem der obere Skiweg gebaut wurde.<\/p>\n<p><a href='http:\/\/ski.inmontanis.info\/d\/193778-2\/DSC07155.jpg'><img src=http:\/\/ski.inmontanis.info\/d\/193777-3\/DSC07155.jpg \/><\/a><br \/>\n^ Der Skiweg retour, der den R\u00fcckbringer-SL gr\u00f6\u00dftenteils ersetzt hat<\/p>\n<p><a href='http:\/\/ski.inmontanis.info\/d\/193782-2\/DSC07159.jpg'><img src=http:\/\/ski.inmontanis.info\/d\/193781-3\/DSC07159.jpg \/><\/a><br \/>\n^ SL Kopssee<\/p>\n<p><a href='http:\/\/ski.inmontanis.info\/d\/193786-2\/DSC07160.jpg'><img src=http:\/\/ski.inmontanis.info\/d\/193785-3\/DSC07160.jpg \/><\/a><br \/>\n^ Abfahrt am SL Kopssee<\/p>\n<p><a href='http:\/\/ski.inmontanis.info\/d\/193790-2\/DSC07163.jpg'><img src=http:\/\/ski.inmontanis.info\/d\/193789-3\/DSC07163.jpg \/><\/a><br \/>\n^ SL Zeinis und 8EUB<\/p>\n<p><a href='http:\/\/ski.inmontanis.info\/d\/193794-2\/DSC07164.jpg'><img src=http:\/\/ski.inmontanis.info\/d\/193793-3\/DSC07164.jpg \/><\/a><br \/>\n^ Skiroute 2 am SL Zeinis, grauenhaft verwehter Schnee.<\/p>\n<p><a href='http:\/\/ski.inmontanis.info\/d\/193798-2\/DSC07166.jpg'><img src=http:\/\/ski.inmontanis.info\/d\/193797-3\/DSC07166.jpg \/><\/a><br \/>\n^ Skiroute 2 am SL Zeinis, grauenhaft verwehter Schnee<\/p>\n<p><a href='http:\/\/ski.inmontanis.info\/d\/193802-2\/DSC07168.jpg'><img src=http:\/\/ski.inmontanis.info\/d\/193801-3\/DSC07168.jpg \/><\/a><br \/>\n^ Skiroute 4, da war der Bruchharsch noch schlimmer, bin wieder raus zur Piste.<\/p>\n<p><a href='http:\/\/ski.inmontanis.info\/d\/193806-2\/ge20150322.jpg'><img src=http:\/\/ski.inmontanis.info\/d\/193805-3\/ge20150322.jpg \/><\/a><br \/>\n^ GPS-Track 22.3.2015, nicht alle Abfahrten, nicht alle Skirouten gefahren.<\/p>\n","protected":false},"excerpt":{"rendered":"<p>Am Sonntag, den 22.3., h\u00e4tte ich egtl. gerne endlich mal einen der 3 Arlbergtage konsumiert, aber nach etwas Neuschnee gestern (in K\u00f6ssen kam ich ja noch trocken durch) und bei den gemeldeten, tieferen Temperaturen erwartete ich zu schlechte Schneeverh\u00e4ltnisse, als dass ich einen von den 3 Tage h\u00e4tte opfern wollen.<\/p>\n<p>Da die Wettervorhersage aber im <a href=\"http:\/\/blog.inmontanis.info\/?p=3185\">[&#8230;]<\/a><\/p>\n","protected":false},"author":1,"featured_media":0,"comment_status":"closed","ping_status":"closed","sticky":false,"template":"","format":"standard","meta":{"footnotes":""},"categories":[877,25,13,27],"tags":[49,38,45,47],"class_list":["post-3185","post","type-post","status-publish","format-standard","hentry","category-galtur","category-noreport","category-austria","category-skifahren-winterskiing-winter","tag-4sb","tag-dsb","tag-see","tag-sl","odd"],"_links":{"self":[{"href":"http:\/\/blog.inmontanis.info\/index.php?rest_route=\/wp\/v2\/posts\/3185","targetHints":{"allow":["GET"]}}],"collection":[{"href":"http:\/\/blog.inmontanis.info\/index.php?rest_route=\/wp\/v2\/posts"}],"about":[{"href":"http:\/\/blog.inmontanis.info\/index.php?rest_route=\/wp\/v2\/types\/post"}],"author":[{"embeddable":true,"href":"http:\/\/blog.inmontanis.info\/index.php?rest_route=\/wp\/v2\/users\/1"}],"replies":[{"embeddable":true,"href":"http:\/\/blog.inmontanis.info\/index.php?rest_route=%2Fwp%2Fv2%2Fcomments&post=3185"}],"version-history":[{"count":2,"href":"http:\/\/blog.inmontanis.info\/index.php?rest_route=\/wp\/v2\/posts\/3185\/revisions"}],"predecessor-version":[{"id":9212,"href":"http:\/\/blog.inmontanis.info\/index.php?rest_route=\/wp\/v2\/posts\/3185\/revisions\/9212"}],"wp:attachment":[{"href":"http:\/\/blog.inmontanis.info\/index.php?rest_route=%2Fwp%2Fv2%2Fmedia&parent=3185"}],"wp:term":[{"taxonomy":"category","embeddable":true,"href":"http:\/\/blog.inmontanis.info\/index.php?rest_route=%2Fwp%2Fv2%2Fcategories&post=3185"},{"taxonomy":"post_tag","embeddable":true,"href":"http:\/\/blog.inmontanis.info\/index.php?rest_route=%2Fwp%2Fv2%2Ftags&post=3185"}],"curies":[{"name":"wp","href":"https:\/\/api.w.org\/{rel}","templated":true}]}}