{"id":3180,"date":"2015-03-18T22:22:56","date_gmt":"2015-03-18T21:22:56","guid":{"rendered":"http:\/\/blog.inmontanis.info\/?p=3180"},"modified":"2023-08-05T21:38:16","modified_gmt":"2023-08-05T19:38:16","slug":"prabichl-18-3-2015","status":"publish","type":"post","link":"http:\/\/blog.inmontanis.info\/?p=3180","title":{"rendered":"Pr\u00e4bichl, 18.3.2015"},"content":{"rendered":"<p><strong>Mi, 18.3.2015 &#8211; Tag 19, Pr\u00e4bichl, km 12.470 (\u2206 740 km)<\/strong><\/p>\n<p>Leider kam ich wieder sp\u00e4ter ins Bett und stand erst um 7:15 auf, so dass ich &#8211; ohne Fr\u00fchst\u00fcck &#8211; erst um 8 Uhr loskam. Damit w\u00e4re ich bis Mittag im Skigebiet Pr\u00e4bichl in der Steiermark, wo ich unbedingt noch den ESL Polster Classic fahren wollte, da er stillgelegt werden soll. Erst auf der Autobahn kurz vor \u00d6sterreich fiel mir ein, dass ich ja einen Umweg \u00fcber die Slowakei zum Einkaufen h\u00e4tte nehmen k\u00f6nne &#8211; aber die Stunde Zeit hatte ich jetzt leider nicht mehr. Wollte noch kurz vor der Grenze in Ungarn einkaufen &#8211; Schild &#8220;Shopping Center&#8221; Ausfahrt befolgt, waren aber nur Hotels (und Nachtclub) zu sehen, erst wieder auf der Autobahn sah ich, dass sich da doch noch eine Tankstelle und ein Superm\u00e4rktchen versteckt h\u00e4tte. Naja. Ein weiterer Minuspunkt auf der Ungarnliste, was soll&#8217;s.<\/p>\n<p>In Neusiedel ging&#8217;s zum Fr\u00fchst\u00fcck in den McDonalds &#8211; h\u00e4tte ich also doch gleich morgens noch im Autobahn-Hotel in Ungarn fr\u00fchst\u00fccken k\u00f6nnen. Um 12:30 Uhr war ich am ESL am Pr\u00e4bichl. <\/p>\n<p>(Fotos anklicken zum Vergr\u00f6\u00dfern)<\/p>\n<p><a href='http:\/\/extra.inmontanis.info\/d\/26453-3\/ge201503BTKges3.jpg'><img src=http:\/\/extra.inmontanis.info\/d\/26452-4\/ge201503BTKges3.jpg \/><\/a><br \/>\nFahrt von n\u00e4he Budapest nach:<br \/>\nX) Pr\u00e4bichl<br \/>\n-> und Fahrt nach Innsbruck<\/p>\n<p><a href='http:\/\/extra.inmontanis.info\/d\/28975-2\/DSC06738.jpg'><img src=http:\/\/extra.inmontanis.info\/d\/28974-3\/DSC06738.jpg \/><\/a><br \/>\n^ Ungarn \/ M1 (Becs ist der ungarische Name f\u00fcr Wien)<\/p>\n<p><a href='http:\/\/extra.inmontanis.info\/d\/28979-2\/DSC06741.jpg'><img src=http:\/\/extra.inmontanis.info\/d\/28978-3\/DSC06741.jpg \/><\/a><br \/>\n^ Die Alien-Raumschiffe von Tag 1 ;-)<\/p>\n<p><a href='http:\/\/extra.inmontanis.info\/d\/28983-2\/DSC06752.jpg'><img src=http:\/\/extra.inmontanis.info\/d\/28982-3\/DSC06752.jpg \/><\/a><br \/>\n^ Neusiedler See<\/p>\n<p><a href='http:\/\/extra.inmontanis.info\/d\/28987-2\/DSC06760.jpg'><img src=http:\/\/extra.inmontanis.info\/d\/28986-3\/DSC06760.jpg \/><\/a><br \/>\n^ S31 \/ Gut ausgebaute, 2&#215;2-spurige Stra\u00dfe &#8211; erinnert mich ja fast an die T\u00fcrkei ;)<\/p>\n<p><a href='http:\/\/extra.inmontanis.info\/d\/28991-2\/DSC06763.jpg'><img src=http:\/\/extra.inmontanis.info\/d\/28990-3\/DSC06763.jpg \/><\/a><br \/>\n^ S4<\/p>\n<p><a href='http:\/\/extra.inmontanis.info\/d\/28995-2\/DSC06766.jpg'><img src=http:\/\/extra.inmontanis.info\/d\/28994-3\/DSC06766.jpg \/><\/a><br \/>\n^ S4 \/ die ersten, schneebedeckten Alpengipfel<\/p>\n<p><a href='http:\/\/extra.inmontanis.info\/d\/28999-2\/DSC01660.jpg'><img src=http:\/\/extra.inmontanis.info\/d\/28998-3\/DSC01660.jpg \/><\/a><br \/>\n^ Schneeberg (IR)<\/p>\n<p><a href='http:\/\/extra.inmontanis.info\/d\/29003-2\/DSC06773.jpg'><img src=http:\/\/extra.inmontanis.info\/d\/29002-3\/DSC06773.jpg \/><\/a><br \/>\n^ S6<\/p>\n<p><a href='http:\/\/extra.inmontanis.info\/d\/29007-2\/DSC06777.jpg'><img src=http:\/\/extra.inmontanis.info\/d\/29006-3\/DSC06777.jpg \/><\/a><br \/>\n^ S6 \/ Stillgelegtes Skigebiet kurz vor Semmering<\/p>\n<p><a href='http:\/\/extra.inmontanis.info\/d\/29011-2\/DSC06782.jpg'><img src=http:\/\/extra.inmontanis.info\/d\/29010-3\/DSC06782.jpg \/><\/a><br \/>\n^ S6 \/ Semmering<\/p>\n<p><a href='http:\/\/extra.inmontanis.info\/d\/29015-2\/DSC06784.jpg'><img src=http:\/\/extra.inmontanis.info\/d\/29014-3\/DSC06784.jpg \/><\/a><br \/>\n^ S6 \/ Semmering \/ ein Tal-SL<\/p>\n<p><a href='http:\/\/extra.inmontanis.info\/d\/29019-2\/DSC06795.jpg'><img src=http:\/\/extra.inmontanis.info\/d\/29018-3\/DSC06795.jpg \/><\/a><br \/>\n^ Leoben<\/p>\n<p><a href='http:\/\/extra.inmontanis.info\/d\/29023-2\/DSC06798.jpg'><img src=http:\/\/extra.inmontanis.info\/d\/29022-3\/DSC06798.jpg \/><\/a><br \/>\n^ Voest Alpine<\/p>\n<p><a href='http:\/\/extra.inmontanis.info\/d\/29027-2\/DSC06808.jpg'><img src=http:\/\/extra.inmontanis.info\/d\/29026-3\/DSC06808.jpg \/><\/a><br \/>\n^ B115<\/p>\n<p><a href='http:\/\/extra.inmontanis.info\/d\/29031-2\/DSC06811.jpg'><img src=http:\/\/extra.inmontanis.info\/d\/29030-3\/DSC06811.jpg \/><\/a><br \/>\n^ B115 richtung Pr\u00e4bichl<\/p>\n<p><a href='http:\/\/extra.inmontanis.info\/d\/29035-2\/DSC06815.jpg'><img src=http:\/\/extra.inmontanis.info\/d\/29034-3\/DSC06815.jpg \/><\/a><br \/>\n^ B115 \/ Vordernberg<\/p>\n<p><a href='http:\/\/ski.inmontanis.info\/d\/200459-2\/DSC06818.jpg'><img src=http:\/\/ski.inmontanis.info\/d\/200457-3\/DSC06818.jpg \/><\/a><br \/>\n^ B115 \/ Blick ins Skigebiet Pr\u00e4bichl\/Polster. Rechts ein alter Stemag-SL<\/p>\n<p>Tageskarten gibt&#8217;s an der Talstation des ESL leider keine, meinte der nette Liftwart, aber ich k\u00f6nne gerne gratis rauf und dann rechts runter zum Liftzentrum, wo es die Karten g\u00e4be. Tja, bitte, in \u00d6sterreich (und der Schweiz und in Frankreich und &#8230;.) geht so &#8216;was, in Serbien aber wohl nicht. <\/p>\n<p>Der Schnee war durch die s\u00fcdseitige Lage des ESL schon recht weich und wurde noch weicher, war in Summe aber trotzdem ganz nett. Erstaunlich bei jeder Fahrt, wie lang und steil die Abfahrt war, da einem die ESL-Fahrt recht kurz vorkam &#8211; der macht auf der kurzen Strecke (10 St\u00fctzen, 1200m) ordentlich H\u00f6henmeter (560).<\/p>\n<p><a href='http:\/\/ski.inmontanis.info\/d\/200463-2\/DSC06866.jpg'><img src=http:\/\/ski.inmontanis.info\/d\/200462-3\/DSC06866.jpg \/><\/a><br \/>\n^ Pistenplan<\/p>\n<p><a href='http:\/\/ski.inmontanis.info\/d\/200467-2\/DSC06825.jpg'><img src=http:\/\/ski.inmontanis.info\/d\/200466-3\/DSC06825.jpg \/><\/a><br \/>\n^ ESL Polster Classic Talstation mit Mini-Parkplatz<\/p>\n<p><a href='http:\/\/ski.inmontanis.info\/d\/200471-2\/DSC06828.jpg'><img src=http:\/\/ski.inmontanis.info\/d\/200470-3\/DSC06828.jpg \/><\/a><br \/>\n^ ESL Polster Classic<\/p>\n<p><a href='http:\/\/ski.inmontanis.info\/d\/200475-2\/DSC06827.jpg'><img src=http:\/\/ski.inmontanis.info\/d\/200474-3\/DSC06827.jpg \/><\/a><br \/>\n^ ESL Polster Classic<\/p>\n<p><a href='http:\/\/ski.inmontanis.info\/d\/200479-2\/DSC06831.jpg'><img src=http:\/\/ski.inmontanis.info\/d\/200478-3\/DSC06831.jpg \/><\/a><br \/>\n^ ESL Polster Classic<\/p>\n<p><a href='http:\/\/ski.inmontanis.info\/d\/200483-2\/DSC06833.jpg'><img src=http:\/\/ski.inmontanis.info\/d\/200482-3\/DSC06833.jpg \/><\/a><br \/>\n^ Teddy talw\u00e4rts<\/p>\n<p><a href='http:\/\/ski.inmontanis.info\/d\/200487-2\/DSC06839.jpg'><img src=http:\/\/ski.inmontanis.info\/d\/200486-3\/DSC06839.jpg \/><\/a><br \/>\n^ ESL Polster Classic<\/p>\n<p><a href='http:\/\/ski.inmontanis.info\/d\/200491-2\/DSC06841.jpg'><img src=http:\/\/ski.inmontanis.info\/d\/200490-3\/DSC06841.jpg \/><\/a><br \/>\n^ ESL Polster Classic<\/p>\n<p><a href='http:\/\/ski.inmontanis.info\/d\/200495-2\/DSC06843.jpg'><img src=http:\/\/ski.inmontanis.info\/d\/200494-3\/DSC06843.jpg \/><\/a><br \/>\n^ ESL Polster Classic mit Bergbau (Eisenerz \/ Erzberg)<\/p>\n<p><a href='http:\/\/ski.inmontanis.info\/d\/200499-2\/DSC06846.jpg'><img src=http:\/\/ski.inmontanis.info\/d\/200498-3\/DSC06846.jpg \/><\/a><br \/>\n^ ESL Polster Classic<\/p>\n<p><a href='http:\/\/ski.inmontanis.info\/d\/200503-2\/DSC06847.jpg'><img src=http:\/\/ski.inmontanis.info\/d\/200502-3\/DSC06847.jpg \/><\/a><br \/>\n^ Blick vom ESL talausw\u00e4rts mit der Bergstation der 4KSB<\/p>\n<p><a href='http:\/\/ski.inmontanis.info\/d\/200507-2\/DSC06848.jpg'><img src=http:\/\/ski.inmontanis.info\/d\/200506-3\/DSC06848.jpg \/><\/a><br \/>\n^ Blick r\u00fcber auf die andere Seite des Skigebiets (4KSB Gr\u00fcbl Quattro, links SL Weidtal)<\/p>\n<p><a href='http:\/\/ski.inmontanis.info\/d\/200511-2\/DSC06854.jpg'><img src=http:\/\/ski.inmontanis.info\/d\/200510-3\/DSC06854.jpg \/><\/a><br \/>\n^ ESL Polster Classic mit Bergbau<\/p>\n<p><a href='http:\/\/ski.inmontanis.info\/d\/200515-2\/DSC06853.jpg'><img src=http:\/\/ski.inmontanis.info\/d\/200514-3\/DSC06853.jpg \/><\/a><br \/>\n^ Fu\u00dfweg von der ESL Bergstation zur rechten Skiroute Polsterdreieck<\/p>\n<p><a href='http:\/\/ski.inmontanis.info\/d\/200519-2\/DSC06858.jpg'><img src=http:\/\/ski.inmontanis.info\/d\/200518-3\/DSC06858.jpg \/><\/a><br \/>\n^ Fu\u00dfweg von der ESL Bergstation zur rechten Skiroute Polsterdreieck<\/p>\n<p><a href='http:\/\/ski.inmontanis.info\/d\/200523-2\/DSC06859.jpg'><img src=http:\/\/ski.inmontanis.info\/d\/200522-3\/DSC06859.jpg \/><\/a><br \/>\n^ ESL Polster Classic<\/p>\n<p><a href='http:\/\/ski.inmontanis.info\/d\/200527-2\/DSC06860.jpg'><img src=http:\/\/ski.inmontanis.info\/d\/200526-3\/DSC06860.jpg \/><\/a><br \/>\n^ ESL Polster Classic Bergstation<\/p>\n<p><a href='http:\/\/ski.inmontanis.info\/d\/200531-2\/DSC06861.jpg'><img src=http:\/\/ski.inmontanis.info\/d\/200530-3\/DSC06861.jpg \/><\/a><br \/>\n^ Fu\u00dfweg von der ESL Bergstation zur rechten Skiroute Polsterdreieck<\/p>\n<p><a href='http:\/\/ski.inmontanis.info\/d\/200535-2\/DSC06862.jpg'><img src=http:\/\/ski.inmontanis.info\/d\/200534-3\/DSC06862.jpg \/><\/a><br \/>\n^ Skiroute Polsterdreieck, ab hier konnte man anschnallen<\/p>\n<p><a href='http:\/\/ski.inmontanis.info\/d\/200539-2\/DSC06954.jpg'><img src=http:\/\/ski.inmontanis.info\/d\/200538-3\/DSC06954.jpg \/><\/a><br \/>\n^ Skiroute Polsterdreieck<\/p>\n<p><a href='http:\/\/ski.inmontanis.info\/d\/200543-2\/DSC06864.jpg'><img src=http:\/\/ski.inmontanis.info\/d\/200542-3\/DSC06864.jpg \/><\/a><br \/>\n^ Skiroute Polsterdreieck<\/p>\n<p><a href='http:\/\/ski.inmontanis.info\/d\/200547-2\/DSC06865.jpg'><img src=http:\/\/ski.inmontanis.info\/d\/200546-3\/DSC06865.jpg \/><\/a><br \/>\n^ Abfahrt an der 4KSB Polster im unteren Bereich mit Blick r\u00fcber zur Gr\u00fcbl-4KSB<\/p>\n<p><a href='http:\/\/ski.inmontanis.info\/d\/200551-2\/DSC06869.jpg'><img src=http:\/\/ski.inmontanis.info\/d\/200550-3\/DSC06869.jpg \/><\/a><br \/>\n^ KSB Talstationen<\/p>\n<p><a href='http:\/\/ski.inmontanis.info\/d\/200555-2\/DSC06870.jpg'><img src=http:\/\/ski.inmontanis.info\/d\/200554-3\/DSC06870.jpg \/><\/a><br \/>\n^ 4KSB Gr\u00fcbl<\/p>\n<p><a href='http:\/\/ski.inmontanis.info\/d\/200559-2\/DSC06871.jpg'><img src=http:\/\/ski.inmontanis.info\/d\/200558-3\/DSC06871.jpg \/><\/a><br \/>\n^ SL Arena (hab ich auslassen)<\/p>\n<p><a href='http:\/\/ski.inmontanis.info\/d\/200563-2\/DSC06877.jpg'><img src=http:\/\/ski.inmontanis.info\/d\/200562-3\/DSC06877.jpg \/><\/a><br \/>\n^ SL Weidtal, die linke Abfahrt hatte schon zu wenig Schnee, die rechte war mir zu stark modelliert<\/p>\n<p><a href='http:\/\/ski.inmontanis.info\/d\/200567-2\/DSC06874.jpg'><img src=http:\/\/ski.inmontanis.info\/d\/200566-3\/DSC06874.jpg \/><\/a><br \/>\n^ Blick r\u00fcber zum ESL Polster mit seinen Skirouten (rechts die 4KSB)<\/p>\n<p><a href='http:\/\/ski.inmontanis.info\/d\/200571-2\/DSC06879.jpg'><img src=http:\/\/ski.inmontanis.info\/d\/200570-3\/DSC06879.jpg \/><\/a><br \/>\n^ Blick r\u00fcber zur 4KSB Polster<\/p>\n<p><a href='http:\/\/ski.inmontanis.info\/d\/200575-2\/DSC06881.jpg'><img src=http:\/\/ski.inmontanis.info\/d\/200574-3\/DSC06881.jpg \/><\/a><br \/>\n^ Hinweis zur Skiroute &#8211; das ist in Tirol anders, in Tirol sind Skirouten f\u00fcr gew\u00f6hnlich doch gesichert?! (und noch dazu: H\u00e4ufig pr\u00e4pariert)<\/p>\n<p><a href='http:\/\/ski.inmontanis.info\/d\/200579-2\/DSC06867.jpg'><img src=http:\/\/ski.inmontanis.info\/d\/200578-3\/DSC06867.jpg \/><\/a><br \/>\n^ 4KSB Polster<\/p>\n<p><a href='http:\/\/ski.inmontanis.info\/d\/200583-2\/DSC06887.jpg'><img src=http:\/\/ski.inmontanis.info\/d\/200582-3\/DSC06887.jpg \/><\/a><br \/>\n^ H\u00fcttendorf &#8230; w\u00e4ren skandinavisch in blau, rot oder wei\u00df auch sch\u00f6ner anzusehen &#8230;<\/p>\n<p><a href='http:\/\/ski.inmontanis.info\/d\/200587-2\/DSC06889.jpg'><img src=http:\/\/ski.inmontanis.info\/d\/200586-3\/DSC06889.jpg \/><\/a><br \/>\n^ 4KSB Polster mit Skiroute Zellerhang. Die geht auch noch.<\/p>\n<p><a href='http:\/\/ski.inmontanis.info\/d\/200591-2\/DSC06890.jpg'><img src=http:\/\/ski.inmontanis.info\/d\/200590-3\/DSC06890.jpg \/><\/a><br \/>\n^ 4KSB Polster<\/p>\n<p><a href='http:\/\/ski.inmontanis.info\/d\/200595-2\/DSC06893.jpg'><img src=http:\/\/ski.inmontanis.info\/d\/200594-3\/DSC06893.jpg \/><\/a><br \/>\n^ Skiroute Zellerhang<\/p>\n<p><a href='http:\/\/ski.inmontanis.info\/d\/200599-2\/DSC06894.jpg'><img src=http:\/\/ski.inmontanis.info\/d\/200598-3\/DSC06894.jpg \/><\/a><br \/>\n^ Skiroute Zellerhang<\/p>\n<p><a href='http:\/\/ski.inmontanis.info\/d\/200603-2\/DSC06895.jpg'><img src=http:\/\/ski.inmontanis.info\/d\/200602-3\/DSC06895.jpg \/><\/a><br \/>\n^ Skiroute Zellerhang bzw. nebendran<\/p>\n<p><a href='http:\/\/ski.inmontanis.info\/d\/200607-2\/DSC06898.jpg'><img src=http:\/\/ski.inmontanis.info\/d\/200606-3\/DSC06898.jpg \/><\/a><br \/>\n^ Widmen wir uns wieder den wichtigeren Dingen: Talstation ESL<\/p>\n<p><a href='http:\/\/ski.inmontanis.info\/d\/200611-2\/DSC06899.jpg'><img src=http:\/\/ski.inmontanis.info\/d\/200610-3\/DSC06899.jpg \/><\/a><br \/>\n^ ESL Polster Classic<\/p>\n<p><a href='http:\/\/ski.inmontanis.info\/d\/200615-2\/DSC06900.jpg'><img src=http:\/\/ski.inmontanis.info\/d\/200614-3\/DSC06900.jpg \/><\/a><br \/>\n^ ESL Polster Classic<\/p>\n<p><a href='http:\/\/ski.inmontanis.info\/d\/200619-2\/DSC06908.jpg'><img src=http:\/\/ski.inmontanis.info\/d\/200618-3\/DSC06908.jpg \/><\/a><br \/>\n^ ESL Polster Classic. Ist wohl schon die 2. Generation, und selbst f\u00fcr die ist jetzt Schluss :-(<\/p>\n<p><a href='http:\/\/ski.inmontanis.info\/d\/200623-2\/DSC06912.jpg'><img src=http:\/\/ski.inmontanis.info\/d\/200622-3\/DSC06912.jpg \/><\/a><br \/>\n^ ESL Polster Classic vs. Bergbau<\/p>\n<p><a href='http:\/\/ski.inmontanis.info\/d\/200627-2\/DSC06914.jpg'><img src=http:\/\/ski.inmontanis.info\/d\/200626-3\/DSC06914.jpg \/><\/a><br \/>\n^ ESL Polster Classic Bergstation<\/p>\n<p><a href='http:\/\/ski.inmontanis.info\/d\/200631-2\/DSC06916.jpg'><img src=http:\/\/ski.inmontanis.info\/d\/200630-3\/DSC06916.jpg \/><\/a><br \/>\n^ ESL Polster Classic Bergstation<\/p>\n<p><a href='http:\/\/ski.inmontanis.info\/d\/200635-2\/DSC06918.jpg'><img src=http:\/\/ski.inmontanis.info\/d\/200634-3\/DSC06918.jpg \/><\/a><br \/>\n^ ESL Polster Classic Bergstation<\/p>\n<p><a href='http:\/\/ski.inmontanis.info\/d\/200639-2\/DSC06920.jpg'><img src=http:\/\/ski.inmontanis.info\/d\/200638-3\/DSC06920.jpg \/><\/a><br \/>\n^ Gasthaus neben der ESL-Bergstation und Fu\u00dfweg zur linken Skiroute Polsterrinne<\/p>\n<p><a href='http:\/\/ski.inmontanis.info\/d\/200643-2\/DSC06922.jpg'><img src=http:\/\/ski.inmontanis.info\/d\/200642-3\/DSC06922.jpg \/><\/a><br \/>\n^ ESL \/ Aussichtsplattform<\/p>\n<p><a href='http:\/\/ski.inmontanis.info\/d\/200647-2\/DSC06924.jpg'><img src=http:\/\/ski.inmontanis.info\/d\/200646-3\/DSC06924.jpg \/><\/a><br \/>\n^ Fu\u00dfweg zur linken Skiroute Polsterrinne. Nein, ich bin nicht bis rauf gegangen, sondern bereits nach dem Gel\u00e4nder reingequert.<\/p>\n<p><a href='http:\/\/ski.inmontanis.info\/d\/200651-2\/DSC06925.jpg'><img src=http:\/\/ski.inmontanis.info\/d\/200650-3\/DSC06925.jpg \/><\/a><br \/>\n^ ESL Polster Classic und Polsterrinne<\/p>\n<p><a href='http:\/\/ski.inmontanis.info\/d\/200655-2\/DSC06926.jpg'><img src=http:\/\/ski.inmontanis.info\/d\/200654-3\/DSC06926.jpg \/><\/a><br \/>\n^ ESL Polster Classic und Skiroute Polsterrinne<\/p>\n<p><a href='http:\/\/ski.inmontanis.info\/d\/200659-2\/DSC06927.jpg'><img src=http:\/\/ski.inmontanis.info\/d\/200658-3\/DSC06927.jpg \/><\/a><br \/>\n^ Skiroute Polsterrinne<\/p>\n<p><a href='http:\/\/ski.inmontanis.info\/d\/200663-2\/DSC06930.jpg'><img src=http:\/\/ski.inmontanis.info\/d\/200662-3\/DSC06930.jpg \/><\/a><br \/>\n^ Skiroute Polsterrinne<\/p>\n<p><a href='http:\/\/ski.inmontanis.info\/d\/200667-2\/DSC06928.jpg'><img src=http:\/\/ski.inmontanis.info\/d\/200666-3\/DSC06928.jpg \/><\/a><br \/>\n^ Skiroute Polsterrinne<\/p>\n<p><a href='http:\/\/ski.inmontanis.info\/d\/200671-2\/DSC06937.jpg'><img src=http:\/\/ski.inmontanis.info\/d\/200670-3\/DSC06937.jpg \/><\/a><br \/>\n^ Skiroute Polsterrinne<\/p>\n<p><a href='http:\/\/ski.inmontanis.info\/d\/200675-2\/DSC06940.jpg'><img src=http:\/\/ski.inmontanis.info\/d\/200674-3\/DSC06940.jpg \/><\/a><br \/>\n^ Ex-SL<\/p>\n<p><a href='http:\/\/ski.inmontanis.info\/d\/200679-2\/DSC06941.jpg'><img src=http:\/\/ski.inmontanis.info\/d\/200678-3\/DSC06941.jpg \/><\/a><br \/>\n^ Skiroute Polsterrinne<\/p>\n<p><a href='http:\/\/ski.inmontanis.info\/d\/200683-2\/DSC06950.jpg'><img src=http:\/\/ski.inmontanis.info\/d\/200682-3\/DSC06950.jpg \/><\/a><br \/>\n^ ESL Polster Classic, nostalgisch mit Holzlattensitz. Wei\u00df gar nicht, wann (und ob) ich zuletzt so&#8217;was in \u00d6sterreich gefahren bin.<\/p>\n<p><a href='http:\/\/ski.inmontanis.info\/d\/200687-2\/DSC06961.jpg'><img src=http:\/\/ski.inmontanis.info\/d\/200686-3\/DSC06961.jpg \/><\/a><br \/>\n^ ESL Polster Classic<\/p>\n<p><a href='http:\/\/ski.inmontanis.info\/d\/200691-2\/DSC06973.jpg'><img src=http:\/\/ski.inmontanis.info\/d\/200690-3\/DSC06973.jpg \/><\/a><br \/>\n^ Skiroute Polsterrinne<\/p>\n<p><a href='http:\/\/ski.inmontanis.info\/d\/200695-2\/DSC06974.jpg'><img src=http:\/\/ski.inmontanis.info\/d\/200694-3\/DSC06974.jpg \/><\/a><br \/>\n^ Nebenrinne an der Skiroute Polsterrinne<\/p>\n<p><a href='http:\/\/ski.inmontanis.info\/d\/200699-2\/DSC06976.jpg'><img src=http:\/\/ski.inmontanis.info\/d\/200698-3\/DSC06976.jpg \/><\/a><br \/>\n^ Variante am ESL<\/p>\n<p><a href='http:\/\/ski.inmontanis.info\/d\/200703-2\/DSC06977.jpg'><img src=http:\/\/ski.inmontanis.info\/d\/200702-3\/DSC06977.jpg \/><\/a><br \/>\n^ ESL Polster Classic<\/p>\n<p><a href='http:\/\/ski.inmontanis.info\/d\/200707-2\/DSC06978.jpg'><img src=http:\/\/ski.inmontanis.info\/d\/200706-3\/DSC06978.jpg \/><\/a><br \/>\n^ Polsterrinne<\/p>\n<p><a href='http:\/\/ski.inmontanis.info\/d\/200711-2\/DSC06979.jpg'><img src=http:\/\/ski.inmontanis.info\/d\/200710-3\/DSC06979.jpg \/><\/a><br \/>\n^ Ex-SL<\/p>\n<p><a href='http:\/\/ski.inmontanis.info\/d\/200715-2\/ge20150318c.jpg'><img src=http:\/\/ski.inmontanis.info\/d\/200714-3\/ge20150318c.jpg \/><\/a><br \/>\n^ GPS-Track<\/p>\n<p>Kleines Video vom ESL:<br \/>\n<object style=\"height: 500px; width: 900px\"><param name=\"movie\" value=\"http:\/\/www.youtube.com\/v\/GVm6oXbahr8\"><\/param><param name=\"wmode\" value=\"transparent\"><\/param><embed src=\"http:\/\/www.youtube.com\/v\/GVm6oXbahr8\" type=\"application\/x-shockwave-flash\" wmode=\"transparent\"  width=\"900\" height=\"480\"><\/embed><\/object><\/p>\n<p>Gegen 16:30 war Abfahrt und es war nur noch ein Katzensprung nach Hause &#8211; ungewohnt, dass ich bei so einer Reise am letzten Tag nicht weiter fahren muss und weit vor Mitternacht daheim bin. Ein kurzes Abendessen in Deutschland beim McDonalds und um ca. 21:45 Uhr war ich wieder daheim. Und diesmal sogar ohne das Gef\u00fchl einer unbedingten Vorfreude bzw. eines Drangs auf den n\u00e4chsten Italienurlaub. Ok, k\u00f6nnte auch daran liegen, dass ich ja erst im Februar 1 Woche im Appennin unterwegs war :)<\/p>\n<p><a href='http:\/\/ski.inmontanis.info\/d\/200719-2\/DSC06982.jpg'><img src=http:\/\/ski.inmontanis.info\/d\/200718-3\/DSC06982.jpg \/><\/a><br \/>\n^ Zufahrt zum ESL, mit Schnee auf der Stra\u00dfe und L\u00f6chern in der Decke &#8211; Balkan und Kaukasus lassen Gr\u00fc\u00dfen :)<\/p>\n<p><a href='http:\/\/extra.inmontanis.info\/d\/29039-2\/DSC06997.jpg'><img src=http:\/\/extra.inmontanis.info\/d\/29038-3\/DSC06997.jpg \/><\/a><br \/>\n^ A9 Leoben-Liezen<\/p>\n<p><a href='http:\/\/extra.inmontanis.info\/d\/29043-2\/DSC07004.jpg'><img src=http:\/\/extra.inmontanis.info\/d\/29042-3\/DSC07004.jpg \/><\/a><br \/>\n^ Ennstal<\/p>\n<p><a href='http:\/\/extra.inmontanis.info\/d\/29047-2\/DSC07005.jpg'><img src=http:\/\/extra.inmontanis.info\/d\/29046-3\/DSC07005.jpg \/><\/a><br \/>\n^ Sonnenuntergang im Ennstal<\/p>\n<p><a href='http:\/\/extra.inmontanis.info\/d\/29051-2\/DSC07013.jpg'><img src=http:\/\/extra.inmontanis.info\/d\/29050-3\/DSC07013.jpg \/><\/a><br \/>\n^ Sonnenuntergang im Ennstal<\/p>\n<p><a href='http:\/\/extra.inmontanis.info\/d\/29055-2\/DSC07014_001.jpg'><img src=http:\/\/extra.inmontanis.info\/d\/29054-3\/DSC07014_001.jpg \/><\/a><br \/>\n^ Sonnenuntergang im Ennstal<\/p>\n<p><a href='http:\/\/extra.inmontanis.info\/d\/29059-2\/DSC07022.jpg'><img src=http:\/\/extra.inmontanis.info\/d\/29058-3\/DSC07022.jpg \/><\/a><br \/>\n^ Gestern nichts Warmes zu essen bekommen, da g\u00f6nn ich mir heute Abend in Deutschland die doppelte Portion McRib ;-)<\/p>\n<p><a href='http:\/\/extra.inmontanis.info\/d\/29063-2\/DSC07032.jpg'><img src=http:\/\/extra.inmontanis.info\/d\/29062-3\/DSC07032.jpg \/><\/a><br \/>\n^ Stempel im Reisepass, T\u00fcrkei rein, T\u00fcrkei raus, Georgien rein, Georgien raus, Armenien rein, Armenien raus, Georgien rein, Georgien raus, T\u00fcrkei rein, T\u00fcrkei raus&#8230;<\/p>\n<p>Diese lange Reise so problemlos geschafft zu haben, bescherte mir noch einige Tage lang ein euphorisches Gef\u00fchl &#8211; jetzt geht alles. Von mir aus h\u00e4tte es auch noch ein paar Tage so weiter gehen k\u00f6nnen. Und &#8220;The next big thing&#8221;? Also, abgesehen von den &#8220;\u00fcblichen&#8221; Reisen wie Appennin\/Sizilien, England, Skandinavien, Balkan, Frankreich und evtl. Spanien? <\/p>\n<p>&#8211; Russland (Sommer+Winter, mehrmals, da die einzelnen Gebirge wohl nicht sinnvoll kombinierbar sind)<br \/>\n&#8211; S\u00fcdamerika (im dortigen Winter), klarerweise nicht mit dem eigenen Auto<br \/>\n&#8211; Iran (Winter), eher auch nicht mit dem eigenen Auto<br \/>\n&#8211; Libanon (Winter), sicher auch nicht mit dem eigenen Auto<\/p>\n<p>Pl\u00e4ne und Ideen gibt&#8217;s also noch gen\u00fcgend, ob eins der genannten Ziele bereits im n\u00e4chsten Winter verwirklich wird &#8211; ist aber noch offen.<\/p>\n<p>Und nach 3 Monaten ist nun auch diese Berichtsreihe endlich (?) zu<\/p>\n<p>### E N D E ###<\/p>\n<p>.<br \/>\n.<br \/>\n&#8230; ok, ONE MORE THING &#8230; :-)<\/p>\n<p><a href='http:\/\/extra.inmontanis.info\/d\/29067-2\/DSC07780.jpg'><img src=http:\/\/extra.inmontanis.info\/d\/29066-3\/DSC07780.jpg \/><\/a><br \/>\n^ F\u00fcr die vielen L\u00e4nder leider viel zu wenig eingekauft&#8230; Links oben das kleine Eck: Georgien (inkl. russische Sachen und glaub ein Riegel aus Griechenland), darunter Ungarn, darunter Bulgarien; rechts oben T\u00fcrkei (etwas mehr); unten Rum\u00e4nien<\/p>\n<p>### E N D E ###<\/p>\n","protected":false},"excerpt":{"rendered":"<p>Mi, 18.3.2015 &#8211; Tag 19, Pr\u00e4bichl, km 12.470 (\u2206 740 km)<\/p>\n<p>Leider kam ich wieder sp\u00e4ter ins Bett und stand erst um 7:15 auf, so dass ich &#8211; ohne Fr\u00fchst\u00fcck &#8211; erst um 8 Uhr loskam. Damit w\u00e4re ich bis Mittag im Skigebiet Pr\u00e4bichl in der Steiermark, wo ich unbedingt noch den ESL Polster Classic <a href=\"http:\/\/blog.inmontanis.info\/?p=3180\">[&#8230;]<\/a><\/p>\n","protected":false},"author":1,"featured_media":0,"comment_status":"closed","ping_status":"closed","sticky":false,"template":"","format":"standard","meta":{"footnotes":""},"categories":[141,59,13,849,27,142],"tags":[49,35,47],"class_list":["post-3180","post","type-post","status-publish","format-standard","hentry","category-2015-03-balkan-turkei-kaukasus","category-nostalgie","category-austria","category-prabichl","category-skifahren-winterskiing-winter","category-ungarn","tag-4sb","tag-esl","tag-sl","odd"],"_links":{"self":[{"href":"http:\/\/blog.inmontanis.info\/index.php?rest_route=\/wp\/v2\/posts\/3180","targetHints":{"allow":["GET"]}}],"collection":[{"href":"http:\/\/blog.inmontanis.info\/index.php?rest_route=\/wp\/v2\/posts"}],"about":[{"href":"http:\/\/blog.inmontanis.info\/index.php?rest_route=\/wp\/v2\/types\/post"}],"author":[{"embeddable":true,"href":"http:\/\/blog.inmontanis.info\/index.php?rest_route=\/wp\/v2\/users\/1"}],"replies":[{"embeddable":true,"href":"http:\/\/blog.inmontanis.info\/index.php?rest_route=%2Fwp%2Fv2%2Fcomments&post=3180"}],"version-history":[{"count":2,"href":"http:\/\/blog.inmontanis.info\/index.php?rest_route=\/wp\/v2\/posts\/3180\/revisions"}],"predecessor-version":[{"id":3182,"href":"http:\/\/blog.inmontanis.info\/index.php?rest_route=\/wp\/v2\/posts\/3180\/revisions\/3182"}],"wp:attachment":[{"href":"http:\/\/blog.inmontanis.info\/index.php?rest_route=%2Fwp%2Fv2%2Fmedia&parent=3180"}],"wp:term":[{"taxonomy":"category","embeddable":true,"href":"http:\/\/blog.inmontanis.info\/index.php?rest_route=%2Fwp%2Fv2%2Fcategories&post=3180"},{"taxonomy":"post_tag","embeddable":true,"href":"http:\/\/blog.inmontanis.info\/index.php?rest_route=%2Fwp%2Fv2%2Ftags&post=3180"}],"curies":[{"name":"wp","href":"https:\/\/api.w.org\/{rel}","templated":true}]}}