{"id":3170,"date":"2015-03-15T23:33:33","date_gmt":"2015-03-15T22:33:33","guid":{"rendered":"http:\/\/blog.inmontanis.info\/?p=3170"},"modified":"2023-07-31T18:43:58","modified_gmt":"2023-07-31T16:43:58","slug":"pilio-15-3-2015","status":"publish","type":"post","link":"http:\/\/blog.inmontanis.info\/?p=3170","title":{"rendered":"Pilio, 15.3.2015"},"content":{"rendered":"<p><strong>So, 15.3.2015 &#8211; Tag 16, Pilio, km 10.490 (\u2206 615 km)<\/strong><\/p>\n<p>Tja, Pilio war heute leider etwas entt\u00e4uschend. Der obere ESL war wieder nicht in Betrieb (hatte die Lift\u00f6ffnungen in den letzten Wochen egtl. immer etwas mitverfolgt, unter der Woche waren die beide ESL, aber nicht die DSB, am Wochenende egtl. alles in Betrieb, heute nur DSB + unterer ESL (wie bei meinem letzten Besuch), aber nicht der obere ESL) und auch das Meer war nur sehr schlecht zu sehen. Schnee war auch recht nervig, schlecht pr\u00e4pariert und leider eisig hart gefroren, weichte kaum bzw. erst nach 12\/13 Uhr hier und da etwas auf. Die Tageskarte kostete &#8211; wenn ichs mir recht notiert hab &#8211; g\u00fcnstige 11,- \u20ac (2010 waren es noch 15,-!)<\/p>\n<p>Dazu kam, dass die Wetterberichte f\u00fcr die griechischen Skigebiete morgen nicht sehr sonnig meldeten (wohl aber f\u00fcr Bulgarien), so dass ich auch morgen keinen weiteren Skitag mehr in Griechenland haben werde &#8211; und dann w\u00e4re ich heute besser ins mir bisher unbekannte Seli gefahren, anstatt den Umweg \u00fcber Pilio zu nehmen.<\/p>\n<p>(Fotos anklicken zum Vergr\u00f6\u00dfern)<\/p>\n<p><a href='http:\/\/extra.inmontanis.info\/d\/26457-3\/ge201503BTKges5.jpg'><img src=http:\/\/extra.inmontanis.info\/d\/26456-4\/ge201503BTKges5.jpg \/><\/a><br \/>\nU) Pilio<br \/>\n-> und Fahrt nach Bansko (V)<\/p>\n<p><a href='http:\/\/extra.inmontanis.info\/d\/28699-2\/DSC05942.jpg'><img src=http:\/\/extra.inmontanis.info\/d\/28698-3\/DSC05942.jpg \/><\/a><br \/>\n^ Hotelzimmer mit Meerblick. Immerhin. Der Sonnenaufgang ist heute aber leider au\u00dferhalb.<\/p>\n<p><a href='http:\/\/extra.inmontanis.info\/d\/28703-2\/DSC05944.jpg'><img src=http:\/\/extra.inmontanis.info\/d\/28702-3\/DSC05944.jpg \/><\/a><br \/>\n^ Bissl Meerblick ging sich von der Stra\u00dfe aus<\/p>\n<p><a href='http:\/\/extra.inmontanis.info\/d\/28707-2\/DSC05948.jpg'><img src=http:\/\/extra.inmontanis.info\/d\/28706-3\/DSC05948.jpg \/><\/a><br \/>\n^ A1<\/p>\n<p><a href='http:\/\/extra.inmontanis.info\/d\/28711-2\/DSC05950.jpg'><img src=http:\/\/extra.inmontanis.info\/d\/28710-3\/DSC05950.jpg \/><\/a><br \/>\n^ Haufenweise Mautstellen sind ausgerechent hier, wo die A1 noch ausgebaut wird. Da zahlt man eher f\u00fcr die Zukunft&#8230; \u00dcberhaupt, die ganzen Mautstellen in Griechenland nerven extrem. Auch wenn man nicht warten muss und kein Verkehr ist.<\/p>\n<p><a href='http:\/\/extra.inmontanis.info\/d\/28715-2\/DSC05955.jpg'><img src=http:\/\/extra.inmontanis.info\/d\/28714-3\/DSC05955.jpg \/><\/a><br \/>\n^ A1 \/ Tempi<\/p>\n<p><a href='http:\/\/extra.inmontanis.info\/d\/28719-2\/DSC05957.jpg'><img src=http:\/\/extra.inmontanis.info\/d\/28718-3\/DSC05957.jpg \/><\/a><br \/>\n^ A1<\/p>\n<p><a href='http:\/\/extra.inmontanis.info\/d\/28723-2\/DSC05962.jpg'><img src=http:\/\/extra.inmontanis.info\/d\/28722-3\/DSC05962.jpg \/><\/a><br \/>\n^ Interessant &#8211; anscheinend wurde diese Stra\u00dfenbr\u00fccke einfach auf ein altes Haus gebaut?<\/p>\n<p><a href='http:\/\/extra.inmontanis.info\/d\/28727-2\/DSC05964.jpg'><img src=http:\/\/extra.inmontanis.info\/d\/28726-3\/DSC05964.jpg \/><\/a><br \/>\n^ A1 \/ Rastst\u00e4tte. Auf dem R\u00fcckweg hab ich gegen\u00fcber gehalten und mir in dem Goody&#8217;s einen leckeren &#8220;Griechischen Hamburger&#8221; mitgenommen.<\/p>\n<p><a href='http:\/\/extra.inmontanis.info\/d\/28731-2\/DSC05966.jpg'><img src=http:\/\/extra.inmontanis.info\/d\/28730-3\/DSC05966.jpg \/><\/a><br \/>\n^ W\u00e4hrend man so mit 122 (lt. Navi rechts, mit Tempomat) auf der Autobahn f\u00e4hrt, kann man ja mal kurz die Routenvarianten und Zielm\u00f6glichkeiten f\u00fcr die n\u00e4chsten Tage abchecken. (Focus des Objektivs auf naheste Einstellung und Linse b\u00fcndig mit Lenkrad, dann wird das Navi-Display scharf, das wei\u00df ich mittlerweile ;) )<\/p>\n<p>Allerdings .. \u00fcber 11 Stunden von Bansko bis Rum\u00e4nien, schwierig.<\/p>\n<p><a href='http:\/\/ski.inmontanis.info\/d\/199543-2\/DSC05976.jpg'><img src=http:\/\/ski.inmontanis.info\/d\/199542-3\/DSC05976.jpg \/><\/a><br \/>\n^ Auffahrt ins Skigebiet Pilio(n), nachdem man sich durch viele Ortschaften am Hang gequ\u00e4lt hat<\/p>\n<p><a href='http:\/\/ski.inmontanis.info\/d\/199547-2\/DSC05982.jpg'><img src=http:\/\/ski.inmontanis.info\/d\/199546-3\/DSC05982.jpg \/><\/a><br \/>\n^ Talstation ESL 1 und DSB, sowie Kassenh\u00e4uschen<\/p>\n<p><a href='http:\/\/ski.inmontanis.info\/d\/199551-2\/DSC05983.jpg'><img src=http:\/\/ski.inmontanis.info\/d\/199550-3\/DSC05983.jpg \/><\/a><br \/>\n^ ESL Sektion 1 und eine der Abfahrten<\/p>\n<p><a href='http:\/\/ski.inmontanis.info\/d\/199555-2\/DSC05987.jpg'><img src=http:\/\/ski.inmontanis.info\/d\/199554-3\/DSC05987.jpg \/><\/a><br \/>\n^ Bergstation ESL Sektion 1 (dahinter w\u00e4re die Talstation der Sektion 2)<\/p>\n<p><a href='http:\/\/ski.inmontanis.info\/d\/199559-2\/DSC05988.jpg'><img src=http:\/\/ski.inmontanis.info\/d\/199558-3\/DSC05988.jpg \/><\/a><br \/>\n^ ESL Sektion 1<\/p>\n<p><a href='http:\/\/ski.inmontanis.info\/d\/199563-2\/DSC05991.jpg'><img src=http:\/\/ski.inmontanis.info\/d\/199562-3\/DSC05991.jpg \/><\/a><br \/>\n^ Bergstation DSB und ESL Sektion 2, heute leider nicht in Betrieb. Eh klar, der f\u00e4hrt nur unter der Woche, wo dann die DSB ausgeschaltet ist. Und ich Trottel fahr extra am WE hier her.<\/p>\n<p><a href='http:\/\/ski.inmontanis.info\/d\/199567-2\/DSC05995.jpg'><img src=http:\/\/ski.inmontanis.info\/d\/199566-3\/DSC05995.jpg \/><\/a><br \/>\n^ Gipfel-Pano (ca. S\u00fcdwest)<\/p>\n<p><a href='http:\/\/ski.inmontanis.info\/d\/199571-2\/DSC05996.jpg'><img src=http:\/\/ski.inmontanis.info\/d\/199570-3\/DSC05996.jpg \/><\/a><br \/>\n^ Gipfel-Pano (ca. S\u00fcdost)<\/p>\n<p><a href='http:\/\/ski.inmontanis.info\/d\/199575-2\/DSC05997.jpg'><img src=http:\/\/ski.inmontanis.info\/d\/199574-3\/DSC05997.jpg \/><\/a><br \/>\n^ Gipfel-Pano (Ost)<\/p>\n<p><a href='http:\/\/ski.inmontanis.info\/d\/199579-2\/DSC01516.jpg'><img src=http:\/\/ski.inmontanis.info\/d\/199578-3\/DSC01516.jpg \/><\/a><br \/>\n^ IR-Gipfel-Pano (West)<\/p>\n<p><a href='http:\/\/ski.inmontanis.info\/d\/199583-2\/DSC05999.jpg'><img src=http:\/\/ski.inmontanis.info\/d\/199582-3\/DSC05999.jpg \/><\/a><br \/>\n^ Bergstation ESL Sektion 2 und DSB mit Blick aufs Meer<\/p>\n<p><a href='http:\/\/ski.inmontanis.info\/d\/199587-2\/DSC06000.jpg'><img src=http:\/\/ski.inmontanis.info\/d\/199586-3\/DSC06000.jpg \/><\/a><br \/>\n^ Piste Panorama mit dem kurzen SL, an dem&#8217;s mir zu voll war (und zu langsam war er auch)<\/p>\n<p><a href='http:\/\/ski.inmontanis.info\/d\/199591-2\/DSC01525.jpg'><img src=http:\/\/ski.inmontanis.info\/d\/199590-3\/DSC01525.jpg \/><\/a><br \/>\n^ Piste Panorama mit dem kurzen SL &#8211; in IR sieht man das Meer heute besser.<\/p>\n<p><a href='http:\/\/ski.inmontanis.info\/d\/199595-2\/DSC06003.jpg'><img src=http:\/\/ski.inmontanis.info\/d\/199594-3\/DSC06003.jpg \/><\/a><br \/>\n^ ESL Sektion 1<\/p>\n<p><a href='http:\/\/ski.inmontanis.info\/d\/199599-2\/DSC06004.jpg'><img src=http:\/\/ski.inmontanis.info\/d\/199598-3\/DSC06004.jpg \/><\/a><br \/>\n^ ESL Sektion 1<\/p>\n<p><a href='http:\/\/ski.inmontanis.info\/d\/199603-2\/DSC06006.jpg'><img src=http:\/\/ski.inmontanis.info\/d\/199602-3\/DSC06006.jpg \/><\/a><br \/>\n^ ESL Sektion 1, nette Trasse<\/p>\n<p><a href='http:\/\/ski.inmontanis.info\/d\/199607-2\/DSC06014.jpg'><img src=http:\/\/ski.inmontanis.info\/d\/199606-3\/DSC06014.jpg \/><\/a><br \/>\n^ ESL Sektion 1<\/p>\n<p><a href='http:\/\/ski.inmontanis.info\/d\/199611-2\/DSC06016.jpg'><img src=http:\/\/ski.inmontanis.info\/d\/199610-3\/DSC06016.jpg \/><\/a><br \/>\n^ ESL Sektion 1<\/p>\n<p><a href='http:\/\/ski.inmontanis.info\/d\/199615-2\/DSC01533.jpg'><img src=http:\/\/ski.inmontanis.info\/d\/199614-3\/DSC01533.jpg \/><\/a><br \/>\n^ ESL Sektion 1 und Meerblick (IR)<\/p>\n<p><a href='http:\/\/ski.inmontanis.info\/d\/199619-2\/DSC06017.jpg'><img src=http:\/\/ski.inmontanis.info\/d\/199618-3\/DSC06017.jpg \/><\/a><br \/>\n^ Die Abfahrt mit dem netten Namen Panorama, das Meer ist heute leider recht kontrastarm.<\/p>\n<p><a href='http:\/\/ski.inmontanis.info\/d\/199623-2\/DSC01538.jpg'><img src=http:\/\/ski.inmontanis.info\/d\/199622-3\/DSC01538.jpg \/><\/a><br \/>\n^ .. aber zum Gl\u00fcck hab ich ja eine IR-Cam dabei. Panorama-Piste mit Meerblick<\/p>\n<p><a href='http:\/\/ski.inmontanis.info\/d\/199627-2\/DSC01572.jpg'><img src=http:\/\/ski.inmontanis.info\/d\/199626-3\/DSC01572.jpg \/><\/a><br \/>\n^ Zoom zu einem Schiff mit ESL Sektion 2 Bergstation<\/p>\n<p><a href='http:\/\/ski.inmontanis.info\/d\/199631-2\/DSC06023.jpg'><img src=http:\/\/ski.inmontanis.info\/d\/199630-3\/DSC06023.jpg \/><\/a><br \/>\n^ ESL Sektion 2<\/p>\n<p><a href='http:\/\/ski.inmontanis.info\/d\/199635-2\/DSC01586.jpg'><img src=http:\/\/ski.inmontanis.info\/d\/199634-3\/DSC01586.jpg \/><\/a><br \/>\n^ DSB und Meerblick<\/p>\n<p><a href='http:\/\/ski.inmontanis.info\/d\/199639-2\/DSC01594.jpg'><img src=http:\/\/ski.inmontanis.info\/d\/199638-3\/DSC01594.jpg \/><\/a><br \/>\n^ Abfahrt an der DSB und Meerblick<\/p>\n<p><a href='http:\/\/ski.inmontanis.info\/d\/199643-2\/DSC06026.jpg'><img src=http:\/\/ski.inmontanis.info\/d\/199642-3\/DSC06026.jpg \/><\/a><br \/>\n^ Es gibt durchaus ein paar Steilh\u00e4nge hier :)<\/p>\n<p><a href='http:\/\/ski.inmontanis.info\/d\/199647-2\/DSC06032.jpg'><img src=http:\/\/ski.inmontanis.info\/d\/199646-3\/DSC06032.jpg \/><\/a><br \/>\n^ ESL Sektion 1 und Meerblick<\/p>\n<p><a href='http:\/\/ski.inmontanis.info\/d\/199651-2\/DSC01596.jpg'><img src=http:\/\/ski.inmontanis.info\/d\/199650-3\/DSC01596.jpg \/><\/a><br \/>\n^ ESL Sektion 1 und Meerblick (IR)<\/p>\n<p><a href='http:\/\/ski.inmontanis.info\/d\/199655-2\/DSC06035.jpg'><img src=http:\/\/ski.inmontanis.info\/d\/199654-3\/DSC06035.jpg \/><\/a><br \/>\n^ ESL Sektion 2 Bergstation und Meer<\/p>\n<p><a href='http:\/\/ski.inmontanis.info\/d\/199659-2\/DSC01618.jpg'><img src=http:\/\/ski.inmontanis.info\/d\/199658-3\/DSC01618.jpg \/><\/a><br \/>\n^ ESL Sektion 2 Bergstation und Meer (IR)<\/p>\n<p><a href='http:\/\/ski.inmontanis.info\/d\/199663-2\/DSC01623.jpg'><img src=http:\/\/ski.inmontanis.info\/d\/199662-3\/DSC01623.jpg \/><\/a><br \/>\n^ ESL Sektion 2 Bergstation und Meer (IR)<\/p>\n<p><a href='http:\/\/ski.inmontanis.info\/d\/199667-2\/DSC01622.jpg'><img src=http:\/\/ski.inmontanis.info\/d\/199666-3\/DSC01622.jpg \/><\/a><br \/>\n^ ESL Sektion 2 Bergstation und Meer mit Schiff (IR)<\/p>\n<p><a href='http:\/\/ski.inmontanis.info\/d\/199671-2\/DSC01628.jpg'><img src=http:\/\/ski.inmontanis.info\/d\/199670-3\/DSC01628.jpg \/><\/a><br \/>\n^ Gipfelpano S\u00fcd-Ost (selbst in IR war das Meer und der Horizont sehr kontrastarm)<\/p>\n<p><a href='http:\/\/ski.inmontanis.info\/d\/199675-2\/DSC01650.jpg'><img src=http:\/\/ski.inmontanis.info\/d\/199674-3\/DSC01650.jpg \/><\/a><br \/>\n^ ESL Sektion 2 Bergstation und Meer (IR)<\/p>\n<p><a href='http:\/\/ski.inmontanis.info\/d\/199679-2\/DSC01644.jpg'><img src=http:\/\/ski.inmontanis.info\/d\/199678-3\/DSC01644.jpg \/><\/a><br \/>\n^ ESL Sektion 2, DSB, Abfahrt und Meer (IR)<\/p>\n<p><a href='http:\/\/ski.inmontanis.info\/d\/199683-2\/DSC06038.jpg'><img src=http:\/\/ski.inmontanis.info\/d\/199682-3\/DSC06038.jpg \/><\/a><br \/>\n^ Bergstation ESL Sektion 1 und Meerblick<\/p>\n<p><a href='http:\/\/ski.inmontanis.info\/d\/199687-2\/DSC01652.jpg'><img src=http:\/\/ski.inmontanis.info\/d\/199686-3\/DSC01652.jpg \/><\/a><br \/>\n^ Bergstation ESL Sektion 1 und Meerblick (IR)<\/p>\n<p><a href='http:\/\/ski.inmontanis.info\/d\/199691-2\/DSC06037.jpg'><img src=http:\/\/ski.inmontanis.info\/d\/199690-3\/DSC06037.jpg \/><\/a><br \/>\n^ ESL Sektion 2<\/p>\n<p><a href='http:\/\/ski.inmontanis.info\/d\/199695-2\/ge20150315b.jpg'><img src=http:\/\/ski.inmontanis.info\/d\/199694-3\/ge20150315b.jpg \/><\/a><br \/>\n^ GPS-Track<\/p>\n<p><a href='http:\/\/ski.inmontanis.info\/d\/199699-2\/DSC06055.jpg'><img src=http:\/\/ski.inmontanis.info\/d\/199698-3\/DSC06055.jpg \/><\/a><br \/>\n^ Volos<\/p>\n<p>Kurzes Video des ESL:<br \/>\n<object style=\"height: 500px; width: 900px\"><param name=\"movie\" value=\"http:\/\/www.youtube.com\/v\/PtNdX99GDNA\"><\/param><param name=\"wmode\" value=\"transparent\"><\/param><embed src=\"http:\/\/www.youtube.com\/v\/PtNdX99GDNA\" type=\"application\/x-shockwave-flash\" wmode=\"transparent\"  width=\"900\" height=\"480\"><\/embed><\/object><\/p>\n<p>Fazit: Bei meiner n\u00e4chsten Skireise durch Griechenland werd ich mich auf die mir noch unbekannten Gebiete konzentrieren und Pilio auslassen.<\/p>\n<p>Gegen 14:30 hab ich&#8217;s lassen, da ich ja noch nach Bulgarien, bzw. besser gesagt nach Bansko, fahren wollte. Hotel hatte ich mir aber keines reserviert, da es dort hunderte freie Unterk\u00fcnfte auf booking.com gab (200-300!!) und ich die Lage bzw. die Parkplatzsituation nicht einsch\u00e4tzen konnte.<\/p>\n<p>Auf einer Autobahnrastst\u00e4tte hab ich in einem Fastfood-Restaurant (Goody&#8217;s) eine leckere Gyros-Pommes-Pita gegessen (und morgens im Skigebiet eine Schinken-K\u00e4se-Tasche) &#8211; f\u00fcr mehr hatte ich leider keine Zeit, obwohl ich gerne nochmal richtig griechisch h\u00e4tte essen wollen. Das ist leider so ziemlich mein gr\u00f6\u00dfter Negativpunkt dieser Reise &#8211; da mir ein gerne auch landestypisches Essen bei meinen Reisen ja egtl. immer recht wichtig ist. Aber auf eine Stunde Skifahen verzichten will ich daf\u00fcr dann auch nicht ;)<\/p>\n<p><a href='http:\/\/extra.inmontanis.info\/d\/28735-2\/DSC06062.jpg'><img src=http:\/\/extra.inmontanis.info\/d\/28734-3\/DSC06062.jpg \/><\/a><br \/>\n^ A1 \/ bei Larissa<\/p>\n<p><a href='http:\/\/extra.inmontanis.info\/d\/28739-2\/DSC06071.jpg'><img src=http:\/\/extra.inmontanis.info\/d\/28738-3\/DSC06071.jpg \/><\/a><br \/>\n^ A1 mit Neubau und Meerblick<\/p>\n<p><a href='http:\/\/extra.inmontanis.info\/d\/28743-2\/DSC06073.jpg'><img src=http:\/\/extra.inmontanis.info\/d\/28742-3\/DSC06073.jpg \/><\/a><br \/>\n^ Das Hotel von letzter Nacht.<\/p>\n<p><a href='http:\/\/extra.inmontanis.info\/d\/28747-2\/DSC06081.jpg'><img src=http:\/\/extra.inmontanis.info\/d\/28746-3\/DSC06081.jpg \/><\/a><br \/>\n^ In den Wolken sollte der Olymp sein.<\/p>\n<p><a href='http:\/\/extra.inmontanis.info\/d\/28751-2\/DSC06100.jpg'><img src=http:\/\/extra.inmontanis.info\/d\/28750-3\/DSC06100.jpg \/><\/a><br \/>\n^ Thessaloniki<\/p>\n<p><a href='http:\/\/extra.inmontanis.info\/d\/28755-2\/DSC06103.jpg'><img src=http:\/\/extra.inmontanis.info\/d\/28754-3\/DSC06103.jpg \/><\/a><br \/>\n^ Thessaloniki<\/p>\n<p><a href='http:\/\/extra.inmontanis.info\/d\/28759-2\/DSC06106.jpg'><img src=http:\/\/extra.inmontanis.info\/d\/28758-3\/DSC06106.jpg \/><\/a><br \/>\n^ Jetzt nicht wirklich, liebe Griechen, oder? YU?? Jugoslawien??<\/p>\n<p><a href='http:\/\/extra.inmontanis.info\/d\/28763-2\/DSC06108.jpg'><img src=http:\/\/extra.inmontanis.info\/d\/28762-3\/DSC06108.jpg \/><\/a><br \/>\n^ A2 \/ hinter Thessaloniki<\/p>\n<p><a href='http:\/\/extra.inmontanis.info\/d\/28767-2\/DSC06110.jpg'><img src=http:\/\/extra.inmontanis.info\/d\/28766-3\/DSC06110.jpg \/><\/a><br \/>\n^ A2 \/ hinter Thessaloniki<\/p>\n<p><a href='http:\/\/extra.inmontanis.info\/d\/28771-2\/DSC06111.jpg'><img src=http:\/\/extra.inmontanis.info\/d\/28770-3\/DSC06111.jpg \/><\/a><br \/>\n^ Die Stra\u00dfe von Thessaloniki nach Serres und weiter nach Bulgarien ist teilweise schon 2&#215;2-spurig ausgebaut bzw. wird es an anderen Stellen gerade.<\/p>\n<p><a href='http:\/\/extra.inmontanis.info\/d\/28775-2\/DSC06125.jpg'><img src=http:\/\/extra.inmontanis.info\/d\/28774-3\/DSC06125.jpg \/><\/a><br \/>\n^ Thessaloniki-Serres<\/p>\n<p><a href='http:\/\/extra.inmontanis.info\/d\/28779-2\/DSC06132.jpg'><img src=http:\/\/extra.inmontanis.info\/d\/28778-3\/DSC06132.jpg \/><\/a><br \/>\n^ Die Schilder waren wohl im Sonderangebot ..<\/p>\n<p><a href='http:\/\/extra.inmontanis.info\/d\/28783-2\/DSC06140.jpg'><img src=http:\/\/extra.inmontanis.info\/d\/28782-3\/DSC06140.jpg \/><\/a><br \/>\n^ Auf der Stra\u00dfe von Serres nach Bulgarien<\/p>\n<p><a href='http:\/\/extra.inmontanis.info\/d\/28787-2\/DSC06151.jpg'><img src=http:\/\/extra.inmontanis.info\/d\/28786-3\/DSC06151.jpg \/><\/a><br \/>\n^ Grenze GR-BG (Kulata). Die Stra\u00dfe wird nicht nur in Griechenland ausgebaut, sondern auch in Bulgarien, so musste ich einige Umwege fahren.<\/p>\n<p>Um ca. 21:30 kam ich in Bansko an und klapperte einige Hotels ab, die ich mir auf booking.com n\u00e4her angesehen hatte &#8211; es war parkplatzm\u00e4\u00dfig wirkich sehr m\u00fchselig &#8211; und landete schlussendlich doch im 4 Sterne-Hotel Guiness nahe der Gondel um 70 Leva (ca. 35,- \u20ac) inkl. Fr\u00fchst\u00fcck. Bis ich dann im Zimmer war und mich eingerichtet hatte war es 22:05 Uhr &#8211; und der Room-Service war lt. Plan nur bis 22 Uhr. Schade, dass ich den Zettel nicht fr\u00fcher gelesen hatte, sonst h\u00e4tte ich mir doch noch einen Burger bringen lassen. H\u00e4tte der Portier auch sagen k\u00f6nnen, als ich ihn fragte, ob man noch einen Snack essen k\u00f6nnte und er nur irgendwas undefinierbares (eher nein und zu sp\u00e4t, oder doch an der Bar?!) von sich gab. Immerhin kam ich so an der Gondel vorbei und am Parkplatz, der mir geb\u00fchrenpflichtig aussah &#8211; also werd ich hier morgen am Hotel stehen bleiben und zu Fu\u00df das St\u00fcck gehen.<\/p>\n<p><a href='http:\/\/extra.inmontanis.info\/d\/28791-2\/DSC06154.jpg'><img src=http:\/\/extra.inmontanis.info\/d\/28790-3\/DSC06154.jpg \/><\/a><br \/>\n^ Ankunft in Bansko<\/p>\n<p><a href='http:\/\/extra.inmontanis.info\/d\/28795-2\/DSC06155.jpg'><img src=http:\/\/extra.inmontanis.info\/d\/28794-3\/DSC06155.jpg \/><\/a><br \/>\n^ Mein heutiges Hotelzimmer in Bansko<\/p>\n<p><a href='http:\/\/extra.inmontanis.info\/d\/28799-2\/DSC06157.jpg'><img src=http:\/\/extra.inmontanis.info\/d\/28798-3\/DSC06157.jpg \/><\/a><br \/>\n^ Design-Waschbecken, die Funktionsweise muss man auch erst mal kapieren ;)<\/p>\n<p>Wie Bansko allerdings (insb. in der Hauptsaison) mit nur 1 Gondelbahn als Zubringer auskommen kann, wenn es 200-300 Unterk\u00fcnfte lt. Booking.com gibt, ist mir allerdings mehr als fraglich. Fraglich auch, ob die EUB \u00fcberhaupt jeden Tag offen ist, denn egtl. muss in Bulgarien doch jeder Lift ca. einen (halben) Tag ca. jede Woche wg. Revision geschlossen sein?! Evtl. wie in Vitosha mal um die Mittagszeit? Oder geht&#8217;s hier doch auch nachts? Hoffentlich werd ich morgen am Montag nicht zu viel geschlossene Lifte haben, denn Montag ist in den bulgarischen Skigebieten h\u00e4ufig der Tag, an dem die meisten Lifte wg. Revision geschlossen sind.<\/p>\n<p>Das Internet hatte leider auch immer wieder Aussetzer, aber eine Sache konnte ich noch nachschauen, die mir einfiel, als ich an die letzte Balkantour vor 2 Jahren dachte &#8211; und tats\u00e4chlich, sie ist offen! Dank der neuen, inzwischen ge\u00f6ffneten Mautbr\u00fccke zwischen Bulgarien und Rum\u00e4nien kann ich \u00fcbermorgen noch einen Skitag bei Petrosani (entweder Parang oder Straja) einlegen!<\/p>\n<p>(Fortsetzung folgt.)<\/p>\n","protected":false},"excerpt":{"rendered":"<p>So, 15.3.2015 &#8211; Tag 16, Pilio, km 10.490 (\u2206 615 km)<\/p>\n<p>Tja, Pilio war heute leider etwas entt\u00e4uschend. Der obere ESL war wieder nicht in Betrieb (hatte die Lift\u00f6ffnungen in den letzten Wochen egtl. immer etwas mitverfolgt, unter der Woche waren die beide ESL, aber nicht die DSB, am Wochenende egtl. alles in Betrieb, heute <a href=\"http:\/\/blog.inmontanis.info\/?p=3170\">[&#8230;]<\/a><\/p>\n","protected":false},"author":1,"featured_media":0,"comment_status":"closed","ping_status":"closed","sticky":false,"template":"","format":"standard","meta":{"footnotes":""},"categories":[141,75,74,59,350,27],"tags":[38,35,90,37,47],"class_list":["post-3170","post","type-post","status-publish","format-standard","hentry","category-2015-03-balkan-turkei-kaukasus","category-bulgarien","category-greece","category-nostalgie","category-pilio","category-skifahren-winterskiing-winter","tag-dsb","tag-esl","tag-infrarot","tag-meer","tag-sl","odd"],"_links":{"self":[{"href":"http:\/\/blog.inmontanis.info\/index.php?rest_route=\/wp\/v2\/posts\/3170","targetHints":{"allow":["GET"]}}],"collection":[{"href":"http:\/\/blog.inmontanis.info\/index.php?rest_route=\/wp\/v2\/posts"}],"about":[{"href":"http:\/\/blog.inmontanis.info\/index.php?rest_route=\/wp\/v2\/types\/post"}],"author":[{"embeddable":true,"href":"http:\/\/blog.inmontanis.info\/index.php?rest_route=\/wp\/v2\/users\/1"}],"replies":[{"embeddable":true,"href":"http:\/\/blog.inmontanis.info\/index.php?rest_route=%2Fwp%2Fv2%2Fcomments&post=3170"}],"version-history":[{"count":4,"href":"http:\/\/blog.inmontanis.info\/index.php?rest_route=\/wp\/v2\/posts\/3170\/revisions"}],"predecessor-version":[{"id":8955,"href":"http:\/\/blog.inmontanis.info\/index.php?rest_route=\/wp\/v2\/posts\/3170\/revisions\/8955"}],"wp:attachment":[{"href":"http:\/\/blog.inmontanis.info\/index.php?rest_route=%2Fwp%2Fv2%2Fmedia&parent=3170"}],"wp:term":[{"taxonomy":"category","embeddable":true,"href":"http:\/\/blog.inmontanis.info\/index.php?rest_route=%2Fwp%2Fv2%2Fcategories&post=3170"},{"taxonomy":"post_tag","embeddable":true,"href":"http:\/\/blog.inmontanis.info\/index.php?rest_route=%2Fwp%2Fv2%2Ftags&post=3170"}],"curies":[{"name":"wp","href":"https:\/\/api.w.org\/{rel}","templated":true}]}}