{"id":3163,"date":"2015-03-13T22:43:03","date_gmt":"2015-03-13T21:43:03","guid":{"rendered":"http:\/\/blog.inmontanis.info\/?p=3163"},"modified":"2023-08-05T16:26:30","modified_gmt":"2023-08-05T14:26:30","slug":"erciyeskayseri-elmadagankara-13-3-2015","status":"publish","type":"post","link":"http:\/\/blog.inmontanis.info\/?p=3163","title":{"rendered":"Erciyes\/Kayseri &#8211; Elmadag\/Ankara, 13.3.2015"},"content":{"rendered":"<p><strong>Fr, 13.3.2015 &#8211; Tag 14, Erciyes\/Kayseri &#8211; Elmadag\/Ankara, km ca. 8.885 (\u2206 ca. 625 km)<\/strong><\/p>\n<p>Freude beim morgendlichen Blick aus dem Fenster: es ist recht sonnig. Gefr\u00fchst\u00fcckt (wie \u00fcblich gro\u00dfes Fr\u00fchst\u00fccksbuffet), um 8:30 Uhr die Website vom Skigebiet Erciyes gecheckt &#8211; alles zu! W\u00e4h? Egal, raufgefahren. Kurz vor den Talstationen, als ich schon sah, dass alles zu war, wusste ich dann auch warum &#8211; starker Sturm. Na nerv. Schon wieder Pech. Bin dann auch gar nicht mehr weiter, sondern umgekehrt.<\/p>\n<p>Wenn Google Translate die eine t\u00fcrkische Seite korrekt \u00fcbersetzt, will Erciyes mit 160 Pisten-km das zweitgr\u00f6\u00dfte Skigebiet in Europa au\u00dferhalb der Alpen sein oder werden. Gewagte Aussage, daf\u00fcr, dass Erciyes\/Kayseri quasi mitten im asiatischen Teil der T\u00fcrkei ist ;)<\/p>\n<p>(Fotos anklicken zum Vergr\u00f6\u00dfern)<\/p>\n<p><a href='http:\/\/extra.inmontanis.info\/d\/26457-3\/ge201503BTKges5.jpg'><img src=http:\/\/extra.inmontanis.info\/d\/26456-4\/ge201503BTKges5.jpg \/><\/a><br \/>\nR) Erciyes \/ Kayseri<br \/>\nS) Elmadag \/ Ankara<br \/>\n-> und Fahrt nach Kartalkaya\/Bolu<\/p>\n<p><a href='http:\/\/ski.inmontanis.info\/d\/199099-2\/DSC05330.jpg'><img src=http:\/\/ski.inmontanis.info\/d\/199098-3\/DSC05330.jpg \/><\/a><br \/>\n^ Blick aus dem Hotelzimmer in Kayseri<\/p>\n<p><a href='http:\/\/ski.inmontanis.info\/d\/199103-2\/DSC05332.jpg'><img src=http:\/\/ski.inmontanis.info\/d\/199102-3\/DSC05332.jpg \/><\/a><br \/>\n^ Blick aus dem Hotelzimmer in Kayseri zum Erciyes<\/p>\n<p><a href='http:\/\/ski.inmontanis.info\/d\/199107-2\/DSC05335.jpg'><img src=http:\/\/ski.inmontanis.info\/d\/199106-3\/DSC05335.jpg \/><\/a><br \/>\n^ Zoom Erciyes von Kayseri<\/p>\n<p><a href='http:\/\/ski.inmontanis.info\/d\/199111-2\/DSC05349.jpg'><img src=http:\/\/ski.inmontanis.info\/d\/199110-3\/DSC05349.jpg \/><\/a><br \/>\n^ Auffahrt Erciyes. Obwohl der letzte Ausbruch vor ca. 8.900 Jahren war, erinnert das Gel\u00e4nde eher an einen aktiven Vulkan. <\/p>\n<p><a href='http:\/\/ski.inmontanis.info\/d\/199115-2\/DSC05356.jpg'><img src=http:\/\/ski.inmontanis.info\/d\/199114-3\/DSC05356.jpg \/><\/a><br \/>\n^ Auffahrt ins Skigebiet<\/p>\n<p><a href='http:\/\/ski.inmontanis.info\/d\/199119-2\/DSC05357.jpg'><img src=http:\/\/ski.inmontanis.info\/d\/199118-3\/DSC05357.jpg \/><\/a><br \/>\n^ Blick ins Skigebiet, zumindest einen Teil<\/p>\n<p><a href='http:\/\/ski.inmontanis.info\/d\/199123-2\/DSC05359.jpg'><img src=http:\/\/ski.inmontanis.info\/d\/199122-3\/DSC05359.jpg \/><\/a><br \/>\n^ Gel\u00e4nde und Skigebiet (hinten rechts)<\/p>\n<p><a href='http:\/\/ski.inmontanis.info\/d\/199127-2\/DSC05360.jpg'><img src=http:\/\/ski.inmontanis.info\/d\/199126-3\/DSC05360.jpg \/><\/a><br \/>\n^ Mittlerer Teil bzw. Verbindungslifte<\/p>\n<p><a href='http:\/\/ski.inmontanis.info\/d\/199131-2\/DSC05361.jpg'><img src=http:\/\/ski.inmontanis.info\/d\/199130-3\/DSC05361.jpg \/><\/a><br \/>\n^ Skigebiet, mittlerer Teil<\/p>\n<p><a href='http:\/\/ski.inmontanis.info\/d\/199135-2\/DSC05363.jpg'><img src=http:\/\/ski.inmontanis.info\/d\/199134-3\/DSC05363.jpg \/><\/a><br \/>\n^ Stra\u00dfe<\/p>\n<p><a href='http:\/\/ski.inmontanis.info\/d\/199139-2\/DSC05366.jpg'><img src=http:\/\/ski.inmontanis.info\/d\/199138-3\/DSC05366.jpg \/><\/a><br \/>\n^ Leider starker Wind &#8211; daher heute nirgends Skibetrieb. Schneeverwehungen auf der Stra\u00dfe<\/p>\n<p><a href='http:\/\/ski.inmontanis.info\/d\/199143-2\/DSC05367.jpg'><img src=http:\/\/ski.inmontanis.info\/d\/199142-3\/DSC05367.jpg \/><\/a><br \/>\n^ Stra\u00dfe<\/p>\n<p><a href='http:\/\/ski.inmontanis.info\/d\/199147-2\/DSC05370.jpg'><img src=http:\/\/ski.inmontanis.info\/d\/199146-3\/DSC05370.jpg \/><\/a><br \/>\n^ Talblick<\/p>\n<p><a href='http:\/\/ski.inmontanis.info\/d\/199151-2\/DSC05371.jpg'><img src=http:\/\/ski.inmontanis.info\/d\/199150-3\/DSC05371.jpg \/><\/a><br \/>\n^ Stra\u00dfe talw\u00e4rts<\/p>\n<p><a href='http:\/\/ski.inmontanis.info\/d\/199155-2\/DSC05376.jpg'><img src=http:\/\/ski.inmontanis.info\/d\/199154-3\/DSC05376.jpg \/><\/a><br \/>\n^ Kayseri<\/p>\n<p>Alternatives Ziel in Fahrtrichtung w\u00e4ren noch die beiden SL oberhalb von Ankara (Elmadag) gewesen. Nachmittags angekommen, der untere SL (Kurzb\u00fcgler) lief nicht &#8211; es war auch leicht zu sehen warum, es lag zu wenig Schnee, wohl kaum mehr als der Neuschnee der letzten Nacht oder so. Weiter zum oberen SL, der zwar auch nicht lief, aber es sah nach ausreichend Schnee aus und so wollte ich eben wenigstens zu Fu\u00df aufsteigen. Aber nein, nicht mal das war m\u00f6glich, denn: Der SL samt Piste ist Milit\u00e4rgebiet und entsprechend eingez\u00e4unt. So ein Mist! <\/p>\n<p><a href='http:\/\/extra.inmontanis.info\/d\/28397-2\/DSC05388.jpg'><img src=http:\/\/extra.inmontanis.info\/d\/28396-3\/DSC05388.jpg \/><\/a><br \/>\n^ (Alte?) Felswohnungen neben der D260<\/p>\n<p><a href='http:\/\/extra.inmontanis.info\/d\/28401-2\/DSC05390.jpg'><img src=http:\/\/extra.inmontanis.info\/d\/28400-3\/DSC05390.jpg \/><\/a><br \/>\n^ D260 \/ n\u00e4he Kalaba<\/p>\n<p><a href='http:\/\/extra.inmontanis.info\/d\/28405-2\/DSC05394.jpg'><img src=http:\/\/extra.inmontanis.info\/d\/28404-3\/DSC05394.jpg \/><\/a><br \/>\n^ D260 \/ vor Kirsehir<\/p>\n<p><a href='http:\/\/extra.inmontanis.info\/d\/28409-2\/DSC05397.jpg'><img src=http:\/\/extra.inmontanis.info\/d\/28408-3\/DSC05397.jpg \/><\/a><br \/>\n^ D765 vor Akpinar<\/p>\n<p><a href='http:\/\/extra.inmontanis.info\/d\/28413-2\/DSC05399.jpg'><img src=http:\/\/extra.inmontanis.info\/d\/28412-3\/DSC05399.jpg \/><\/a><br \/>\n^ D765 nach Akpinar<\/p>\n<p><a href='http:\/\/extra.inmontanis.info\/d\/28417-2\/DSC05406.jpg'><img src=http:\/\/extra.inmontanis.info\/d\/28416-3\/DSC05406.jpg \/><\/a><br \/>\n^ D765 vor Kirikkale<\/p>\n<p><a href='http:\/\/extra.inmontanis.info\/d\/28421-2\/DSC05409.jpg'><img src=http:\/\/extra.inmontanis.info\/d\/28420-3\/DSC05409.jpg \/><\/a><br \/>\n^ D765 vor Kirikkale<\/p>\n<p><a href='http:\/\/extra.inmontanis.info\/d\/28425-2\/DSC05416.jpg'><img src=http:\/\/extra.inmontanis.info\/d\/28424-3\/DSC05416.jpg \/><\/a><br \/>\n^ Neubausiedlung<\/p>\n<p><a href='http:\/\/extra.inmontanis.info\/d\/28429-2\/DSC05419.jpg'><img src=http:\/\/extra.inmontanis.info\/d\/28428-3\/DSC05419.jpg \/><\/a><br \/>\n^ D200 Kirikkale-Ankara<\/p>\n<p><a href='http:\/\/extra.inmontanis.info\/d\/28433-2\/DSC05422.jpg'><img src=http:\/\/extra.inmontanis.info\/d\/28432-3\/DSC05422.jpg \/><\/a><br \/>\n^ D200 Kirikkale-Ankara<\/p>\n<p><a href='http:\/\/extra.inmontanis.info\/d\/28437-2\/DSC05423.jpg'><img src=http:\/\/extra.inmontanis.info\/d\/28436-3\/DSC05423.jpg \/><\/a><br \/>\n^ D200 Kirikkale-Ankara. Auch ungew\u00f6hnlich, dass dort vorne das neu gebaute Stra\u00dfenst\u00fcck steiler ist als die alte Variante rechts ;)<\/p>\n<p><a href='http:\/\/extra.inmontanis.info\/d\/28441-2\/DSC05431.jpg'><img src=http:\/\/extra.inmontanis.info\/d\/28440-3\/DSC05431.jpg \/><\/a><br \/>\n^ D200 \/ Ankara, um die 4-5 Mio Einwohner<\/p>\n<p><a href='http:\/\/ski.inmontanis.info\/d\/199161-2\/DSC05437.jpg'><img src=http:\/\/ski.inmontanis.info\/d\/199159-3\/DSC05437.jpg \/><\/a><br \/>\n^ Hochhaussiedlung bei Ankara mit Blick zum Elmadagi mit Skigebiet<\/p>\n<p><a href='http:\/\/ski.inmontanis.info\/d\/199165-2\/DSC05440.jpg'><img src=http:\/\/ski.inmontanis.info\/d\/199164-3\/DSC05440.jpg \/><\/a><br \/>\n^ Gipfel, man sieht Skilift und H\u00e4nge &#8211; aber das ist leider nur das Milit\u00e4rgebiet<\/p>\n<p><a href='http:\/\/ski.inmontanis.info\/d\/199169-2\/DSC05454.jpg'><img src=http:\/\/ski.inmontanis.info\/d\/199168-3\/DSC05454.jpg \/><\/a><br \/>\n^ Bergbau<\/p>\n<p><a href='http:\/\/ski.inmontanis.info\/d\/199173-2\/DSC05456.jpg'><img src=http:\/\/ski.inmontanis.info\/d\/199172-3\/DSC05456.jpg \/><\/a><br \/>\n^ Das \u00f6ffentliche Skigebiet, wohl wg. Schneemangel geschlossen. Der rechte SL ist wohl stillgelegt.<\/p>\n<p><a href='http:\/\/ski.inmontanis.info\/d\/199177-2\/DSC05459.jpg'><img src=http:\/\/ski.inmontanis.info\/d\/199176-3\/DSC05459.jpg \/><\/a><br \/>\n^ Das Hauptskigebiet zum Gipfel ist leider abgesperrte Miltit\u00e4rzone, somit auch kein Aufstieg m\u00f6glich :-(<\/p>\n<p><a href='http:\/\/ski.inmontanis.info\/d\/199181-2\/DSC05462.jpg'><img src=http:\/\/ski.inmontanis.info\/d\/199180-3\/DSC05462.jpg \/><\/a><br \/>\n^ Schaut so aus, als ob da nur das bissl Neuschnee am SL liegt &#8211; da lohnt sich kein Aufstieg, zu steingef\u00e4hrdet.<\/p>\n<p>Also wieder kein Skitag, 2. in Folge, 3. in diesem Urlaub. Weiter nach Bolu (allerdings nicht \u00fcber die Autobahn, sondern die normale 2&#215;2-spurige D-Stra\u00dfe, die in der Karte als &#8220;landschaftlich sch\u00f6n&#8221; eingetragen ist), wo ich heute ein Hotel reserviert hatte bzw. noch kurz nach Kartalkaya raufschaue wollen, wo ich morgen h\u00e4tte skifahren wollen. 2 km unterhalb der Talstation war die Stra\u00dfe dann schneematschbedeckt und entweder Kettenverk\u00e4ufer und\/oder Offizielle meinten was von wegen Ketten anlegen und so. Bin dann umgekehrt, weil ich keine Lust darauf hatte und auch morgen drauf keine Lust haben werde.<\/p>\n<p><a href='http:\/\/extra.inmontanis.info\/d\/28445-2\/DSC05446.jpg'><img src=http:\/\/extra.inmontanis.info\/d\/28444-3\/DSC05446.jpg \/><\/a><br \/>\n^ Blick hinunter nach Ankara oder evtl. Vororte<\/p>\n<p><a href='http:\/\/extra.inmontanis.info\/d\/28449-2\/DSC05471.jpg'><img src=http:\/\/extra.inmontanis.info\/d\/28448-3\/DSC05471.jpg \/><\/a><br \/>\n^ O20 \/ Ring-Autobahn Ankara, gut ausgebaut und leer<\/p>\n<p><a href='http:\/\/extra.inmontanis.info\/d\/28453-2\/DSC05473.jpg'><img src=http:\/\/extra.inmontanis.info\/d\/28452-3\/DSC05473.jpg \/><\/a><br \/>\n^ O20 \/ Ankara<\/p>\n<p><a href='http:\/\/extra.inmontanis.info\/d\/28457-2\/DSC05474.jpg'><img src=http:\/\/extra.inmontanis.info\/d\/28456-3\/DSC05474.jpg \/><\/a><br \/>\n^ O20 \/ Ring-Autobahn Ankara, gut ausgebaut und leer<\/p>\n<p><a href='http:\/\/extra.inmontanis.info\/d\/28461-2\/DSC05484.jpg'><img src=http:\/\/extra.inmontanis.info\/d\/28460-3\/DSC05484.jpg \/><\/a><br \/>\n^ Ankara, sehr h\u00fcgelig. Hinten der Gebirgszug mit den beiden kleinen Skigebieten<\/p>\n<p><a href='http:\/\/extra.inmontanis.info\/d\/28465-2\/DSC05495.jpg'><img src=http:\/\/extra.inmontanis.info\/d\/28464-3\/DSC05495.jpg \/><\/a><br \/>\n^ D750 Ankara-Kizilcahamam<\/p>\n<p><a href='http:\/\/extra.inmontanis.info\/d\/28469-2\/DSC05511.jpg'><img src=http:\/\/extra.inmontanis.info\/d\/28468-3\/DSC05511.jpg \/><\/a><br \/>\n^ D750 Kizilcahamam-Gerede<\/p>\n<p><a href='http:\/\/extra.inmontanis.info\/d\/28473-2\/DSC05520.jpg'><img src=http:\/\/extra.inmontanis.info\/d\/28472-3\/DSC05520.jpg \/><\/a><br \/>\n^ D750 Kizilcahamam-Gerede<\/p>\n<p><a href='http:\/\/extra.inmontanis.info\/d\/28477-2\/DSC05525.jpg'><img src=http:\/\/extra.inmontanis.info\/d\/28476-3\/DSC05525.jpg \/><\/a><br \/>\n^ D750 Kizilcahamam-Gerede<\/p>\n<p><a href='http:\/\/extra.inmontanis.info\/d\/28481-2\/DSC05530.jpg'><img src=http:\/\/extra.inmontanis.info\/d\/28480-3\/DSC05530.jpg \/><\/a><br \/>\n^ Gerede-Kartalkaya, Stra\u00dfe war leider schlechter und hatte sp\u00e4ter viele Schlagl\u00f6cher.<\/p>\n<p><a href='http:\/\/extra.inmontanis.info\/d\/28485-2\/DSC05537.jpg'><img src=http:\/\/extra.inmontanis.info\/d\/28484-3\/DSC05537.jpg \/><\/a><br \/>\n^ Gerede-Kartalkaya. Der Haufen hier dient vmtl. als Bremsberg f\u00fcr LKWs, da dort weiter oben eine steile Bergstra\u00dfe von einem Irgendwas-Abbau ist, man muss also rechts vorbei<\/p>\n<p><a href='http:\/\/extra.inmontanis.info\/d\/28489-2\/DSC05547.jpg'><img src=http:\/\/extra.inmontanis.info\/d\/28488-3\/DSC05547.jpg \/><\/a><br \/>\n^ Auffahrt Kartalkaya<\/p>\n<p><a href='http:\/\/extra.inmontanis.info\/d\/28493-2\/DSC05554.jpg'><img src=http:\/\/extra.inmontanis.info\/d\/28492-3\/DSC05554.jpg \/><\/a><br \/>\n^ Kartalkaya-Bolu. Keine Ahnung, was da hinten gl\u00e4nzt, aber zum schwarzen Meer sollte man lt. GE von hier aus nicht sehen k\u00f6nnen..<\/p>\n<p><a href='http:\/\/extra.inmontanis.info\/d\/28497-2\/DSC05559.jpg'><img src=http:\/\/extra.inmontanis.info\/d\/28496-3\/DSC05559.jpg \/><\/a><br \/>\n^ D100 \/ Bolu<\/p>\n<p>2 Nicht-Skitage hintereinander, die weite Fahrerei f\u00fcr nix &#8211; all das kostet Kraft und macht einen lustlos und m\u00fcde. So m\u00fc\u00fc\u00fc\u00fcde. Und das Gef\u00fchl, so viel verpasst zu haben, weil so durch die Gegend gehetzt und auch nachts nicht viel gesehen und so&#8230;<\/p>\n<p><a href='http:\/\/extra.inmontanis.info\/d\/28501-2\/DSC05561.jpg'><img src=http:\/\/extra.inmontanis.info\/d\/28500-3\/DSC05561.jpg \/><\/a><br \/>\n^ Heutiges Hotelzimmer in Bolu, mit Fu\u00dfbodenheizung im Bad. Abendessen war leider nicht so spannend, und das Fr\u00fchst\u00fccksbufft am n\u00e4chsten Morgen auch eher klein und nicht ganz so nach meinem Geschmack. Pech.<\/p>\n<p>Abends machte ich dann wieder neue Planungen &#8211; wie weiter? Nochmal ein Skitag in der T\u00fcrkei? Oder morgen gleich nochmal aufs Skifahren verzichten und daf\u00fcr Sonntag in Griechenland skifahren? Oder Bansko? Und danach, die letzten Tage? Evtl. doch noch nach Rum\u00e4nien? Generell nahm ich mir jedenfalls vor, nur unkompliziert erreichbare Skigebiete anzufahren (z.B. Zubringer aus dem Tal!), die mit hoher Wahrscheinlichkeit offen haben w\u00fcrden&#8230;.<\/p>\n<p>Nachdem ich noch die Schneeberichte und Wettervorhersagen f\u00fcr die m\u00f6glichen Zielgebiete der n\u00e4chsten Tage angeschaut hatte, steigerte sich meine Laune allerdings wieder! <\/p>\n<p>(Fortsetzung folgt.)<\/p>\n","protected":false},"excerpt":{"rendered":"<p>Fr, 13.3.2015 &#8211; Tag 14, Erciyes\/Kayseri &#8211; Elmadag\/Ankara, km ca. 8.885 (\u2206 ca. 625 km)<\/p>\n<p>Freude beim morgendlichen Blick aus dem Fenster: es ist recht sonnig. Gefr\u00fchst\u00fcckt (wie \u00fcblich gro\u00dfes Fr\u00fchst\u00fccksbuffet), um 8:30 Uhr die Website vom Skigebiet Erciyes gecheckt &#8211; alles zu! W\u00e4h? Egal, raufgefahren. Kurz vor den Talstationen, als ich schon sah, dass <a href=\"http:\/\/blog.inmontanis.info\/?p=3163\">[&#8230;]<\/a><\/p>\n","protected":false},"author":1,"featured_media":0,"comment_status":"closed","ping_status":"closed","sticky":false,"template":"","format":"standard","meta":{"footnotes":""},"categories":[141,812,144],"tags":[47],"class_list":["post-3163","post","type-post","status-publish","format-standard","hentry","category-2015-03-balkan-turkei-kaukasus","category-erciyes","category-turkei","tag-sl","odd"],"_links":{"self":[{"href":"http:\/\/blog.inmontanis.info\/index.php?rest_route=\/wp\/v2\/posts\/3163","targetHints":{"allow":["GET"]}}],"collection":[{"href":"http:\/\/blog.inmontanis.info\/index.php?rest_route=\/wp\/v2\/posts"}],"about":[{"href":"http:\/\/blog.inmontanis.info\/index.php?rest_route=\/wp\/v2\/types\/post"}],"author":[{"embeddable":true,"href":"http:\/\/blog.inmontanis.info\/index.php?rest_route=\/wp\/v2\/users\/1"}],"replies":[{"embeddable":true,"href":"http:\/\/blog.inmontanis.info\/index.php?rest_route=%2Fwp%2Fv2%2Fcomments&post=3163"}],"version-history":[{"count":3,"href":"http:\/\/blog.inmontanis.info\/index.php?rest_route=\/wp\/v2\/posts\/3163\/revisions"}],"predecessor-version":[{"id":9177,"href":"http:\/\/blog.inmontanis.info\/index.php?rest_route=\/wp\/v2\/posts\/3163\/revisions\/9177"}],"wp:attachment":[{"href":"http:\/\/blog.inmontanis.info\/index.php?rest_route=%2Fwp%2Fv2%2Fmedia&parent=3163"}],"wp:term":[{"taxonomy":"category","embeddable":true,"href":"http:\/\/blog.inmontanis.info\/index.php?rest_route=%2Fwp%2Fv2%2Fcategories&post=3163"},{"taxonomy":"post_tag","embeddable":true,"href":"http:\/\/blog.inmontanis.info\/index.php?rest_route=%2Fwp%2Fv2%2Ftags&post=3163"}],"curies":[{"name":"wp","href":"https:\/\/api.w.org\/{rel}","templated":true}]}}