{"id":3154,"date":"2015-03-11T23:49:07","date_gmt":"2015-03-11T22:49:07","guid":{"rendered":"http:\/\/blog.inmontanis.info\/?p=3154"},"modified":"2023-08-05T16:27:35","modified_gmt":"2023-08-05T14:27:35","slug":"palandokenkonakli-11-3-2015","status":"publish","type":"post","link":"http:\/\/blog.inmontanis.info\/?p=3154","title":{"rendered":"Paland\u00f6ken+Konakli, 11.3.2015"},"content":{"rendered":"<p><strong>Mi, 11.3.2015 &#8211; Tag 12, Paland\u00f6ken + Konakli, km 7.707 (\u2206 252 km)<\/strong><\/p>\n<p>Der Tag begann wieder einmal mit einem riesigen Fr\u00fchst\u00fccksbuffet. Das einzige, was wir leider h\u00e4ufig bei den riesigen t\u00fcrkischen Fr\u00fchst\u00fccksbuffets vermissten (wei\u00df aber nicht, ob das auch heute hier so war!), war eine vern\u00fcnftige Auswahl an Hei\u00dfgetr\u00e4nken. Kakao gab&#8217;s so gut wie nie und Kaffee h\u00e4ufig nur in der Instant-Pulver-Version, teilweise sogar auch nur mit Instant-Milchpulver.<\/p>\n<p><a href='http:\/\/extra.inmontanis.info\/d\/28161-2\/IMG_1180.jpg'><img src=http:\/\/extra.inmontanis.info\/d\/28160-3\/IMG_1180.jpg \/><\/a><br \/>\n^ Ein Teil des riesigen Fr\u00fchst\u00fccksbuffets, wie so h\u00e4ufig in der T\u00fcrkei<\/p>\n<p>Am Hotel hatten wir &#8211; soweit ich mich erinnere &#8211; aber nichts auszusetzen, beim Check-Out trafen wir &#8211; ich glaube &#8211; den Chef, der gut Deutsch sprach und uns etwas aufkl\u00e4rte. Skip\u00e4sse (Strichcode-Karten) konnten direkt im Hotel gekauft werden, seien aber nur am \u00f6ffentlichen Skigebiet (also das Hauptskigebiet in Paland\u00f6ken, und wie ich dann am Skipass las, auch in Konakli) g\u00fcltig, nicht auf den Liften des benachbarten Hotels.<\/p>\n<p>Skim\u00e4\u00dfig war der heutige Tag leider eine Entt\u00e4uschung. Sowohl Paland\u00f6ken, wie auch das in der N\u00e4he befindliche Konakli, f\u00fcr das wir jeweils einen ganzen Tag eingeplant hatten, konnten mit unseren Erwartungen nicht Schritt halten &#8211; es lag zu wenig Schnee, viele Lifte (insb. die Gipfellifte) waren geschlossen. Da half es auch nicht viel, dass die pr\u00e4parierten Abfahrten in sehr gutem Zustand waren.<\/p>\n<p>Negativ ebenfalls die &#8220;Zauneritis&#8221;, nicht nur an den Pistenr\u00e4ndern, sondern auch bei den gesperrten Abfahrten. Und man wird laufend von den Liftlern genervt, den Rucksack runter zu tun. Da ich das sowieso immer mach (aber erst nach der Zutrittsschranke), nervt mich das Hingeweise (wie auch h\u00e4ufig in Frankreich) extremst. Tageskarte kostete \u00fcbrigens 35,- TL (also ca. 12,20 \u20ac) und gilt wie gesagt in Paland\u00f6ken und Konakli, aber nicht in den 1-2 Hotelskigebieten unterhalb von Paland\u00f6ken, die w\u00e4ren extra.<\/p>\n<p>(Fotos anklicken zum Vergr\u00f6\u00dfern)<\/p>\n<p><a href='http:\/\/extra.inmontanis.info\/d\/26457-3\/ge201503BTKges5.jpg'><img src=http:\/\/extra.inmontanis.info\/d\/26456-4\/ge201503BTKges5.jpg \/><\/a><br \/>\nN) Paland\u00f6ken<br \/>\nO) Konakli<br \/>\n-> und Fahrt nach Erzincan (P)<\/p>\n<p><a href='http:\/\/ski.inmontanis.info\/d\/198723-2\/DSC04912.jpg'><img src=http:\/\/ski.inmontanis.info\/d\/198722-3\/DSC04912.jpg \/><\/a><br \/>\n^ Pistenplan Paland\u00f6ken und Konakli<\/p>\n<p><a href='http:\/\/ski.inmontanis.info\/d\/198761-2\/DSC04820.jpg'><img src=http:\/\/ski.inmontanis.info\/d\/198759-3\/DSC04820.jpg \/><\/a><br \/>\n^ 4KSB A, links die 4EUB, die heute nicht in Betrieb war<\/p>\n<p><a href='http:\/\/ski.inmontanis.info\/d\/198765-2\/DSC04825.jpg'><img src=http:\/\/ski.inmontanis.info\/d\/198764-3\/DSC04825.jpg \/><\/a><br \/>\n^ Blick zur DSB (?) Vadi, heute nicht in Betrieb, dahinter die Au\u00dfenrumabfahrt<\/p>\n<p><a href='http:\/\/ski.inmontanis.info\/d\/198769-2\/DSC04827.jpg'><img src=http:\/\/ski.inmontanis.info\/d\/198768-3\/DSC04827.jpg \/><\/a><br \/>\n^ 4KSB A und 4KSB B<\/p>\n<p><a href='http:\/\/ski.inmontanis.info\/d\/198773-2\/DSC04828.jpg'><img src=http:\/\/ski.inmontanis.info\/d\/198772-3\/DSC04828.jpg \/><\/a><br \/>\n^ 4KSB B und Mittelstation 4EUB<\/p>\n<p><a href='http:\/\/ski.inmontanis.info\/d\/198777-2\/DSC04830.jpg'><img src=http:\/\/ski.inmontanis.info\/d\/198776-3\/DSC04830.jpg \/><\/a><br \/>\n^ 4KSB B &#8212; man sieht es wohl, dass in der T\u00fcrkei, wie schon mehrmals  gesagt, so wie es riecht, meist mit Kohle geheizt wird&#8230;<\/p>\n<p><a href='http:\/\/ski.inmontanis.info\/d\/198781-2\/DSC04862.jpg'><img src=http:\/\/ski.inmontanis.info\/d\/198780-3\/DSC04862.jpg \/><\/a><br \/>\n^ 4KSB C und Gipfel-DSB, mangels Sessel vmtl. die ganze Saison nicht in Betrieb<\/p>\n<p><a href='http:\/\/ski.inmontanis.info\/d\/198785-2\/DSC04836.jpg'><img src=http:\/\/ski.inmontanis.info\/d\/198784-3\/DSC04836.jpg \/><\/a><br \/>\n^ 4KSB C<\/p>\n<p><a href='http:\/\/ski.inmontanis.info\/d\/198789-2\/DSC04842.jpg'><img src=http:\/\/ski.inmontanis.info\/d\/198788-3\/DSC04842.jpg \/><\/a><br \/>\n^ 4KSB C, die offpisteh\u00e4nge rechts waren zwar gut eingefahren, aber &#8230;<\/p>\n<p><a href='http:\/\/ski.inmontanis.info\/d\/198793-2\/DSC04865.jpg'><img src=http:\/\/ski.inmontanis.info\/d\/198792-3\/DSC04865.jpg \/><\/a><br \/>\n^ .. aber von oben mal definitiv gut abgesperrt. Schade.<\/p>\n<p><a href='http:\/\/ski.inmontanis.info\/d\/198797-2\/DSC04846.jpg'><img src=http:\/\/ski.inmontanis.info\/d\/198796-3\/DSC04846.jpg \/><\/a><br \/>\n^ 4EUB<\/p>\n<p><a href='http:\/\/ski.inmontanis.info\/d\/198801-2\/DSC04848.jpg'><img src=http:\/\/ski.inmontanis.info\/d\/198800-3\/DSC04848.jpg \/><\/a><br \/>\n^ 4EUB (Girak) vs. Erzurum<\/p>\n<p><a href='http:\/\/ski.inmontanis.info\/d\/198805-2\/DSC04853.jpg'><img src=http:\/\/ski.inmontanis.info\/d\/198804-3\/DSC04853.jpg \/><\/a><br \/>\n^ Von der Bergstation 4KSB C muss man quasi um dem Berg rumschieben<\/p>\n<p><a href='http:\/\/ski.inmontanis.info\/d\/198809-2\/DSC04854.jpg'><img src=http:\/\/ski.inmontanis.info\/d\/198808-3\/DSC04854.jpg \/><\/a><br \/>\n^ DSB South, wohl ebenfalls nicht mehr in Betrieb<\/p>\n<p><a href='http:\/\/ski.inmontanis.info\/d\/198813-2\/DSC04856.jpg'><img src=http:\/\/ski.inmontanis.info\/d\/198812-3\/DSC04856.jpg \/><\/a><br \/>\n^ DSB South<\/p>\n<p><a href='http:\/\/ski.inmontanis.info\/d\/198817-2\/DSC04858.jpg'><img src=http:\/\/ski.inmontanis.info\/d\/198816-3\/DSC04858.jpg \/><\/a><br \/>\n^ Links Bergstation DSB South, rechts Bergstation 4EUB, Mittig eine ehemalige Sessellift-Station<\/p>\n<p><a href='http:\/\/ski.inmontanis.info\/d\/198821-2\/DSC04866.jpg'><img src=http:\/\/ski.inmontanis.info\/d\/198820-3\/DSC04866.jpg \/><\/a><br \/>\n^ Nette Abfahrt an der 4KSB C<\/p>\n<p><a href='http:\/\/ski.inmontanis.info\/d\/198825-2\/DSC04867.jpg'><img src=http:\/\/ski.inmontanis.info\/d\/198824-3\/DSC04867.jpg \/><\/a><br \/>\n^ Nette Abfahrt an der 4KSB C mit Gipfel-DSB<\/p>\n<p><a href='http:\/\/ski.inmontanis.info\/d\/198829-2\/DSC04861.jpg'><img src=http:\/\/ski.inmontanis.info\/d\/198828-3\/DSC04861.jpg \/><\/a><br \/>\n^ Nette Abfahrt an der 4KSB C mit Gipfel-DSB<\/p>\n<p><a href='http:\/\/ski.inmontanis.info\/d\/198833-2\/DSC04871.jpg'><img src=http:\/\/ski.inmontanis.info\/d\/198832-3\/DSC04871.jpg \/><\/a><br \/>\n^ Von der 4KSB C gelang man auch noch zur Au\u00dfenrumabfahrt, die jedoch nur ein Skiweg ist &#8211; mit Ausnahme eines Hangs, der extra noch von einem (geschlossenen) SL erschlossen w\u00e4re.<\/p>\n<p><a href='http:\/\/ski.inmontanis.info\/d\/198837-2\/DSC04873.jpg'><img src=http:\/\/ski.inmontanis.info\/d\/198836-3\/DSC04873.jpg \/><\/a><br \/>\n^ Besagter SL an der Au\u00dfenrumabfahrt<\/p>\n<p><a href='http:\/\/ski.inmontanis.info\/d\/198841-2\/DSC04878.jpg'><img src=http:\/\/ski.inmontanis.info\/d\/198840-3\/DSC04878.jpg \/><\/a><br \/>\n^ DSB South, etliche Sessel h\u00e4ngen nicht am Seil &#8211; vmtl. also generell geschlossen?<\/p>\n<p><a href='http:\/\/ski.inmontanis.info\/d\/198845-2\/DSC04886.jpg'><img src=http:\/\/ski.inmontanis.info\/d\/198844-3\/DSC04886.jpg \/><\/a><br \/>\n^ Interessanterweise hat die DSB South Schilder mit der Aufschrift &#8220;HSP Alpinservice&#8221; &#8211; ein kleiner tiroler Liftaufsteller, dessen Schilder ich haupts\u00e4chlich (oder gar ausschlie\u00dflich?) vom Skigebiet Mieders kenne.<\/p>\n<p><a href='http:\/\/ski.inmontanis.info\/d\/198849-2\/DSC04880.jpg'><img src=http:\/\/ski.inmontanis.info\/d\/198848-3\/DSC04880.jpg \/><\/a><br \/>\n^ T\u00fcrkei-Fahnen sind in den t\u00fcrkischen Skigebieten relativ selten zu sehen. Da ich meine Carpani-Ski aber unbedingt noch mit der t\u00fcrkischen Flagge fotografieren wollte, kam mir das gro\u00dfe Skiclub-Logo gerade recht :-)<\/p>\n<p><a href='http:\/\/ski.inmontanis.info\/d\/198853-2\/DSC04881.jpg'><img src=http:\/\/ski.inmontanis.info\/d\/198852-3\/DSC04881.jpg \/><\/a><br \/>\n^ An der Talstation (rechts: 4EUB) befindet sich nur ein minimaler Parkplatz entlang der Stra\u00dfe; an den beiden oberen Sektionen gibt es evtl. auch noch kleinere Parkpl\u00e4tze.<\/p>\n<p><a href='http:\/\/ski.inmontanis.info\/d\/198857-2\/DSC04882.jpg'><img src=http:\/\/ski.inmontanis.info\/d\/198856-3\/DSC04882.jpg \/><\/a><br \/>\n^ DSB South Bergstation<\/p>\n<p><a href='http:\/\/ski.inmontanis.info\/d\/198861-2\/DSC04885.jpg'><img src=http:\/\/ski.inmontanis.info\/d\/198860-3\/DSC04885.jpg \/><\/a><br \/>\n^ Tolle H\u00e4nge an der DSB South (geschlossene Abfahrt), links sch\u00f6n firnig.<\/p>\n<p><a href='http:\/\/ski.inmontanis.info\/d\/198865-2\/ge20150311a.jpg'><img src=http:\/\/ski.inmontanis.info\/d\/198864-3\/ge20150311a.jpg \/><\/a><br \/>\n^ GPS-Track Paland\u00f6ken; rot die Gipfel-DSB, blau die anderen heute (oder evtl. auch generell?) geschlossenen Lifte; Gelb die privaten Lifte einer oder mehrerer Hotels, die nicht im Skipass inkludiert sind.<\/p>\n<p>Da wir gegen Mittag von Paland\u00f6ken nicht \u00fcberzeugt waren, fuhren wir nach Konakli, nur um dort sehen zu m\u00fcssen, dass hier noch weniger Schnee liegt. Ich bin 3x die steilere KSB gefahren, Privatskigebiet, Pisten quasi jungfr\u00e4ulich, Trinc trank einen Caf\u00e9.<\/p>\n<p><a href='http:\/\/extra.inmontanis.info\/d\/28165-2\/DSC04889.jpg'><img src=http:\/\/extra.inmontanis.info\/d\/28164-3\/DSC04889.jpg \/><\/a><br \/>\n^ D950<\/p>\n<p><a href='http:\/\/extra.inmontanis.info\/d\/28169-2\/DSC04891.jpg'><img src=http:\/\/extra.inmontanis.info\/d\/28168-3\/DSC04891.jpg \/><\/a><br \/>\n^ D950, erinnert &#8211; abgesehen von der breiten Stra\u00dfe &#8211; mal wieder an Nordskandinavien :)<\/p>\n<p><a href='http:\/\/extra.inmontanis.info\/d\/26329-3\/DSC04894.jpg'><img src=http:\/\/extra.inmontanis.info\/d\/26328-4\/DSC04894.jpg \/><\/a><br \/>\n^ Optimal ausgebaute Zufahrtsstra\u00dfe ins Skigebiet Konakli<\/p>\n<p><a href='http:\/\/ski.inmontanis.info\/d\/198715-2\/DSC04898.jpg'><img src=http:\/\/ski.inmontanis.info\/d\/198713-3\/DSC04898.jpg \/><\/a><br \/>\n^ Blick ins Skigebiet Konakli<\/p>\n<p><a href='http:\/\/ski.inmontanis.info\/d\/198719-2\/DSC04899.jpg'><img src=http:\/\/ski.inmontanis.info\/d\/198718-3\/DSC04899.jpg \/><\/a><br \/>\n^ Rechte 4KSB B, nicht in Betrieb<\/p>\n<p><a href='http:\/\/ski.inmontanis.info\/d\/198727-2\/DSC04900.jpg'><img src=http:\/\/ski.inmontanis.info\/d\/198726-3\/DSC04900.jpg \/><\/a><br \/>\n^ 4KSB A (links, nicht in Betrieb, bzw. sie lief, aber Abfahrt abgesperrt), rechts 4KSB D<\/p>\n<p><a href='http:\/\/ski.inmontanis.info\/d\/198731-2\/DSC04904.jpg'><img src=http:\/\/ski.inmontanis.info\/d\/198730-3\/DSC04904.jpg \/><\/a><br \/>\n^ 4KSB D, rechts die Abfahrt geht zur Talstation 4KSB A und war folglich leider gesperrt<\/p>\n<p><a href='http:\/\/ski.inmontanis.info\/d\/198735-2\/DSC04907.jpg'><img src=http:\/\/ski.inmontanis.info\/d\/198734-3\/DSC04907.jpg \/><\/a><br \/>\n^ Schwarze Abfahrt an der 4KSB D<\/p>\n<p><a href='http:\/\/ski.inmontanis.info\/d\/198739-2\/DSC04908.jpg'><img src=http:\/\/ski.inmontanis.info\/d\/198738-3\/DSC04908.jpg \/><\/a><br \/>\n^ 4KSB D<\/p>\n<p><a href='http:\/\/ski.inmontanis.info\/d\/198743-2\/DSC04910.jpg'><img src=http:\/\/ski.inmontanis.info\/d\/198742-3\/DSC04910.jpg \/><\/a><br \/>\n^ Talblick<\/p>\n<p><a href='http:\/\/ski.inmontanis.info\/d\/198747-2\/DSC04913.jpg'><img src=http:\/\/ski.inmontanis.info\/d\/198746-3\/DSC04913.jpg \/><\/a><br \/>\n^ An den Gipfel-SBs g\u00e4be es sogar eine beschneite Abfahrt &#8211; aber es wurde nichts beschneit, und die Gipfel-SBs waren zu.<\/p>\n<p><a href='http:\/\/ski.inmontanis.info\/d\/198751-2\/DSC04914.jpg'><img src=http:\/\/ski.inmontanis.info\/d\/198750-3\/DSC04914.jpg \/><\/a><br \/>\n^ Lifte G und C (letzterer lief teilweise)<\/p>\n<p><a href='http:\/\/ski.inmontanis.info\/d\/198755-2\/ge20150311d.jpg'><img src=http:\/\/ski.inmontanis.info\/d\/198754-3\/ge20150311d.jpg \/><\/a><br \/>\n^ GPS-Track Konakli, blau die bei meinem Besuch nicht ge\u00f6ffneten Bahnen<\/p>\n<p>Das war also auch nichts, also wollten wir uns noch das kleine Hotel-Gebiet unterhalb von Paland\u00f6ken anschauen, das vom Hotelfenster heute morgen recht nett aussah. Aber dann pl\u00f6tzlich von unten: Modelliert, viele rote Z\u00e4une, dazu h\u00e4tten wir ja noch den Skipass zahlen  m\u00fcssen &#8211; och n\u00f6, keine Lust, dann fahren wir lieber nochmal rauf zu den Liften von heute morgen, da haben wir wenigstens unsere P\u00e4sse noch. <\/p>\n<p>&#8230; ich zumindest, denn Trinc hatte seinen verloren. Aber das merkte er erst nachdem uns ein vorbeigehender seine Karte gratis angeboten hatte und wir dankend ablehnten ;) Naja, bin ich halt nochmal allein bis ganz raufgefahren und zur ehemaligen DSB aufgestiegen, das war nochmal eine sch\u00f6ne Erg\u00e4nzung &#8211; ansonsten machte es vom bedeckten Wetter und dem Sturm aber nicht mehr viel Spa\u00df.<\/p>\n<p><a href='http:\/\/ski.inmontanis.info\/d\/198869-2\/DSC04919.jpg'><img src=http:\/\/ski.inmontanis.info\/d\/198868-3\/DSC04919.jpg \/><\/a><br \/>\n^ Erzurum vs. Paland\u00f6ken-Gipfel<\/p>\n<p><a href='http:\/\/ski.inmontanis.info\/d\/198873-2\/DSC04921.jpg'><img src=http:\/\/ski.inmontanis.info\/d\/198872-3\/DSC04921.jpg \/><\/a><br \/>\n^ Skisprunganlagen (z.T. noch in Bau)<\/p>\n<p><a href='http:\/\/ski.inmontanis.info\/d\/198877-2\/DSC04924.jpg'><img src=http:\/\/ski.inmontanis.info\/d\/198876-3\/DSC04924.jpg \/><\/a><br \/>\n^ Erzurum<\/p>\n<p><a href='http:\/\/ski.inmontanis.info\/d\/198881-2\/DSC04927.jpg'><img src=http:\/\/ski.inmontanis.info\/d\/198880-3\/DSC04927.jpg \/><\/a><br \/>\n^ Hotelgebiet<\/p>\n<p><a href='http:\/\/ski.inmontanis.info\/d\/198885-2\/DSC04928.jpg'><img src=http:\/\/ski.inmontanis.info\/d\/198884-3\/DSC04928.jpg \/><\/a><br \/>\n^ Hotelgebiet, nicht im Skipass inkludiert, keine Ahnung, ob es f\u00fcr die Lifte hier einen gemeinsamen Pass gibt (oder ob links  + rechts getrennt sind)  &#8211; jedenfalls hatte ich bei den vielen Z\u00e4unen keine Lust, daf\u00fcr Geld auszugeben.<\/p>\n<p><a href='http:\/\/ski.inmontanis.info\/d\/198889-2\/DSC04932.jpg'><img src=http:\/\/ski.inmontanis.info\/d\/198888-3\/DSC04932.jpg \/><\/a><br \/>\n^ Ex-St\u00fctze; rechs das F\u00f6rderband bringt einem von der Stra\u00dfe hinauf zur 4KSB<\/p>\n<p><a href='http:\/\/ski.inmontanis.info\/d\/198893-2\/DSC04933.jpg'><img src=http:\/\/ski.inmontanis.info\/d\/198892-3\/DSC04933.jpg \/><\/a><br \/>\n^ Ex-SB<\/p>\n<p><a href='http:\/\/ski.inmontanis.info\/d\/198897-2\/DSC04935.jpg'><img src=http:\/\/ski.inmontanis.info\/d\/198896-3\/DSC04935.jpg \/><\/a><br \/>\n^ Blick hinunter nach Erzurum, hat um die 300-400.000 Einwohner<\/p>\n<p><a href='http:\/\/ski.inmontanis.info\/d\/198901-2\/DSC04939.jpg'><img src=http:\/\/ski.inmontanis.info\/d\/198900-3\/DSC04939.jpg \/><\/a><br \/>\n^ Bergstation 4KSB C<\/p>\n<p><a href='http:\/\/ski.inmontanis.info\/d\/198905-2\/DSC04941.jpg'><img src=http:\/\/ski.inmontanis.info\/d\/198904-3\/DSC04941.jpg \/><\/a><br \/>\n^ Gipfel-Pano<\/p>\n<p><a href='http:\/\/ski.inmontanis.info\/d\/198909-2\/DSC04944.jpg'><img src=http:\/\/ski.inmontanis.info\/d\/198908-3\/DSC04944.jpg \/><\/a><br \/>\n^ Bergstation Ex-SB<\/p>\n<p><a href='http:\/\/ski.inmontanis.info\/d\/198913-2\/DSC04946.jpg'><img src=http:\/\/ski.inmontanis.info\/d\/198912-3\/DSC04946.jpg \/><\/a><br \/>\n^ Talpano mit Erzurum, 4 KSB C und 4EUB<\/p>\n<p><a href='http:\/\/ski.inmontanis.info\/d\/198917-2\/DSC04952.jpg'><img src=http:\/\/ski.inmontanis.info\/d\/198916-3\/DSC04952.jpg \/><\/a><br \/>\n^ Bergstation Ex-SB<\/p>\n<p><a href='http:\/\/ski.inmontanis.info\/d\/198921-2\/DSC04958.jpg'><img src=http:\/\/ski.inmontanis.info\/d\/198920-3\/DSC04958.jpg \/><\/a><br \/>\n^ Bergstation Ex-SB. Das t\u00fcrkische Wort f\u00fcr Sessellift (Telesiyej) ist ident zum Franz\u00f6sischen (Telesiege)<\/p>\n<p><a href='http:\/\/ski.inmontanis.info\/d\/198925-2\/DSC04964.jpg'><img src=http:\/\/ski.inmontanis.info\/d\/198924-3\/DSC04964.jpg \/><\/a><br \/>\n^ Blick zur leider geschlossenen Gipfel-DSB. Rechts unten DSB South<\/p>\n<p><a href='http:\/\/ski.inmontanis.info\/d\/198929-2\/DSC04965.jpg'><img src=http:\/\/ski.inmontanis.info\/d\/198928-3\/DSC04965.jpg \/><\/a><br \/>\n^ 4KSB A, bin auf der geschlossenen Abfahrt<\/p>\n<p><a href='http:\/\/ski.inmontanis.info\/d\/198933-2\/ge20150311c.jpg'><img src=http:\/\/ski.inmontanis.info\/d\/198932-3\/ge20150311c.jpg \/><\/a><br \/>\n^ Erzurum, Skigebiet Paland\u00f6ken (links) und Skigebiet Konakli (rechts). Keine Ahnung, ob man die mal verbinden will.<\/p>\n<p>Fazit: Die Wahrscheinlichkeit meinerseits f\u00fcr einen Wiederholungsbesuch in Paland\u00f6ken und Konakli ist &#8211; zumindest in n\u00e4chster Zeit &#8211; eher gering.<\/p>\n<p>Zur\u00fcck am Auto sprachen uns pl\u00f6tzlich zwei Tschechen aus Prag an, dass wir wohl auch weit von daheim weg w\u00e4ren. Wir erkl\u00e4rten kurz stolz unsere Tour und erfuhren dann, dass die beiden wesentlich extremer unterwegs sind &#8211; sie waren jetzt 3 Wochen unterwegs von Prag bis hier her und wollen insg. eine 7-monatige Tour machen, eher Skitouren als Skigebiete, mit Ziel Nepal, Himalaya! Die beiden sind mit einem Gel\u00e4ndewagen unterwegs und schlafen wohl die meiste Zeit im Auto. Da muss man sich schon gut ausstehen k\u00f6nnen&#8230;<\/p>\n<p>Neben Extrem-Skifahren besuchen die beiden auch kulturelle Dinge und machen auch f\u00fcr das tschechische Fernsehen Aufnahmen. Ihre Website: <a href='http:\/\/www.betonski.cz\/en\/'>http:\/\/www.betonski.cz\/en\/<\/a>  &#8212; die ersten Blog-Beitr\u00e4ge sind schon mal lohnenswert, geizen allerdings etwas mit Fotos. Auch schon wieder kurios, dass man sich zuf\u00e4llig &#8211; und ausgerechnet in diesem Skigebiet &#8211; trifft. <\/p>\n<p>Eigentlich h\u00e4tten wir ja 2 Tage hier bleiben wollen &#8211; nun war es nur 1 &#8211; und wir hatten zum Gl\u00fcck noch kein Hotelzimmer f\u00fcr heute Abend gebucht, das holten wir nachmittags am Hotelparkplatz nach. W\u00e4ren wir mal noch einen Tag in Gudauri geblieben oder h\u00e4tten in Georgien noch die Seilbahnstadt Tschiatura mitgenommen&#8230; <\/p>\n<p>Auf Wunsch von Trinc fuhren wir bereits westlich nach Erzincan (und nicht nach Nordosten zu einem anderen kleinen Skigebiet), wo wir egtl. erst einen Tag sp\u00e4ter h\u00e4tten ankommen wollen. Ob das Skifahren morgen bei dem gemeldeten Wetter sinnvoll sein wird, lassen wir dahingestellt &#8211; wieviel Schnee es hier hat, wissen wir eh nicht. F\u00fcr mich hat der eine Tag fr\u00fcher immerhin den Vorteil, dass ich noch ein paar Skigebiete im Norden\/Westen der T\u00fcrkei mitnehmen kann &#8211; so denn das Wetter mitspielt, denn die Wettervorhersagen bleiben f\u00fcr die n\u00e4chsten Tage eher schlecht.<\/p>\n<p>Kurz vor und in Erzurum wurden wir 2x von der Polizei (Stra\u00dfenkontrolle) angehalten, beim ersten funkionierte wieder unser &#8220;do you speak englisch&#8221; und er winkte uns durch, der zweite konnte ein bissl Englisch und erz\u00e4hlte uns sp\u00e4ter (nach dem Abkl\u00e4ren des woher-wohin-beruflich-usw) noch irgendwas von Waffen, keine Ahnung, ob er wissen wollte, ob wir welche haben oder ob er stolz von irgendwelchen \u00f6sterreichischen oder deutschen Waffenfirmen sprach.<\/p>\n<p><a href='http:\/\/extra.inmontanis.info\/d\/28173-2\/DSC04972.jpg'><img src=http:\/\/extra.inmontanis.info\/d\/28172-3\/DSC04972.jpg \/><\/a><br \/>\n^ D100, Erzurum-Askale<\/p>\n<p><a href='http:\/\/extra.inmontanis.info\/d\/28177-2\/DSC04980.jpg'><img src=http:\/\/extra.inmontanis.info\/d\/28176-3\/DSC04980.jpg \/><\/a><br \/>\n^ D100, Erzurum-Askale<\/p>\n<p><a href='http:\/\/extra.inmontanis.info\/d\/28181-2\/DSC04986.jpg'><img src=http:\/\/extra.inmontanis.info\/d\/28180-3\/DSC04986.jpg \/><\/a><br \/>\n^ Schon lang keine Moschee mehr fotografiert :)<\/p>\n<p><a href='http:\/\/extra.inmontanis.info\/d\/28185-2\/DSC04991.jpg'><img src=http:\/\/extra.inmontanis.info\/d\/28184-3\/DSC04991.jpg \/><\/a><br \/>\n^ D100, Askala-Tercan<\/p>\n<p><a href='http:\/\/extra.inmontanis.info\/d\/28189-2\/DSC04994.jpg'><img src=http:\/\/extra.inmontanis.info\/d\/28188-3\/DSC04994.jpg \/><\/a><br \/>\n^ D100, Askala-Tercan<\/p>\n<p><a href='http:\/\/extra.inmontanis.info\/d\/28193-2\/DSC05009.jpg'><img src=http:\/\/extra.inmontanis.info\/d\/28192-3\/DSC05009.jpg \/><\/a><br \/>\n^ Ein \u00dc kommt in der T\u00fcrkei selten allein &#8230;<\/p>\n<p><a href='http:\/\/extra.inmontanis.info\/d\/28197-2\/DSC05010.jpg'><img src=http:\/\/extra.inmontanis.info\/d\/28196-3\/DSC05010.jpg \/><\/a><br \/>\n^ Ein \u00dc kommt in der T\u00fcrkei selten allein &#8230;<\/p>\n<p>Zwischen 19 und 20 Uhr kamen wir fr\u00fchzeitig im Hotel in Erzincan\uf729 an und hatten endlich mal wieder Zeit, vern\u00fcnftig abends Essen zu gehen &#8211; und das hat sich mehr als gelohnt. Nur Trinc musste auf sein Bier verzichten (vmtl. weil Alkohol in den t\u00fcrkischen Restaurants verp\u00f6hnt ist?).<\/p>\n<p><a href='http:\/\/extra.inmontanis.info\/d\/28201-2\/IMG_1185.jpg'><img src=http:\/\/extra.inmontanis.info\/d\/28200-3\/IMG_1185.jpg \/><\/a><br \/>\n^ Sehr lecker Essen (bis auf die scharfen gr\u00fcnen Dinger, die wie Bohnen aussahen :) )<\/p>\n<p><a href='http:\/\/extra.inmontanis.info\/d\/28205-2\/IMG_1186.jpg'><img src=http:\/\/extra.inmontanis.info\/d\/28204-3\/IMG_1186.jpg \/><\/a><br \/>\n^ Desert, auch sehr lecker<\/p>\n<p><a href='http:\/\/extra.inmontanis.info\/d\/28209-2\/DSC04285.jpg'><img src=http:\/\/extra.inmontanis.info\/d\/28208-3\/DSC04285.jpg \/><\/a><br \/>\n^ T\u00fcrkische Lira, 1 TRY sind ca. 0,35 \u0080; der 5,- Schein ca. 1,75 \u0080.<\/p>\n<p>(Fortsetzung folgt.)<\/p>\n","protected":false},"excerpt":{"rendered":"<p>Mi, 11.3.2015 &#8211; Tag 12, Paland\u00f6ken + Konakli, km 7.707 (\u2206 252 km)<\/p>\n<p>Der Tag begann wieder einmal mit einem riesigen Fr\u00fchst\u00fccksbuffet. Das einzige, was wir leider h\u00e4ufig bei den riesigen t\u00fcrkischen Fr\u00fchst\u00fccksbuffets vermissten (wei\u00df aber nicht, ob das auch heute hier so war!), war eine vern\u00fcnftige Auswahl an Hei\u00dfgetr\u00e4nken. Kakao gab&#8217;s so gut wie <a href=\"http:\/\/blog.inmontanis.info\/?p=3154\">[&#8230;]<\/a><\/p>\n","protected":false},"author":1,"featured_media":0,"comment_status":"closed","ping_status":"closed","sticky":false,"template":"","format":"standard","meta":{"footnotes":""},"categories":[141,807,804,27,144],"tags":[42,49,38,47],"class_list":["post-3154","post","type-post","status-publish","format-standard","hentry","category-2015-03-balkan-turkei-kaukasus","category-konakli","category-palandoken","category-skifahren-winterskiing-winter","category-turkei","tag-4eub","tag-4sb","tag-dsb","tag-sl","odd"],"_links":{"self":[{"href":"http:\/\/blog.inmontanis.info\/index.php?rest_route=\/wp\/v2\/posts\/3154","targetHints":{"allow":["GET"]}}],"collection":[{"href":"http:\/\/blog.inmontanis.info\/index.php?rest_route=\/wp\/v2\/posts"}],"about":[{"href":"http:\/\/blog.inmontanis.info\/index.php?rest_route=\/wp\/v2\/types\/post"}],"author":[{"embeddable":true,"href":"http:\/\/blog.inmontanis.info\/index.php?rest_route=\/wp\/v2\/users\/1"}],"replies":[{"embeddable":true,"href":"http:\/\/blog.inmontanis.info\/index.php?rest_route=%2Fwp%2Fv2%2Fcomments&post=3154"}],"version-history":[{"count":3,"href":"http:\/\/blog.inmontanis.info\/index.php?rest_route=\/wp\/v2\/posts\/3154\/revisions"}],"predecessor-version":[{"id":3157,"href":"http:\/\/blog.inmontanis.info\/index.php?rest_route=\/wp\/v2\/posts\/3154\/revisions\/3157"}],"wp:attachment":[{"href":"http:\/\/blog.inmontanis.info\/index.php?rest_route=%2Fwp%2Fv2%2Fmedia&parent=3154"}],"wp:term":[{"taxonomy":"category","embeddable":true,"href":"http:\/\/blog.inmontanis.info\/index.php?rest_route=%2Fwp%2Fv2%2Fcategories&post=3154"},{"taxonomy":"post_tag","embeddable":true,"href":"http:\/\/blog.inmontanis.info\/index.php?rest_route=%2Fwp%2Fv2%2Ftags&post=3154"}],"curies":[{"name":"wp","href":"https:\/\/api.w.org\/{rel}","templated":true}]}}