{"id":3135,"date":"2015-03-07T23:00:20","date_gmt":"2015-03-07T22:00:20","guid":{"rendered":"http:\/\/blog.inmontanis.info\/?p=3135"},"modified":"2023-08-05T16:28:49","modified_gmt":"2023-08-05T14:28:49","slug":"nemrut-abali-vansee-8-3-2015","status":"publish","type":"post","link":"http:\/\/blog.inmontanis.info\/?p=3135","title":{"rendered":"Nemrut + Abali (Vansee), 7.3.2015"},"content":{"rendered":"<p><strong>Sa, 7.3.2015 &#8211; Tag 8, Nemrut + Abali (Vansee), km 5.820 (\u2206 570 km)<\/strong><\/p>\n<p><em>(Sorry f\u00fcr die vielen Fotos, f\u00fcr Trinc war auch heute wieder ein Highlight-Tag, f\u00fcr mich dagegen nicht ganz, da es ein paar Dinge gab, die mir missfielen: die Sicht vom Skigebiet Nemrut zum See war nicht ungest\u00f6rt, es gab einige Schleierwolken, im 2. Skigebiet konnten wir die wichtige DSB nicht fahren, und prinzipiell hatte ich mit etwas mehr Schnee im Tal um den Vansee gerechnet, wodurch es nicht ganz so skandinavisch war wie gehofft. Da Trinc im Gegensatz zu mir noch nie im Winter in Nordnorwegen\/Nordskandinavien skifahren war, war es f\u00fcr ihn dagegen wesentlich &#8220;arktischer&#8221; als f\u00fcr mich.)<\/em><\/p>\n<p><em>&#8220;Pack die Badehose ein, nimm dein kleines Schwesterlein, und dann nischt wie raus nach Vansee&#8221;<\/em> :)<\/p>\n<p>Der Vansee ist der gr\u00f6\u00dfte See der T\u00fcrkei und ca. 7x so gro\u00df wie der Bodensee (und ca. 6,5x so gro\u00df wie der Genfersee), hat eine L\u00e4nge von 119 km und eine Breite von 80 km &#8211; ein Mordsteil also, der trotz seiner H\u00f6he auf ca. 1600m und eisigen Temperaturen auch dank seines Salzgehaltes im Winter nicht gefriert.<\/p>\n<p>(Fotos anklicken zum Vergr\u00f6\u00dfern)<\/p>\n<p><a href='http:\/\/extra.inmontanis.info\/d\/26457-3\/ge201503BTKges5.jpg'><img src=http:\/\/extra.inmontanis.info\/d\/26456-4\/ge201503BTKges5.jpg \/><\/a><br \/>\nH) Nemrut<br \/>\nI) Abali<br \/>\n-> und Fahrt nach Kars<\/p>\n<p><a href='http:\/\/extra.inmontanis.info\/d\/27481-2\/DSC03609.jpg'><img src=http:\/\/extra.inmontanis.info\/d\/27480-3\/DSC03609.jpg \/><\/a><br \/>\n^ Tatvan, Vansee, zum Sonnenaufgang um 6 Uhr &#8211; lohnt nicht, geh wieder ins Bett.<\/p>\n<p><a href='http:\/\/extra.inmontanis.info\/d\/27485-2\/IMG_1159.jpg'><img src=http:\/\/extra.inmontanis.info\/d\/27484-3\/IMG_1159.jpg \/><\/a><br \/>\n^ Fr\u00fchst\u00fccksbuffet. Gibt in der T\u00fcrkei noch gr\u00f6\u00dfere :)<br \/>\nLeider wussten wir halt mit den ganzen Saucen nichts anzufangen. Isst man die nun pur (als Suppen oder Joghurts etc.), sind es Salatsaucen, schmiert man sie aufs Brot, &#8230;.<\/p>\n<p><a href='http:\/\/extra.inmontanis.info\/d\/27489-2\/IMG_1160.jpg'><img src=http:\/\/extra.inmontanis.info\/d\/27488-3\/IMG_1160.jpg \/><\/a><br \/>\n^ Diverse Ei-Varianten und auch Pommes gibt&#8217;s zum Fr\u00fchst\u00fcck.<\/p>\n<p><a href='http:\/\/extra.inmontanis.info\/d\/27493-2\/DSC03621.jpg'><img src=http:\/\/extra.inmontanis.info\/d\/27492-3\/DSC03621.jpg \/><\/a><br \/>\n^ Blick zum Vansee von unserem Hotel in Tatvan<\/p>\n<p><a href='http:\/\/extra.inmontanis.info\/d\/26405-3\/DSC03626.jpg'><img src=http:\/\/extra.inmontanis.info\/d\/26404-4\/DSC03626.jpg \/><\/a><br \/>\n^ Blick ins Skigebiet Nemrut mit Wegweiser in den Iran. Da wird einem dann doch bewusst, wie weit im Osten man pl\u00f6tzlich ist&#8230;<\/p>\n<p>Von Tatvan aus ist man recht schnell an der DSB am Nemrut-Vulkan, Tageskarte kostete wieder einmal 30,- TL (ca. 11,- \u20ac). Da die DSB s\u00fcd\u00f6stlich ausgerichtet ist, wird der Schnee recht schnell weich, mittags war es unten sogar eher pappig. Den Van-See hatte man heute leider nicht so toll gesehen und die DSB f\u00e4hrt leider auch sehr langsam, so dass wir nur 2,5x (also 1x ab Mittelstation) fahren konnten, weil wir noch ein anderes Skigebiet mitnehmen wollten.<\/p>\n<p>Einmal hatten wir einen Sessel, bei dem die eine Fu\u00dfrasterseite etwas nach unten verbogen war. Vor der Zwischenstation meinte ich noch so zu Trinc, ob es nicht besser w\u00e4re, den B\u00fcgel zu \u00f6ffnen &#8211; er verstand nicht ganz. Mit dem Ergebnis, dass der B\u00fcgel am Boden streifte, der Sessel nach vorne kippte und wir beinahe nach vorne \u00fcber rausgeflogen w\u00e4ren. Das h\u00e4tte bitter enden k\u00f6nnen&#8230;.<\/p>\n<p><a href='http:\/\/ski.inmontanis.info\/d\/197057-2\/DSC03623.jpg'><img src=http:\/\/ski.inmontanis.info\/d\/197055-3\/DSC03623.jpg \/><\/a><br \/>\n^ Blick ins Skigebiet Nemrut von Tatvan<\/p>\n<p><a href='http:\/\/ski.inmontanis.info\/d\/197061-2\/DSC03637.jpg'><img src=http:\/\/ski.inmontanis.info\/d\/197060-3\/DSC03637.jpg \/><\/a><br \/>\n^ Capt&#8217;n Retro beim Analogfotografieren<\/p>\n<p><a href='http:\/\/ski.inmontanis.info\/d\/197065-2\/DSC03640.jpg'><img src=http:\/\/ski.inmontanis.info\/d\/197064-3\/DSC03640.jpg \/><\/a><br \/>\n^ Smog?<\/p>\n<p><a href='http:\/\/ski.inmontanis.info\/d\/197069-2\/DSC03641.jpg'><img src=http:\/\/ski.inmontanis.info\/d\/197068-3\/DSC03641.jpg \/><\/a><br \/>\n^ Skipass<\/p>\n<p><a href='http:\/\/ski.inmontanis.info\/d\/197073-2\/DSC03642.jpg'><img src=http:\/\/ski.inmontanis.info\/d\/197072-3\/DSC03642.jpg \/><\/a><br \/>\n^ Talstation der DSB<\/p>\n<p><a href='http:\/\/ski.inmontanis.info\/d\/197077-2\/DSC03646.jpg'><img src=http:\/\/ski.inmontanis.info\/d\/197076-3\/DSC03646.jpg \/><\/a><br \/>\n^ Die ca. 2,5-2,7 km lange DSB geht von ca. 2260m auf ca. 2780m und besitzt eine Mittelstation zum Aus- und Einsteigen; die langsame Fahrt dauert ca. 30 Minuten<\/p>\n<p><a href='http:\/\/ski.inmontanis.info\/d\/197081-2\/DSC03648.jpg'><img src=http:\/\/ski.inmontanis.info\/d\/197080-3\/DSC03648.jpg \/><\/a><br \/>\n^ Stra\u00dfe zum Kraterrand<\/p>\n<p><a href='http:\/\/ski.inmontanis.info\/d\/197085-2\/DSC03653.jpg'><img src=http:\/\/ski.inmontanis.info\/d\/197084-3\/DSC03653.jpg \/><\/a><br \/>\n^ Talboden<\/p>\n<p><a href='http:\/\/ski.inmontanis.info\/d\/197089-2\/DSC03655.jpg'><img src=http:\/\/ski.inmontanis.info\/d\/197088-3\/DSC03655.jpg \/><\/a><br \/>\n^ DSB mit Blick talw\u00e4rts<\/p>\n<p><a href='http:\/\/ski.inmontanis.info\/d\/197093-2\/DSC03656.jpg'><img src=http:\/\/ski.inmontanis.info\/d\/197092-3\/DSC03656.jpg \/><\/a><br \/>\n^ Blick zum Vansee, der unter der Dunst- oder Smogschicht kaum zu sehen ist<\/p>\n<p><a href='http:\/\/ski.inmontanis.info\/d\/197097-2\/DSC03658.jpg'><img src=http:\/\/ski.inmontanis.info\/d\/197096-3\/DSC03658.jpg \/><\/a><br \/>\n^ DSB bergw\u00e4rts, noch vor der Zwischenstation<\/p>\n<p><a href='http:\/\/ski.inmontanis.info\/d\/197101-2\/DSC03662.jpg'><img src=http:\/\/ski.inmontanis.info\/d\/197100-3\/DSC03662.jpg \/><\/a><br \/>\n^ Bergstation<\/p>\n<p><a href='http:\/\/ski.inmontanis.info\/d\/197105-2\/DSC03669.jpg'><img src=http:\/\/ski.inmontanis.info\/d\/197104-3\/DSC03669.jpg \/><\/a><br \/>\n^ Aufstieg zum Kraterrand mit Blick zur\u00fcck zur DSB und Berg-Pano richtung S\u00fcden<\/p>\n<p><a href='http:\/\/ski.inmontanis.info\/d\/197109-2\/dsc03665-9b.jpg'><img src=http:\/\/ski.inmontanis.info\/d\/197108-3\/dsc03665-9b.jpg \/><\/a><br \/>\n^ Pano am Kraterrand<\/p>\n<p><a href='http:\/\/ski.inmontanis.info\/d\/197113-2\/DSC03666.jpg'><img src=http:\/\/ski.inmontanis.info\/d\/197112-3\/DSC03666.jpg \/><\/a><br \/>\n^ Halbmondf\u00f6rmiger Kratersee<\/p>\n<p><a href='http:\/\/ski.inmontanis.info\/d\/197117-2\/DSC01301.jpg'><img src=http:\/\/ski.inmontanis.info\/d\/197116-3\/DSC01301.jpg \/><\/a><br \/>\n^ Nemrut-Kratersee (IR)<\/p>\n<p><a href='http:\/\/ski.inmontanis.info\/d\/197121-2\/DSC03670.jpg'><img src=http:\/\/ski.inmontanis.info\/d\/197120-3\/DSC03670.jpg \/><\/a><br \/>\n^ DSB , Vansee und Tatvan<\/p>\n<p><a href='http:\/\/ski.inmontanis.info\/d\/197125-2\/DSC03680.jpg'><img src=http:\/\/ski.inmontanis.info\/d\/197124-3\/DSC03680.jpg \/><\/a><br \/>\n^ Zoom hinunter nach Tatvan<\/p>\n<p><a href='http:\/\/ski.inmontanis.info\/d\/197129-2\/DSC03683.jpg'><img src=http:\/\/ski.inmontanis.info\/d\/197128-3\/DSC03683.jpg \/><\/a><br \/>\n^ S\u00fcd-Zoom<\/p>\n<p><a href='http:\/\/ski.inmontanis.info\/d\/197133-2\/DSC03686.jpg'><img src=http:\/\/ski.inmontanis.info\/d\/197132-3\/DSC03686.jpg \/><\/a><br \/>\n^ Vansee<\/p>\n<p><a href='http:\/\/ski.inmontanis.info\/d\/197137-2\/DSC03687.jpg'><img src=http:\/\/ski.inmontanis.info\/d\/197136-3\/DSC03687.jpg \/><\/a><br \/>\n^ Bergstation der DSB am Kraterrand<\/p>\n<p><a href='http:\/\/ski.inmontanis.info\/d\/197141-2\/DSC01313.jpg'><img src=http:\/\/ski.inmontanis.info\/d\/197140-3\/DSC01313.jpg \/><\/a><br \/>\n^ Vansee (IR)<\/p>\n<p><a href='http:\/\/ski.inmontanis.info\/d\/197145-2\/DSC01315.jpg'><img src=http:\/\/ski.inmontanis.info\/d\/197144-3\/DSC01315.jpg \/><\/a><br \/>\n^ Vansee (IR, aber selbst mit IR kam ich nicht durch die Dunst\/Smogdecke, aber immerhn schimmerte sie sch\u00f6n blau)<\/p>\n<p><a href='http:\/\/ski.inmontanis.info\/d\/197149-2\/DSC03689.jpg'><img src=http:\/\/ski.inmontanis.info\/d\/197148-3\/DSC03689.jpg \/><\/a><br \/>\n^ Abfahrt mit See-Blick<\/p>\n<p><a href='http:\/\/ski.inmontanis.info\/d\/197153-2\/DSC03690.jpg'><img src=http:\/\/ski.inmontanis.info\/d\/197152-3\/DSC03690.jpg \/><\/a><br \/>\n^ DSB vs. Vansee. Das Pano erinnerte mich schon schwer an Norwegen.<\/p>\n<p><a href='http:\/\/ski.inmontanis.info\/d\/197157-2\/DSC01317.jpg'><img src=http:\/\/ski.inmontanis.info\/d\/197156-3\/DSC01317.jpg \/><\/a><br \/>\n^ DSB vs. Vansee (IR)<\/p>\n<p><a href='http:\/\/ski.inmontanis.info\/d\/197161-2\/DSC03692.jpg'><img src=http:\/\/ski.inmontanis.info\/d\/197160-3\/DSC03692.jpg \/><\/a><br \/>\n^ DSB vs. Vansee<\/p>\n<p><a href='http:\/\/ski.inmontanis.info\/d\/197165-2\/DSC03694.jpg'><img src=http:\/\/ski.inmontanis.info\/d\/197164-3\/DSC03694.jpg \/><\/a><br \/>\n^ DSB vs. Vansee<\/p>\n<p><a href='http:\/\/ski.inmontanis.info\/d\/197169-2\/DSC03695.jpg'><img src=http:\/\/ski.inmontanis.info\/d\/197168-3\/DSC03695.jpg \/><\/a><br \/>\n^ DSB vs. Vansee<\/p>\n<p><a href='http:\/\/ski.inmontanis.info\/d\/197173-2\/DSC03696.jpg'><img src=http:\/\/ski.inmontanis.info\/d\/197172-3\/DSC03696.jpg \/><\/a><br \/>\n^ Offpiste, Schnee war leider nicht sehr gut heute<\/p>\n<p><a href='http:\/\/ski.inmontanis.info\/d\/197177-2\/DSC03699.jpg'><img src=http:\/\/ski.inmontanis.info\/d\/197176-3\/DSC03699.jpg \/><\/a><br \/>\n^ DSB in kompletter L\u00e4nge<\/p>\n<p><a href='http:\/\/ski.inmontanis.info\/d\/197181-2\/DSC01319.jpg'><img src=http:\/\/ski.inmontanis.info\/d\/197180-3\/DSC01319.jpg \/><\/a><br \/>\n^ DSB vs. Vansee (IR)<\/p>\n<p><a href='http:\/\/ski.inmontanis.info\/d\/197185-2\/DSC03700.jpg'><img src=http:\/\/ski.inmontanis.info\/d\/197184-3\/DSC03700.jpg \/><\/a><br \/>\n^ DSB vs. Vansee<\/p>\n<p><a href='http:\/\/ski.inmontanis.info\/d\/197189-2\/DSC03702.jpg'><img src=http:\/\/ski.inmontanis.info\/d\/197188-3\/DSC03702.jpg \/><\/a><br \/>\n^ DSB vs. Vansee<\/p>\n<p><a href='http:\/\/ski.inmontanis.info\/d\/197193-2\/DSC01321.jpg'><img src=http:\/\/ski.inmontanis.info\/d\/197192-3\/DSC01321.jpg \/><\/a><br \/>\n^ DSB vs. Vansee<\/p>\n<p><a href='http:\/\/ski.inmontanis.info\/d\/197197-2\/DSC03705.jpg'><img src=http:\/\/ski.inmontanis.info\/d\/197196-3\/DSC03705.jpg \/><\/a><br \/>\n^ Capt&#8217;n Retro<\/p>\n<p><a href='http:\/\/ski.inmontanis.info\/d\/197201-2\/DSC01323.jpg'><img src=http:\/\/ski.inmontanis.info\/d\/197200-3\/DSC01323.jpg \/><\/a><br \/>\n^ Vansee, ca. 7x so gro\u00df wie der Bodensee (!)<\/p>\n<p><a href='http:\/\/ski.inmontanis.info\/d\/197205-2\/DSC01325.jpg'><img src=http:\/\/ski.inmontanis.info\/d\/197204-3\/DSC01325.jpg \/><\/a><br \/>\n^ Abfahrt mit See-Blick<\/p>\n<p><a href='http:\/\/ski.inmontanis.info\/d\/197209-2\/ge20150407b.jpg'><img src=http:\/\/ski.inmontanis.info\/d\/197208-3\/ge20150407b.jpg \/><\/a><br \/>\n^ GPS-Track<\/p>\n<p>Und ein kleines Video:<br \/>\n<object style=\"height: 500px; width: 900px\"><param name=\"movie\" value=\"http:\/\/www.youtube.com\/v\/TzmOdil5bWw\"><\/param><param name=\"wmode\" value=\"transparent\"><\/param><embed src=\"http:\/\/www.youtube.com\/v\/TzmOdil5bWw\" type=\"application\/x-shockwave-flash\" wmode=\"transparent\"  width=\"900\" height=\"480\"><\/embed><\/object><\/p>\n<p>Gegen 12 Uhr fuhren wir zu unserem n\u00e4chsten Ziel, und davon gabs leider 2 zur Auswahl: Das in der n\u00e4he befindliche Skigebiet von Bitlis mit einem f\u00fcr mich sehr interessant wirkenden SL, und das auf der anderen Seite des Vansees befindlichen Skigebiets von Abali, von dessen DSB man ein tolles See-Pano haben solte. Wenn die DSB denn in Betrieb w\u00e4re und auch zum Skifahren ge\u00f6ffnet w\u00e4re. Aussagekr\u00e4ftige Fotos hatte ich n\u00e4mlich nicht gefunden, und der SL ist ansonsten zu flach.<\/p>\n<p>Trotzdem fuhren wir nach Abali, Ankunft knapp 2 Stunden sp\u00e4ter. Leider war die DSB trotz Samstag nicht in Betrieb (zu wenig Leute lt. Aussage, aber evtl. morgen oder \u00fcbermorgen&#8230;) &#8211; und sie lie\u00dfen sich auch nicht f\u00fcr 1 Fahrt mit Zusatzzahlung \u00fcberreden (das funktioniert immerhin in Rum\u00e4nien!). Wenigstens war der Schnee eh recht wenig und der See nicht mehr so gut zu sehen, dass wir vmtl. nicht viel verpasst hatten. Wir durften 2x gratis am SL fahren und hatten uns dann noch kurz in das Caf\u00e9 gesetzt, bevor wir um 15:30 Uhr wieder weiter fuhren.<\/p>\n<p><a href='http:\/\/extra.inmontanis.info\/d\/27497-2\/DSC03711.jpg'><img src=http:\/\/extra.inmontanis.info\/d\/27496-3\/DSC03711.jpg \/><\/a><br \/>\n^ Tatvan<\/p>\n<p><a href='http:\/\/extra.inmontanis.info\/d\/27501-2\/DSC03714.jpg'><img src=http:\/\/extra.inmontanis.info\/d\/27500-3\/DSC03714.jpg \/><\/a><br \/>\n^ Eisenbahn<\/p>\n<p><a href='http:\/\/extra.inmontanis.info\/d\/27505-2\/DSC03715.jpg'><img src=http:\/\/extra.inmontanis.info\/d\/27504-3\/DSC03715.jpg \/><\/a><br \/>\n^ Die Eisenbahn f\u00fchrt mittels einer F\u00e4hre auf die andere Seite des Sees, nach Van, und von dort weiter in den Iran.<\/p>\n<p><a href='http:\/\/extra.inmontanis.info\/d\/27509-2\/DSC03716.jpg'><img src=http:\/\/extra.inmontanis.info\/d\/27508-3\/DSC03716.jpg \/><\/a><br \/>\n^ Eisenbahn<\/p>\n<p><a href='http:\/\/extra.inmontanis.info\/d\/27513-2\/DSC03728.jpg'><img src=http:\/\/extra.inmontanis.info\/d\/27512-3\/DSC03728.jpg \/><\/a><br \/>\n^ D300 Tatvan-Van<\/p>\n<p><a href='http:\/\/extra.inmontanis.info\/d\/27517-2\/DSC03731.jpg'><img src=http:\/\/extra.inmontanis.info\/d\/27516-3\/DSC03731.jpg \/><\/a><br \/>\n^ D300 Tatvan-Van<\/p>\n<p><a href='http:\/\/extra.inmontanis.info\/d\/26237-3\/DSC03734.jpg'><img src=http:\/\/extra.inmontanis.info\/d\/26236-4\/DSC03734.jpg \/><\/a><br \/>\n^ D300 Tatvan-Van<\/p>\n<p><a href='http:\/\/extra.inmontanis.info\/d\/27521-2\/DSC03741.jpg'><img src=http:\/\/extra.inmontanis.info\/d\/27520-3\/DSC03741.jpg \/><\/a><br \/>\n^ Vansee<\/p>\n<p><a href='http:\/\/extra.inmontanis.info\/d\/27525-2\/DSC03755.jpg'><img src=http:\/\/extra.inmontanis.info\/d\/27524-3\/DSC03755.jpg \/><\/a><br \/>\n^ Vansee<\/p>\n<p><a href='http:\/\/extra.inmontanis.info\/d\/27529-2\/DSC03764.jpg'><img src=http:\/\/extra.inmontanis.info\/d\/27528-3\/DSC03764.jpg \/><\/a><br \/>\n^ D300 Tatvan-Van<\/p>\n<p><a href='http:\/\/extra.inmontanis.info\/d\/27533-2\/DSC03766.jpg'><img src=http:\/\/extra.inmontanis.info\/d\/27532-3\/DSC03766.jpg \/><\/a><br \/>\n^ D300 Tatvan-Van<\/p>\n<p><a href='http:\/\/extra.inmontanis.info\/d\/27537-2\/DSC03768.jpg'><img src=http:\/\/extra.inmontanis.info\/d\/27536-3\/DSC03768.jpg \/><\/a><br \/>\n^ D300 Tatvan-Van<\/p>\n<p><a href='http:\/\/extra.inmontanis.info\/d\/27541-2\/DSC03771.jpg'><img src=http:\/\/extra.inmontanis.info\/d\/27540-3\/DSC03771.jpg \/><\/a><br \/>\n^ D300 Tatvan-Van, Scheiteltunnel statt Passstra\u00dfe<\/p>\n<p><a href='http:\/\/extra.inmontanis.info\/d\/27545-2\/DSC03773.jpg'><img src=http:\/\/extra.inmontanis.info\/d\/27544-3\/DSC03773.jpg \/><\/a><br \/>\n^ D300 Tatvan-Van, wir fahren noch richtung Iran<\/p>\n<p><a href='http:\/\/extra.inmontanis.info\/d\/27549-2\/DSC03775.jpg'><img src=http:\/\/extra.inmontanis.info\/d\/27548-3\/DSC03775.jpg \/><\/a><br \/>\n^ D300 Tatvan-Van<\/p>\n<p><a href='http:\/\/extra.inmontanis.info\/d\/27553-2\/DSC03789.jpg'><img src=http:\/\/extra.inmontanis.info\/d\/27552-3\/DSC03789.jpg \/><\/a><br \/>\n^ Vansee<\/p>\n<p><a href='http:\/\/extra.inmontanis.info\/d\/27557-2\/DSC03790.jpg'><img src=http:\/\/extra.inmontanis.info\/d\/27556-3\/DSC03790.jpg \/><\/a><br \/>\n^ D300 Tatvan-Van<\/p>\n<p><a href='http:\/\/extra.inmontanis.info\/d\/27561-2\/DSC03802.jpg'><img src=http:\/\/extra.inmontanis.info\/d\/27560-3\/DSC03802.jpg \/><\/a><br \/>\n^ Vansee<\/p>\n<p><a href='http:\/\/extra.inmontanis.info\/d\/27565-2\/DSC03814.jpg'><img src=http:\/\/extra.inmontanis.info\/d\/27564-3\/DSC03814.jpg \/><\/a><br \/>\n^ D300 Tatvan-Van<\/p>\n<p><a href='http:\/\/extra.inmontanis.info\/d\/27569-2\/DSC03822.jpg'><img src=http:\/\/extra.inmontanis.info\/d\/27568-3\/DSC03822.jpg \/><\/a><br \/>\n^ D300 Tatvan-Van<\/p>\n<p><a href='http:\/\/extra.inmontanis.info\/d\/27573-2\/DSC03828.jpg'><img src=http:\/\/extra.inmontanis.info\/d\/27572-3\/DSC03828.jpg \/><\/a><br \/>\n^ Vansee<\/p>\n<p><a href='http:\/\/ski.inmontanis.info\/d\/197215-2\/DSC03836.jpg'><img src=http:\/\/ski.inmontanis.info\/d\/197213-3\/DSC03836.jpg \/><\/a><br \/>\n^ Blick ins Skigebietvon Abali<\/p>\n<p><a href='http:\/\/ski.inmontanis.info\/d\/197219-2\/DSC03838.jpg'><img src=http:\/\/ski.inmontanis.info\/d\/197218-3\/DSC03838.jpg \/><\/a><br \/>\n^ Eine der beiden Zufahrten ins Skigebiet von Abali, links die DSB war leider nicht in Betrieb :(<\/p>\n<p><a href='http:\/\/ski.inmontanis.info\/d\/197223-2\/DSC03839.jpg'><img src=http:\/\/ski.inmontanis.info\/d\/197222-3\/DSC03839.jpg \/><\/a><br \/>\n^ Am Parkplatz<\/p>\n<p><a href='http:\/\/ski.inmontanis.info\/d\/197227-2\/DSC03841.jpg'><img src=http:\/\/ski.inmontanis.info\/d\/197226-3\/DSC03841.jpg \/><\/a><br \/>\n^ Der flache SL<\/p>\n<p><a href='http:\/\/ski.inmontanis.info\/d\/197231-2\/DSC03843.jpg'><img src=http:\/\/ski.inmontanis.info\/d\/197230-3\/DSC03843.jpg \/><\/a><br \/>\n^ Die leider geschlossene DSB<\/p>\n<p><a href='http:\/\/ski.inmontanis.info\/d\/197235-2\/DSC03844.jpg'><img src=http:\/\/ski.inmontanis.info\/d\/197234-3\/DSC03844.jpg \/><\/a><br \/>\n^ SL Bergstation<\/p>\n<p><a href='http:\/\/ski.inmontanis.info\/d\/197239-2\/DSC01331.jpg'><img src=http:\/\/ski.inmontanis.info\/d\/197238-3\/DSC01331.jpg \/><\/a><br \/>\n^ Vansee und SL (IR)<\/p>\n<p><a href='http:\/\/ski.inmontanis.info\/d\/197243-2\/DSC03847.jpg'><img src=http:\/\/ski.inmontanis.info\/d\/197242-3\/DSC03847.jpg \/><\/a><br \/>\n^ SL und DSB<\/p>\n<p><a href='http:\/\/ski.inmontanis.info\/d\/197247-2\/ge20150407d.jpg'><img src=http:\/\/ski.inmontanis.info\/d\/197246-3\/ge20150407d.jpg \/><\/a><br \/>\n^ GPS-Track<\/p>\n<p>Die weitere Strecke f\u00fchrte uns eng an die Grenze zum Iran und wenig sp\u00e4ter eng an die Grenze zu Armenien. In Kars hatten wir ein Zimmer reserviert, wobei wir fr\u00fch wieder wegfahren mussten, denn f\u00fcr morgen ist der Grenz\u00fcbergang nach Georgien geplant (2h Zeitverschiebung!), Skifahren in Georgien (Bakuriani), weiterfahrt nach Armenien und dort im gebuchten Hotel am Sevansee \u00fcbernachten! Wird wieder ein langer Tag werden..<\/p>\n<p>Auf der Fahrt nach Kars hatten wir heute auch unsere erste Polizeikontrolle (mit MG und Panzerwagen), die waren sehr belustigt, als sie erfuhren, dass wir zum Skifahren hier sind. Ansonsten war die Fahrt \u00fcber den 2.644m hohen Pass problemlos, die Stra\u00dfe schneefrei (ich bef\u00fcrchtete das Schlimmste, da ich im Vorfeld doch einiges \u00fcber die Passstra\u00dfen in Ostanatolien gelesen hab).<\/p>\n<p><a href='http:\/\/extra.inmontanis.info\/d\/27577-2\/DSC03848.jpg'><img src=http:\/\/extra.inmontanis.info\/d\/27576-3\/DSC03848.jpg \/><\/a><br \/>\n^ Abali<\/p>\n<p><a href='http:\/\/extra.inmontanis.info\/d\/27581-2\/DSC03859.jpg'><img src=http:\/\/extra.inmontanis.info\/d\/27580-3\/DSC03859.jpg \/><\/a><br \/>\n^ D300 Tatvan-Van<\/p>\n<p><a href='http:\/\/extra.inmontanis.info\/d\/27585-2\/DSC03873.jpg'><img src=http:\/\/extra.inmontanis.info\/d\/27584-3\/DSC03873.jpg \/><\/a><br \/>\n^ Edremit, kurz vor Van<\/p>\n<p><a href='http:\/\/extra.inmontanis.info\/d\/27589-2\/DSC03877.jpg'><img src=http:\/\/extra.inmontanis.info\/d\/27588-3\/DSC03877.jpg \/><\/a><br \/>\n^ Van<\/p>\n<p><a href='http:\/\/extra.inmontanis.info\/d\/27593-2\/DSC03879.jpg'><img src=http:\/\/extra.inmontanis.info\/d\/27592-3\/DSC03879.jpg \/><\/a><br \/>\n^ Auch ein interessantes Br\u00fcckendesign<\/p>\n<p><a href='http:\/\/extra.inmontanis.info\/d\/27597-2\/DSC03882.jpg'><img src=http:\/\/extra.inmontanis.info\/d\/27596-3\/DSC03882.jpg \/><\/a><br \/>\n^ Vom K\u00fchtai zur \u00d6tzalp, der Kreis schlie\u00dft sich ;)<\/p>\n<p><a href='http:\/\/extra.inmontanis.info\/d\/27601-2\/DSC03895.jpg'><img src=http:\/\/extra.inmontanis.info\/d\/27600-3\/DSC03895.jpg \/><\/a><br \/>\n^ D975, n\u00f6rdl. von Van<\/p>\n<p><a href='http:\/\/extra.inmontanis.info\/d\/27605-2\/DSC03910.jpg'><img src=http:\/\/extra.inmontanis.info\/d\/27604-3\/DSC03910.jpg \/><\/a><br \/>\n^ Vansee<\/p>\n<p><a href='http:\/\/extra.inmontanis.info\/d\/27609-2\/DSC03915.jpg'><img src=http:\/\/extra.inmontanis.info\/d\/27608-3\/DSC03915.jpg \/><\/a><br \/>\n^ Abendstimmung am Vansee<\/p>\n<p><a href='http:\/\/extra.inmontanis.info\/d\/27613-2\/DSC03918.jpg'><img src=http:\/\/extra.inmontanis.info\/d\/27612-3\/DSC03918.jpg \/><\/a><br \/>\n^ Anfang M\u00e4rz und die Sonne geht am Vansee um 6 Uhr auf und um 17 Uhr unter? Eindeutig die falsche Zeitzone hier.<\/p>\n<p><a href='http:\/\/extra.inmontanis.info\/d\/27617-2\/DSC03928_001.jpg'><img src=http:\/\/extra.inmontanis.info\/d\/27616-3\/DSC03928_001.jpg \/><\/a><br \/>\n^ Sonnenuntergang am Vansee<\/p>\n<p><a href='http:\/\/extra.inmontanis.info\/d\/27621-2\/DSC03934.jpg'><img src=http:\/\/extra.inmontanis.info\/d\/27620-3\/DSC03934.jpg \/><\/a><br \/>\n^ Sonnenuntergang am Vansee. Mal wieder genau zur richtigen Zeit am richtigen Ort gewesen ;)<\/p>\n<p><a href='http:\/\/extra.inmontanis.info\/d\/27625-2\/DSC03938.jpg'><img src=http:\/\/extra.inmontanis.info\/d\/27624-3\/DSC03938.jpg \/><\/a><br \/>\n^ Sonnenuntergang am Vansee.<\/p>\n<p><a href='http:\/\/extra.inmontanis.info\/d\/27629-2\/DSC03942.jpg'><img src=http:\/\/extra.inmontanis.info\/d\/27628-3\/DSC03942.jpg \/><\/a><br \/>\n^ D975, am Vansee. Ob das Feuer da hinten absichtlich ist oder nicht, keine Ahnung.<\/p>\n<p><a href='http:\/\/extra.inmontanis.info\/d\/27633-2\/DSC03947.jpg'><img src=http:\/\/extra.inmontanis.info\/d\/27632-3\/DSC03947.jpg \/><\/a><br \/>\n^ Abendrot am Vansee<\/p>\n<p><a href='http:\/\/extra.inmontanis.info\/d\/27637-2\/DSC03957.jpg'><img src=http:\/\/extra.inmontanis.info\/d\/27636-3\/DSC03957.jpg \/><\/a><br \/>\n^ Leider ist der Mond noch nicht aufgegangen, daher verlief die Fahrt \u00fcber den 2.644 m hohen Tend\u00fcrek-Pass im Dunkeln und ohne den Ararat zu sehen.<\/p>\n<p><a href='http:\/\/extra.inmontanis.info\/d\/27641-2\/DSC03969.jpg'><img src=http:\/\/extra.inmontanis.info\/d\/27640-3\/DSC03969.jpg \/><\/a><br \/>\n^ Von der D975 zur iranischen Grenze sind es z.T. nur ca. 2 km. Gut m\u00f6glich, das das da irgendwelche Grenzeinrichtungen sind. Schade, dass es schon so dunkel ist&#8230;<\/p>\n<p><a href='http:\/\/extra.inmontanis.info\/d\/27645-2\/DSC03971.jpg'><img src=http:\/\/extra.inmontanis.info\/d\/27644-3\/DSC03971.jpg \/><\/a><br \/>\n^ Der Mond ist zwar aufgegangen, aber auf der falschen Seite. Kurzer Check mit der Cam, 1\/3 sec handgehalten, ISO 25600 &#8211; ja, das sollte doch der Ararat sein, 5.137m hoch.<\/p>\n<p><a href='http:\/\/extra.inmontanis.info\/d\/27649-2\/DSC03973.jpg'><img src=http:\/\/extra.inmontanis.info\/d\/27648-3\/DSC03973.jpg \/><\/a><br \/>\n^ Also noch mit 30sec, Mondaufgang, Wolkenhimmel und Ararat<\/p>\n<p><a href='http:\/\/extra.inmontanis.info\/d\/27653-2\/DSC03975.jpg'><img src=http:\/\/extra.inmontanis.info\/d\/27652-3\/DSC03975.jpg \/><\/a><br \/>\n^ N\u00e4chtlicher Ararat, leider etwas in Wolken<\/p>\n<p><a href='http:\/\/extra.inmontanis.info\/d\/27657-2\/DSC03980.jpg'><img src=http:\/\/extra.inmontanis.info\/d\/27656-3\/DSC03980.jpg \/><\/a><br \/>\n^ Solch aufgeladene Klein-LKWs hatten wir mehrere gesehen&#8230;<\/p>\n<p><a href='http:\/\/extra.inmontanis.info\/d\/27661-2\/DSC03992.jpg'><img src=http:\/\/extra.inmontanis.info\/d\/27660-3\/DSC03992.jpg \/><\/a><br \/>\n^ Die D080 und D070 verl\u00e4uft teilweise weniger als 500m von der Grenze nach Armenien, auch hier wieder sehr schade, dass man so wenig sieht. Hier allerdings ein Blick innerhalb der T\u00fcrkei.<\/p>\n<p><a href='http:\/\/extra.inmontanis.info\/d\/27665-2\/DSC03996.jpg'><img src=http:\/\/extra.inmontanis.info\/d\/27664-3\/DSC03996.jpg \/><\/a><br \/>\n^ Weiter links befindet sich wieder der Ararat mit seiner Wolkenhaube<\/p>\n<p><a href='http:\/\/extra.inmontanis.info\/d\/27669-2\/DSC03999.jpg'><img src=http:\/\/extra.inmontanis.info\/d\/27668-3\/DSC03999.jpg \/><\/a><br \/>\n^ Auf der D070 mit Blick zum Ararat, rechts, nur noch anhand der Wolkenhaube erkennbar (1\/8 sec ISO 12800 handgehalten, mehr lohnte sich also nicht)<\/p>\n<p><a href='http:\/\/extra.inmontanis.info\/d\/27673-2\/ge20150407f.jpg'><img src=http:\/\/extra.inmontanis.info\/d\/27672-3\/ge20150407f.jpg \/><\/a><br \/>\n^ Hier die von uns gefahrene Strecke en Detail, rechts unten der Iran, rechts oben Armenien, der Ararat in Bildmitte, zwischen Iran und Armenien befindet sich ein abgetrenntes St\u00fcck Aserbaidschan<\/p>\n<p>Leider sehr schade, dass wir diese Strecke zwischen Van und Kars in der Nacht fahren mussten, w\u00e4re landschaftlich sicher wieder sehr interessant gewesen.<\/p>\n<p>(Fortsetzung folgt.)<\/p>\n","protected":false},"excerpt":{"rendered":"<p>Sa, 7.3.2015 &#8211; Tag 8, Nemrut + Abali (Vansee), km 5.820 (\u2206 570 km)<\/p>\n<p>(Sorry f\u00fcr die vielen Fotos, f\u00fcr Trinc war auch heute wieder ein Highlight-Tag, f\u00fcr mich dagegen nicht ganz, da es ein paar Dinge gab, die mir missfielen: die Sicht vom Skigebiet Nemrut zum See war nicht ungest\u00f6rt, es gab einige Schleierwolken, <a href=\"http:\/\/blog.inmontanis.info\/?p=3135\">[&#8230;]<\/a><\/p>\n","protected":false},"author":1,"featured_media":0,"comment_status":"closed","ping_status":"closed","sticky":false,"template":"","format":"standard","meta":{"footnotes":""},"categories":[141,814,805,27,144],"tags":[38,90,100,45,47],"class_list":["post-3135","post","type-post","status-publish","format-standard","hentry","category-2015-03-balkan-turkei-kaukasus","category-abali","category-nemrut","category-skifahren-winterskiing-winter","category-turkei","tag-dsb","tag-infrarot","tag-langzeitbelichtung","tag-see","tag-sl","odd"],"_links":{"self":[{"href":"http:\/\/blog.inmontanis.info\/index.php?rest_route=\/wp\/v2\/posts\/3135","targetHints":{"allow":["GET"]}}],"collection":[{"href":"http:\/\/blog.inmontanis.info\/index.php?rest_route=\/wp\/v2\/posts"}],"about":[{"href":"http:\/\/blog.inmontanis.info\/index.php?rest_route=\/wp\/v2\/types\/post"}],"author":[{"embeddable":true,"href":"http:\/\/blog.inmontanis.info\/index.php?rest_route=\/wp\/v2\/users\/1"}],"replies":[{"embeddable":true,"href":"http:\/\/blog.inmontanis.info\/index.php?rest_route=%2Fwp%2Fv2%2Fcomments&post=3135"}],"version-history":[{"count":4,"href":"http:\/\/blog.inmontanis.info\/index.php?rest_route=\/wp\/v2\/posts\/3135\/revisions"}],"predecessor-version":[{"id":3139,"href":"http:\/\/blog.inmontanis.info\/index.php?rest_route=\/wp\/v2\/posts\/3135\/revisions\/3139"}],"wp:attachment":[{"href":"http:\/\/blog.inmontanis.info\/index.php?rest_route=%2Fwp%2Fv2%2Fmedia&parent=3135"}],"wp:term":[{"taxonomy":"category","embeddable":true,"href":"http:\/\/blog.inmontanis.info\/index.php?rest_route=%2Fwp%2Fv2%2Fcategories&post=3135"},{"taxonomy":"post_tag","embeddable":true,"href":"http:\/\/blog.inmontanis.info\/index.php?rest_route=%2Fwp%2Fv2%2Ftags&post=3135"}],"curies":[{"name":"wp","href":"https:\/\/api.w.org\/{rel}","templated":true}]}}