{"id":313,"date":"2009-10-03T23:59:30","date_gmt":"2009-10-03T21:59:30","guid":{"rendered":"http:\/\/blog.inmontanis.info\/?p=313"},"modified":"2023-08-06T20:22:51","modified_gmt":"2023-08-06T18:22:51","slug":"pitztaler-gletscher-3-10-2009","status":"publish","type":"post","link":"http:\/\/blog.inmontanis.info\/?p=313","title":{"rendered":"Pitztaler Gletscher, 3.10.2009"},"content":{"rendered":"<p>War heute ab ca. 11 Uhr oben, bin einmal die Abfahrt zur Mittelstation gefahren und hatte erst mal die Schnauze voll, weil die Piste so hart war und haufenweise Eisplatten hatte.<br \/>\n<!--more--><br \/>\nWartezeiten 2-3 Gruppen, also konnte man eh nach hinunter einsteigen und rund rum fahren, hat man wenigstens einen Sitzplatz :-)<\/p>\n<p>Bin aber unten ausgestiegen und die neu beschneite Gletschersee-Abfahrt gefahren &#8211; ein Traum aus Firn! Wenn nur das Rauflaufen nicht w\u00e4re &#8230; <\/p>\n<p>Danach noch 2x die Abfahrt zur Mittelstation, dann hatte es mir endg\u00fcltig gereicht. Da w\u00e4ren mir die Verh\u00e4ltnisse am KSH doch tats\u00e4chlich 100x lieber!!<\/p>\n<p>\u00dcbrigens, Skibetrieb ist nach wie vor nur bis 13 Uhr.<\/p>\n<p><em>[_de]Bilder anklicken zum Vergr\u00f6\u00dfern[\/_de]\u2028[_en]Click photos to enlarge[\/_en]<\/em><\/p>\n<p><a href='http:\/\/ski.inmontanis.info\/d\/103969-2\/P1440072.JPG'><img src=http:\/\/ski.inmontanis.info\/d\/103967-3\/P1440072.JPG \/><\/a><br \/>\n^ Zoom Abfahrt bis Mittelstation. Schaut besser aus als es war.<\/p>\n<p><a href='http:\/\/ski.inmontanis.info\/d\/103977-2\/P1440079.JPG'><img src=http:\/\/ski.inmontanis.info\/d\/103975-3\/P1440079.JPG \/><\/a><br \/>\n^ Bergstation 8EUB und SL Mittelberg(joch). Der Schnee hier d\u00fcrfte schon ein paar Jahre alt sein &#8230;<\/p>\n<p><a href='http:\/\/ski.inmontanis.info\/d\/103981-2\/P1440085.JPG'><img src=http:\/\/ski.inmontanis.info\/d\/103979-3\/P1440085.JPG \/><\/a><br \/>\n^ Typisches Bild der Piste bei n\u00e4herem Hinsehen: Viele Eisplatten.<\/p>\n<p><a href='http:\/\/ski.inmontanis.info\/d\/103985-2\/P1440086.JPG'><img src=http:\/\/ski.inmontanis.info\/d\/103983-3\/P1440086.JPG \/><\/a><br \/>\n^ Blick zur ganzen beschneiten L\u00e4nge der Gletschersee-Abfahrt<\/p>\n<p><a href='http:\/\/ski.inmontanis.info\/d\/103989-2\/P1440087.JPG'><img src=http:\/\/ski.inmontanis.info\/d\/103987-3\/P1440087.JPG \/><\/a><br \/>\n^ Gletscherende und die seit wenigen Jahren ausapernden Felsen an den 8EUB-Abfahrten <\/p>\n<p><a href='http:\/\/ski.inmontanis.info\/d\/103998-2\/P1440089.JPG'><img src=http:\/\/ski.inmontanis.info\/d\/103996-3\/P1440089.JPG \/><\/a><br \/>\n^ Da es mir oben \u00fcberhaupt keinen Spa\u00df gemacht hatte, bin ich gleich wieder runter und die halbe 6KSB-Abfahrt gefahren &#8211; traumhafter Firn, wenn nur das Rauflaufen nicht w\u00e4re..<\/p>\n<p><a href='http:\/\/ski.inmontanis.info\/d\/104002-2\/P1440091.JPG'><img src=http:\/\/ski.inmontanis.info\/d\/104000-3\/P1440091.JPG \/><\/a><br \/>\n^ .. und von oben. Nat\u00fcrlich extrem kurzgeschwingt, damit man was hat von der Abfahrt :-) <\/p>\n<p><a href='http:\/\/ski.inmontanis.info\/d\/104010-2\/P1440098.JPG'><img src=http:\/\/ski.inmontanis.info\/d\/104008-3\/P1440098.JPG \/><\/a><br \/>\n^ Blick hinunter und zu den 2 riesigen Schneedepots<\/p>\n","protected":false},"excerpt":{"rendered":"<p>War heute ab ca. 11 Uhr oben, bin einmal die Abfahrt zur Mittelstation gefahren und hatte erst mal die Schnauze voll, weil die Piste so hart war und haufenweise Eisplatten hatte.<\/p>\n<p> <a href=\"http:\/\/blog.inmontanis.info\/?p=313\">[&#8230;]<\/a><\/p>\n","protected":false},"author":1,"featured_media":0,"comment_status":"open","ping_status":"closed","sticky":false,"template":"","format":"standard","meta":{"footnotes":""},"categories":[24,13,901,28],"tags":[],"class_list":["post-313","post","type-post","status-publish","format-standard","hentry","category-tagestour","category-austria","category-pitztaler-gletscher","category-skifahren-sommer","odd"],"_links":{"self":[{"href":"http:\/\/blog.inmontanis.info\/index.php?rest_route=\/wp\/v2\/posts\/313","targetHints":{"allow":["GET"]}}],"collection":[{"href":"http:\/\/blog.inmontanis.info\/index.php?rest_route=\/wp\/v2\/posts"}],"about":[{"href":"http:\/\/blog.inmontanis.info\/index.php?rest_route=\/wp\/v2\/types\/post"}],"author":[{"embeddable":true,"href":"http:\/\/blog.inmontanis.info\/index.php?rest_route=\/wp\/v2\/users\/1"}],"replies":[{"embeddable":true,"href":"http:\/\/blog.inmontanis.info\/index.php?rest_route=%2Fwp%2Fv2%2Fcomments&post=313"}],"version-history":[{"count":4,"href":"http:\/\/blog.inmontanis.info\/index.php?rest_route=\/wp\/v2\/posts\/313\/revisions"}],"predecessor-version":[{"id":3356,"href":"http:\/\/blog.inmontanis.info\/index.php?rest_route=\/wp\/v2\/posts\/313\/revisions\/3356"}],"wp:attachment":[{"href":"http:\/\/blog.inmontanis.info\/index.php?rest_route=%2Fwp%2Fv2%2Fmedia&parent=313"}],"wp:term":[{"taxonomy":"category","embeddable":true,"href":"http:\/\/blog.inmontanis.info\/index.php?rest_route=%2Fwp%2Fv2%2Fcategories&post=313"},{"taxonomy":"post_tag","embeddable":true,"href":"http:\/\/blog.inmontanis.info\/index.php?rest_route=%2Fwp%2Fv2%2Ftags&post=313"}],"curies":[{"name":"wp","href":"https:\/\/api.w.org\/{rel}","templated":true}]}}