{"id":3104,"date":"2015-03-03T22:30:33","date_gmt":"2015-03-03T21:30:33","guid":{"rendered":"http:\/\/blog.inmontanis.info\/?p=3104"},"modified":"2023-08-05T16:29:57","modified_gmt":"2023-08-05T14:29:57","slug":"uludag-bursa-3-3-2015","status":"publish","type":"post","link":"http:\/\/blog.inmontanis.info\/?p=3104","title":{"rendered":"Uludag  (Bursa), 3.3.2015"},"content":{"rendered":"<p><strong>Di, 3.3.2015 &#8211; Tag 4, Uludag \/ Bursa (T\u00fcrkei), km 3.295 (\u2206 270)<\/strong><\/p>\n<p>Da wir gestern Nacht ja erst so sp\u00e4t unser Hotel erreichten, kamen wir entsprechend sp\u00e4t weg und waren erst nach 10 Uhr an der Gondel, wobei die Fahrt durch die 2 Mio-Stadt Bursa entsprechend chaotisch war.  Mit Bursa verbindet mich \u00fcbrigens noch etwas: Mein Fiat Qubo wurde hier in Bursa produziert. Bin sozusagen gerade in der Heimat meines Autos :)<\/p>\n<p>Dass die neue 8EUB inzwischen komplett fertig war (die 3. Sektion wurde angeblich im Dezember er\u00f6ffnet), hab ich erst am 26. Februar bemerkt &#8211; ansonsten h\u00e4tten wir ja zu den Liften hinauf fahren m\u00fcssen. Mit \u00fcber 8 km L\u00e4nge auf 3 Sektionen ist sie lt. eigenen Angaben die l\u00e4ngste Seilbahn der Welt. Zumindest mal zur Personenbef\u00f6rderung.<\/p>\n<p>Die FAQs auf der Homepage sind f\u00fcr unsereins jedenfalls witzig:<br \/>\n&#8220;Does the cabin work if there are less than 8 persons?&#8221;<br \/>\n&#8220;What happens if more than 8 persons get in?&#8221;<br \/>\n&#8220;What about the air inside the cabin? Is the oxygen inside is sufficient for 8 people in airless case?&#8221;<br \/>\n&#8220;Is music service available inside the cabin? What if we dance?&#8221;<br \/>\nDie Antworten -> http:\/\/www.teleferik.com.tr\/bursa\/?page_id=672&#038;lang=en<\/p>\n<p>30 TL (10-11,- \u20ac) kostet die Berg- und Talfahrt mit der langen Gondel, wobei an der 2. Mittelstation heute kein Durchfahrbetrieb war. Zus\u00e4tzlich waren Parkgeb\u00fchren von 10,- TL (ca. 3,50 \u20ac) f\u00e4llig.<\/p>\n<p>Oben angekommen, nach 42 statt 22 Minuten, sah man ein paar Lifte, aber alle hinter den Hotels und nirgends wurde uns bewusst, wie man zu den SL kam oder wo man einen Skipass bek\u00e4me. Nach einigem Fu\u00dfmarsch, im n\u00e4chsten ge\u00f6ffneten Hotel (naja, zumindest in die linke Richtung) sind wir dann rein und haben an der Rezeption gefragt, wobei kurioserweise ein Dermatologen-Kongress hier oben war. Ja, im 1. Stock bek\u00e4me man den Skipass. Dort war dann ein Skiverleih und am Gang ein Tisch mit einem Skipassverk\u00e4ufer. Haben uns nach einigem \u00dcberlegen die Tageskarte um 70,- TL (ca. 25,- \u20ac) gekauft und sind wieder runter und raus, ums Hotel rum, raufgelaufen und endlich am SL gewesen.<\/p>\n<p>Da heute mittelstarker nasser Schneefall und Nebel war, waren nicht alle Lifte offen und bis auf eine Ausnahme blieben wir an den unteren Liften, haupts\u00e4chlich SL, aber die waren auch so zahlreich und gut verteilt, dass es uns f\u00fcr den Rest des Tages nicht langweilig wurde. Zus\u00e4tzlich brachten die verschieden farbigen St\u00fctzen Abwechslung in den Plan. Trinc war mit seiner Jeans und seiner nicht wasserdichten Daunenjacke allerdings schlechter dran als ich.<\/p>\n<p>Zumindest einer der ge\u00f6ffneten Lifte war auch nicht im Skipass enthalten &#8211; also ganz hat man es wohl noch nicht geschafft, alle unter eine Decke zu bekommen.<\/p>\n<p>(Fotos anklicken zum Vergr\u00f6\u00dfern)<\/p>\n<p><a href='http:\/\/extra.inmontanis.info\/d\/26457-3\/ge201503BTKges5.jpg'><img src=http:\/\/extra.inmontanis.info\/d\/26456-4\/ge201503BTKges5.jpg \/><\/a><br \/>\nD) Bursa\/Uludag<br \/>\n-> und halbe Fahrt bis E (dort, wo die Verdickung ist)<\/p>\n<p><a href='http:\/\/extra.inmontanis.info\/d\/26857-2\/DSC02591.jpg'><img src=http:\/\/extra.inmontanis.info\/d\/26856-3\/DSC02591.jpg \/><\/a><br \/>\n^ Morgendlicher Blick aus dem Hotelzimmer. Da rechts ist der Turm der Moschee, der uns den Schlaf geraubt.<\/p>\n<p><a href='http:\/\/extra.inmontanis.info\/d\/26861-2\/DSC02593.jpg'><img src=http:\/\/extra.inmontanis.info\/d\/26860-3\/DSC02593.jpg \/><\/a><br \/>\n^ In der Mini-Bar gab&#8217;s solch abgepacktes Wasser &#8211; hab ich auch noch nie gesehen&#8230;<\/p>\n<p><a href='http:\/\/ski.inmontanis.info\/d\/194396-2\/DSC02594.jpg'><img src=http:\/\/ski.inmontanis.info\/d\/194393-3\/DSC02594.jpg \/><\/a><br \/>\n^ Talstation der 8EUB in Bursa<\/p>\n<p><a href='http:\/\/ski.inmontanis.info\/d\/194400-2\/DSC02595.jpg'><img src=http:\/\/ski.inmontanis.info\/d\/194399-3\/DSC02595.jpg \/><\/a><br \/>\n^ 8EUB Talstation<\/p>\n<p><a href='http:\/\/ski.inmontanis.info\/d\/194404-2\/DSC02597.jpg'><img src=http:\/\/ski.inmontanis.info\/d\/194403-3\/DSC02597.jpg \/><\/a><br \/>\n^ 8EUB Talstation, rechts der Gondelumlauf, links ein Starbucks.<\/p>\n<p><a href='http:\/\/ski.inmontanis.info\/d\/194408-2\/DSC02598.jpg'><img src=http:\/\/ski.inmontanis.info\/d\/194407-3\/DSC02598.jpg \/><\/a><br \/>\n^ 8EUB Talstation, ein weiteres Caf\u00e9, mit alter PB-Kabine<\/p>\n<p><a href='http:\/\/ski.inmontanis.info\/d\/194412-2\/DSC02599.jpg'><img src=http:\/\/ski.inmontanis.info\/d\/194411-3\/DSC02599.jpg \/><\/a><br \/>\n^ Alte Fotos auf dem Tisch<\/p>\n<p><a href='http:\/\/ski.inmontanis.info\/d\/194416-2\/DSC02601.jpg'><img src=http:\/\/ski.inmontanis.info\/d\/194415-3\/DSC02601.jpg \/><\/a><br \/>\n^ F\u00fcr eine 2-Mio-Stadt (und damit die 4.-gr\u00f6\u00dfte in der T\u00fcrkei) sahen wir doch recht wenig Hochh\u00e4user von der EUB aus<\/p>\n<p><a href='http:\/\/ski.inmontanis.info\/d\/194420-2\/DSC02602.jpg'><img src=http:\/\/ski.inmontanis.info\/d\/194419-3\/DSC02602.jpg \/><\/a><br \/>\n^ Die 8EUB geht \u00fcber ein paar H\u00e4user<\/p>\n<p><a href='http:\/\/ski.inmontanis.info\/d\/194424-2\/DSC02603.jpg'><img src=http:\/\/ski.inmontanis.info\/d\/194423-3\/DSC02603.jpg \/><\/a><br \/>\n^ 8EUB und Bursa<\/p>\n<p><a href='http:\/\/ski.inmontanis.info\/d\/194428-2\/DSC02605.jpg'><img src=http:\/\/ski.inmontanis.info\/d\/194427-3\/DSC02605.jpg \/><\/a><br \/>\n^ Bursa<\/p>\n<p><a href='http:\/\/ski.inmontanis.info\/d\/194432-2\/DSC02608.jpg'><img src=http:\/\/ski.inmontanis.info\/d\/194431-3\/DSC02608.jpg \/><\/a><br \/>\n^ \u00dcberreste einer PB-St\u00fctze<\/p>\n<p><a href='http:\/\/ski.inmontanis.info\/d\/194436-2\/DSC02609.jpg'><img src=http:\/\/ski.inmontanis.info\/d\/194435-3\/DSC02609.jpg \/><\/a><br \/>\n^ Ok, doch etwas gr\u00f6\u00dfer, die Stadt. 2 Mio Einwohner oder auch 2.8 Mio &#8211; und in der T\u00fcrkei wei\u00df man nie, ob sich die Zahlen nur auf die Stadt oder die Provinz beziehen.<\/p>\n<p><a href='http:\/\/ski.inmontanis.info\/d\/194440-2\/DSC02611.jpg'><img src=http:\/\/ski.inmontanis.info\/d\/194439-3\/DSC02611.jpg \/><\/a><br \/>\n^ Ex-PB-St\u00fctze<\/p>\n<p><a href='http:\/\/ski.inmontanis.info\/d\/194444-2\/DSC02614.jpg'><img src=http:\/\/ski.inmontanis.info\/d\/194443-3\/DSC02614.jpg \/><\/a><br \/>\n^ 8EUB und Bursa. Links und rechts geht das verbaute Siedlungsgebiet noch viel weiter.<\/p>\n<p><a href='http:\/\/ski.inmontanis.info\/d\/194448-2\/DSC02618.jpg'><img src=http:\/\/ski.inmontanis.info\/d\/194447-3\/DSC02618.jpg \/><\/a><br \/>\n^ 8EUB Sektion 1<\/p>\n<p><a href='http:\/\/ski.inmontanis.info\/d\/194452-2\/DSC02620.jpg'><img src=http:\/\/ski.inmontanis.info\/d\/194451-3\/DSC02620.jpg \/><\/a><br \/>\n^ 1. Mittelstation, wir befinden uns jetzt auf der 2. Sektion<\/p>\n<p><a href='http:\/\/ski.inmontanis.info\/d\/194456-2\/DSC02623.jpg'><img src=http:\/\/ski.inmontanis.info\/d\/194455-3\/DSC02623.jpg \/><\/a><br \/>\n^ 8EUB Sektion 2. H\u00e4tte man nicht eine weitere Mittelstation dort vorne im Tal bauen k\u00f6nnen und von der dann 3. zur 2. eine Abfahrt runterziehen?<\/p>\n<p><a href='http:\/\/ski.inmontanis.info\/d\/194460-2\/DSC02628.jpg'><img src=http:\/\/ski.inmontanis.info\/d\/194459-3\/DSC02628.jpg \/><\/a><br \/>\n^ In der 2. Mittelstation gab es heute keinen Durchfahrbetrieb. Soviel zum Thema l\u00e4ngste Seilbahn .. Naja, die 3. Sektion ist ja auch erst seit Dezember ge\u00f6ffnet und heute war&#8217;s recht st\u00fcrmisch.<\/p>\n<p><a href='http:\/\/ski.inmontanis.info\/d\/194464-2\/DSC02631.jpg'><img src=http:\/\/ski.inmontanis.info\/d\/194463-3\/DSC02631.jpg \/><\/a><br \/>\n^ 2. Mittelstation, wir befinden uns auf der 3. Sektion<\/p>\n<p><a href='http:\/\/ski.inmontanis.info\/d\/194468-2\/DSC02634.jpg'><img src=http:\/\/ski.inmontanis.info\/d\/194467-3\/DSC02634.jpg \/><\/a><br \/>\n^ 8EUB Sektion 3. Glaub es hat viel Schnee hier &#8230;<\/p>\n<p><a href='http:\/\/ski.inmontanis.info\/d\/194472-2\/DSC02636.jpg'><img src=http:\/\/ski.inmontanis.info\/d\/194471-3\/DSC02636.jpg \/><\/a><br \/>\n^ 8EUB Sektion 3<\/p>\n<p><a href='http:\/\/ski.inmontanis.info\/d\/194476-2\/DSC02639.jpg'><img src=http:\/\/ski.inmontanis.info\/d\/194475-3\/DSC02639.jpg \/><\/a><br \/>\n^ 8EUB Sektion 3. Die 3. Sektion macht auf 4,2 km gerade einmal 160 hm &#8211; da ist verst\u00e4ndlich, warum es hier keine Abfahrt gibt :)<\/p>\n<p><a href='http:\/\/ski.inmontanis.info\/d\/194480-2\/DSC02643.jpg'><img src=http:\/\/ski.inmontanis.info\/d\/194479-3\/DSC02643.jpg \/><\/a><br \/>\n^ Nu, Werner, tut das Not, dass die St\u00fctze da sooo hoch ist? &#8211; Jo, Meister, das muss kesseln, sons&#8217; taucht das nix!<\/p>\n<p><a href='http:\/\/ski.inmontanis.info\/d\/194484-2\/DSC02645.jpg'><img src=http:\/\/ski.inmontanis.info\/d\/194483-3\/DSC02645.jpg \/><\/a><br \/>\n^ 8EUB Sektion 3 mit sehr hohen St\u00fctzen. Ich f\u00e4nde ja Fachwerkst\u00fctzen bei der H\u00f6he vertrauenserweckender.<\/p>\n<p><a href='http:\/\/ski.inmontanis.info\/d\/194488-2\/DSC02649.jpg'><img src=http:\/\/ski.inmontanis.info\/d\/194487-3\/DSC02649.jpg \/><\/a><br \/>\n^ 8EUB Sektion 3. Mit 4.2 km L\u00e4nge ist die 3. Sektion ca. genauso lang wie die ersten beiden Sektionen zusammen.<\/p>\n<p><a href='http:\/\/ski.inmontanis.info\/d\/194492-2\/DSC02652.jpg'><img src=http:\/\/ski.inmontanis.info\/d\/194491-3\/DSC02652.jpg \/><\/a><br \/>\n^ Bergstation, nach knapp \u00fcber 40 Minuten Fahrzeit &#8230;<\/p>\n<p><a href='http:\/\/ski.inmontanis.info\/d\/194496-2\/DSC02653.jpg'><img src=http:\/\/ski.inmontanis.info\/d\/194495-3\/DSC02653.jpg \/><\/a><br \/>\n^ 8EUB Bergstation, noch nicht ganz fertig.<\/p>\n<p><a href='http:\/\/ski.inmontanis.info\/d\/194500-2\/DSC02654.jpg'><img src=http:\/\/ski.inmontanis.info\/d\/194499-3\/DSC02654.jpg \/><\/a><br \/>\n^ Ja nu, sollen wir jetzt links &#8230;<\/p>\n<p><a href='http:\/\/ski.inmontanis.info\/d\/194504-2\/DSC02655.jpg'><img src=http:\/\/ski.inmontanis.info\/d\/194503-3\/DSC02655.jpg \/><\/a><br \/>\n^ &#8230; oder rechts gehen?<\/p>\n<p><a href='http:\/\/ski.inmontanis.info\/d\/194508-2\/DSC02657.jpg'><img src=http:\/\/ski.inmontanis.info\/d\/194507-3\/DSC02657.jpg \/><\/a><br \/>\n^ Wir gingen links und kamen dann nach einigem Fu\u00dfweg in ein Hotel, wo ein Dermatokozmetoloji-Kongress war. Die Herren in ihren Anz\u00fcgen und wir mit Skiklamoten auf der Suche nach einer Skipasskasse :)<\/p>\n<p><a href='http:\/\/ski.inmontanis.info\/d\/194512-2\/DSC02701.jpg'><img src=http:\/\/ski.inmontanis.info\/d\/194511-3\/DSC02701.jpg \/><\/a><br \/>\n^ Pistenplan und Skipass, der &#8211; wie auch die n\u00e4chsten Tage &#8211; mit einem Lanyard vergeben wird.<\/p>\n<p><a href='http:\/\/ski.inmontanis.info\/d\/194516-2\/DSC02658.jpg'><img src=http:\/\/ski.inmontanis.info\/d\/194515-3\/DSC02658.jpg \/><\/a><br \/>\n^ SL Karinna (7)<\/p>\n<p><a href='http:\/\/ski.inmontanis.info\/d\/194520-2\/DSC02659.jpg'><img src=http:\/\/ski.inmontanis.info\/d\/194519-3\/DSC02659.jpg \/><\/a><br \/>\n^ Der SL-Vorgipfel mit 4 von den 5 SL, Kirk\u00f6zler (5), Karinna (7), MyMountain (8) und Mandira (9)<\/p>\n<p><a href='http:\/\/ski.inmontanis.info\/d\/194524-2\/DSC02660.jpg'><img src=http:\/\/ski.inmontanis.info\/d\/194523-3\/DSC02660.jpg \/><\/a><br \/>\n^ SL Kirkg\u00f6zler (5), dahinter die 4KSB Maden (1, nicht in Betrieb) und rechts die DSB Terbiyesi (2, nicht in Betrieb)<\/p>\n<p><a href='http:\/\/ski.inmontanis.info\/d\/194528-2\/DSC02661.jpg'><img src=http:\/\/ski.inmontanis.info\/d\/194527-3\/DSC02661.jpg \/><\/a><br \/>\n^ DSB Terbiyesi (2) mit roten St\u00fctzen, heute leider nicht in Betrieb<\/p>\n<p><a href='http:\/\/ski.inmontanis.info\/d\/194532-2\/DSC02662.jpg'><img src=http:\/\/ski.inmontanis.info\/d\/194531-3\/DSC02662.jpg \/><\/a><br \/>\n^ Links die beiden KSBs  Kusaklikaya (3) und Tutyeli (4), wir sind sichtbedingt nur einmal die linke gefahren. Mittig die SL Cennetkaya 2 (18, nicht in Betrieb) und SL Italyan (11), rechts die GUB (10, nicht gefahren)<\/p>\n<p><a href='http:\/\/ski.inmontanis.info\/d\/194536-2\/DSC02663.jpg'><img src=http:\/\/ski.inmontanis.info\/d\/194535-3\/DSC02663.jpg \/><\/a><br \/>\n^ Die beiden KSBs 3+4, wir sind die linke gefahren, Null Sicht (aber tolle Piste, keine Schilder, keine Begrenzung, keine Pr\u00e4parierung war im Neuschnee zu sp\u00fcren und im dichten Nebel zu sehen), die rechte haben wir uns dann gespart.<\/p>\n<p><a href='http:\/\/ski.inmontanis.info\/d\/194540-2\/DSC02664.jpg'><img src=http:\/\/ski.inmontanis.info\/d\/194539-3\/DSC02664.jpg \/><\/a><br \/>\n^ SL Cennetkaya 2 (18, nicht in Betrieb) und SL Italyan (11)<\/p>\n<p><a href='http:\/\/ski.inmontanis.info\/d\/194544-2\/DSC02666.jpg'><img src=http:\/\/ski.inmontanis.info\/d\/194543-3\/DSC02666.jpg \/><\/a><br \/>\n^ Bergstation Gelbst\u00fctzen-SL Italyan (11) und oberer Teil SL Belv\u00fc mit orangenen St\u00fctzen<\/p>\n<p><a href='http:\/\/ski.inmontanis.info\/d\/194548-2\/DSC02667.jpg'><img src=http:\/\/ski.inmontanis.info\/d\/194547-3\/DSC02667.jpg \/><\/a><br \/>\n^ Talstation SL Belv\u00fc (12). W\u00e4hrend Trinc im Caf\u00e9 eine Pause einlegte, fuhr ich ein bissl weiter &#8230;<\/p>\n<p><a href='http:\/\/ski.inmontanis.info\/d\/194552-2\/DSC02668.jpg'><img src=http:\/\/ski.inmontanis.info\/d\/194551-3\/DSC02668.jpg \/><\/a><br \/>\n^ SL Alkoclar (13) mit blauen St\u00fctzen<\/p>\n<p><a href='http:\/\/ski.inmontanis.info\/d\/194556-2\/DSC02670.jpg'><img src=http:\/\/ski.inmontanis.info\/d\/194555-3\/DSC02670.jpg \/><\/a><br \/>\n^ SL Alkoclar (13) mit blauen St\u00fctzen<\/p>\n<p><a href='http:\/\/ski.inmontanis.info\/d\/194560-2\/DSC02715.jpg'><img src=http:\/\/ski.inmontanis.info\/d\/194559-3\/DSC02715.jpg \/><\/a><br \/>\n^ SL Alkoclar (13) Talstation<\/p>\n<p><a href='http:\/\/ski.inmontanis.info\/d\/194564-2\/DSC02673.jpg'><img src=http:\/\/ski.inmontanis.info\/d\/194563-3\/DSC02673.jpg \/><\/a><br \/>\n^ DSB Agaoglu (?), nicht im Plan nummeriert, mit orange-braunen St\u00fctzen<\/p>\n<p><a href='http:\/\/ski.inmontanis.info\/d\/194568-2\/DSC02674.jpg'><img src=http:\/\/ski.inmontanis.info\/d\/194567-3\/DSC02674.jpg \/><\/a><br \/>\n^ 4SB Cennetkaya (14) &#8211; bin ich alleine einmal gefahren, bei Nullsicht<\/p>\n<p><a href='http:\/\/ski.inmontanis.info\/d\/194572-2\/DSC02677.jpg'><img src=http:\/\/ski.inmontanis.info\/d\/194571-3\/DSC02677.jpg \/><\/a><br \/>\n^ DSB Kervansaray (?), im Plan nicht nummeriert (evtl. extra zu zahlen?), eine von den 3 DSBs, die zum rechten Gipfel mit dem Sendemast gehen<\/p>\n<p><a href='http:\/\/ski.inmontanis.info\/d\/194576-2\/DSC02679.jpg'><img src=http:\/\/ski.inmontanis.info\/d\/194575-3\/DSC02679.jpg \/><\/a><br \/>\n^ DSB Karkay (19), die man nicht unbedingt fahren muss, da man auch zum SL mit den blauen St\u00fctzen kommt, sind wir sp\u00e4ter aber nat\u00fcrlich noch gefahren.<\/p>\n<p><a href='http:\/\/ski.inmontanis.info\/d\/194580-2\/DSC02680.jpg'><img src=http:\/\/ski.inmontanis.info\/d\/194579-3\/DSC02680.jpg \/><\/a><br \/>\n^ DSB Karkay (19), Leitner mit gelben St\u00fctzen<\/p>\n<p>Trinc wieder eingesammelt, ging es auf ca. gleichem Wege wieder nach rechts&#8230;<\/p>\n<p><a href='http:\/\/ski.inmontanis.info\/d\/194584-2\/DSC02681.jpg'><img src=http:\/\/ski.inmontanis.info\/d\/194583-3\/DSC02681.jpg \/><\/a><br \/>\n^ Doppel-SL Beceren 1+2 (16), dieser darf mit dem normalen Skipass befahren werden; links von hier aus gesehen ist ein Doppel-SL, der extra zu zahlen ist; rechts die schon angesprochene DSB Kervansaray (?), weiter rechts dann die n\u00e4chsten DSBs, die alle auf den gleichen Gipfel mit dem Sendemast gehen<\/p>\n<p><a href='http:\/\/ski.inmontanis.info\/d\/194588-2\/DSC02683.jpg'><img src=http:\/\/ski.inmontanis.info\/d\/194587-3\/DSC02683.jpg \/><\/a><br \/>\n^ SL Beceren Talstation<\/p>\n<p>Und dann gibt&#8217;s da noch die ulkige Google-\u00dcbersetzung zum Doppel-SL Beceren, dessen Name <a href='https:\/\/translate.google.com\/translate?sl=auto&#038;tl=en&#038;js=y&#038;prev=_t&#038;hl=en&#038;ie=UTF-8&#038;u=http%3A%2F%2Fwww.uludaginfo.com%2Fkayak-%25C3%25B6ncesi%2Fmekanik-tesisler-ve-pistler.html&#038;edit-text=&#038;act=url'>Google Translate<\/a> wie folgt \u00fcbersetzt:<\/p>\n<blockquote><p>Fuck the Teleski 1<br \/>\nFuck the Teleski 2<\/p><\/blockquote>\n<p>:)<\/p>\n<p><a href='http:\/\/ski.inmontanis.info\/d\/194592-2\/DSC02684.jpg'><img src=http:\/\/ski.inmontanis.info\/d\/194591-3\/DSC02684.jpg \/><\/a><br \/>\n^ SL Yazici, hier braucht man einen eigenen Skipass<\/p>\n<p><a href='http:\/\/ski.inmontanis.info\/d\/194596-2\/DSC02685.jpg'><img src=http:\/\/ski.inmontanis.info\/d\/194595-3\/DSC02685.jpg \/><\/a><br \/>\n^ DSB Kervansaray (?, evtl. eigener Skipass?), nette Abfahrt im Wald<\/p>\n<p><a href='http:\/\/ski.inmontanis.info\/d\/194600-2\/DSC02688.jpg'><img src=http:\/\/ski.inmontanis.info\/d\/194599-3\/DSC02688.jpg \/><\/a><br \/>\n^ Wir probierten aber erst gar nicht, ob wir mit der zuletzt genannten DSB fahren k\u00f6nnen, denn wir wollten nat\u00fcrlich zur alten Von-Roll-DSB Fahri (17) mit den orangenen St\u00fctzen.<\/p>\n<p><a href='http:\/\/ski.inmontanis.info\/d\/194604-2\/DSC02690.jpg'><img src=http:\/\/ski.inmontanis.info\/d\/194603-3\/DSC02690.jpg \/><\/a><br \/>\n^ DSB Fahri (17)<\/p>\n<p><a href='http:\/\/ski.inmontanis.info\/d\/194608-2\/DSC02692.jpg'><img src=http:\/\/ski.inmontanis.info\/d\/194607-3\/DSC02692.jpg \/><\/a><br \/>\n^ DSB Fahri (17)<\/p>\n<p><a href='http:\/\/ski.inmontanis.info\/d\/194612-2\/DSC02693.jpg'><img src=http:\/\/ski.inmontanis.info\/d\/194611-3\/DSC02693.jpg \/><\/a><br \/>\n^ DSB Fahri (17), man streift die B\u00e4ume bei der \u00dcberfahrt<\/p>\n<p><a href='http:\/\/ski.inmontanis.info\/d\/194616-2\/DSC02697.jpg'><img src=http:\/\/ski.inmontanis.info\/d\/194615-3\/DSC02697.jpg \/><\/a><br \/>\n^ DSB Fahri (17), Zwischenausstieg<\/p>\n<p><a href='http:\/\/ski.inmontanis.info\/d\/194620-2\/DSC02698.jpg'><img src=http:\/\/ski.inmontanis.info\/d\/194619-3\/DSC02698.jpg \/><\/a><br \/>\n^ DSB Kervansaray (?, links) und DSB Fahri (17, mitte)<\/p>\n<p><a href='http:\/\/ski.inmontanis.info\/d\/194624-2\/DSC02700.jpg'><img src=http:\/\/ski.inmontanis.info\/d\/194623-3\/DSC02700.jpg \/><\/a><br \/>\n^ Sendemastgipfel mit DSB Kervansaray (?, links), DSB Fahri (17, mitte) und DSB Karakuvvetleri (?, rechts) &#8211; wir sind nur die mittlere gefahren, es war nass und ein kalter Wind hier oben. Sind auch erst mal oben in die H\u00fctte zum Trocknen und &#8211; f\u00fcr mich &#8211; zum Essen. War aber relativ teuer, das K\u00f6fte Ekmek (Fleischb\u00e4llchen-Sandwich) und ich fand&#8217;s auch etwas fad vom Geschmack her, dieser Eindruck sollte sich an einem anderen Tag bei gleichem Produkt nochmals wiederholen.<\/p>\n<p><a href='http:\/\/ski.inmontanis.info\/d\/194628-2\/DSC02708.jpg'><img src=http:\/\/ski.inmontanis.info\/d\/194627-3\/DSC02708.jpg \/><\/a><br \/>\n^ Eine der netten Waldabfahrten im rechten Skigebietsteil<\/p>\n<p><a href='http:\/\/ski.inmontanis.info\/d\/194632-2\/DSC02710.jpg'><img src=http:\/\/ski.inmontanis.info\/d\/194631-3\/DSC02710.jpg \/><\/a><br \/>\n^ DSB Karkay (19), das ist die rechts des Blaust\u00fctzen-SL<\/p>\n<p><a href='http:\/\/ski.inmontanis.info\/d\/194636-2\/DSC02711.jpg'><img src=http:\/\/ski.inmontanis.info\/d\/194635-3\/DSC02711.jpg \/><\/a><br \/>\n^ DSB Karkay (19), Bergstation<\/p>\n<p><a href='http:\/\/ski.inmontanis.info\/d\/194640-2\/DSC02712.jpg'><img src=http:\/\/ski.inmontanis.info\/d\/194639-3\/DSC02712.jpg \/><\/a><br \/>\n^ .. hier g\u00e4be es auch ein Restaurant<\/p>\n<p><a href='http:\/\/ski.inmontanis.info\/d\/194644-2\/DSC02718.jpg'><img src=http:\/\/ski.inmontanis.info\/d\/194643-3\/DSC02718.jpg \/><\/a><br \/>\n^ Wieder am SL-Gipfel, diesmal am SL MyMountain (8)<\/p>\n<p><a href='http:\/\/ski.inmontanis.info\/d\/194648-2\/DSC02719.jpg'><img src=http:\/\/ski.inmontanis.info\/d\/194647-3\/DSC02719.jpg \/><\/a><br \/>\n^ SL Karinna und das Hotel, wo wir heute fr\u00fch unseren Skipass kauften<\/p>\n<p><a href='http:\/\/ski.inmontanis.info\/d\/194652-2\/DSC02720.jpg'><img src=http:\/\/ski.inmontanis.info\/d\/194651-3\/DSC02720.jpg \/><\/a><br \/>\n^ Andere Hotels<\/p>\n<p><a href='http:\/\/ski.inmontanis.info\/d\/194656-2\/DSC02725.jpg'><img src=http:\/\/ski.inmontanis.info\/d\/194655-3\/DSC02725.jpg \/><\/a><br \/>\n^ Gondelfahrt \u00fcber die H\u00e4user<\/p>\n<p><a href='http:\/\/ski.inmontanis.info\/d\/194660-2\/ge20150303a.jpg'><img src=http:\/\/ski.inmontanis.info\/d\/194659-3\/ge20150303a.jpg \/><\/a><br \/>\n^ GPS-Track mit Bursa; rot die abgebaute VonRoll-Seitw\u00e4rts-KDSB, die ehemalige 3. Sektion nach 2 Sektionen PB<\/p>\n<p><a href='http:\/\/ski.inmontanis.info\/d\/194664-2\/ge20150303c.jpg'><img src=http:\/\/ski.inmontanis.info\/d\/194663-3\/ge20150303c.jpg \/><\/a><br \/>\n^ GPS-Track im Skigebiet, blau+magenta die nicht gefahrenen Lifte; evtl. h\u00e4tte einer der beiden blauen DSBs rechts auch noch magenta eingezeichnet werden m\u00fcssen (wei\u00df nicht, ob da unser Skipass gegolten h\u00e4tte)<\/p>\n<p><a href='http:\/\/ski.inmontanis.info\/d\/194668-2\/ge20150303d.jpg'><img src=http:\/\/ski.inmontanis.info\/d\/194667-3\/ge20150303d.jpg \/><\/a><br \/>\n^ Tja, und dieses tolle Meer-Pano h\u00e4tte man an den Bergstationen der KSBs &#8212; ich muss hier absolut noch mal her.<\/p>\n<p>Etwas nach 16 Uhr fuhren wir wieder runter, kauften uns im Starbucks direkt IM Talstationsumlaufbereich noch ein bissl was S\u00fc\u00dfes und fuhren dann langsam wieder weiter.<\/p>\n<p>Fazit: Nettes Skigebiet, das aufgrund der nicht gefahrenen Lifte und nicht zu sehen gewesenden Panoramas meinerseits einen 2. Besuch bedingt.<\/p>\n<p>Au\u00dferdem war das nicht nur mein erster Skitag in der T\u00fcrkei, sondern auch mein erster Skitag in Asien, und somit mein erster Skitag au\u00dferhalb Europas (wieso ist Europa egtl. der einzige Kontinent, der nicht mit &#8220;A&#8221; anf\u00e4ngt?). Hat sich aber nat\u00fcrlich auch nicht anders angef\u00fchlt wie auf der anderen Seite der Grenze ;)<\/p>\n<p>Links der linken KSB ist ein kleines Plateau, hier sind auf alten Sat-Bildern H\u00e4user bzw. Fundamente zu sehen &#8211; mittlerweile ist da alles platt gemacht, es war da aber eine Wolfram-Mienie,hier 2 Bilder:<\/p>\n<p><a href='http:\/\/www.panoramio.com\/photo\/11994546'>http:\/\/www.panoramio.com\/photo\/11994546<\/a><\/p>\n<p><a href='http:\/\/www.panoramio.com\/photo\/501164'>http:\/\/www.panoramio.com\/photo\/501164<\/a><\/p>\n<p>Noch 2 \u00e4ltere Pistenpl\u00e4ne:<\/p>\n<p><a href='http:\/\/www.izmirgunluktur.com\/images\/Ulumap.jpg'>http:\/\/www.izmirgunluktur.com\/images\/Ulumap.jpg<\/a><\/p>\n<p><a href='http:\/\/www.skiingturkey.com\/images\/uludag_ski_tracks.jpg'>http:\/\/www.skiingturkey.com\/images\/uludag_ski_tracks.jpg<\/a><\/p>\n<p>Einen ESL gab es wohl auch mal:<\/p>\n<p><a href='http:\/\/www.panoramio.com\/photo\/94779777'>http:\/\/www.panoramio.com\/photo\/94779777<\/a><\/p>\n<p><a href='http:\/\/extra.inmontanis.info\/d\/26865-2\/DSC02728.jpg'><img src=http:\/\/extra.inmontanis.info\/d\/26864-3\/DSC02728.jpg \/><\/a><br \/>\n^ Fahrt durch Bursa<\/p>\n<p><a href='http:\/\/extra.inmontanis.info\/d\/26869-2\/DSC02729.jpg'><img src=http:\/\/extra.inmontanis.info\/d\/26868-3\/DSC02729.jpg \/><\/a><br \/>\n^ Fahrt durch Bursa<\/p>\n<p><a href='http:\/\/extra.inmontanis.info\/d\/26873-2\/DSC02735.jpg'><img src=http:\/\/extra.inmontanis.info\/d\/26872-3\/DSC02735.jpg \/><\/a><br \/>\n^ Tiefe Pf\u00fctzen<\/p>\n<p><a href='http:\/\/extra.inmontanis.info\/d\/26877-2\/DSC02738.jpg'><img src=http:\/\/extra.inmontanis.info\/d\/26876-3\/DSC02738.jpg \/><\/a><br \/>\n^ Kurz nach Bursa<\/p>\n<p><a href='http:\/\/extra.inmontanis.info\/d\/26881-2\/DSC02746.jpg'><img src=http:\/\/extra.inmontanis.info\/d\/26880-3\/DSC02746.jpg \/><\/a><br \/>\n^ \u00dcber die mich namentlich ans K\u00fchtai erinnernde Stadt K\u00fctahya gings richtung Antalya &#8230;<\/p>\n<p><a href='http:\/\/extra.inmontanis.info\/d\/26885-2\/DSC02751.jpg'><img src=http:\/\/extra.inmontanis.info\/d\/26884-3\/DSC02751.jpg \/><\/a><br \/>\n^ Glaub das k\u00f6nnte K\u00fctahya sein<\/p>\n<p><a href='http:\/\/extra.inmontanis.info\/d\/26889-2\/DSC02756.jpg'><img src=http:\/\/extra.inmontanis.info\/d\/26888-3\/DSC02756.jpg \/><\/a><br \/>\n^ Die dunklen, nassen Stra\u00dfen waren sehr anstrengend zu fahren, boten aber auch ungewohnte Szenerien<\/p>\n<p><a href='http:\/\/extra.inmontanis.info\/d\/26893-2\/DSC02758.jpg'><img src=http:\/\/extra.inmontanis.info\/d\/26892-3\/DSC02758.jpg \/><\/a><br \/>\n^ Wie schon in meinem Norwegenbericht letztes Jahr gesagt &#8211; ich hasse tiefschwarzen Stra\u00dfenbelag in der Nacht.<\/p>\n<p><a href='http:\/\/extra.inmontanis.info\/d\/26897-2\/DSC02761.jpg'><img src=http:\/\/extra.inmontanis.info\/d\/26896-3\/DSC02761.jpg \/><\/a><br \/>\n^ Komm mir vor wie auf einem Schiff mit beleuchteten Bojen links und rechts :)<\/p>\n<p><a href='http:\/\/extra.inmontanis.info\/d\/26901-2\/DSC02764.jpg'><img src=http:\/\/extra.inmontanis.info\/d\/26900-3\/DSC02764.jpg \/><\/a><br \/>\n^ Ja, ich geb&#8217;s ja zu, der spiegelnde, nasse Asphalt war schon auch irgendwie nett.<\/p>\n<p>Kurz vor unserem Hotel kamen wir an einem McDonalds vorbei, und da wir nicht wussten, ob es im Hotel noch was g\u00e4be, und da man in einem fremden Land ja doch wenigstens einmal in einem McDonalds die f\u00fcr uns fremden Speisen probieren muss&#8230;<\/p>\n<p><a href='http:\/\/extra.inmontanis.info\/d\/26905-2\/IMG_1150.jpg'><img src=http:\/\/extra.inmontanis.info\/d\/26904-3\/IMG_1150.jpg \/><\/a><br \/>\n^ Trinc&#8217;s Abendessen, ich a\u00df auch so einen t\u00fcrkischen Burger rechts und Pommes.<\/p>\n<p>Nach ca. 4 Stunden (seit Bursa) erreichten wir in Gazlig\u00f6l unser heutiges Hotel, Thermal Apart um g\u00fcnstige ca. 43,- \u00dcF (f\u00fcr das Zimmer mit 2x Fr\u00fchst\u00fcck), das sogar einen eigenen Thermal-Pool h\u00e4tte, den wir aber zeitm\u00e4\u00dfig nicht verwendeten (Internet surfen war uns dann doch wichtigr :) ) &#8211; leider ist das Zimmer extrem warm (und wir nicht wissend, wo die Hitze her kommt, gibt jedenfall keine Heizung, keine Heizungssteuerung und auch keine Klima hier), aber das Fenster (mit Fliegennetzen) lie\u00dfen wir einfach so lang wie m\u00f6glich offen, das bescherte uns im Schlafzimmer doch noch eine angenehme Temperatur. Bad\/WC-Bereich fand ich ansonsten sehr n\u00fcchtern, nicht wirklich sch\u00f6n und nur halbwegs sauber. Parkplatz war auch ewig weg.<\/p>\n<p>Als wir ankamen, gab es nur einen Mitarbeiter, der halbwegs Englisch sprach, auf die Frage nach der Fr\u00fchst\u00fcckszeit wurde uns 9 Uhr genannt, worauf wir uns auf unseren Wunsch hin f\u00fcr 8 Uhr geeinigt hatten. Sp\u00e4ter wurde uns noch eine Flasche Wasser gratis vorbei gebracht.<\/p>\n<p><a href='http:\/\/extra.inmontanis.info\/d\/26909-2\/DSC02766.jpg'><img src=http:\/\/extra.inmontanis.info\/d\/26908-3\/DSC02766.jpg \/><\/a><br \/>\n^ Unsere heutige Unterkunft, ein Thermal-Hotel, leider extreme Hitze im Zimmer und keine Heizung zum Abstellen!<\/p>\n<p><a href='http:\/\/extra.inmontanis.info\/d\/26913-2\/DSC02767.jpg'><img src=http:\/\/extra.inmontanis.info\/d\/26912-3\/DSC02767.jpg \/><\/a><br \/>\n^ Schlafzimmer, wir lie\u00dfen das Fenster stundenlang offen, um die Temperatur angenehmer zu machen. Wie in den meisten T\u00fcrkischen Hotels gibt&#8217;s zus\u00e4tzlich zu Duschgel usw. auch Hausschuhe und andere Dinge, wie manchmal Zahnb\u00fcrsten, K\u00e4mme, Schuhputzschwamm, N\u00e4hzeug etc.<\/p>\n<p><a href='http:\/\/extra.inmontanis.info\/d\/26917-2\/DSC02768.jpg'><img src=http:\/\/extra.inmontanis.info\/d\/26916-3\/DSC02768.jpg \/><\/a><br \/>\n^ Im Badezimmer dieser Wohnung befindet sich auch ein eigener Thermal-Pool, den wir zeitbedingt leider nicht genutzt hatten.<\/p>\n<p>Am n\u00e4chsten Tag war ich kurz nach 8 Uhr im Fr\u00fchst\u00fcckssaal, es war auf einem Platz gedeckt, es sah somit so aus, als ob das f\u00fcr uns w\u00e4re. Die Sachen waren zwar haupts\u00e4chlich abgedeckt, aber an den meisten Sachen konnte man sich bedienen. Um 8:20 kamen die Kellner und ich bekam einen Anschiss, wobei die kein Englisch sprachen und wir uns gegenseitig nicht verst\u00e4ndigen konnten. Gleichzeitig klingelte aber das Telefon, so dass nach einigen Diskussionen evtl. den Kellnern Bescheid gegeben wurde?! Jedenfalls trotzdem eine unn\u00f6tig nervige Erfahrung. Offiziell w\u00e4re dann wohl ab 8:30 Einlass gewesen.<\/p>\n<p>Noch ein kleiner Hinweis zum Schluss: Aus Bequemlichkeitsgr\u00fcnden schreibe ich die t\u00fcrkischen Namen mit dem mir zur Verf\u00fcgungstehenden Alphabet. Bei c und c mit Haken macht das nicht viel Unterschied (spricht man dsch und tsch), aus einem s macht der Haken unten aber ein &#8220;sch&#8221;, zwischen dem i mit und dem i ohne Punkt gibt es ebenfalls eine unterschiedliche Aussprache und das g mit dem Haken oben wie bei Uludag ist &#8230; komplizierter.<\/p>\n<p>(Fortsetzung folgt.)<\/p>\n","protected":false},"excerpt":{"rendered":"<p>Di, 3.3.2015 &#8211; Tag 4, Uludag \/ Bursa (T\u00fcrkei), km 3.295 (\u2206 270)<\/p>\n<p>Da wir gestern Nacht ja erst so sp\u00e4t unser Hotel erreichten, kamen wir entsprechend sp\u00e4t weg und waren erst nach 10 Uhr an der Gondel, wobei die Fahrt durch die 2 Mio-Stadt Bursa entsprechend chaotisch war. Mit Bursa verbindet mich \u00fcbrigens noch <a href=\"http:\/\/blog.inmontanis.info\/?p=3104\">[&#8230;]<\/a><\/p>\n","protected":false},"author":1,"featured_media":0,"comment_status":"closed","ping_status":"closed","sticky":false,"template":"","format":"standard","meta":{"footnotes":""},"categories":[141,59,27,144,802],"tags":[49,53,51,38,47],"class_list":["post-3104","post","type-post","status-publish","format-standard","hentry","category-2015-03-balkan-turkei-kaukasus","category-nostalgie","category-skifahren-winterskiing-winter","category-turkei","category-uludag","tag-4sb","tag-8eub","tag-architektur","tag-dsb","tag-sl","odd"],"_links":{"self":[{"href":"http:\/\/blog.inmontanis.info\/index.php?rest_route=\/wp\/v2\/posts\/3104","targetHints":{"allow":["GET"]}}],"collection":[{"href":"http:\/\/blog.inmontanis.info\/index.php?rest_route=\/wp\/v2\/posts"}],"about":[{"href":"http:\/\/blog.inmontanis.info\/index.php?rest_route=\/wp\/v2\/types\/post"}],"author":[{"embeddable":true,"href":"http:\/\/blog.inmontanis.info\/index.php?rest_route=\/wp\/v2\/users\/1"}],"replies":[{"embeddable":true,"href":"http:\/\/blog.inmontanis.info\/index.php?rest_route=%2Fwp%2Fv2%2Fcomments&post=3104"}],"version-history":[{"count":3,"href":"http:\/\/blog.inmontanis.info\/index.php?rest_route=\/wp\/v2\/posts\/3104\/revisions"}],"predecessor-version":[{"id":3108,"href":"http:\/\/blog.inmontanis.info\/index.php?rest_route=\/wp\/v2\/posts\/3104\/revisions\/3108"}],"wp:attachment":[{"href":"http:\/\/blog.inmontanis.info\/index.php?rest_route=%2Fwp%2Fv2%2Fmedia&parent=3104"}],"wp:term":[{"taxonomy":"category","embeddable":true,"href":"http:\/\/blog.inmontanis.info\/index.php?rest_route=%2Fwp%2Fv2%2Fcategories&post=3104"},{"taxonomy":"post_tag","embeddable":true,"href":"http:\/\/blog.inmontanis.info\/index.php?rest_route=%2Fwp%2Fv2%2Ftags&post=3104"}],"curies":[{"name":"wp","href":"https:\/\/api.w.org\/{rel}","templated":true}]}}