{"id":3090,"date":"2015-02-27T22:52:22","date_gmt":"2015-02-27T21:52:22","guid":{"rendered":"http:\/\/blog.inmontanis.info\/?p=3090"},"modified":"2015-04-01T01:10:21","modified_gmt":"2015-03-31T23:10:21","slug":"reisevorbereitungen-und-abfahrt-27-2-2015","status":"publish","type":"post","link":"http:\/\/blog.inmontanis.info\/?p=3090","title":{"rendered":"Reisevorbereitungen und Abfahrt, 27.2.2015"},"content":{"rendered":"<p><strong>T-2279<\/strong><\/p>\n<p>Im Herbst 2008 war ich zur Erweiterung meines Horizonts virtuell in Osteuropa unterwegs &#8211; ich durchforstete im Internet erstmals Griechenland, Serbien, Bosnien, Bulgarien und die T\u00fcrkei. Am 2.12.2008 postete ich meinen ersten \u00dcberblick, eilig hatte ich es aber nicht mit einem Besuch, da ich zwar interessante Skigebiete entdeckte, allerdings kaum alte Lifte, andere L\u00e4ndern waren also erstmal wichtiger. <\/p>\n<p><strong>T-828<\/strong><\/p>\n<p>Zwischenzeitlich besuchte ich Griechenland, Bulgarien, Rum\u00e4nien und einige andere L\u00e4nder und postete am 22.11.2012 eine \u00fcberarbeitete Version der Skigebiete der T\u00fcrkei:<br \/>\n<a href='http:\/\/www.sommerschi.com\/forum\/wintersport-infrastruktur-f9\/skigebiete-in-der-tuerkei-%C3%9Cberblick--t1548.html'>http:\/\/www.sommerschi.com\/forum\/wintersport-infrastruktur-f9\/skigebiete-in-der-tuerkei-%C3%9Cberblick&#8211;t1548.html<\/a><\/p>\n<p>Dennoch, andere L\u00e4nder gingen vor, und so ging es im Winter 2012\/2013 in die Balkanl\u00e4nder, wo mich Trincerone einige Tage begleitete.<\/p>\n<p>Ganz aus der Welt war eine Tour in die T\u00fcrkei aber weiterhin nicht, Trincerone und ich chatteten via Skype immer mal wieder diesbez\u00fcglich. Aufgrund der weiten Strecke w\u00e4re mir ein Mitfahrer zur Kostenbeteiligung ganz recht. Im Winter 2013\/14 hatte weder Trincerone ausreichend Zeit daf\u00fcr, noch gab es in der T\u00fcrkei sonderlich viel Schnee, genauer gesagt, es lag die meiste Zeit so gut wie nichts, als ich mir hin und wieder die Schneeh\u00f6hen ansah.<\/p>\n<p><strong>T-257<\/strong><\/p>\n<p>Mitten im Sommer sprach ich Trinc an, was wir 2014\/2015 angehen wollen &#8211; lieber S\u00fcdamerika (das ebenfalls seit ein paar Jahren ein Thema f\u00fcr uns w\u00e4re) &#8211; oder die T\u00fcrkei, die wir &#8211; oder zumindest ich &#8211; danach nicht mehr aus den Augen lie\u00dfen, wobei Trinc bereits im Oktober auf eine Erweiterung nach Osten tendierte (Georgien, Iran), was also eine Fahrstrecke von 11.-12.000 km bedeuten w\u00fcrde.<\/p>\n<p><strong>T-114<\/strong><\/p>\n<p>Im November bzw. Dezember 2014 meldete ich in meiner Arbeit den Wunsch an, diesen Winter ausnahmsweise 3 Wochen am St\u00fcck Urlaub gehen zu d\u00fcrfen &#8211; eine Ski-Reise durch die T\u00fcrkei ist in 2 Wochen nicht sinnvoll machbar. Im Dezember kamen mir dann Zweifel, ob es nicht doch dringendere Ziele g\u00e4be &#8211; Iran oder Russland. Trinc w\u00e4re f\u00fcr alles offen, einen Zeitraum freihalten bzw. nennen kann er jedoch nicht. <\/p>\n<p><strong>T-47<\/strong><\/p>\n<p>Mitte Januar zeichnete sich ab, dass heuer ein wesentlich besserer Winter in der T\u00fcrkei werden sollte. Ich aktualisierte nochmals meine T\u00fcrkei-\u00dcbersicht. Mittlerweile waren die f\u00fcr mich m\u00f6glichen Termine f\u00fcr eine Reise auch etwas beschr\u00e4nkt, ich hatte mich auf 3 Wochen ab 31.1. oder 7.2. eingestellt. Trinc konnte erst ab 14.2. und wollte doch auch unbedingt Georgien und Armenien mitnehmen. Also noch kurz eine \u00dcbersicht \u00fcber diese L\u00e4nder erstellt und je 2 Skitage dort angedacht und festgestellt, dass die gemeinsame Zeitspanne zu kurz ist. Es gab allerdings noch einen alternativen Zeitraum, n\u00e4mlich die ersten beiden M\u00e4rzwochen, hier hatte Trinc mehr Zeit und auch ich konnte mir vom 28.2. bis 18.3. Urlaub nehmen &#8211; allerdings keine vollen 3 Wochen.<\/p>\n<p>Nebenbei hatte der Termin noch weitere Vorteile: 1. hatte ich mittlerweile im Internet gelesen, dass Februar doch noch sehr winterlich in der T\u00fcrkei sein soll, und wir beide sind eher die Fr\u00fchjahrs-Fans. Auf -20\u00b0 hab ich keine Lust..<\/p>\n<p>2. Wenn es nur 2,5 Wochen sind, kann man ja im Februar noch eine Woche Italien\/Appennin mitnehmen.<\/p>\n<p>Ebenfalls positiv schien mir, dass wir in der ersten Woche Vollmond bekommen &#8211; falls wir irgendwelche n\u00e4chtlichen Fotosessions oder Skiaktionen machen wollten, ist das praktisch &#8211; und au\u00dferdem hat&#8217;s in der Vollmondwoche doch gerne mal sch\u00f6neres Wetter, oder? <\/p>\n<p><strong>T-26<\/strong><\/p>\n<p>Im Zuge der Vorbereitungen war ich heute beim \u00d6AMTC und hab mir einen internationalen F\u00fchrerschein (1 Jahr g\u00fcltig, \u20ac 14,10) und einen internationalen Zulassungsschein (1 Jahr g\u00fcltig, \u20ac 19,60) geholt. Beides sollte lt. L\u00e4nderinfo f\u00fcr Georgien und Armenien sinnvoll sein. In Wirklichkeit haben dann alle L\u00e4nder nur den &#8220;Car Passport&#8221;, also die deutschsprachige Zulassung gewollt und sich nicht wirklich f\u00fcr die \u00dcbersetzungen interessiert. Vom \u00d6AMTC bekam ich auch noch weitere Karten mit, insbesondere die \u00dcberblickskarte der T\u00fcrkei sollte uns sp\u00e4ter treue Dienste leisten. Nebenbei lie\u00df ich mir noch einen Reisekrankenschein f\u00fcr die T\u00fcrkei von der Krankenkasse zuschicken und erkundigte mich nach den Versicherungen, da meine &#8220;gr\u00fcne Karte&#8221; nicht mal f\u00fcr die T\u00fcrkei gilt, geschweige denn in Georgien oder Armenien. Bei Amazon bestellte ich noch einen neuen Auto-Feuerl\u00f6scher (f\u00fcr einige L\u00e4nder ben\u00f6tigt) und eine T\u00fcrkei-Stra\u00dfenkarte.<\/p>\n<p><strong>T-14 bis T-5<\/strong><\/p>\n<p>F\u00fcr 9 Tage war ich nun \u00fcber die Faschingswoche in den Alpen und im Appennin unterwegs und musste meine Reisevorbereitungen unterbrechen&#8230;.<\/p>\n<p><strong>T-11<\/strong><\/p>\n<p>Mitten im Urlaub in Italien setzt mir Trinc die Pistole auf die Brust, er m\u00fcsse nun unbedingt heute noch die Fl\u00fcge buchen. Ich hatte die halben Planungen aber gar nicht dabei und hatte von ihm auch gar keine R\u00fcckmeldung erhalten, welche Gebiete er nun mitnehmen m\u00f6chte und welche nicht! Stundenlang diskutierten wir \u00fcber die m\u00f6glichen Routen und von wo er wieder abfliegen k\u00f6nnte, er m\u00fcsse nun doch fr\u00fcher fliegen bzw. wollte noch fr\u00fcher dort sein, von wo er zur\u00fcckfliegen w\u00fcrde &#8211; ein gleicher An- und Abflughafen war so mit meinem Routenwunsch nicht in Einklang zu bringen. Ich strich den 2. Skitag in Armenien (die beiden Gebiete kann man eh an einem Tag kombinieren), nach einigen Stunden einigten wir uns auf Ankunft Istanbul (Montag sp\u00e4tabends) und Abflug in Ergan und Trinc buchte seine Fl\u00fcge.<\/p>\n<p><strong>T-5<\/strong><\/p>\n<p>Jetzt wird&#8217;s heftig. Nach einer Woche in Italien hab ich nun gerade einmal 4 N\u00e4chte (egtl. 5, aber ich kam ja erst um 0:40 von Italien wieder zur\u00fcck) und 5 Tage, um die letzten Vorbereitungen zu machen, 3 Ladungen W\u00e4sche zu waschen und die Sachen zu packen&#8230;. Obwohl ich im Vorhinein doch schon vo viel gemacht hatte, es blieb auch noch so viel \u00fcbrig&#8230;<\/p>\n<p><strong>T-4 bis T-0<\/strong><\/p>\n<p>Erneuter Besuch beim \u00d6AMTC mit Abschluss einer Reisevollkasko-Versicherung f\u00fcr mein Auto, mit 100% Aufschlag weil Erg\u00e4nzung um einige au\u00dfereurop\u00e4ische Staaten &#8211; Georgien war dabei, Armenien dagegen nicht. Da sollte man dann also vorsichtig fahren &#8230;. Mit Zusatzrabatt wg. erh\u00f6htem Selbstbehalt und geringster Stufe (mein Fiat ist nur noch weniger als 7.000,- \u20ac wert) kostete das dann 173,26 \u20ac. Zus\u00e4tzlich nahm ich noch um 38,- \u20ac eine &#8220;Weltschutz&#8221;-Kranken\/Reiseversicherung mit &#8211; da ich mir nicht sicher war, ob ich in Georgien und Armenien ausreichend Versicherungsschutz hatte.<\/p>\n<p>Die Vorbereitungen f\u00fcr diese Reise sind also nicht nur sehr umfangreich, sondern auch sehr teuer&#8230;. Immerhin braucht man als Deutscher &#8211; im Gegensatz zu \u00d6sterreichern &#8211; in der T\u00fcrkei kein Visa, und auch in Georgien und Armenien wird kein Visa ben\u00f6tigt. Das macht diese Reise wenigstens etwas unproblematischer..<\/p>\n<p>Was die Haftpflichtversicherung anging (gr\u00fcne Karte), m\u00fcsste ich diese an der Grenze zur T\u00fcrkei kaufen, ebenso an der Grenze zu Armenien. F\u00fcr Georgien sollte es egtl. auch eine an der Grenze geben, aber wie es sich dann vor Ort herausstellte, gab es dort weder die Notwendigkeit noch die M\u00f6glichkeit, eine Versicherung abzuschlie\u00dfen. D.h. in Georgien war ich ohne Haftpflicht aber mit Kasko, in Armenien ohne Kasko aber mit Haftpflicht unterwegs. Wobei evtl. f\u00fcr Georgien eine der anderen Versicherungen eingesprungen w\u00e4re, zumindest Teilweise, weil dort irgendwowas von &#8220;Reisehaftpflicht&#8221; stand &#8211; ob das nun auch f\u00fcr Autos gilt oder nicht ..<\/p>\n<p>Ok, was war sonst noch zu tun, an den letzten Tagen?<\/p>\n<p>&#8211; Ich las im Internet kuriose Dinge \u00fcber die Zollvorschriften der T\u00fcrkei, man d\u00fcrfe nur ein technisches Ger\u00e4t mitnehmen, also nur 1 Navi, nur 1 Digicam. Und ich hab ja jeweils schon mal 2. Lassen wir&#8217;s drauf ankommen. Au\u00dferdem meinten einige Forenberichte, man solle teure Dinge am Zoll bei der Hinfahrt best\u00e4tigen lassen, um bei der R\u00fcckfahrt keine Probleme zu bekommen. Alternativ k\u00f6nnte man sich aber evtl. auch Rechnungsbelege mitnehmen &#8211; also machte ich ein paar Kopien von mein teuersten Ger\u00e4ten (Navis, Digicams, Notebook).<\/p>\n<p>&#8211; Playlists f\u00fcr meinen iPod erstellen mit den neuesten Liedern > 3 Sterne und einigen \u00e4lteren > 4 Sterne, das ganze Mixen und in 10-15 handliche 100-Tracks-Listen zusammenstellen, um f\u00fcr die gemeinsamen Autofahrten ger\u00fcstet zu sein&#8230;.<\/p>\n<p>&#8211; Vorsorglich ein paar grobe Karten f\u00fcr Georgien und Armenien ausdrucken. Die Ecke ist zwar auch in der T\u00fcrkei-Karte abgedeckt, dort aber die Orte nur mit lateinischer Schrift eingetragen. Und da ich nicht wusste, wie durchgehend 2-sprachig die Schilder in Georgien und Armenien sind &#8230; (im Endeffekt: nicht ben\u00f6tigt)<\/p>\n<p>&#8211; das georgische und das armenische Alphabet von wikipedia ausgedruckt, falls wir mal etwas entziffern m\u00fcssten (im Endeffekt: nicht ben\u00f6tigt)<\/p>\n<p>&#8211; ein Blatt mit ein paar \u00dcbersetzungen in Englisch, T\u00fcrkisch, Georgisch, Armenisch und Russisch erstellt und ausgedurck (im Endeffekt: fast nicht ben\u00f6tigt)<\/p>\n<p>&#8211; f\u00fcr eine vor ein paar Wochen downgeloadete, gratis Routenplanungs-App am iPhone die n\u00f6tigen L\u00e4nder downloaden, sowie meine aktuelle POI-Datei \u00fcbertragen und ein Backup des iPhones machen. In Georgien und Armenien hat mein Navi keine Karte, daher das iPhone als 3. Navi :)<\/p>\n<p>&#8211; die POIs zumindest in eines meiner beiden Navis \u00fcbertragen<\/p>\n<p>&#8211; die zusammengesammelten Infos und Vorplanungen, sowie ein paar TV-Aufnahmen auf Notebook \/ USB-Festplatte kopieren<\/p>\n<p>&#8211; Hotels f\u00fcr Montag und Dienstag Nacht buchen, das erledigte ich am Mittwoch. Montag w\u00fcrde eine kurze Nacht werden, da Trinc erst nachts in Istanbul ankommt und wir am Dienstag in Bursa\/Uludag skifahren wollen. Ich entschied mich f\u00fcr ein Hotel in Bursa, weil auf dem Weg nicht wirklich was vern\u00fcnftiges war bzw. weil wir dann so evtl. noch fr\u00fchst\u00fccken k\u00f6nnten, falls wir zeitig genug ankommen w\u00fcrden. Jedenfalls w\u00e4re da keine Zeit mehr f\u00fcr die Hotelsuche f\u00fcr Dienstag, also buchte ich f\u00fcr Dienstag auch gleich eines.<\/p>\n<p>&#8211; ein paar TV-Aufnahmen programmieren (im Endeffekt: umsonst, da sich mein Mac Mini leider nach 3 Tagen aufhing) <\/p>\n<p>&#8211; nochmal checken, ob man irgendwelche aktuellen Infos hinsichtlich der Grenzen zwischen T\u00fcrkei und Georgien bzw. Georgien und Armenien findt. Wintersperren? \u00d6ffnungszeiten? Leider nicht wirklich allzuviel Infos gefunden &#8230;<\/p>\n<p>&#8211; Wetterberichte checken, wo kann ich die ersten Tage auf den Weg nach Istanbul skifahren? Und geht sich das von der Fahrzeit her aus?<\/p>\n<p>&#8211; die vordere H\u00e4lfte meines Bettgestells im Auto ausbauen<\/p>\n<p>&#8211; und last but not least: die Koffer packen&#8230;<\/p>\n<p><a href='http:\/\/extra.inmontanis.info\/d\/26573-2\/DSC07030.jpg'><img src=http:\/\/extra.inmontanis.info\/d\/26572-3\/DSC07030.jpg \/><\/a><br \/>\n^ Noch nie hatte ich f\u00fcr eine Reise so viel Vorbereitungen gehabt wie f\u00fcr diese&#8230;.<\/p>\n<p><strong>T-1 &#8211; 26.2.2015<\/strong><\/p>\n<p>Trotz so langer Vorbereitungszeit hatte ich heute doch noch eine lange Liste zu erledigen &#8211; und nicht alles geschafft. Grund mal wieder: Das Wetter, das mir die Planungen f\u00fcr das WE zerst\u00f6rt. Einige Berichte gaben Hoffnung auf Sonnenschein am Sonntag in Pilio, aber wollte ich das schaffen, m\u00fcsste ich morgen, am Freitag, noch bis Ungarn fahren und Samstag dann ganztags bis Griechenland durch. Anderen Wetterberichten nach war das keine gute Idee &#8211; wobei auch weiter n\u00f6rdlich nicht viel Sonne zu erwarten w\u00e4re. Samstag sollte z.B. in Slowenien und \u00d6sterreich noch recht sonnig werden. Also doch da bleiben? Schlie\u00dflich entschied ich mich f\u00fcr eine Fahrt bis Ungarn morgen nach der Arbeit.<\/p>\n<p>Ein gutes und g\u00fcnstiges Hotel in Ungarn nahe der Autobahn zwischen \u00d6sterreich und Budapest zu finden, scheint gar nicht so einfach zu sein. Gibt zwar viele, die g\u00fcnstig sind, aber fast alle hatten mir zu viele negative Bewertungen auf boooking.com. \u00dcbrig blieb das Hotel Amarillis bei Gy\u00f6r, das ich f\u00fcr 27,- + 4,- \u20ac Fr\u00fchst\u00fcck buchte.  Eigentlich h\u00e4tte ich morgen nach der Arbeit direkt losfahren wollen, aber &#8211; ich hatte es heute nicht mehr geschafft, meine Koffer zu packen. Gar nichts! <\/p>\n<p><strong>27.2.2015, Tag 0, km ca. 610<\/strong><\/p>\n<p>W\u00e4re ich jetzt ein R\u00f6mer, h\u00e4tte ich ein Problem &#8211; denn die kannten doch keine 0, oder? Wie h\u00e4tte ich dann den heutigen Tag nummerieren sollen?  :)<\/p>\n<p>Um 15:30 hatte ich Feierabend und musste also notgedrungen nochmal heim und Kofferpacken. Obwohl ich die letzten Urlaube es immer so sch\u00f6n geschafft hatte, 1-2 Tage vorher zu packen, wollte das diesmal nichts werden. Auch, weil ich nach der Italien-Reise letzte Woche ja 3x eine Ladung W\u00e4sche zu waschen hatte und die ja auch erst mal trocknen muss. Bis ich so alles gepackt hatte (und mich erst mal f\u00fcr 2 Koffer entschieden hatte und mir netterweise noch einfiel, das fremdl\u00e4ndische Geld mitzunehmen), verging dann doch &#8216;ne Stunde und ich kam erst um 16:45 weg. <\/p>\n<p>Danach noch tanken, weil ich da ja auch unter der Woche keine Lust\/Zeit hatte (ein Tag war mein Auto auch nochmal in der Werkstatt), dann aber endlich weg. In Kufstein kurz am McD was mitgenommen. N\u00e4chster Halt war dann eine Pinkelpause kurz nach Wien, ein Tankstopp kurz vor der Grenze (da war nochmal ein McD, also noch einen Hamburger geschnappt) und der Vignettenkauf direkt an der Grenze in Ungarn. 10 Tage, weil ich ja nicht wei\u00df, ob ich bei der R\u00fcckfahrt wieder durch Ungarn fahren werde (1 Monat w\u00e4re g\u00fcnstiger als 2x 10 Tage). Somit ca. 1 Stunde sp\u00e4ter am Hotel angekommen als geplant, kurz vor 23 Uhr. Zum Gl\u00fcck musste ich heute nicht mehr bis Budapest fahren, war doch schon recht m\u00fcde &#8211; hatte die letzten Tage immer nur so 5,5-5,75 Stunden geschlafen, normalerweise brauch ich 6.<\/p>\n<p><a href='http:\/\/extra.inmontanis.info\/d\/26577-2\/DSC02235.jpg'><img src=http:\/\/extra.inmontanis.info\/d\/26576-3\/DSC02235.jpg \/><\/a><br \/>\n^ W\u00e4hrend des Autofahrens kann man ja mal ein paar Routenvarianten durchchecken &#8211; und dann ein Foto machen, damit man sp\u00e4ter wieder darauf zur\u00fcckgreifen kann. Hier w\u00fcrde ich morgen durchfahren und am Sonntag in Pilio skifahren. Bl\u00f6derweise sind die Wettervorhersagen f\u00fcr Sonntag nicht so toll, aber am Montag nach Pilio noch \u00fcber 10 Stunden nach Istanbul ist echt zu lang&#8230;<\/p>\n<p><a href='http:\/\/extra.inmontanis.info\/d\/26581-2\/DSC02238.jpg'><img src=http:\/\/extra.inmontanis.info\/d\/26580-3\/DSC02238.jpg \/><\/a><br \/>\n^ Alternative k\u00f6nnte sein, morgen nach Rum\u00e4nien zu fahren. Fast 9 Stunden morgen fr\u00fch &#8211; ne, da geht sich Skifahren auch nicht mehr aus, w\u00e4re dann also Sonntag Rum\u00e4nien und Montag Bulgarien.<\/p>\n<p><a href='http:\/\/extra.inmontanis.info\/d\/26585-2\/DSC02242.jpg'><img src=http:\/\/extra.inmontanis.info\/d\/26584-3\/DSC02242.jpg \/><\/a><br \/>\n^ Zwischen Wien und Ungarn ist eine Alien-Invasion! Echt spooky, diese Windrad-Anlage hier in der Nacht, wenn die roten Lichter im dunklen Himmel blinken.<\/p>\n<p><a href='http:\/\/extra.inmontanis.info\/d\/26589-2\/DSC02248.jpg'><img src=http:\/\/extra.inmontanis.info\/d\/26588-3\/DSC02248.jpg \/><\/a><br \/>\n^ Erste Fremdw\u00e4hrung der Reise, die ungarischen Forint. Ziemlich viel Nullen, aber daf\u00fcr spart man sich die Untereinheit. 1.000 HUF sind ca. 3,30 EUR.<\/p>\n<p>Hotel ist soweit ganz nett, ein Schreibtisch fehlt leider im Zimmer. Lauter Zug. Wo ich morgen hinfahre? Absolut keine Ahnung. Werd morgen fr\u00fch nochmal alle Wetterberichte checken und ein Hotel buchen. Internet ist schnell. Falls ich nur bis Rum\u00e4nien fahren sollte (um dort am Sonntag skizufahren), h\u00e4tte ich auf die heutige Fahrt und N\u00e4chtigunng verzichten k\u00f6nnen. Der Wetter-Check in der Mittagspause verhie\u00df jedenfalls nichts gutes f\u00fcr Griechenland am Sonntag. Montag, ja, Montag solls sonnig werden in Pilio. Aber hat das einen Sinn? Lt. Google Maps brauch ich 8,5h von Pilio bis Istanbul Flughafen, dann k\u00f6nnte ich also vormittags in Pilio noch skifahren. lt. meinem Navi dagegen br\u00e4uchte ich 10:15! Da m\u00fcsste ich dann schon vor 12 Uhr wieder abfahren. Ob sich da dann der Umweg \u00fcber Pilio lohnt? Vorallem, haben die am Montag \u00fcberhaupt offen? Das Fr\u00fchst\u00fccksbuffet, von 6-8 Uhr (!), war reichhaltig.<\/p>\n<p>(Fortsetzung folgt.)<\/p>\n","protected":false},"excerpt":{"rendered":"<p>T-2279<\/p>\n<p>Im Herbst 2008 war ich zur Erweiterung meines Horizonts virtuell in Osteuropa unterwegs &#8211; ich durchforstete im Internet erstmals Griechenland, Serbien, Bosnien, Bulgarien und die T\u00fcrkei. Am 2.12.2008 postete ich meinen ersten \u00dcberblick, eilig hatte ich es aber nicht mit einem Besuch, da ich zwar interessante Skigebiete entdeckte, allerdings kaum alte Lifte, andere L\u00e4ndern <a href=\"http:\/\/blog.inmontanis.info\/?p=3090\">[&#8230;]<\/a><\/p>\n","protected":false},"author":1,"featured_media":0,"comment_status":"closed","ping_status":"closed","sticky":false,"template":"","format":"standard","meta":{"footnotes":""},"categories":[141,13,142],"tags":[],"class_list":["post-3090","post","type-post","status-publish","format-standard","hentry","category-2015-03-balkan-turkei-kaukasus","category-austria","category-ungarn","odd"],"_links":{"self":[{"href":"http:\/\/blog.inmontanis.info\/index.php?rest_route=\/wp\/v2\/posts\/3090","targetHints":{"allow":["GET"]}}],"collection":[{"href":"http:\/\/blog.inmontanis.info\/index.php?rest_route=\/wp\/v2\/posts"}],"about":[{"href":"http:\/\/blog.inmontanis.info\/index.php?rest_route=\/wp\/v2\/types\/post"}],"author":[{"embeddable":true,"href":"http:\/\/blog.inmontanis.info\/index.php?rest_route=\/wp\/v2\/users\/1"}],"replies":[{"embeddable":true,"href":"http:\/\/blog.inmontanis.info\/index.php?rest_route=%2Fwp%2Fv2%2Fcomments&post=3090"}],"version-history":[{"count":2,"href":"http:\/\/blog.inmontanis.info\/index.php?rest_route=\/wp\/v2\/posts\/3090\/revisions"}],"predecessor-version":[{"id":3092,"href":"http:\/\/blog.inmontanis.info\/index.php?rest_route=\/wp\/v2\/posts\/3090\/revisions\/3092"}],"wp:attachment":[{"href":"http:\/\/blog.inmontanis.info\/index.php?rest_route=%2Fwp%2Fv2%2Fmedia&parent=3090"}],"wp:term":[{"taxonomy":"category","embeddable":true,"href":"http:\/\/blog.inmontanis.info\/index.php?rest_route=%2Fwp%2Fv2%2Fcategories&post=3090"},{"taxonomy":"post_tag","embeddable":true,"href":"http:\/\/blog.inmontanis.info\/index.php?rest_route=%2Fwp%2Fv2%2Ftags&post=3090"}],"curies":[{"name":"wp","href":"https:\/\/api.w.org\/{rel}","templated":true}]}}