{"id":3086,"date":"2015-02-22T22:59:12","date_gmt":"2015-02-22T21:59:12","guid":{"rendered":"http:\/\/blog.inmontanis.info\/?p=3086"},"modified":"2023-08-03T21:51:53","modified_gmt":"2023-08-03T19:51:53","slug":"frabosa-22-2-2015","status":"publish","type":"post","link":"http:\/\/blog.inmontanis.info\/?p=3086","title":{"rendered":"Frabosa, 22.2.2015"},"content":{"rendered":"<p><strong>So, 22.2.2015 &#8211; Alpi-Appennini Tag 9 (letzter) &#8211; Frabosa (Mondol\u00e9)<\/strong><\/p>\n<p><a href='http:\/\/extra.inmontanis.info\/d\/26461-2\/ge201502poi3.jpg'><img src=http:\/\/extra.inmontanis.info\/d\/26460-3\/ge201502poi3.jpg \/><\/a><br \/>\n^ K) Frabosa<\/p>\n<p>Am Morgen hatte ich noch kurz die Wettervorhersagen gecheckt &#8211; im Norden und Westen Piemonts sollte es schon ab Vormittag sonnig werden, im S\u00fcden erst nachmittags. Prinzipiell gibt&#8217;s nat\u00fcrlich einige Skigebiete, die ich heuer auch dort noch gerne h\u00e4tte fahren wollen &#8211; was sich leider nicht mehr ausgehen wird &#8211; aber der Marchisio-ESL in Frabosa war mir doch wichtiger. Insbesondere da ich ihn letztes Jahr zu meinem Lieblingslift gek\u00fcrt hab und ihn mind. 1x pro Jahr fahren m\u00f6chte. 2,2 km L\u00e4nge und 790 hm &#8211; damit ist er weit und breit Rekordhalter unter den noch existierenden ESL, zumindest &#8220;in unseren Breiten&#8221;.<\/p>\n<p>Auf der Autobahn \u00fcber Genua war es bereits sehr sonnig &#8211; aber auch sehr st\u00fcrmisch. Um 11:40 Uhr in Frabosa war&#8217;s bedeckt, die Lifte liefen und ich nahm die 4h-Karte um 27,- \u20ac (galt dann etwas verl\u00e4ngert bis 16 Uhr) und gleich mal den ESL rauf. Oben eine kleine Entt\u00e4uschung: Die rechten Abfahrten waren gesperrt. F\u00fcr einen Gebietswechsel nach Artesina war&#8217;s mir aber zu windig und zeitm\u00e4\u00dfig zu eng. Sp\u00e4ter bin ich die gesperrten Abfahrten &#8211; wie viele andere &#8211; doch noch gefahren, ebenso eine der direkten Varianten am ESL, die ich schon l\u00e4nger mal fahren wollte, aber von Schneemenge und Konsistenz bisher nie gepasst hatte. Heute lag genug Schnee und tiefster Pulver, also musste ich das endlich ausnutzen. Die unteren Abfahrtsst\u00fccke wurden nachmittags dann pappiger, ist bei der H\u00f6he aber ja auch nicht weiter verwunderlich: Talstation des ESL liegt auf ca. 890m. <\/p>\n<p>(Fotos anklicken zum Vergr\u00f6\u00dfern.)<\/p>\n<p><a href='http:\/\/extra.inmontanis.info\/d\/26505-2\/DSC02035.jpg'><img src=http:\/\/extra.inmontanis.info\/d\/26504-3\/DSC02035.jpg \/><\/a><br \/>\n^ Autobahn mit Meerblick richtung Genua<\/p>\n<p><a href='http:\/\/extra.inmontanis.info\/d\/26509-2\/DSC02045.jpg'><img src=http:\/\/extra.inmontanis.info\/d\/26508-3\/DSC02045.jpg \/><\/a><br \/>\n^ Autobahnbr\u00fccke in Genua<\/p>\n<p><a href='http:\/\/extra.inmontanis.info\/d\/26513-2\/DSC02049.jpg'><img src=http:\/\/extra.inmontanis.info\/d\/26512-3\/DSC02049.jpg \/><\/a><br \/>\n^ Autobahn in Genua, immer wieder nett<\/p>\n<p><a href='http:\/\/extra.inmontanis.info\/d\/26517-2\/DSC02054.jpg'><img src=http:\/\/extra.inmontanis.info\/d\/26516-3\/DSC02054.jpg \/><\/a><br \/>\n^ Materialseilbahn bei Savona<\/p>\n<p><a href='http:\/\/extra.inmontanis.info\/d\/26521-2\/DSC02057.jpg'><img src=http:\/\/extra.inmontanis.info\/d\/26520-3\/DSC02057.jpg \/><\/a><br \/>\n^ A6 richtung Norden, links auf der anderen Talseite ist die Gegenfahrbahn zu sehen, die hier einen ca. 450\u00b0 Kreisel macht (!)<\/p>\n<p><a href='http:\/\/extra.inmontanis.info\/d\/26525-2\/geMSBSavona.jpg'><img src=http:\/\/extra.inmontanis.info\/d\/26524-3\/geMSBSavona.jpg \/><\/a><br \/>\n^ Blau: Materialseilbahn bei Savona (ca. 17,5 km lang), sowie in Orange die kuriose Autobahn A6 mit den getrennten Fahrspuren und dem Kreisel richtung S\u00fcden<\/p>\n<p><a href='http:\/\/extra.inmontanis.info\/d\/26529-2\/DSC02059.jpg'><img src=http:\/\/extra.inmontanis.info\/d\/26528-3\/DSC02059.jpg \/><\/a><br \/>\n^ Materialseilbahn bei Savona<\/p>\n<p><a href='http:\/\/extra.inmontanis.info\/d\/26533-2\/DSC02060.jpg'><img src=http:\/\/extra.inmontanis.info\/d\/26532-3\/DSC02060.jpg \/><\/a><br \/>\n^ Materialseilbahn bei Savona<\/p>\n<p><a href='http:\/\/extra.inmontanis.info\/d\/26537-2\/DSC02061.jpg'><img src=http:\/\/extra.inmontanis.info\/d\/26536-3\/DSC02061.jpg \/><\/a><br \/>\n^ Materialseilbahn bei Savona, eine der Mittelstationen. Hach, da w\u00fcrd ich gerne mal mitfahren &#8230;<\/p>\n<p><a href='http:\/\/extra.inmontanis.info\/d\/26541-2\/DSC02067.jpg'><img src=http:\/\/extra.inmontanis.info\/d\/26540-3\/DSC02067.jpg \/><\/a><br \/>\n^ Materialseilbahn bei Savona<\/p>\n<p><a href='http:\/\/ski.inmontanis.info\/d\/193614-2\/DSC02071.jpg'><img src=http:\/\/ski.inmontanis.info\/d\/193613-3\/DSC02071.jpg \/><\/a><br \/>\n^ Parkplatz an der Moro-Seite<\/p>\n<p><a href='http:\/\/ski.inmontanis.info\/d\/193618-2\/DSC02073.jpg'><img src=http:\/\/ski.inmontanis.info\/d\/193617-3\/DSC02073.jpg \/><\/a><br \/>\n^ ESL Monte Moro. Glaub eines der Kiddies hat nach einem Sturz einen Ski im Tiefschnee verloren.<\/p>\n<p><a href='http:\/\/ski.inmontanis.info\/d\/193622-2\/DSC02078.jpg'><img src=http:\/\/ski.inmontanis.info\/d\/193621-3\/DSC02078.jpg \/><\/a><br \/>\n^ Graffer-DSB und Marchisio-ESL, da kann ich mich ja gar nicht entscheiden, was ich lieber fahren soll :)<\/p>\n<p><a href='http:\/\/ski.inmontanis.info\/d\/193626-2\/DSC02083.jpg'><img src=http:\/\/ski.inmontanis.info\/d\/193625-3\/DSC02083.jpg \/><\/a><br \/>\n^ An der Umlenkscheibe an der Bergstation sind 4 Nummern, von 1-4 &#8230; ??<\/p>\n<p><a href='http:\/\/ski.inmontanis.info\/d\/193630-2\/DSC02086.jpg'><img src=http:\/\/ski.inmontanis.info\/d\/193629-3\/DSC02086.jpg \/><\/a><br \/>\n^ Ehemalige Abfahrtsschneise, heut war sie endlich f\u00e4llig!<\/p>\n<p><a href='http:\/\/ski.inmontanis.info\/d\/193634-2\/DSC02089.jpg'><img src=http:\/\/ski.inmontanis.info\/d\/193633-3\/DSC02089.jpg \/><\/a><br \/>\n^ Ehemalige Abfahrtsschneise<\/p>\n<p><a href='http:\/\/ski.inmontanis.info\/d\/193638-2\/DSC02090.jpg'><img src=http:\/\/ski.inmontanis.info\/d\/193637-3\/DSC02090.jpg \/><\/a><br \/>\n^ Ehemalige Abfahrtsschneise. War schon ganz sch\u00f6n steil.<\/p>\n<p><a href='http:\/\/ski.inmontanis.info\/d\/193642-2\/DSC02095.jpg'><img src=http:\/\/ski.inmontanis.info\/d\/193641-3\/DSC02095.jpg \/><\/a><br \/>\n^ Ehemalige Abfahrtsschneise von unten. Sp\u00e4ter noch einmal gefahren, wer wei\u00df, wann sie wieder so gut geht.<\/p>\n<p><a href='http:\/\/ski.inmontanis.info\/d\/193646-2\/DSC02096.jpg'><img src=http:\/\/ski.inmontanis.info\/d\/193645-3\/DSC02096.jpg \/><\/a><br \/>\n^ Der untere Teil der ehemaligen Abfahrtsschneise, bevor sie dann in die bestehende Abfahrt \u00fcbergeht (die ansonsten via Skiweg erreicht wird)<\/p>\n<p><a href='http:\/\/ski.inmontanis.info\/d\/193650-2\/DSC02097.jpg'><img src=http:\/\/ski.inmontanis.info\/d\/193649-3\/DSC02097.jpg \/><\/a><br \/>\n^ Und nochmal der untere Hang von unten.<\/p>\n<p><a href='http:\/\/ski.inmontanis.info\/d\/193654-2\/DSC02113.jpg'><img src=http:\/\/ski.inmontanis.info\/d\/193653-3\/DSC02113.jpg \/><\/a><br \/>\n^ Ehemalige Abfahrt am stillgelegten SL rechts des ESL bzw. kommt man ja von hier aus auch wieder zur\u00fcck zum ESL. Bei meinem ersten oder zweiten Besuch war die Abfahrt noch offiziell offen und pr\u00e4pariert.<\/p>\n<p><a href='http:\/\/ski.inmontanis.info\/d\/193658-2\/DSC02114.jpg'><img src=http:\/\/ski.inmontanis.info\/d\/193657-3\/DSC02114.jpg \/><\/a><br \/>\n^ .. bis hierher ging&#8217;s ja gut, aber dann kam ein Weg, ungespurt &#8230;<\/p>\n<p><a href='http:\/\/ski.inmontanis.info\/d\/193662-2\/DSC02116.jpg'><img src=http:\/\/ski.inmontanis.info\/d\/193661-3\/DSC02116.jpg \/><\/a><br \/>\n^ ..  und in dem Pappschnee kam man \u00fcberhaupt nicht voran, so ein Mist. Nach einem schwei\u00dftreibendem, mir ewig vorkommenden Weg gab es dann zwar eine Spur, Ski und Fu\u00df, aber war immer noch nicht besser. Dann noch ein kurzer Hang und r\u00fcber zum ESL, wo es offpiste auch nicht mehr gut war.<\/p>\n<p><a href='http:\/\/ski.inmontanis.info\/d\/193666-2\/DSC02120.jpg'><img src=http:\/\/ski.inmontanis.info\/d\/193665-3\/DSC02120.jpg \/><\/a><br \/>\n^ Start der ESL-Abfahrten, geradeaus zu den beiden rechten Abfahrten war heut leider offiziell gesperrt &#8211; sind aber genug gefahren.<\/p>\n<p><a href='http:\/\/ski.inmontanis.info\/d\/193670-2\/DSC02122.jpg'><img src=http:\/\/ski.inmontanis.info\/d\/193669-3\/DSC02122.jpg \/><\/a><br \/>\n^ Pano in die Po-Ebene und zum Alpenkamm<\/p>\n<p><a href='http:\/\/ski.inmontanis.info\/d\/193674-2\/DSC02129.jpg'><img src=http:\/\/ski.inmontanis.info\/d\/193673-3\/DSC02129.jpg \/><\/a><br \/>\n^ ESL Monte Moro, der beste.<\/p>\n<p><a href='http:\/\/ski.inmontanis.info\/d\/193678-2\/DSC02132.jpg'><img src=http:\/\/ski.inmontanis.info\/d\/193677-3\/DSC02132.jpg \/><\/a><br \/>\n^ Fing der Winter bis Weihnachten so mikrig an, hat&#8217;s mittlerweile doch mehr als genug Schnee hier :)<\/p>\n<p><a href='http:\/\/ski.inmontanis.info\/d\/193682-2\/DSC02134.jpg'><img src=http:\/\/ski.inmontanis.info\/d\/193681-3\/DSC02134.jpg \/><\/a><br \/>\n^ Pano in die Po-Ebene und zum Alpenkamm<\/p>\n<p><a href='http:\/\/ski.inmontanis.info\/d\/193686-2\/DSC02136.jpg'><img src=http:\/\/ski.inmontanis.info\/d\/193685-3\/DSC02136.jpg \/><\/a><br \/>\n^ Funkmast und Po-Ebene<\/p>\n<p><a href='http:\/\/ski.inmontanis.info\/d\/193690-2\/DSC02138.jpg'><img src=http:\/\/ski.inmontanis.info\/d\/193689-3\/DSC02138.jpg \/><\/a><br \/>\n^ Links die ESL-Abfahrten (hier nicht pr\u00e4pariert, weil offiziell heute zu), rechts in der Mulde gab&#8217;s fr\u00fcher noch einen SL zum Gipfel:<\/p>\n<p><a href='http:\/\/ski.inmontanis.info\/d\/193694-2\/DSC02103.jpg'><img src=http:\/\/ski.inmontanis.info\/d\/193693-3\/DSC02103.jpg \/><\/a><br \/>\n^ Blick zum Ex-SL Monte Moro<\/p>\n<p><a href='http:\/\/ski.inmontanis.info\/d\/193698-2\/DSC02107.jpg'><img src=http:\/\/ski.inmontanis.info\/d\/193697-3\/DSC02107.jpg \/><\/a><br \/>\n^ Ex-SL Monte Moro, Bergstationsbereich<\/p>\n<p><a href='http:\/\/ski.inmontanis.info\/d\/193702-2\/DSC02142.jpg'><img src=http:\/\/ski.inmontanis.info\/d\/193701-3\/DSC02142.jpg \/><\/a><br \/>\n^ Ex-SL Monte Moro, St\u00fctzen. \u00c4h, und Wassertropfen auf dem Sensor?? Bl\u00f6der Wind! Objektiv ab, Blasebalg aus dem Rucksack und gepumpt &#8211; die Wasserflecken gingen zum Gl\u00fcck ohne Spuren weg.<\/p>\n<p><a href='http:\/\/ski.inmontanis.info\/d\/193706-2\/DSC02141.jpg'><img src=http:\/\/ski.inmontanis.info\/d\/193705-3\/DSC02141.jpg \/><\/a><br \/>\n^ Ex-SL Monte Moro, St\u00fctzen<\/p>\n<p><a href='http:\/\/ski.inmontanis.info\/d\/193710-2\/DSC02143.jpg'><img src=http:\/\/ski.inmontanis.info\/d\/193709-3\/DSC02143.jpg \/><\/a><br \/>\n^ Nach dem ersten sch\u00f6nen Hang muss man ein paar Kehren fahren. Man h\u00e4tte auch fr\u00fcher mal nach rechts ins Gel\u00e4nde abbiegen k\u00f6nnen &#8211; hatte die richtige Stelle aber leider verpasst.<\/p>\n<p><a href='http:\/\/ski.inmontanis.info\/d\/193714-2\/ge20150222c.jpg'><img src=http:\/\/ski.inmontanis.info\/d\/193713-3\/ge20150222c.jpg \/><\/a><br \/>\n^ GPS-Track 22.2.2015 (gelb) und vorherige Besuche (blau). Positionierung der ehemaligen Lifte (rot) evtl. nicht korrekt. Und garantiert nicht vollst\u00e4ndig, oben am Moro-ESL soll noch einer, unten im Tal evtl. noch mehr gewesen sein.<\/p>\n<p>Die linke DSB h\u00e4tte ich ja heute gar nicht fahren wollen, aber da die rechten Abfahrten am ESL ja offiziell zu waren, bin ich erst mal dort r\u00fcber &#8211; aber dann wieder schnell zum ESL retour ;)<\/p>\n<p>Fazit: Doch noch ein guter Tag geworden. Und mit 3 ESL in einer Urlaubswoche auch nostalgisch wertvoll :)<\/p>\n<p>Um 16:40 bin ich wieder heimw\u00e4rts gefahren, mautsparend via Alba-Asti und dann die \u00fcbliche Strecke Varese (das neue St\u00fcck Tangenziale ist endlich offen) &#8211; Bernardino &#8211; Arlberg. Lt. Navi 50 km und 1:15 l\u00e4nger, aber wesentlich weniger Maut und wesentlich abwechslungsreicher. Zum Vergleich:<br \/>\n&#8211; von Frabosa via Alba-Asti nach Varese (-> Bernardino) sind&#8217;s ca. 14,20 \u20ac<br \/>\n&#8211; von Frabosa via Alba-Asti nach Como (-> St. Moritz) sind&#8217;s ca. 14,40 \u20ac<br \/>\n&#8211; Die Autobahnroute via Turin nach Varese (-> Bernardino) sind&#8217;s ca. 22,20 \u20ac (ca. 15min k\u00fcrzer)<br \/>\n&#8211; die Autobahnroute via Alba-Asti-Brenner sind&#8217;s ca. 35,40 \u20ac<br \/>\n&#8211; die klassische Autobahnroute via Turin-Mailand-Brenner sind&#8217;s lt. Viamichelin mittlerweile 53,50 \u20ac ??? <\/p>\n<p>Dazu k\u00e4me noch die schweizer AB-Vignette (hab ich eh) und der Arlbergtunnel (fahr ich nur, wenn \u00fcber den Pass Kettenpflicht ist) bzw. alternativ, am Brenner die \u00f6sterreichische Brennermaut (hab ich die Jahreskarte).<\/p>\n<p><a href='http:\/\/extra.inmontanis.info\/d\/26545-2\/DSC02149.jpg'><img src=http:\/\/extra.inmontanis.info\/d\/26544-3\/DSC02149.jpg \/><\/a><br \/>\n^ Blick zu den Alpen von der Po-Ebene<\/p>\n<p><a href='http:\/\/extra.inmontanis.info\/d\/26549-2\/DSC02154.jpg'><img src=http:\/\/extra.inmontanis.info\/d\/26548-3\/DSC02154.jpg \/><\/a><br \/>\n^ Novello<\/p>\n<p><a href='http:\/\/extra.inmontanis.info\/d\/26553-2\/DSC02161.jpg'><img src=http:\/\/extra.inmontanis.info\/d\/26552-3\/DSC02161.jpg \/><\/a><br \/>\n^ Seitenblick von der Po-Ebene zu den Alpen mit dem hervorstechenden Monte Viso.<\/p>\n<p><img src=http:\/\/extra.inmontanis.info\/d\/26143-3\/DSC02191.jpg \/><br \/>\n^ und nochmal der Monviso.<\/p>\n<p><a href='http:\/\/extra.inmontanis.info\/d\/26557-2\/DSC02163.jpg'><img src=http:\/\/extra.inmontanis.info\/d\/26556-3\/DSC02163.jpg \/><\/a><br \/>\n^ Meine \u00fcbliche, alternative Route. 5:57 &#8211; waren dann aber 6,5h mit ein paar Zwischenhalten vom Standpunkt des Fotos (n\u00e4he Asti) aus.<\/p>\n<p><a href='http:\/\/extra.inmontanis.info\/d\/26561-2\/DSC02173.jpg'><img src=http:\/\/extra.inmontanis.info\/d\/26560-3\/DSC02173.jpg \/><\/a><br \/>\n^ Abendd\u00e4mmerung<\/p>\n<p><a href='http:\/\/extra.inmontanis.info\/d\/26565-2\/DSC02206.jpg'><img src=http:\/\/extra.inmontanis.info\/d\/26564-3\/DSC02206.jpg \/><\/a><br \/>\n^ Das neue St\u00fcck der Tangenziale in Varese &#8211; 2 Tunnel und schon ist es wieder vorbei.<\/p>\n<p><a href='http:\/\/extra.inmontanis.info\/d\/26569-2\/DSC02209.jpg'><img src=http:\/\/extra.inmontanis.info\/d\/26568-3\/DSC02209.jpg \/><\/a><br \/>\n^ \u00dcber den Arlberg gab&#8217;s etwas Schnee, aber problemlos zu fahren gewesen.<\/p>\n<p>Mit ein paar kurzen Zwischenstopps war ich um 0:40 Uhr wieder daheim, waren in Summe ca. 3.000 km seit Montag (also ohne Samstag Kampenwand + Sonntag).<\/p>\n<p>Jetzt 5 Tage arbeiten, 2-3 Ladungen W\u00e4sche waschen und die letzten Planungen f\u00fcr die n\u00e4chste Tour machen, denn bereits am Freitag nachmittag soll es ja auf die n\u00e4chste, gro\u00dfe Tour (in die T\u00fcrkei) gehen &#8230;.<\/p>\n<p>### Ende der Tour ###<\/p>\n","protected":false},"excerpt":{"rendered":"<p>So, 22.2.2015 &#8211; Alpi-Appennini Tag 9 (letzter) &#8211; Frabosa (Mondol\u00e9)<\/p>\n<p> ^ K) Frabosa<\/p>\n<p>Am Morgen hatte ich noch kurz die Wettervorhersagen gecheckt &#8211; im Norden und Westen Piemonts sollte es schon ab Vormittag sonnig werden, im S\u00fcden erst nachmittags. Prinzipiell gibt&#8217;s nat\u00fcrlich einige Skigebiete, die ich heuer auch dort noch gerne h\u00e4tte fahren wollen <a href=\"http:\/\/blog.inmontanis.info\/?p=3086\">[&#8230;]<\/a><\/p>\n","protected":false},"author":1,"featured_media":0,"comment_status":"closed","ping_status":"closed","sticky":false,"template":"","format":"standard","meta":{"footnotes":""},"categories":[140,15,229,59,27],"tags":[38,35,91,80,47],"class_list":["post-3086","post","type-post","status-publish","format-standard","hentry","category-2015-02-alpi-appennini","category-italienitaly","category-mondole","category-nostalgie","category-skifahren-winterskiing-winter","tag-dsb","tag-esl","tag-graffer","tag-marchisio","tag-sl","odd"],"_links":{"self":[{"href":"http:\/\/blog.inmontanis.info\/index.php?rest_route=\/wp\/v2\/posts\/3086","targetHints":{"allow":["GET"]}}],"collection":[{"href":"http:\/\/blog.inmontanis.info\/index.php?rest_route=\/wp\/v2\/posts"}],"about":[{"href":"http:\/\/blog.inmontanis.info\/index.php?rest_route=\/wp\/v2\/types\/post"}],"author":[{"embeddable":true,"href":"http:\/\/blog.inmontanis.info\/index.php?rest_route=\/wp\/v2\/users\/1"}],"replies":[{"embeddable":true,"href":"http:\/\/blog.inmontanis.info\/index.php?rest_route=%2Fwp%2Fv2%2Fcomments&post=3086"}],"version-history":[{"count":3,"href":"http:\/\/blog.inmontanis.info\/index.php?rest_route=\/wp\/v2\/posts\/3086\/revisions"}],"predecessor-version":[{"id":3089,"href":"http:\/\/blog.inmontanis.info\/index.php?rest_route=\/wp\/v2\/posts\/3086\/revisions\/3089"}],"wp:attachment":[{"href":"http:\/\/blog.inmontanis.info\/index.php?rest_route=%2Fwp%2Fv2%2Fmedia&parent=3086"}],"wp:term":[{"taxonomy":"category","embeddable":true,"href":"http:\/\/blog.inmontanis.info\/index.php?rest_route=%2Fwp%2Fv2%2Fcategories&post=3086"},{"taxonomy":"post_tag","embeddable":true,"href":"http:\/\/blog.inmontanis.info\/index.php?rest_route=%2Fwp%2Fv2%2Ftags&post=3086"}],"curies":[{"name":"wp","href":"https:\/\/api.w.org\/{rel}","templated":true}]}}