{"id":3082,"date":"2015-02-21T20:05:10","date_gmt":"2015-02-21T19:05:10","guid":{"rendered":"http:\/\/blog.inmontanis.info\/?p=3082"},"modified":"2023-08-03T21:45:54","modified_gmt":"2023-08-03T19:45:54","slug":"ussita-frontignano-21-2-2015","status":"publish","type":"post","link":"http:\/\/blog.inmontanis.info\/?p=3082","title":{"rendered":"Ussita Frontignano, 21.2.2015"},"content":{"rendered":"<p><strong>Sa, 21.2.2015 &#8211; Alpi-Appennini Tag 8 &#8211; Ussita Frontignano<\/strong><\/p>\n<p><a href='http:\/\/extra.inmontanis.info\/d\/26461-2\/ge201502poi3.jpg'><img src=http:\/\/extra.inmontanis.info\/d\/26460-3\/ge201502poi3.jpg \/><\/a><br \/>\n^ J) Ussita Frontignano<\/p>\n<p>Zwischen 9 und 9:30 kam ich im Skigebiet an, wobei ich mich als Erster auf den unteren Parkplatz an der DSB Ginepro gestellt hab &#8211; viel mehr kamen dann auch nicht dazu, die meisten parkten wohl im Ort. So leer war es zwar gar nicht, scheint aber wohl trotzdem genug Parkpl\u00e4tze an der Stra\u00dfe zu geben. Die DSB hier ist nur wochenends in Betrieb, hat aber keine offizielle Piste (mehr) zur Talstation, nur zur Mittelstation, und von dort bzw. wenige Meter dr\u00fcber kommt man ja auch wieder zu den andere Liften retour. Wobei man problemlos zur Talstation fahren kann, man muss halt ein paar mal die Stra\u00dfe queren. Nach meinen Beobachtungen und Besuchen d\u00fcrfte es eh recht selten sein, dass mal Schnee bis zur Talstation liegt, insofern war ich recht froh, dass ich heute die Gelegenheit nutzen konnte.<\/p>\n<p>Seit meinen letzten Besuchen wurde der vordere Zemella-ESL mit einer 4KSB ersetzt, d.h. aber andererseits, dass der interessante Leitner-ESL Selvapiana noch in Betrieb ist (und zwar t\u00e4glich), war auch mein Hauptbesuchsgrund heute. Einer der letzten gro\u00dfen in Europa, einer von nur noch 5 in Italien mit Winterbetrieb (und davon einer von 3 ohne Fu\u00dfraster, und davon wiederum der einzige, wo man trotzdem mit angeschnallten Ski rauff\u00e4hrt, und nebenbei noch der einzige mit Mittelstation). Offpiste war wie schon die letzten Tage leider zu vergessen (ziemlicher Bruchharsch), aufgefirnt ist beim heutigen Wetter auch nichts. Wobei es ganztags recht gleich war, also nicht wie vorhergesagt, morgens sonniger und nachmittags wolkiger.<\/p>\n<p>(Fotos anklicken zum Vergr\u00f6\u00dfern.)<\/p>\n<p><a href='http:\/\/ski.inmontanis.info\/d\/193454-3\/DSC01921.jpg'><img src=http:\/\/ski.inmontanis.info\/d\/193453-4\/DSC01921.jpg \/><\/a><br \/>\n^ DSB Ginepro, dass hier Schnee bis zur Talstation liegt ist auch recht selten. Offizielle Abfahrt gibt&#8217;s keine (mehr), man kann aber entlang der Trasse runter fahren &#8211; muss halt \u00f6fters die Stra\u00dfe queren.<\/p>\n<p><a href='http:\/\/ski.inmontanis.info\/d\/193458-3\/DSC01930.jpg'><img src=http:\/\/ski.inmontanis.info\/d\/193457-4\/DSC01930.jpg \/><\/a><br \/>\n^ DSB Ginepro, Mittelstation, auf den alten Marchisio- oder PiemonteFunivie-St\u00fctzen  gebaut &#8230;<\/p>\n<p><a href='http:\/\/ski.inmontanis.info\/d\/193462-3\/DSC01931.jpg'><img src=http:\/\/ski.inmontanis.info\/d\/193461-4\/DSC01931.jpg \/><\/a><br \/>\n^ DSB Ginepro, Mittelstation mit einseitiger Portalst\u00fctze. Ist bei Sesselliften auch \u00e4u\u00dferst selten.<\/p>\n<p><a href='http:\/\/ski.inmontanis.info\/d\/193466-3\/DSC01932.jpg'><img src=http:\/\/ski.inmontanis.info\/d\/193465-4\/DSC01932.jpg \/><\/a><br \/>\n^ DSB Ginepro. D\u00fcrfte vmtl. von Zemella sein.(?)<\/p>\n<p><a href='http:\/\/ski.inmontanis.info\/d\/193470-3\/DSC01935.jpg'><img src=http:\/\/ski.inmontanis.info\/d\/193469-4\/DSC01935.jpg \/><\/a><br \/>\n^ DSB Ginepro, die Sessel haben Metall-Lattenrost-Sitze. Kalt und hart.<\/p>\n<p><a href='http:\/\/ski.inmontanis.info\/d\/193474-3\/DSC01936.jpg'><img src=http:\/\/ski.inmontanis.info\/d\/193473-4\/DSC01936.jpg \/><\/a><br \/>\n^ DSB Ginepro und die Bergstation der neuen 4KSB, die den Zemella-ESL leider ersetzt hat.<\/p>\n<p><a href='http:\/\/ski.inmontanis.info\/d\/193478-3\/DSC01937.jpg'><img src=http:\/\/ski.inmontanis.info\/d\/193477-4\/DSC01937.jpg \/><\/a><br \/>\n^ Die untere Zufahrt zur ESL-Talstation ist immer noch so urig wie fr\u00fcher :)<\/p>\n<p><a href='http:\/\/ski.inmontanis.info\/d\/193482-3\/DSC01938.jpg'><img src=http:\/\/ski.inmontanis.info\/d\/193481-4\/DSC01938.jpg \/><\/a><br \/>\n^ Bei der Zufahrt zum ESL kommt man erst mal an der ehemaligen ESL-Talstation vorbei&#8230;<\/p>\n<p><a href='http:\/\/ski.inmontanis.info\/d\/193486-3\/DSC01939.jpg'><img src=http:\/\/ski.inmontanis.info\/d\/193485-4\/DSC01939.jpg \/><\/a><br \/>\n^ Ex-ESL, zumindest alten Bildern nach. Stationsbaum\u00e4\u00dfig schaut&#8217;s f\u00fcr mich ja eher nach Korblift aus. In der Marchisio-Referenzliste fehlt der Lift, k\u00f6nnte den St\u00fctzen nach auch von Piemonte Funivie gewesen sein.<\/p>\n<p><a href='http:\/\/ski.inmontanis.info\/d\/193490-3\/DSC01942.jpg'><img src=http:\/\/ski.inmontanis.info\/d\/193489-4\/DSC01942.jpg \/><\/a><br \/>\n^ Ehemalige Lifttrasse mit St\u00fctze (na, wer findet sie?). Im oberen Teil ab Mittelstation der Strecke steht dort ja jetzt die DSB. In Bildmitte die Abfahrt zur ESL-Talstation.<\/p>\n<p><a href='http:\/\/ski.inmontanis.info\/d\/193494-3\/DSC01943.jpg'><img src=http:\/\/ski.inmontanis.info\/d\/193493-4\/DSC01943.jpg \/><\/a><br \/>\n^ Talstation ESL Selvapiana (Leitner). Wenigsten wurde der interessantere der beiden ESL stehengelassen.<\/p>\n<p><a href='http:\/\/ski.inmontanis.info\/d\/193498-3\/DSC01944.jpg'><img src=http:\/\/ski.inmontanis.info\/d\/193497-4\/DSC01944.jpg \/><\/a><br \/>\n^ ESL Selvapiana Talstation<\/p>\n<p><a href='http:\/\/ski.inmontanis.info\/d\/193502-3\/DSC01949.jpg'><img src=http:\/\/ski.inmontanis.info\/d\/193501-4\/DSC01949.jpg \/><\/a><br \/>\n^ ESL Selvapiana. Mit 1650 m und 475 hm geh\u00f6rt er zu den letzten, gro\u00dfen ESL in Europa. Leider mit kalten Metall-Sitzen und ohne Fu\u00dfraster und mit angeschnallten Skiern. War komischerweise aber gar nicht mal so unangenehm, am Patscherkofel-ESL hatte ich das unangenehmer in Erinnerung.<\/p>\n<p><a href='http:\/\/ski.inmontanis.info\/d\/193506-3\/DSC01952.jpg'><img src=http:\/\/ski.inmontanis.info\/d\/193505-4\/DSC01952.jpg \/><\/a><br \/>\n^ ESL Selvapiana Mittelstation und oberer Streckenabschnitt. Schnee war offpiste leider Bruchharsch, hier h\u00e4tte man sonst einige M\u00f6glichkeiten.<\/p>\n<p><a href='http:\/\/ski.inmontanis.info\/d\/193510-3\/DSC01954.jpg'><img src=http:\/\/ski.inmontanis.info\/d\/193509-4\/DSC01954.jpg \/><\/a><br \/>\n^ ESL Selvapiana Mittelstation<\/p>\n<p><a href='http:\/\/ski.inmontanis.info\/d\/193514-3\/DSC01961.jpg'><img src=http:\/\/ski.inmontanis.info\/d\/193513-4\/DSC01961.jpg \/><\/a><br \/>\n^ Canalone-Abfahrt, der obere SL ist wohl mittlerweile stillgelegt.<\/p>\n<p><a href='http:\/\/ski.inmontanis.info\/d\/193518-3\/DSC01962.jpg'><img src=http:\/\/ski.inmontanis.info\/d\/193517-4\/DSC01962.jpg \/><\/a><br \/>\n^ Canalone-Abfahrt<\/p>\n<p><a href='http:\/\/ski.inmontanis.info\/d\/193522-3\/DSC01964.jpg'><img src=http:\/\/ski.inmontanis.info\/d\/193521-4\/DSC01964.jpg \/><\/a><br \/>\n^ DSB, ESL, SL und ehemalige PB. SL war in Betrieb, schein das aber auch nur wochenends zu sein.<\/p>\n<p><a href='http:\/\/ski.inmontanis.info\/d\/193526-3\/DSC01966.jpg'><img src=http:\/\/ski.inmontanis.info\/d\/193525-4\/DSC01966.jpg \/><\/a><br \/>\n^ Ehemalige PB-Talstation. Was ist das schade, dass die stillgelegt wurde :-(<br \/>\nDas Aperto-Schild bezieht sich \u00fcbrigens auf das kleine Restaurant im Obergeschoss, das ich wie schon letztes Mal auch besuchte.<\/p>\n<p><a href='http:\/\/ski.inmontanis.info\/d\/193530-3\/DSC01969.jpg'><img src=http:\/\/ski.inmontanis.info\/d\/193529-4\/DSC01969.jpg \/><\/a><br \/>\n^ Abfahrt von der SL-Bergstation aus mit Blick zur DSB<\/p>\n<p><a href='http:\/\/ski.inmontanis.info\/d\/193534-3\/DSC01976.jpg'><img src=http:\/\/ski.inmontanis.info\/d\/193533-4\/DSC01976.jpg \/><\/a><br \/>\n^ St\u00fctze des ehemaligen ESL oder vielleicht war es auch mal was anderes. Wenn nicht von Marchisio, dann also wohl von Piemonte Funivie, diese beiden Hersteller hatten recht \u00e4hnliche Fachwerkst\u00fctzen.<\/p>\n<p><a href='http:\/\/ski.inmontanis.info\/d\/193538-3\/DSC01980.jpg'><img src=http:\/\/ski.inmontanis.info\/d\/193537-4\/DSC01980.jpg \/><\/a><br \/>\n^ Ex-ESL-Talstation.<\/p>\n<p><a href='http:\/\/ski.inmontanis.info\/d\/193542-3\/DSC01982.jpg'><img src=http:\/\/ski.inmontanis.info\/d\/193541-4\/DSC01982.jpg \/><\/a><br \/>\n^ Ex-PB-Talstation<\/p>\n<p><a href='http:\/\/ski.inmontanis.info\/d\/193546-3\/DSC01984.jpg'><img src=http:\/\/ski.inmontanis.info\/d\/193545-4\/DSC01984.jpg \/><\/a><br \/>\n^ Ex-PB-Talstation<\/p>\n<p><a href='http:\/\/ski.inmontanis.info\/d\/193550-3\/DSC01985.jpg'><img src=http:\/\/ski.inmontanis.info\/d\/193549-4\/DSC01985.jpg \/><\/a><br \/>\n^ Ex-PB-Strecke<\/p>\n<p><a href='http:\/\/ski.inmontanis.info\/d\/193554-3\/DSC01986.jpg'><img src=http:\/\/ski.inmontanis.info\/d\/193553-4\/DSC01986.jpg \/><\/a><br \/>\n^ Ex-PB-Talstation<\/p>\n<p><a href='http:\/\/ski.inmontanis.info\/d\/193558-3\/DSC01990.jpg'><img src=http:\/\/ski.inmontanis.info\/d\/193557-4\/DSC01990.jpg \/><\/a><br \/>\n^ Pr\u00e4parierte Varianten zur ESL Talstation. Einmal links, einmal rechts, schon hat man 2 Gr\u00fcnde mehr, den ESL nochmal zu fahren :-)<\/p>\n<p><a href='http:\/\/ski.inmontanis.info\/d\/193562-3\/DSC01992.jpg'><img src=http:\/\/ski.inmontanis.info\/d\/193561-4\/DSC01992.jpg \/><\/a><br \/>\n^ ESL-Abfahrtsweg<\/p>\n<p><a href='http:\/\/ski.inmontanis.info\/d\/193566-3\/DSC01994.jpg'><img src=http:\/\/ski.inmontanis.info\/d\/193565-4\/DSC01994.jpg \/><\/a><br \/>\n^ ESL Selvapiana, hat ziemlich viele 1.5 Personen-Sitze. Durfte mich ohne Kind aber nicht in einen setzen.<\/p>\n<p><a href='http:\/\/ski.inmontanis.info\/d\/193570-3\/DSC01995.jpg'><img src=http:\/\/ski.inmontanis.info\/d\/193569-4\/DSC01995.jpg \/><\/a><br \/>\n^ ESL Selvapiana Bergstation, PB und SL<\/p>\n<p><a href='http:\/\/ski.inmontanis.info\/d\/193574-3\/DSC01996.jpg'><img src=http:\/\/ski.inmontanis.info\/d\/193573-4\/DSC01996.jpg \/><\/a><br \/>\n^ ESL Selvapiana<\/p>\n<p><a href='http:\/\/ski.inmontanis.info\/d\/193578-3\/DSC01998.jpg'><img src=http:\/\/ski.inmontanis.info\/d\/193577-4\/DSC01998.jpg \/><\/a><br \/>\n^ Gipfel-Pano<\/p>\n<p><a href='http:\/\/ski.inmontanis.info\/d\/193582-3\/DSC01999.jpg'><img src=http:\/\/ski.inmontanis.info\/d\/193581-4\/DSC01999.jpg \/><\/a><br \/>\n^ Blick in die Skigebiete von Monte Prata (vorne, will ich auch mal wieder!) und den zerstrittenen \u00dcberresten von Forca Canapine (rechts dahinter in Bildmitte)<\/p>\n<p><a href='http:\/\/ski.inmontanis.info\/d\/193586-3\/DSC02001.jpg'><img src=http:\/\/ski.inmontanis.info\/d\/193585-4\/DSC02001.jpg \/><\/a><br \/>\n^ Abfahrt am stillgelegten SL, die Abfahrt \u00fcber den Grat zum vorderen Skigebietsteil war offiziell wg. Schneemangels gesperrt, sind genug trotzdem gefahren.<\/p>\n<p><a href='http:\/\/ski.inmontanis.info\/d\/193590-3\/DSC02004.jpg'><img src=http:\/\/ski.inmontanis.info\/d\/193589-4\/DSC02004.jpg \/><\/a><br \/>\n^ Blick auf den vorderen Skigebietsteil mit der langen DSB Ginepro (links), der 4KSB und 4SB (bin ich heute nicht gefahren, warum auch, kann man ja auch mit dem ESL+SL bzw. DSB alles erreichen ;) )<\/p>\n<p><a href='http:\/\/ski.inmontanis.info\/d\/193594-3\/DSC02006.jpg'><img src=http:\/\/ski.inmontanis.info\/d\/193593-4\/DSC02006.jpg \/><\/a><br \/>\n^ DSB, ESL, SL, Ex-PB und Ex-SL<\/p>\n<p><a href='http:\/\/ski.inmontanis.info\/d\/193598-3\/DSC02008.jpg'><img src=http:\/\/ski.inmontanis.info\/d\/193597-4\/DSC02008.jpg \/><\/a><br \/>\n^ ESL, DSB und Canalone-Abfahrt<\/p>\n<p><a href='http:\/\/ski.inmontanis.info\/d\/193602-3\/DSC02012.jpg'><img src=http:\/\/ski.inmontanis.info\/d\/193601-4\/DSC02012.jpg \/><\/a><br \/>\n^ DSB Ginepro, wie gesagt, bei der Talabfahrt musste man halt \u00f6fters mal die Stra\u00dfe queren.<\/p>\n<p><a href='http:\/\/ski.inmontanis.info\/d\/193606-3\/DSC02015.jpg'><img src=http:\/\/ski.inmontanis.info\/d\/193605-4\/DSC02015.jpg \/><\/a><br \/>\n^ DSB Ginepro Talstation. Am gro\u00dfen Parkplatz waren keine 5 Autos heute. Aber ab der Mittelstation war schon mehr los. Fuhr aber, wie schon letztens mal bemerkt, sehr langsam.<\/p>\n<p><a href='http:\/\/ski.inmontanis.info\/d\/193610-3\/ge20150221b.jpg'><img src=http:\/\/ski.inmontanis.info\/d\/193609-4\/ge20150221b.jpg \/><\/a><br \/>\n^ GPS-Track 21.2.2015 (gelb), hellblau meine vorherigen Besuche, dunkelblau die 4SB (bin ich heute nicht gefahren), Rot+Magenta die stillgelegten Lifte.<\/p>\n<p>Kurzes Filmchen zum ESL:<br \/>\n<object style=\"height: 500px; width: 900px\"><param name=\"movie\" value=\"http:\/\/www.youtube.com\/v\/v5vj1A6gvvU\"><\/param><param name=\"wmode\" value=\"transparent\"><\/param><embed src=\"http:\/\/www.youtube.com\/v\/v5vj1A6gvvU\" type=\"application\/x-shockwave-flash\" wmode=\"transparent\"  width=\"900\" height=\"480\"><\/embed><\/object><\/p>\n<p>Fazit: Auch beim 3. oder 4. Besuch hatte es mir ganz gut gefallen, wobei es mit besserem Schnee Offpiste noch wesentlich mehr Spa\u00df machen w\u00fcrde, denn die H\u00e4nge oberhalb der ESL-Mittelstation (bzw. der parallelen DSB in dem Bereich) scheinen etliche M\u00f6glichkeiten zu bieten.<\/p>\n<p>Um 15:30 Uhr gings wieder retour bis vor Genua, wo ich bei der Suche nach einer Unterkunft gestern Abend zuf\u00e4llig wieder in dem Hotel in Borghetto Vara h\u00e4ngengeblieben, wo ich letztes Jahr schon mal war. Diemal allerdings um nur 35,- \u00dcF (+ Abendessen = 50,-, kam um 20:15 gerade noch rechtzeitig daf\u00fcr an). Wlan heute schnell und unproblematisch. <\/p>\n<p><a href='http:\/\/extra.inmontanis.info\/d\/26497-2\/DSC02020.jpg'><img src=http:\/\/extra.inmontanis.info\/d\/26496-3\/DSC02020.jpg \/><\/a><br \/>\n^ Immer wieder interessant, wo die Italiener fr\u00fcher ihre D\u00f6rfer an den Berg gezimmert hatten &#8230;<\/p>\n<p><a href='http:\/\/extra.inmontanis.info\/d\/26501-2\/DSC02026.jpg'><img src=http:\/\/extra.inmontanis.info\/d\/26500-3\/DSC02026.jpg \/><\/a><br \/>\n^ Anscheinend schon wieder eine ehemalige Stra\u00dfenbahn-Strecke. Hatte sich einige Zeit vorher schon angek\u00fcndigt mit einem verr\u00e4terisch aussehenden Schotterweg neben der Stra\u00dfe, aber das hier war dann endg\u00fcltig der Beweis.<\/p>\n<p>(Fortsetzung folgt.)<\/p>\n","protected":false},"excerpt":{"rendered":"<p>Sa, 21.2.2015 &#8211; Alpi-Appennini Tag 8 &#8211; Ussita Frontignano<\/p>\n<p> ^ J) Ussita Frontignano<\/p>\n<p>Zwischen 9 und 9:30 kam ich im Skigebiet an, wobei ich mich als Erster auf den unteren Parkplatz an der DSB Ginepro gestellt hab &#8211; viel mehr kamen dann auch nicht dazu, die meisten parkten wohl im Ort. So leer war <a href=\"http:\/\/blog.inmontanis.info\/?p=3082\">[&#8230;]<\/a><\/p>\n","protected":false},"author":1,"featured_media":0,"comment_status":"closed","ping_status":"closed","sticky":false,"template":"","format":"standard","meta":{"footnotes":""},"categories":[140,483,15,59,27],"tags":[49,38,35,47],"class_list":["post-3082","post","type-post","status-publish","format-standard","hentry","category-2015-02-alpi-appennini","category-frontignano","category-italienitaly","category-nostalgie","category-skifahren-winterskiing-winter","tag-4sb","tag-dsb","tag-esl","tag-sl","odd"],"_links":{"self":[{"href":"http:\/\/blog.inmontanis.info\/index.php?rest_route=\/wp\/v2\/posts\/3082","targetHints":{"allow":["GET"]}}],"collection":[{"href":"http:\/\/blog.inmontanis.info\/index.php?rest_route=\/wp\/v2\/posts"}],"about":[{"href":"http:\/\/blog.inmontanis.info\/index.php?rest_route=\/wp\/v2\/types\/post"}],"author":[{"embeddable":true,"href":"http:\/\/blog.inmontanis.info\/index.php?rest_route=\/wp\/v2\/users\/1"}],"replies":[{"embeddable":true,"href":"http:\/\/blog.inmontanis.info\/index.php?rest_route=%2Fwp%2Fv2%2Fcomments&post=3082"}],"version-history":[{"count":3,"href":"http:\/\/blog.inmontanis.info\/index.php?rest_route=\/wp\/v2\/posts\/3082\/revisions"}],"predecessor-version":[{"id":3085,"href":"http:\/\/blog.inmontanis.info\/index.php?rest_route=\/wp\/v2\/posts\/3082\/revisions\/3085"}],"wp:attachment":[{"href":"http:\/\/blog.inmontanis.info\/index.php?rest_route=%2Fwp%2Fv2%2Fmedia&parent=3082"}],"wp:term":[{"taxonomy":"category","embeddable":true,"href":"http:\/\/blog.inmontanis.info\/index.php?rest_route=%2Fwp%2Fv2%2Fcategories&post=3082"},{"taxonomy":"post_tag","embeddable":true,"href":"http:\/\/blog.inmontanis.info\/index.php?rest_route=%2Fwp%2Fv2%2Ftags&post=3082"}],"curies":[{"name":"wp","href":"https:\/\/api.w.org\/{rel}","templated":true}]}}