{"id":3079,"date":"2015-02-20T22:37:53","date_gmt":"2015-02-20T21:37:53","guid":{"rendered":"http:\/\/blog.inmontanis.info\/?p=3079"},"modified":"2023-08-04T18:20:52","modified_gmt":"2023-08-04T16:20:52","slug":"campo-di-giove-20-2-2015","status":"publish","type":"post","link":"http:\/\/blog.inmontanis.info\/?p=3079","title":{"rendered":"Campo di Giove, 20.2.2015"},"content":{"rendered":"<p><strong>Fr, 20.2.2015 &#8211; Alpi-Appennini Tag 7 Teil 2 &#8211; Campo di Giove<\/strong><\/p>\n<p><a href='http:\/\/extra.inmontanis.info\/d\/26461-2\/ge201502poi3.jpg'><img src=http:\/\/extra.inmontanis.info\/d\/26460-3\/ge201502poi3.jpg \/><\/a><br \/>\n^ I) Campo di Giove<\/p>\n<p>Nach Majelletta ging&#8217;s noch nach Campo di Giove, was mit ca. 1,5h Fahrt bei dem sonnigen Wetter zwar etwas schmerzte, aber ich wollte das Skigebiet auch unbedingt wieder besuchen, obwohl ich erst bei meiner letzten Appenninreise, am 29.2.2012, hier (das erste Mal) war. Klar, fr\u00fcher mit Korblift und den derzeit stillgelegten Liften (2 Sektionen SL auf Gipfel und eine DSB, falls die \u00fcberhaupt im Winterbetrieb war?!), muss das ganze um ein vielfaches interessanter gewesen sein, aber die schwarze Talabfahrt, die man aktuell mit DSB und SL erreicht, ist eine der sch\u00f6nsten Abfahrten im Appennin. Erst Meerpano, dann ein St\u00fcck Hintenrumcharakter, bevor es steiler in die Rinne geht, super Schnee heute und selbt nachmittags wie frisch pr\u00e4pariert, und im unteren Bereich die zwei leichteren Waldabfahrten (heute mit super Firn). <\/p>\n<p>Leider sehen das die Locals wohl nicht so und fahren lieber ins nahegelegene Gro\u00dfraumskigebiet von Roccaraso und Co. Die 3h &#8211; Karte ging um g\u00fcnstige 12,- \u20ac \u00fcber den Tisch (die 3. Alfi-karte hatte dann auch mit dem Kassencomputer funktioniert, das Salsiccia-Panino um 5,- h\u00e4tte ich mir geschmacklich dagegen sparen sollen), los war weniger als wenig. Viel zu wenig, schade, schade. Wer wei\u00df, wie lang man sich hier den Betrieb unter der Woche noch antut. Man g\u00f6nnt sich sogar den Luxus und verringert die DSB-Geschwindigkeit beim Einstieg von Skifahrern &#8211; trotz F\u00f6rderband. Ok, das nervt eher.<\/p>\n<p>Wie schon gesagt, heute nachmittag gab&#8217;s tollen Firn auf der schwarzen Abfahrt, nach 4x bin ich noch 2x die Rote gefahren, die aber im Zwischenteil schon im Schatten lag und anzog &#8211; was nicht mehr so toll war. Ein bisschen Offpiste ging auch, nur nicht im Steilhang neben der schwarzen Abfahrt &#8211; da war&#8217;s selbst nachmittags trotz Sonneneinstrahlung eisig hart.<\/p>\n<p>(Fotos anklicken zum Vergr\u00f6\u00dfern.)<\/p>\n<p><a href='http:\/\/ski.inmontanis.info\/d\/193346-2\/DSC01860.jpg'><img src=http:\/\/ski.inmontanis.info\/d\/193345-3\/DSC01860.jpg \/><\/a><br \/>\n^ Auf der SS17 ins Skigebiet von Campo di Giove (ganz ganz links am Bildrand sieht man eine der Abfahrtsschneisen)<\/p>\n<p><a href='http:\/\/ski.inmontanis.info\/d\/193350-2\/DSC01863.jpg'><img src=http:\/\/ski.inmontanis.info\/d\/193349-3\/DSC01863.jpg \/><\/a><br \/>\n^ Blick zur schwarzen Abfahrt, die in der Rinne in Bildmitte verl\u00e4uft &#8211; f\u00fcr mich eine der sch\u00f6nsten Abfahrten des Appennins<\/p>\n<p><a href='http:\/\/ski.inmontanis.info\/d\/193354-2\/DSC01870.jpg'><img src=http:\/\/ski.inmontanis.info\/d\/193353-3\/DSC01870.jpg \/><\/a><br \/>\n^ Links der erste der beiden stillgelegten Lifte zum Gipfel, rechts die Gruppen-DSB, die, wenn \u00fcberhaupt noch, dann leider nur im Sommer in Betrieb ist.<\/p>\n<p><a href='http:\/\/ski.inmontanis.info\/d\/193358-2\/DSC01874.jpg'><img src=http:\/\/ski.inmontanis.info\/d\/193357-3\/DSC01874.jpg \/><\/a><br \/>\n^ Der SL mit seinen zwei Abfahrten, der als Zubringer zur schwarzen Abfahrt dient.<\/p>\n<p><a href='http:\/\/ski.inmontanis.info\/d\/193362-2\/DSC01875.jpg'><img src=http:\/\/ski.inmontanis.info\/d\/193361-3\/DSC01875.jpg \/><\/a><br \/>\n^ Links die DSB , geradeaus die zwei Sektionen stillgelegte SL bis zum Gipfel im Hintergrund, rechts die Bergstation der Gruppen-DSB<\/p>\n<p><a href='http:\/\/ski.inmontanis.info\/d\/193366-2\/DSC01876.jpg'><img src=http:\/\/ski.inmontanis.info\/d\/193365-3\/DSC01876.jpg \/><\/a><br \/>\n^ Verwehter Schnee, oben teilweise nichts, hier unten an der Talstation mehr als genug.<\/p>\n<p><a href='http:\/\/ski.inmontanis.info\/d\/193370-2\/DSC01878.jpg'><img src=http:\/\/ski.inmontanis.info\/d\/193369-3\/DSC01878.jpg \/><\/a><br \/>\n^ Bergstation SL, dahinter die beiden stillgelegten SL<\/p>\n<p><a href='http:\/\/ski.inmontanis.info\/d\/193374-2\/DSC01165.jpg'><img src=http:\/\/ski.inmontanis.info\/d\/193373-3\/DSC01165.jpg \/><\/a><br \/>\n^ SL-Bergstation und IR-Pano<\/p>\n<p><a href='http:\/\/ski.inmontanis.info\/d\/193378-2\/DSC01879.jpg'><img src=http:\/\/ski.inmontanis.info\/d\/193377-3\/DSC01879.jpg \/><\/a><br \/>\n^ Start der schwarzen Abfahrt, hier oben mit Hintenrum-Charakter und Meerblick (links)<\/p>\n<p><a href='http:\/\/ski.inmontanis.info\/d\/193382-2\/DSC01170.jpg'><img src=http:\/\/ski.inmontanis.info\/d\/193381-3\/DSC01170.jpg \/><\/a><br \/>\n^ Start schwarze Abfahrt mit Meer-Pano (IR)<\/p>\n<p><a href='http:\/\/ski.inmontanis.info\/d\/193386-2\/DSC01890.jpg'><img src=http:\/\/ski.inmontanis.info\/d\/193385-3\/DSC01890.jpg \/><\/a><br \/>\n^ Der Hintenrum-Teil der schwarzen Abfahrt<\/p>\n<p><a href='http:\/\/ski.inmontanis.info\/d\/193390-2\/DSC01880.jpg'><img src=http:\/\/ski.inmontanis.info\/d\/193389-3\/DSC01880.jpg \/><\/a><br \/>\n^ Schwarze Abfahrt<\/p>\n<p><a href='http:\/\/ski.inmontanis.info\/d\/193394-2\/DSC01881.jpg'><img src=http:\/\/ski.inmontanis.info\/d\/193393-3\/DSC01881.jpg \/><\/a><br \/>\n^ Schwarze Abfahrt<\/p>\n<p><a href='http:\/\/ski.inmontanis.info\/d\/193398-2\/DSC01882.jpg'><img src=http:\/\/ski.inmontanis.info\/d\/193397-3\/DSC01882.jpg \/><\/a><br \/>\n^ Schwarze Abfahrt<\/p>\n<p><a href='http:\/\/ski.inmontanis.info\/d\/193402-2\/DSC01884.jpg'><img src=http:\/\/ski.inmontanis.info\/d\/193401-3\/DSC01884.jpg \/><\/a><br \/>\n^ Der lange der beiden ehemaligen Tal-SL<\/p>\n<p><a href='http:\/\/ski.inmontanis.info\/d\/193406-2\/DSC01889.jpg'><img src=http:\/\/ski.inmontanis.info\/d\/193405-3\/DSC01889.jpg \/><\/a><br \/>\n^ Die toll trassierte DSB, fr\u00fcher war hier ein Korblift.<\/p>\n<p><a href='http:\/\/ski.inmontanis.info\/d\/193410-2\/DSC01892.jpg'><img src=http:\/\/ski.inmontanis.info\/d\/193409-3\/DSC01892.jpg \/><\/a><br \/>\n^ Wehm\u00fctiger Blick zu den beiden stillgelegten SL. Was w\u00e4r das geil dort. Und wenn die Gruppen-DSB auch ginge, k\u00f6nnte man diagonal vom SL oben zur DSB runter queren, \u00fcber 1100hm. Was w\u00e4r das bitte geil :-(<\/p>\n<p><a href='http:\/\/ski.inmontanis.info\/d\/193414-2\/DSC01894.jpg'><img src=http:\/\/ski.inmontanis.info\/d\/193413-3\/DSC01894.jpg \/><\/a><br \/>\n^ Meerblick<\/p>\n<p><a href='http:\/\/ski.inmontanis.info\/d\/193418-2\/DSC01895.jpg'><img src=http:\/\/ski.inmontanis.info\/d\/193417-3\/DSC01895.jpg \/><\/a><br \/>\n^ Felspano :)<\/p>\n<p><a href='http:\/\/ski.inmontanis.info\/d\/193422-2\/DSC01896.jpg'><img src=http:\/\/ski.inmontanis.info\/d\/193421-3\/DSC01896.jpg \/><\/a><br \/>\n^ Rote Abfahrt, fand ich aufgrund des Schneezustands und der geringen Breite wesentlich schwieriger als die Schwarze!<\/p>\n<p><a href='http:\/\/ski.inmontanis.info\/d\/193426-2\/DSC01900.jpg'><img src=http:\/\/ski.inmontanis.info\/d\/193425-3\/DSC01900.jpg \/><\/a><br \/>\n^ Die Sessel der DSB haben kleine Schlaufen, so dass sie bei starkem Wind (nachts oder au\u00dferhalb der Betriebszeit) verbunden werden k\u00f6nnen, damit sie sich nicht \u00fcberschlagen. Macht man z.B. auch in Spanien.<\/p>\n<p><a href='http:\/\/ski.inmontanis.info\/d\/193430-2\/DSC01901.jpg'><img src=http:\/\/ski.inmontanis.info\/d\/193429-3\/DSC01901.jpg \/><\/a><br \/>\n^ Etwas offpiste an der roten DSB-Abfahrt<\/p>\n<p><a href='http:\/\/ski.inmontanis.info\/d\/193434-2\/DSC01903.jpg'><img src=http:\/\/ski.inmontanis.info\/d\/193433-3\/DSC01903.jpg \/><\/a><br \/>\n^ Etwas offpiste an der roten DSB-Abfahrt<\/p>\n<p><a href='http:\/\/ski.inmontanis.info\/d\/193438-2\/DSC01904.jpg'><img src=http:\/\/ski.inmontanis.info\/d\/193437-3\/DSC01904.jpg \/><\/a><br \/>\n^ Rote Abfahrt<\/p>\n<p><a href='http:\/\/ski.inmontanis.info\/d\/193442-2\/DSC01907.jpg'><img src=http:\/\/ski.inmontanis.info\/d\/193441-3\/DSC01907.jpg \/><\/a><br \/>\n^ Der kurze, stillgelegte Tal-SL<\/p>\n<p><a href='http:\/\/ski.inmontanis.info\/d\/193446-2\/DSC01910.jpg'><img src=http:\/\/ski.inmontanis.info\/d\/193445-3\/DSC01910.jpg \/><\/a><br \/>\n^ Der kurze, stillgelegte Tal-SL<\/p>\n<p><a href='http:\/\/ski.inmontanis.info\/d\/193450-2\/ge20150220b.jpg'><img src=http:\/\/ski.inmontanis.info\/d\/193449-3\/ge20150220b.jpg \/><\/a><br \/>\n^ GPS-Track 20.2.2015. Wenn die beiden stillgelegten Gipfel-SL (rot) und die ostseitige Gruppen-DSB (magenta) in Betrieb w\u00e4ren, h\u00e4tte man auch noch eine geniale Diagonal-Abfahrt mit ca. 5km und \u00fcber 1100 hm !! :-(<\/p>\n<p>Fazit: Auch Campo di Giove konnte mich beim zweiten Besuch wieder \u00fcberzeugen. Zusammen  mit Majelletta und dem ein wenig n\u00f6rdlicher befindlichen Monte Piselli (den ich heuer leider auslassen musste aber ja daf\u00fcr letztes Mal 2x besuchte) k\u00f6nnte ich das Gebiet j\u00e4hrlich ansteuern. Jetzt fehlt mir hier in der Gegend eigentlich nur noch Campo Imperatore, das ich unbedingt endlich mal besuchen will, was derzeit aber nur noch wochenends offen hat. Aber dann wiederum ist es mir &#8211; trotz des geplanten Ersatzes der Gradio-KSB &#8211; nicht so wichtig, als dass ich es morgen h\u00e4tte besuchen wollen: ESL+DSB in Frontignano gehen vor :) <\/p>\n<p>Um 16:40 Uhr standen also noch 3 Stunden Fahrt vor mir. Richtung Ussita-Frontignano gab&#8217;s mehrere Routenvorschl\u00e4ge, so dass ich Zimmerm\u00e4\u00dfig in einigen Richtungen suchen konnte. Hab mich f\u00fcr das g\u00fcnstigste um ca. 28,- \u20ac \u00dcF (3-Sterne, Umbria) entschieden, ca. 1h vom Skigebiet entfernt. Sp\u00fcrbar n\u00e4her w\u00e4re um unter 50,- leider nichts gewesen. Zimmer ist klein und die 3 Sterne scheinen mir hier etwas fragw\u00fcrdig. Men\u00fc um 15,- \u20ac gut und reichlich. WLAN hat leider auch immer wieder l\u00e4ngere Aussetzer. Fr\u00fchst\u00fccksbuffet gab&#8217;s in dem kleinen Hotel zwar keines, aber es gab auch Wei\u00dfbrot und eine Wurst\/Schinken\/K\u00e4seplatte, auch Ei wurde mir angeboten, insofern passte es, insb. bei dem Preis.<\/p>\n<p>(Fortsetzung folgt.)<\/p>\n","protected":false},"excerpt":{"rendered":"<p>Fr, 20.2.2015 &#8211; Alpi-Appennini Tag 7 Teil 2 &#8211; Campo di Giove<\/p>\n<p> ^ I) Campo di Giove<\/p>\n<p>Nach Majelletta ging&#8217;s noch nach Campo di Giove, was mit ca. 1,5h Fahrt bei dem sonnigen Wetter zwar etwas schmerzte, aber ich wollte das Skigebiet auch unbedingt wieder besuchen, obwohl ich erst bei meiner letzten Appenninreise, am <a href=\"http:\/\/blog.inmontanis.info\/?p=3079\">[&#8230;]<\/a><\/p>\n","protected":false},"author":1,"featured_media":0,"comment_status":"closed","ping_status":"closed","sticky":false,"template":"","format":"standard","meta":{"footnotes":""},"categories":[140,516,15,27,32],"tags":[38,91,90,37,47],"class_list":["post-3079","post","type-post","status-publish","format-standard","hentry","category-2015-02-alpi-appennini","category-campo-di-giove","category-italienitaly","category-skifahren-winterskiing-winter","category-lostplaces","tag-dsb","tag-graffer","tag-infrarot","tag-meer","tag-sl","odd"],"_links":{"self":[{"href":"http:\/\/blog.inmontanis.info\/index.php?rest_route=\/wp\/v2\/posts\/3079","targetHints":{"allow":["GET"]}}],"collection":[{"href":"http:\/\/blog.inmontanis.info\/index.php?rest_route=\/wp\/v2\/posts"}],"about":[{"href":"http:\/\/blog.inmontanis.info\/index.php?rest_route=\/wp\/v2\/types\/post"}],"author":[{"embeddable":true,"href":"http:\/\/blog.inmontanis.info\/index.php?rest_route=\/wp\/v2\/users\/1"}],"replies":[{"embeddable":true,"href":"http:\/\/blog.inmontanis.info\/index.php?rest_route=%2Fwp%2Fv2%2Fcomments&post=3079"}],"version-history":[{"count":2,"href":"http:\/\/blog.inmontanis.info\/index.php?rest_route=\/wp\/v2\/posts\/3079\/revisions"}],"predecessor-version":[{"id":3081,"href":"http:\/\/blog.inmontanis.info\/index.php?rest_route=\/wp\/v2\/posts\/3079\/revisions\/3081"}],"wp:attachment":[{"href":"http:\/\/blog.inmontanis.info\/index.php?rest_route=%2Fwp%2Fv2%2Fmedia&parent=3079"}],"wp:term":[{"taxonomy":"category","embeddable":true,"href":"http:\/\/blog.inmontanis.info\/index.php?rest_route=%2Fwp%2Fv2%2Fcategories&post=3079"},{"taxonomy":"post_tag","embeddable":true,"href":"http:\/\/blog.inmontanis.info\/index.php?rest_route=%2Fwp%2Fv2%2Ftags&post=3079"}],"curies":[{"name":"wp","href":"https:\/\/api.w.org\/{rel}","templated":true}]}}