{"id":3075,"date":"2015-02-20T18:33:43","date_gmt":"2015-02-20T17:33:43","guid":{"rendered":"http:\/\/blog.inmontanis.info\/?p=3075"},"modified":"2023-08-03T21:30:58","modified_gmt":"2023-08-03T19:30:58","slug":"majelletta-20-2-2015-mehr-meer","status":"publish","type":"post","link":"http:\/\/blog.inmontanis.info\/?p=3075","title":{"rendered":"Majelletta, 20.2.2015 &#8211; Mehr Meer"},"content":{"rendered":"<p><strong>Fr, 20.2.2015 &#8211; Alpi-Appennini Tag 7 Teil 1 &#8211; Majelletta<\/strong><\/p>\n<p><a href='http:\/\/extra.inmontanis.info\/d\/26461-2\/ge201502poi3.jpg'><img src=http:\/\/extra.inmontanis.info\/d\/26460-3\/ge201502poi3.jpg \/><\/a><br \/>\n^ H) Majelletta<\/p>\n<p>Was macht man, wenn man zwei Skigebiete mal wieder besuchen m\u00f6chte, aber nicht so viel Zeit hat und sich nicht entscheiden kann? Man geht einfach in beide. Vormittags ging&#8217;s ins Skigebiet Majelletta, eines der Top-Gebiete Italiens, wenn es um&#8217;s Meer-Pano geht. Was die Skigebietsauswahl angeht, bin ich ja sehr gen\u00fcgsam &#8211; gebt mir einen SL mit See- oder Meerpano und einer handvoll Abfahrten und ich bin gl\u00fccklich :-)<\/p>\n<p>Nach wie vor sind die Lifte zweigeteilt, sowohl verbindungs- wie skipasstechnisch ist am Passo Lanciano eine eigene Welt (bzw. sind dort am Pass immer noch 2-3 Gesellschaften bei den 3-4 Liften), w\u00e4hrend die Lifte oben immerhin einer Gesellschaft geh\u00f6ren. K\u00f6nnte sogar sein, dass man in den letzten Jahren sogar mal mind. eine Saison komplett geschlossen hatte? Derzeit sind aber wieder 4 der 5 SL am Plateau, das schwer nach einem Gletscherskigebiet erinnert, in Betrieb, wobei heute nur 3 fuhren. Der Graffer-SL, der bei meinem letzten Besuch stillgelegt war, f\u00e4hrt dank Funpark inzwischen wieder, war aber erst ab 10:30 Uhr in Betrieb. Der parallele SL des Doppel-SL ist inzwischen sogar teilweise abgebaut.<\/p>\n<p>Die 3h-Karte kostete 15,- \u20ac, die Axess-Karte der letzten Tage wurde akzeptiert. Bei meinem letzten Besuch hatte man ja noch die alten Alfi-Leser. <\/p>\n<p>(Fotos anklicken zum Vergr\u00f6\u00dfern.)<\/p>\n<p><a href='http:\/\/ski.inmontanis.info\/d\/193154-2\/DSC01773.jpg'><img src=http:\/\/ski.inmontanis.info\/d\/193153-3\/DSC01773.jpg \/><\/a><br \/>\n^ Auffahrt zum Passo Lanciano<\/p>\n<p><a href='http:\/\/ski.inmontanis.info\/d\/193158-2\/DSC01776.jpg'><img src=http:\/\/ski.inmontanis.info\/d\/193157-3\/DSC01776.jpg \/><\/a><br \/>\n^ Der Schnee d\u00fcrfte ausreichen :)<\/p>\n<p><a href='http:\/\/ski.inmontanis.info\/d\/193162-2\/DSC01779.jpg'><img src=http:\/\/ski.inmontanis.info\/d\/193161-3\/DSC01779.jpg \/><\/a><br \/>\n^ Die Lifte am Pass lie\u00dfen mich kalt, ich fuhr zu den oberen Liften, 1650-1985m, die an Sommerschi auf einem Gletscher erinnern. Von den vielen Antennen mal abgesehen.<\/p>\n<p>Mittlerweile, Ende M\u00e4rz 2015, hat man \u00fcbrigens eine offizelle Schneeh\u00f6he von 250-400cm. Im Gro\u00dfteil des Appennins ist es so: in einem Jahr liegt so gut wie nix, im anderen daf\u00fcr extrem viel.<\/p>\n<p><a href='http:\/\/ski.inmontanis.info\/d\/193166-2\/DSC01780.jpg'><img src=http:\/\/ski.inmontanis.info\/d\/193165-3\/DSC01780.jpg \/><\/a><br \/>\n^ Der neugebaute SL Stella Blu 4, der rechte SL Stella Blu 3 ist vmtl. nur am WE in Betrieb (oder abwechselnd)<\/p>\n<p><a href='http:\/\/ski.inmontanis.info\/d\/193170-2\/DSC01781.jpg'><img src=http:\/\/ski.inmontanis.info\/d\/193169-3\/DSC01781.jpg \/><\/a><br \/>\n^ Oberer SL Stella Blu 6 mit ehemaliger Talstation und kleiner Bar<\/p>\n<p><a href='http:\/\/ski.inmontanis.info\/d\/193174-2\/DSC01782.jpg'><img src=http:\/\/ski.inmontanis.info\/d\/193173-3\/DSC01782.jpg \/><\/a><br \/>\n^ Der untere SL Stella Blu 4, egtl. ein neuer CCM-SL, ABER er hat  metallic-rot-gl\u00e4nzenden Stangen &#8211; \u00e4hnlich wie die metallic-blauen von MEB! Sehr sch\u00f6n! Achja, und hinten rechts &#8211; da ist die Adria zu sehen &#8230;.<\/p>\n<p><a href='http:\/\/ski.inmontanis.info\/d\/193178-2\/DSC01785.jpg'><img src=http:\/\/ski.inmontanis.info\/d\/193177-3\/DSC01785.jpg \/><\/a><br \/>\n^ SL Stella Blu 6, der parallele alte SL wurde inzwischen halb abgebaut.<\/p>\n<p><a href='http:\/\/ski.inmontanis.info\/d\/193182-2\/DSC01787.jpg'><img src=http:\/\/ski.inmontanis.info\/d\/193181-3\/DSC01787.jpg \/><\/a><br \/>\n^ Pano vom Ausstieg SL Stella Blu 6 r\u00fcber zum wieder in Betrieb befindlichen Graffer-SL Rifugio; dahinter das Meer, und davor eine Holz-Doppel-St\u00fctze? Evtl. wieder aufgebaut als Erinnerung  zu den ersten SL hier? Oder was wird das?<\/p>\n<p><a href='http:\/\/ski.inmontanis.info\/d\/193186-2\/DSC01085.jpg'><img src=http:\/\/ski.inmontanis.info\/d\/193185-3\/DSC01085.jpg \/><\/a><br \/>\n^ Das Highlight in diesem Skigebiet ist nat\u00fcrlich der Blick runter auf&#8217;s Meer, und bekanntlich ist das in Infrarot umso sch\u00f6ner. Daher hab ich in diesem Bericht diesmal sehr viele IR-Fotos.<\/p>\n<p><a href='http:\/\/ski.inmontanis.info\/d\/193190-2\/DSC01788.jpg'><img src=http:\/\/ski.inmontanis.info\/d\/193189-3\/DSC01788.jpg \/><\/a><br \/>\n^ Hier gibt&#8217;s ausschlie\u00dflich Abfahrten mit Meerblick :)<\/p>\n<p><a href='http:\/\/ski.inmontanis.info\/d\/193194-2\/DSC01092.jpg'><img src=http:\/\/ski.inmontanis.info\/d\/193193-3\/DSC01092.jpg \/><\/a><br \/>\n^ .. und das ganze in IR<\/p>\n<p><a href='http:\/\/ski.inmontanis.info\/d\/193198-2\/DSC01789.jpg'><img src=http:\/\/ski.inmontanis.info\/d\/193197-3\/DSC01789.jpg \/><\/a><br \/>\n^ \u00dcberreste des Nascivera-SL Majelletta 4 gen Adria<\/p>\n<p><a href='http:\/\/ski.inmontanis.info\/d\/193202-2\/DSC01790.jpg'><img src=http:\/\/ski.inmontanis.info\/d\/193201-3\/DSC01790.jpg \/><\/a><br \/>\n^ Die beiden SL Sektionen mit Blick in die Berge<\/p>\n<p><a href='http:\/\/ski.inmontanis.info\/d\/193206-2\/DSC01791.jpg'><img src=http:\/\/ski.inmontanis.info\/d\/193205-3\/DSC01791.jpg \/><\/a><br \/>\n^ Graffer-SL Rifugio, war bei meinem ersten Besuch stillgelegt, heute versp\u00e4tet offen, die Abfahrt kann man ja auch vom anderen SL aus fahren, dieser SL erschlie\u00dft nun einen gro\u00dfen Funpark. Und im Hintergrund das Mittelmeer.<\/p>\n<p><a href='http:\/\/ski.inmontanis.info\/d\/193210-2\/DSC01792.jpg'><img src=http:\/\/ski.inmontanis.info\/d\/193209-3\/DSC01792.jpg \/><\/a><br \/>\n^ SL Rifugio<\/p>\n<p><a href='http:\/\/ski.inmontanis.info\/d\/193214-2\/DSC01797.jpg'><img src=http:\/\/ski.inmontanis.info\/d\/193213-3\/DSC01797.jpg \/><\/a><br \/>\n^ SL Stella Blu 6 vs. Mittelmeer<\/p>\n<p><a href='http:\/\/ski.inmontanis.info\/d\/193218-2\/DSC01114.jpg'><img src=http:\/\/ski.inmontanis.info\/d\/193217-3\/DSC01114.jpg \/><\/a><br \/>\n^ SL Stella Blu 6 vs. Mittelmeer in IR<\/p>\n<p><a href='http:\/\/ski.inmontanis.info\/d\/193222-2\/DSC01117.jpg'><img src=http:\/\/ski.inmontanis.info\/d\/193221-3\/DSC01117.jpg \/><\/a><br \/>\n^ SL und Meer in IR.<\/p>\n<p><a href='http:\/\/ski.inmontanis.info\/d\/193226-2\/DSC01800.jpg'><img src=http:\/\/ski.inmontanis.info\/d\/193225-3\/DSC01800.jpg \/><\/a><br \/>\n^ Zoom zur Stadt Pescara (am Meer), 35 km<\/p>\n<p><a href='http:\/\/ski.inmontanis.info\/d\/193230-2\/DSC01804.jpg'><img src=http:\/\/ski.inmontanis.info\/d\/193229-3\/DSC01804.jpg \/><\/a><br \/>\n^ Skigebiet vs. Stadt am Meer<\/p>\n<p><a href='http:\/\/ski.inmontanis.info\/d\/193234-2\/DSC01119.jpg'><img src=http:\/\/ski.inmontanis.info\/d\/193233-3\/DSC01119.jpg \/><\/a><br \/>\n^ SL Stella Blu 6 vs. Mittelmeer in IR. Am Pistenplan w\u00e4ren auf dieser Seite des SL ja ein paar Abfahrten eingezeichnet &#8211; nichts ausgesteckt, nichts pr\u00e4pariert. Offpiste ging&#8217;s aber ganz ok.<\/p>\n<p><a href='http:\/\/ski.inmontanis.info\/d\/193238-2\/DSC01811.jpg'><img src=http:\/\/ski.inmontanis.info\/d\/193237-3\/DSC01811.jpg \/><\/a><br \/>\n^ Weit weg vom SL mit Blick zum Meer.<\/p>\n<p><a href='http:\/\/ski.inmontanis.info\/d\/193242-2\/DSC01814.jpg'><img src=http:\/\/ski.inmontanis.info\/d\/193241-3\/DSC01814.jpg \/><\/a><br \/>\n^ Quasi Offpiste, ich find das Bild mit den wie Schienen gezogenen Spuren genialst.<\/p>\n<p><a href='http:\/\/ski.inmontanis.info\/d\/193246-2\/DSC01819.jpg'><img src=http:\/\/ski.inmontanis.info\/d\/193245-3\/DSC01819.jpg \/><\/a><br \/>\n^ Offpiste<\/p>\n<p><a href='http:\/\/ski.inmontanis.info\/d\/193250-2\/DSC01821.jpg'><img src=http:\/\/ski.inmontanis.info\/d\/193249-3\/DSC01821.jpg \/><\/a><br \/>\n^ Offpiste mit Meerpano<\/p>\n<p><a href='http:\/\/ski.inmontanis.info\/d\/193254-2\/DSC01130.jpg'><img src=http:\/\/ski.inmontanis.info\/d\/193253-3\/DSC01130.jpg \/><\/a><br \/>\n^ Offpiste mit Meerpano (IR)<\/p>\n<p><a href='http:\/\/ski.inmontanis.info\/d\/193258-2\/DSC01133.jpg'><img src=http:\/\/ski.inmontanis.info\/d\/193257-3\/DSC01133.jpg \/><\/a><br \/>\n^ SL Stella Blu 6 vs. Meer in IR<\/p>\n<p><a href='http:\/\/ski.inmontanis.info\/d\/193262-2\/DSC01827.jpg'><img src=http:\/\/ski.inmontanis.info\/d\/193261-3\/DSC01827.jpg \/><\/a><br \/>\n^ Die beiden SL-Sektionen<\/p>\n<p><a href='http:\/\/ski.inmontanis.info\/d\/193266-2\/DSC01134.jpg'><img src=http:\/\/ski.inmontanis.info\/d\/193265-3\/DSC01134.jpg \/><\/a><br \/>\n^ .. und in IR, weil das Meer einfache besser rauskommt.<\/p>\n<p><a href='http:\/\/ski.inmontanis.info\/d\/193270-2\/DSC01829.jpg'><img src=http:\/\/ski.inmontanis.info\/d\/193269-3\/DSC01829.jpg \/><\/a><br \/>\n^ Abfahrt mit Meerblick.<\/p>\n<p><a href='http:\/\/ski.inmontanis.info\/d\/193274-2\/DSC01135.jpg'><img src=http:\/\/ski.inmontanis.info\/d\/193273-3\/DSC01135.jpg \/><\/a><br \/>\n^ SL Rifugio vs. Meer in IR<\/p>\n<p><a href='http:\/\/ski.inmontanis.info\/d\/193278-2\/DSC01835.jpg'><img src=http:\/\/ski.inmontanis.info\/d\/193277-3\/DSC01835.jpg \/><\/a><br \/>\n^ Die Berge des Maiella-Massif (Der Maiella-Gipfel selbst ist hier aber nicht zu sehen)<\/p>\n<p><a href='http:\/\/ski.inmontanis.info\/d\/193282-2\/DSC01836.jpg'><img src=http:\/\/ski.inmontanis.info\/d\/193281-3\/DSC01836.jpg \/><\/a><br \/>\n^ Blick ins Flachland und zum Meer<\/p>\n<p><a href='http:\/\/ski.inmontanis.info\/d\/193286-2\/DSC01138.jpg'><img src=http:\/\/ski.inmontanis.info\/d\/193285-3\/DSC01138.jpg \/><\/a><br \/>\n^ Gleicher Standort, etwas gezoomt und in IR<\/p>\n<p><a href='http:\/\/ski.inmontanis.info\/d\/193290-2\/DSC01838.jpg'><img src=http:\/\/ski.inmontanis.info\/d\/193289-3\/DSC01838.jpg \/><\/a><br \/>\n^ SL Rifugio<\/p>\n<p><a href='http:\/\/ski.inmontanis.info\/d\/193294-2\/DSC01145.jpg'><img src=http:\/\/ski.inmontanis.info\/d\/193293-3\/DSC01145.jpg \/><\/a><br \/>\n^ SL Rifugio vs. Meer in IR<\/p>\n<p><a href='http:\/\/ski.inmontanis.info\/d\/193298-2\/DSC01151.jpg'><img src=http:\/\/ski.inmontanis.info\/d\/193297-3\/DSC01151.jpg \/><\/a><br \/>\n^ Anscheinend gibt es immer noch nicht gen\u00fcgend Antennenmasten hier, der vordere scheint wohl neu gebaut zu sein.<\/p>\n<p><a href='http:\/\/ski.inmontanis.info\/d\/193302-2\/DSC01840.jpg'><img src=http:\/\/ski.inmontanis.info\/d\/193301-3\/DSC01840.jpg \/><\/a><br \/>\n^ Es ist ein Wahnsinn, wieviel Antennenmasten hier stehen!<\/p>\n<p><a href='http:\/\/ski.inmontanis.info\/d\/193306-2\/DSC01841.jpg'><img src=http:\/\/ski.inmontanis.info\/d\/193305-3\/DSC01841.jpg \/><\/a><br \/>\n^ Antennenmasten vs. Rifugio vs. Meer<\/p>\n<p><a href='http:\/\/ski.inmontanis.info\/d\/193310-2\/DSC01152.jpg'><img src=http:\/\/ski.inmontanis.info\/d\/193309-3\/DSC01152.jpg \/><\/a><br \/>\n^ SL Rifugio vs. Flachland und Meer in IR<\/p>\n<p><a href='http:\/\/ski.inmontanis.info\/d\/193314-2\/DSC01843.jpg'><img src=http:\/\/ski.inmontanis.info\/d\/193313-3\/DSC01843.jpg \/><\/a><br \/>\n^ Ordentlicher Funpark am SL Rifugio. Leider auch eine laute Beschallung am Lift.<\/p>\n<p><a href='http:\/\/ski.inmontanis.info\/d\/193318-2\/DSC01844.jpg'><img src=http:\/\/ski.inmontanis.info\/d\/193317-3\/DSC01844.jpg \/><\/a><br \/>\n^ Abfahrt und Blick runter zum Meer<\/p>\n<p><a href='http:\/\/ski.inmontanis.info\/d\/193322-2\/DSC01845.jpg'><img src=http:\/\/ski.inmontanis.info\/d\/193321-3\/DSC01845.jpg \/><\/a><br \/>\n^ Ex-SL Majelletta 4<\/p>\n<p><a href='http:\/\/ski.inmontanis.info\/d\/193326-2\/DSC01849.jpg'><img src=http:\/\/ski.inmontanis.info\/d\/193325-3\/DSC01849.jpg \/><\/a><br \/>\n^ Ex-SL Majelletta 4 (Nascivera)<\/p>\n<p><a href='http:\/\/ski.inmontanis.info\/d\/193330-2\/DSC01161.jpg'><img src=http:\/\/ski.inmontanis.info\/d\/193329-3\/DSC01161.jpg \/><\/a><br \/>\n^ Ex-SL Majelletta 4 mit Meer in IR<\/p>\n<p><a href='http:\/\/ski.inmontanis.info\/d\/193334-2\/DSC01853.jpg'><img src=http:\/\/ski.inmontanis.info\/d\/193333-3\/DSC01853.jpg \/><\/a><br \/>\n^ SL Stella Blu 3, heute nicht in Betrieb<\/p>\n<p><a href='http:\/\/ski.inmontanis.info\/d\/193338-2\/DSC01855.jpg'><img src=http:\/\/ski.inmontanis.info\/d\/193337-3\/DSC01855.jpg \/><\/a><br \/>\n^ Abfahrt leider schon gegen Mittag, da ich noch in ein anderes Gebiet wollte.<\/p>\n<p><a href='http:\/\/ski.inmontanis.info\/d\/193342-2\/ge20150220a.jpg'><img src=http:\/\/ski.inmontanis.info\/d\/193341-3\/ge20150220a.jpg \/><\/a><br \/>\n^ GPS-Track &#8211; nicht viel gefahren, da ich so viel fotografiert hatte :) Blau der heute geschlossene SL, Rot der ehemalige SL.<\/p>\n<p>Hier noch ein alter Pistenplan von meinem letzten Besuch, wo einige Projekte eingezeichnet waren:<br \/>\n<img src=http:\/\/ski.inmontanis.info\/d\/54342-3\/P1240097.JPG \/><\/p>\n<p>Ein kurzes Video mit zwei Offpiste-Abfahrten mit Meerblick in IR:<br \/>\n<object style=\"height: 500px; width: 900px\"><param name=\"movie\" value=\"http:\/\/www.youtube.com\/v\/phHQnOLhaCg\"><\/param><param name=\"wmode\" value=\"transparent\"><\/param><embed src=\"http:\/\/www.youtube.com\/v\/phHQnOLhaCg\" type=\"application\/x-shockwave-flash\" wmode=\"transparent\"  width=\"900\" height=\"480\"><\/embed><\/object><\/p>\n<p>Die aktuelle Homepage der oberen Lifte:<br \/>\n<a href='http:\/\/www.majellettawe.it\/'>http:\/\/www.majellettawe.it\/<\/a><\/p>\n<p>Fazit: Auch beim Wiederholungsbesuch konnte mich Majelletta wieder \u00fcberzeugen, ich will es bei meinen n\u00e4chsten Appennintouren gerne wieder mitnehmen. Was muss ich quer durch Europa fahren, die besten Skigebiete hat&#8217;s im Piemont und Appennin! Echt, ich zweifelte heute schwer, warum ich mir die lange Reise in 1 Woche in die T\u00fcrkei antun soll &#8211; ein besseres Pano wie in Italien kann&#8217;s nicht geben. Hoffentlich wird das kein Reinfall werden, bei der langen Strecke&#8230;<\/p>\n<p>Nachmittags ging&#8217;s noch nach Campo di Giove, aber das wird ein eigener Bericht.<\/p>\n<p>(Fortsetzung folgt.)<\/p>\n","protected":false},"excerpt":{"rendered":"<p>Fr, 20.2.2015 &#8211; Alpi-Appennini Tag 7 Teil 1 &#8211; Majelletta<\/p>\n<p> ^ H) Majelletta<\/p>\n<p>Was macht man, wenn man zwei Skigebiete mal wieder besuchen m\u00f6chte, aber nicht so viel Zeit hat und sich nicht entscheiden kann? Man geht einfach in beide. Vormittags ging&#8217;s ins Skigebiet Majelletta, eines der Top-Gebiete Italiens, wenn es um&#8217;s Meer-Pano geht. <a href=\"http:\/\/blog.inmontanis.info\/?p=3075\">[&#8230;]<\/a><\/p>\n","protected":false},"author":1,"featured_media":0,"comment_status":"closed","ping_status":"closed","sticky":false,"template":"","format":"standard","meta":{"footnotes":""},"categories":[140,15,472,59,27],"tags":[91,90,37,47],"class_list":["post-3075","post","type-post","status-publish","format-standard","hentry","category-2015-02-alpi-appennini","category-italienitaly","category-majelletta-p-lanciano","category-nostalgie","category-skifahren-winterskiing-winter","tag-graffer","tag-infrarot","tag-meer","tag-sl","odd"],"_links":{"self":[{"href":"http:\/\/blog.inmontanis.info\/index.php?rest_route=\/wp\/v2\/posts\/3075","targetHints":{"allow":["GET"]}}],"collection":[{"href":"http:\/\/blog.inmontanis.info\/index.php?rest_route=\/wp\/v2\/posts"}],"about":[{"href":"http:\/\/blog.inmontanis.info\/index.php?rest_route=\/wp\/v2\/types\/post"}],"author":[{"embeddable":true,"href":"http:\/\/blog.inmontanis.info\/index.php?rest_route=\/wp\/v2\/users\/1"}],"replies":[{"embeddable":true,"href":"http:\/\/blog.inmontanis.info\/index.php?rest_route=%2Fwp%2Fv2%2Fcomments&post=3075"}],"version-history":[{"count":2,"href":"http:\/\/blog.inmontanis.info\/index.php?rest_route=\/wp\/v2\/posts\/3075\/revisions"}],"predecessor-version":[{"id":3077,"href":"http:\/\/blog.inmontanis.info\/index.php?rest_route=\/wp\/v2\/posts\/3075\/revisions\/3077"}],"wp:attachment":[{"href":"http:\/\/blog.inmontanis.info\/index.php?rest_route=%2Fwp%2Fv2%2Fmedia&parent=3075"}],"wp:term":[{"taxonomy":"category","embeddable":true,"href":"http:\/\/blog.inmontanis.info\/index.php?rest_route=%2Fwp%2Fv2%2Fcategories&post=3075"},{"taxonomy":"post_tag","embeddable":true,"href":"http:\/\/blog.inmontanis.info\/index.php?rest_route=%2Fwp%2Fv2%2Ftags&post=3075"}],"curies":[{"name":"wp","href":"https:\/\/api.w.org\/{rel}","templated":true}]}}