{"id":3064,"date":"2015-02-17T19:25:01","date_gmt":"2015-02-17T18:25:01","guid":{"rendered":"http:\/\/blog.inmontanis.info\/?p=3064"},"modified":"2023-02-27T21:15:18","modified_gmt":"2023-02-27T20:15:18","slug":"doganaccia-17-2-2015","status":"publish","type":"post","link":"http:\/\/blog.inmontanis.info\/?p=3064","title":{"rendered":"Doganaccia, 17.2.2015"},"content":{"rendered":"<p><strong>Di, 17.2.2015 &#8211; Alpi-Appennini Tag 4 &#8211; Doganaccia<\/strong><\/p>\n<p><a href='http:\/\/extra.inmontanis.info\/d\/26461-2\/ge201502poi3.jpg'><img src=http:\/\/extra.inmontanis.info\/d\/26460-3\/ge201502poi3.jpg \/><\/a><br \/>\n^ E) Doganaccia (Toscana)<\/p>\n<p>Fast exakt 7 Jahre ist es nun (leider schon) her, dass ich das letzte Mal in Doganaccia skifahren war &#8211; es wurde also h\u00f6chste Zeit. Nur durch die Abschaffung der Vita Tecnica im letzten Herbst war es m\u00f6glich, dass der lange SL heuer (im Gegensatz zum letzten Jahr!) nochmals in Betrieb gehen durfte. Wobei man in den letzten Jahren den unteren SL (Campo Scuola) bereits ersetzt hatte.<\/p>\n<p>Dass dieses Skigebiet in der N\u00e4he von Abetone \u00fcberhaupt \u00fcberleben konnte, grenzt f\u00fcr mich schon an ein Wunder. Der projektierte Wiederaufbau der 2. PB-Sektion ist leider in den letzten 7 Jahren noch nicht durchgef\u00fchrt worden, obwohl es einmal einen Schwung gab und man die alte PB entsorgt hatte. Wobei man die St\u00fctze lediglich abges\u00e4gt und liegenlassen hatte, was mich dann wiederum nervt, da es ein sch\u00f6nes Fotomotiv war. Ebenfalls weiterhin nur in der Planungsphase ist die Verbindung zum Skigebiet am Corno alle Scale, das sich genau auf der R\u00fcckseite dieses Berges befindet und ja leider selbst jedes Jahr um die Existenz k\u00e4mpft :-(<\/p>\n<p>Ein erster, morgendlicher Blick aus dem Fenster &#8211; blauer Himmel! Sehr sch\u00f6n, besser als gemeldet. Die Ern\u00fcchterung auf der Stra\u00dfe richtung Abetone, kurz vor Cutigliano: Dicke Hangwolken. Na toll!! Rauf zur PB gefahren. Parkplatz kostete 5,- \u20ac, die ich mal wieder nicht passend in M\u00fcnzen hatte. Und war nicht der Skipass von unten aus teurer? (Wie ich mittlerweile nachgeschaut hatte: auch nochmals 5,- teurer). Aber es geht ja eine Stra\u00dfe hoch nach Doganaccia, und wenn man schon 10,- \u20ac spart, kann man die ja mal ausprobieren.<\/p>\n<p>Die Stra\u00dfe war dann leider doch etwas m\u00fchselig und langwierig (ca. 30 Minuten), wobei im oberen Bereich nicht mehr gut ger\u00e4umt war &#8211; bzw. der Neuschnee von den B\u00e4umen auf die Stra\u00dfen fiel, tw. waren es schwere, vereiste Brocken, die wie Hagel auf mein Auto gedonnert sind.<\/p>\n<p>Die Tageskarte kostete (werktags und eben ohne PB) 15,- + 5,- Pfand f\u00fcr die Keycard, mittlerweile die neuen Axess-Karten, wobei man hier Neutrale verwendet und die ich zum Schluss gar nicht retour gab, einerseits weil es eine neutrale Karte war und somit anderweitig leichter zu verwenden war, andererseits, weil die Tageskarte ja eh so g\u00fcnstig war und drittens, weil das Kassenh\u00e4uschen so gar nicht auf dem Weg zu meinem Auto war :)<\/p>\n<p>Es war recht windig, tw. sehr schlechte Sicht in den Wolken, aber als es darauf ankam, als die beste Sicht zum Meer war, war auch von den Wolken her alles ok. Sp\u00e4ter wurde es n\u00e4mlich wieder schlechter. Wobei ich mir nat\u00fcrlich schon bessere Meer-Sicht erhofft hatte. Und au\u00dferdem war der Schnee offpiste nahezu unfahrbar, leider. Alles leider nicht ganz wie erhofft heute gewesen. F\u00fcr meinen n\u00e4chsten Besuch w\u00fcrde ich mir aber dringend den Wiederaufbau der 2. PB-Sektion oder alternativ die Verbindung zum Corno alle Scale w\u00fcnschen.<\/p>\n<p>(Fotos anklicken zum Vergr\u00f6\u00dfern.)<\/p>\n<p><a href='http:\/\/ski.inmontanis.info\/d\/192600-2\/DSC01439.jpg'><img src=http:\/\/ski.inmontanis.info\/d\/192599-3\/DSC01439.jpg \/><\/a><br \/>\n^ Och n\u00f6\u00f6\u00f6!!! Der ganze Morgen traumhafter blauer Himmel, aber am Bergkamm im Skigebiet sitzen die Wolken fest!!<\/p>\n<p><a href='http:\/\/ski.inmontanis.info\/d\/192604-2\/DSC01441.jpg'><img src=http:\/\/ski.inmontanis.info\/d\/192603-3\/DSC01441.jpg \/><\/a><br \/>\n^ Auffahrt nach Doganaccia. Dass diese schmale Bergstra\u00dfe auch von riesigen LKWs befahren wird, h\u00e4tte ich nicht gedacht!<\/p>\n<p><a href='http:\/\/ski.inmontanis.info\/d\/192608-2\/DSC01443.jpg'><img src=http:\/\/ski.inmontanis.info\/d\/192607-3\/DSC01443.jpg \/><\/a><br \/>\n^ Auffahrt nach Doganaccia. Der Schnee taute von den B\u00e4umen und fiel herunter, teilweise prasselten die eisigen Klumpen wie Hagel auf mein Auto!<\/p>\n<p><a href='http:\/\/ski.inmontanis.info\/d\/192612-2\/DSC01446.jpg'><img src=http:\/\/ski.inmontanis.info\/d\/192611-3\/DSC01446.jpg \/><\/a><br \/>\n^ Neuer SL Campo Scuola und die Reste des ehemaligen SL (Zemella) links<\/p>\n<p><a href='http:\/\/ski.inmontanis.info\/d\/192616-2\/DSC01447.jpg'><img src=http:\/\/ski.inmontanis.info\/d\/192615-3\/DSC01447.jpg \/><\/a><br \/>\n^ Nette Abfahrt vom SL Campo Scuola zum SL Faggio di Maria<\/p>\n<p><a href='http:\/\/ski.inmontanis.info\/d\/192620-2\/DSC01449.jpg'><img src=http:\/\/ski.inmontanis.info\/d\/192619-3\/DSC01449.jpg \/><\/a><br \/>\n^ SL Faggio di Maria, hat mittlerweile ausschlie\u00dflich Lang-Teller (bei meinem letzten Besuch hatte er auch noch einige alte Kurz-Teller); links die Sommerrodelbahn<\/p>\n<p><a href='http:\/\/ski.inmontanis.info\/d\/192624-2\/DSC01451.jpg'><img src=http:\/\/ski.inmontanis.info\/d\/192623-3\/DSC01451.jpg \/><\/a><br \/>\n^ Talstation SL Faggio di Maria<\/p>\n<p><a href='http:\/\/ski.inmontanis.info\/d\/192628-2\/DSC01453.jpg'><img src=http:\/\/ski.inmontanis.info\/d\/192627-3\/DSC01453.jpg \/><\/a><br \/>\n^ SL Faggio di Maria, die \u00c4ste streiften am Lift (oder umgekehrt)<\/p>\n<p><a href='http:\/\/ski.inmontanis.info\/d\/192632-2\/DSC01458.jpg'><img src=http:\/\/ski.inmontanis.info\/d\/192631-3\/DSC01458.jpg \/><\/a><br \/>\n^ Eine weitere nette Abfahrt am SL Campo Scuola<\/p>\n<p><a href='http:\/\/ski.inmontanis.info\/d\/192636-2\/DSC01459.jpg'><img src=http:\/\/ski.inmontanis.info\/d\/192635-3\/DSC01459.jpg \/><\/a><br \/>\n^ Lange SL-Br\u00fccke (Campo Scuola)<\/p>\n<p><a href='http:\/\/ski.inmontanis.info\/d\/192640-2\/DSC01463.jpg'><img src=http:\/\/ski.inmontanis.info\/d\/192639-3\/DSC01463.jpg \/><\/a><br \/>\n^ Der Schnee war offpiste zwar eh zu schlecht, aber der Wald hier ist wohl generell nicht gut zum Waldskifahren geeignet.<\/p>\n<p><a href='http:\/\/ski.inmontanis.info\/d\/192644-2\/DSC01479.jpg'><img src=http:\/\/ski.inmontanis.info\/d\/192643-3\/DSC01479.jpg \/><\/a><br \/>\n^ Die H\u00e4user von Doganaccia mit PB Sektion 1<\/p>\n<p><a href='http:\/\/ski.inmontanis.info\/d\/192648-2\/DSC01480.jpg'><img src=http:\/\/ski.inmontanis.info\/d\/192647-3\/DSC01480.jpg \/><\/a><br \/>\n^ Altes Werbeplakat zur (ersten italienischen, mittlereweile leider nicht mehr existenten) Sommer-Mattenskipiste &#8211; La pista in plastica (1\u00b0 impianto in Italia) (!!) della Doganaccia<\/p>\n<p><a href='http:\/\/ski.inmontanis.info\/d\/192652-2\/DSC01481.jpg'><img src=http:\/\/ski.inmontanis.info\/d\/192651-3\/DSC01481.jpg \/><\/a><br \/>\n^ Alte Fotos der Mattenskipiste. Sah interessant aus. Der Lift links war wohl anstrengender.<\/p>\n<p><a href='http:\/\/ski.inmontanis.info\/d\/192656-2\/DSC01482.jpg'><img src=http:\/\/ski.inmontanis.info\/d\/192655-3\/DSC01482.jpg \/><\/a><br \/>\n^ Alte Fotos der Mattenskipiste.<\/p>\n<p><a href='http:\/\/ski.inmontanis.info\/d\/192660-2\/DSC01484.jpg'><img src=http:\/\/ski.inmontanis.info\/d\/192659-3\/DSC01484.jpg \/><\/a><br \/>\n^ SL Faggio di Maria, unterer Teil<\/p>\n<p><a href='http:\/\/ski.inmontanis.info\/d\/192664-2\/DSC01487.jpg'><img src=http:\/\/ski.inmontanis.info\/d\/192663-3\/DSC01487.jpg \/><\/a><br \/>\n^ SL Faggio di Maria, Bergstation<\/p>\n<p><a href='http:\/\/ski.inmontanis.info\/d\/192668-2\/DSC01488.jpg'><img src=http:\/\/ski.inmontanis.info\/d\/192667-3\/DSC01488.jpg \/><\/a><br \/>\n^ Das Pano war mein Hauptbesuchsgrund.<\/p>\n<p><a href='http:\/\/ski.inmontanis.info\/d\/192672-2\/DSC00962.jpg'><img src=http:\/\/ski.inmontanis.info\/d\/192671-3\/DSC00962.jpg \/><\/a><br \/>\n^ In IR sah man das gl\u00e4nzende Mittelmeer dann etwas besser.<\/p>\n<p><a href='http:\/\/ski.inmontanis.info\/d\/192676-2\/DSC01491.jpg'><img src=http:\/\/ski.inmontanis.info\/d\/192675-3\/DSC01491.jpg \/><\/a><br \/>\n^ Bergstation SL Faggio di Maria und ehemalige PB Sektion 2 (mit abges\u00e4gter St\u00fctze rechts)<\/p>\n<p><a href='http:\/\/ski.inmontanis.info\/d\/192680-2\/DSC00966.jpg'><img src=http:\/\/ski.inmontanis.info\/d\/192679-3\/DSC00966.jpg \/><\/a><br \/>\n^ IR-Zoom zur ehemaligen PB-Bergstation<\/p>\n<p>Hier ein paar Fotos vom 18.2.2008:<\/p>\n<p><a href='http:\/\/ski.inmontanis.info\/d\/52448-3\/P1230185.JPG'><img src=http:\/\/ski.inmontanis.info\/d\/52447-4\/P1230185.JPG \/><\/a><\/p>\n<p><a href='http:\/\/ski.inmontanis.info\/d\/52480-3\/P1230203.JPG'><img src=http:\/\/ski.inmontanis.info\/d\/52479-4\/P1230203.JPG \/><\/a><\/p>\n<p><a href='http:\/\/ski.inmontanis.info\/d\/52492-3\/P1230207.JPG'><img src=http:\/\/ski.inmontanis.info\/d\/52491-4\/P1230207.JPG \/><\/a><\/p>\n<p><a href='http:\/\/ski.inmontanis.info\/d\/52524-3\/P1230227.JPG'><img src=http:\/\/ski.inmontanis.info\/d\/52523-4\/P1230227.JPG \/><\/a><\/p>\n<p>Und wieder im Jahre 2015:<\/p>\n<p><a href='http:\/\/ski.inmontanis.info\/d\/192684-2\/DSC01510.jpg'><img src=http:\/\/ski.inmontanis.info\/d\/192683-3\/DSC01510.jpg \/><\/a><br \/>\n^ So ein Schwachsinn, die PB-St\u00fctze abzus\u00e4gen und dann liegen zu lassen und dann doch keine neue PB bauen. War so ein geniales Fotomotiv :-(<\/p>\n<p><a href='http:\/\/ski.inmontanis.info\/d\/192688-2\/DSC01494.jpg'><img src=http:\/\/ski.inmontanis.info\/d\/192687-3\/DSC01494.jpg \/><\/a><br \/>\n^ SL Faggio di Maria und Meer-Pano<\/p>\n<p><a href='http:\/\/ski.inmontanis.info\/d\/192692-2\/DSC00983.jpg'><img src=http:\/\/ski.inmontanis.info\/d\/192691-3\/DSC00983.jpg \/><\/a><br \/>\n^ SL Faggio di Maria und Meer-Pano (IR)<\/p>\n<p><a href='http:\/\/ski.inmontanis.info\/d\/192696-2\/DSC00985.jpg'><img src=http:\/\/ski.inmontanis.info\/d\/192695-3\/DSC00985.jpg \/><\/a><br \/>\n^ SL Faggio di Maria und Meer-Pano (IR)<\/p>\n<p><a href='http:\/\/ski.inmontanis.info\/d\/192700-2\/DSC01512.jpg'><img src=http:\/\/ski.inmontanis.info\/d\/192699-3\/DSC01512.jpg \/><\/a><br \/>\n^ Pano mit PB Sektion 1<\/p>\n<p><a href='http:\/\/ski.inmontanis.info\/d\/192704-2\/DSC01513.jpg'><img src=http:\/\/ski.inmontanis.info\/d\/192703-3\/DSC01513.jpg \/><\/a><br \/>\n^ Abfahrt und das gl\u00e4nzende Mittelmeer<\/p>\n<p><a href='http:\/\/ski.inmontanis.info\/d\/192708-2\/DSC01516.jpg'><img src=http:\/\/ski.inmontanis.info\/d\/192707-3\/DSC01516.jpg \/><\/a><br \/>\n^ Wie cool, eine Woody-Woodpecker-Wolke :)<\/p>\n<p><a href='http:\/\/ski.inmontanis.info\/d\/192712-2\/DSC01518.jpg'><img src=http:\/\/ski.inmontanis.info\/d\/192711-3\/DSC01518.jpg \/><\/a><br \/>\n^ Stark verkrustet, die runden (!) Holzpf\u00e4hle.<\/p>\n<p><a href='http:\/\/ski.inmontanis.info\/d\/192716-2\/DSC01524.jpg'><img src=http:\/\/ski.inmontanis.info\/d\/192715-3\/DSC01524.jpg \/><\/a><br \/>\n^ SL Campo Scuola, zeitweise enorme Wartezeiten, weil zu viel Anf\u00e4nger, die nicht Lift fahren k\u00f6nnen.<\/p>\n<p><a href='http:\/\/ski.inmontanis.info\/d\/192720-2\/DSC01526.jpg'><img src=http:\/\/ski.inmontanis.info\/d\/192719-3\/DSC01526.jpg \/><\/a><br \/>\n^ Einer der Parkpl\u00e4tze &#8211; an diesem stand ich ganz alleine.<\/p>\n<p><a href='http:\/\/ski.inmontanis.info\/d\/192724-2\/DSC01533.jpg'><img src=http:\/\/ski.inmontanis.info\/d\/192723-3\/DSC01533.jpg \/><\/a><br \/>\n^ Ortsdurchfahrt durch Cutigliano &#8211; dass da diese riesigen LKWs durchkommen?!<\/p>\n<p><a href='http:\/\/ski.inmontanis.info\/d\/192728-2\/ge20150217a.jpg'><img src=http:\/\/ski.inmontanis.info\/d\/192727-3\/ge20150217a.jpg \/><\/a><br \/>\n^ GPS-Track 17.2.2015 (gelb) und von meinem letzten Besuch 18.2.2008 (blau), als ich zur PB-Bergstation aufgestiegen bin und wg. tollen Firns mehr offpiste fahren konnte, wobei ich heute auch 2-3x bissl durch den Wald gefahren bin.<\/p>\n<p>Homepage+Pistenplan: <a href='http:\/\/www.doganaccia2000.it\/comprensorio.php'>http:\/\/www.doganaccia2000.it\/comprensorio.php<\/a><\/p>\n<p>Um 16 Uhr fuhr ich wieder weiter, ich hatte mir ein Hotel direkt an einer Rastst\u00e4tte auf der mautfreien E45 n\u00e4he Deruta reserviert, 35,- \u20ac \u00dcF + 11,- \u20ac das Abendessen (Men\u00fc). Leider war der WLAN-Empfang im Zimmer grauenhaft (trotz gen\u00fcger Balken laufend Aussetzer) und die Sauberkeit im Zimmer bzw. besser gesagt im Badezimmer war auch verbesserungsw\u00fcrdig &#8211; K\u00f6rper-\/Schamhaare in der Dusche und dem Boden daneben, etc. Das Fr\u00fchst\u00fcck war auch typisch italienisch minimalst &#8211; Croissant und Getr\u00e4nk. Daf\u00fcr k\u00f6nnte man jederzeit fr\u00fchst\u00fccken, da die Bar als Autobahnrastst\u00e4tte 24h ge\u00f6ffnet ist. (Bin aber doch erst um 7:20 zum Fr\u00fchst\u00fccken gekommen.)<\/p>\n<p><a href='http:\/\/extra.inmontanis.info\/d\/26473-2\/DSC01539.jpg'><img src=http:\/\/extra.inmontanis.info\/d\/26472-3\/DSC01539.jpg \/><\/a><br \/>\n^ Interessantes Strommasten-Design<\/p>\n<p>(Fortsetzung folgt.)<\/p>\n","protected":false},"excerpt":{"rendered":"<p>Di, 17.2.2015 &#8211; Alpi-Appennini Tag 4 &#8211; Doganaccia<\/p>\n<p> ^ E) Doganaccia (Toscana)<\/p>\n<p>Fast exakt 7 Jahre ist es nun (leider schon) her, dass ich das letzte Mal in Doganaccia skifahren war &#8211; es wurde also h\u00f6chste Zeit. Nur durch die Abschaffung der Vita Tecnica im letzten Herbst war es m\u00f6glich, dass der lange SL <a href=\"http:\/\/blog.inmontanis.info\/?p=3064\">[&#8230;]<\/a><\/p>\n","protected":false},"author":1,"featured_media":0,"comment_status":"closed","ping_status":"closed","sticky":false,"template":"","format":"standard","meta":{"footnotes":""},"categories":[140,235,15,59,27],"tags":[90,37,52,47],"class_list":["post-3064","post","type-post","status-publish","format-standard","hentry","category-2015-02-alpi-appennini","category-doganaccia","category-italienitaly","category-nostalgie","category-skifahren-winterskiing-winter","tag-infrarot","tag-meer","tag-pb","tag-sl","odd"],"_links":{"self":[{"href":"http:\/\/blog.inmontanis.info\/index.php?rest_route=\/wp\/v2\/posts\/3064","targetHints":{"allow":["GET"]}}],"collection":[{"href":"http:\/\/blog.inmontanis.info\/index.php?rest_route=\/wp\/v2\/posts"}],"about":[{"href":"http:\/\/blog.inmontanis.info\/index.php?rest_route=\/wp\/v2\/types\/post"}],"author":[{"embeddable":true,"href":"http:\/\/blog.inmontanis.info\/index.php?rest_route=\/wp\/v2\/users\/1"}],"replies":[{"embeddable":true,"href":"http:\/\/blog.inmontanis.info\/index.php?rest_route=%2Fwp%2Fv2%2Fcomments&post=3064"}],"version-history":[{"count":5,"href":"http:\/\/blog.inmontanis.info\/index.php?rest_route=\/wp\/v2\/posts\/3064\/revisions"}],"predecessor-version":[{"id":5018,"href":"http:\/\/blog.inmontanis.info\/index.php?rest_route=\/wp\/v2\/posts\/3064\/revisions\/5018"}],"wp:attachment":[{"href":"http:\/\/blog.inmontanis.info\/index.php?rest_route=%2Fwp%2Fv2%2Fmedia&parent=3064"}],"wp:term":[{"taxonomy":"category","embeddable":true,"href":"http:\/\/blog.inmontanis.info\/index.php?rest_route=%2Fwp%2Fv2%2Fcategories&post=3064"},{"taxonomy":"post_tag","embeddable":true,"href":"http:\/\/blog.inmontanis.info\/index.php?rest_route=%2Fwp%2Fv2%2Ftags&post=3064"}],"curies":[{"name":"wp","href":"https:\/\/api.w.org\/{rel}","templated":true}]}}