{"id":3061,"date":"2015-02-16T23:07:52","date_gmt":"2015-02-16T22:07:52","guid":{"rendered":"http:\/\/blog.inmontanis.info\/?p=3061"},"modified":"2023-08-03T21:44:18","modified_gmt":"2023-08-03T19:44:18","slug":"gallio-16-2-2015","status":"publish","type":"post","link":"http:\/\/blog.inmontanis.info\/?p=3061","title":{"rendered":"Gallio, 16.2.2015"},"content":{"rendered":"<p><strong>Mo, 16.2.2015 &#8211; Alpi-Appennini Tag 3 &#8211; Gallio<\/strong><\/p>\n<p><em>&#8230; und Hotel f\u00fcr morgen Abend gebucht und mich f\u00fcr morgen f\u00fcr Gallio entschieden. Was eine schwere Entscheidung war, da 2-3 Gebiete in der Gegend in Betracht kamen und ich auch insbesondere in Recoaro Mille gerne wieder einmal fahren m\u00f6chte.<\/em><\/p>\n<p>Wie \u00fcblich kam ich sp\u00e4ter ins Bett und somit erst um 6 Uhr wieder heraus, Abfahrt kurz nach halb 7 und in Gallio um kurz nach 10 gewesen. Tageskarte wochentags h\u00e4tte 30,- gekostet, aber nach einiger \u00dcberlegung entschied ich mich f\u00fcr die 4-h-Karte um 28,- \u20ac, da ich ja noch ca. 4-4,5h Fahrt heute Abend vor mir hatte.<\/p>\n<p>In Betrieb war die Graffer-DSB (wg. derer ich nat\u00fcrlich hier war), die 3SB und netterweise der SL anstatt der 2. Sektion DSB (die also nur am Wochenende f\u00e4hrt). Schnee war insb. am SL toll, was hier auch zu kleinen Wartezeiten f\u00fchrte. Die Graffer-DSB bot in Kombination mit SL und 3SB 7 Abfahrtsvarianten, was f\u00fcr genug Abwechslung sorgte. Gallio gefiel mir auch am 4. Tag sehr gut, werde gerne wieder vorbei kommen, hoffentlich diesmal wieder etwas fr\u00fcher (vorherige Besuche: M\u00e4rz 2006, Dezember 2008, Dezember 2010). Aber n\u00e4chstes Mal in der Gegend kommt erst mal wieder Recoaro dran.<\/p>\n<p>(Fotos anklicken zum Vergr\u00f6\u00dfern)<\/p>\n<p><a href='http:\/\/extra.inmontanis.info\/d\/26461-2\/ge201502poi3.jpg'><img src=http:\/\/extra.inmontanis.info\/d\/26460-3\/ge201502poi3.jpg \/><\/a><br \/>\n^ D) Gallio<\/p>\n<p><a href='http:\/\/extra.inmontanis.info\/d\/26465-2\/DSC01359.jpg'><img src=http:\/\/extra.inmontanis.info\/d\/26464-3\/DSC01359.jpg \/><\/a><br \/>\n^ SS47<\/p>\n<p><a href='http:\/\/extra.inmontanis.info\/d\/26469-2\/DSC01361.jpg'><img src=http:\/\/extra.inmontanis.info\/d\/26468-3\/DSC01361.jpg \/><\/a><br \/>\n^ Auffahrt von Valstagna auf&#8217;s Altopiano di 7 Communi<\/p>\n<p><a href='http:\/\/ski.inmontanis.info\/d\/192388-2\/DSC01363.jpg'><img src=http:\/\/ski.inmontanis.info\/d\/192387-3\/DSC01363.jpg \/><\/a><br \/>\n^ Von Gallio ins Skigebiet &#8211; ob das mal eine Piste war oder sein wird?<\/p>\n<p><a href='http:\/\/ski.inmontanis.info\/d\/192392-2\/DSC01366.jpg'><img src=http:\/\/ski.inmontanis.info\/d\/192391-3\/DSC01366.jpg \/><\/a><br \/>\n^ Talstation DSB und Parkplatz<\/p>\n<p><a href='http:\/\/ski.inmontanis.info\/d\/192396-2\/DSC01369.jpg'><img src=http:\/\/ski.inmontanis.info\/d\/192395-3\/DSC01369.jpg \/><\/a><br \/>\n^ Die obere, neue DSB blieb heute geschlossen, wird auch nicht ben\u00f6tigt, da der SL l\u00e4uft.<\/p>\n<p><a href='http:\/\/ski.inmontanis.info\/d\/192400-2\/DSC01370.jpg'><img src=http:\/\/ski.inmontanis.info\/d\/192399-3\/DSC01370.jpg \/><\/a><br \/>\n^ Blick zu den zwei sch\u00f6nen, rechten Abfahrten der unteren DSB, die man durch die obere DSB bzw. dem (nicht sichtbaren) dahinter liegenden SL erreicht.<\/p>\n<p><a href='http:\/\/ski.inmontanis.info\/d\/192404-2\/DSC01372.jpg'><img src=http:\/\/ski.inmontanis.info\/d\/192403-3\/DSC01372.jpg \/><\/a><br \/>\n^ Graffer-DSB<\/p>\n<p><a href='http:\/\/ski.inmontanis.info\/d\/192408-2\/DSC01374.jpg'><img src=http:\/\/ski.inmontanis.info\/d\/192407-3\/DSC01374.jpg \/><\/a><br \/>\n^ Abfahrt am SL (bzw. Alternativ weiter zur 3SB)<\/p>\n<p><a href='http:\/\/ski.inmontanis.info\/d\/192412-2\/DSC01377.jpg'><img src=http:\/\/ski.inmontanis.info\/d\/192411-3\/DSC01377.jpg \/><\/a><br \/>\n^ SL 3 Pali, Zeitweise gab es hier sogar Wartezeiten<\/p>\n<p><a href='http:\/\/ski.inmontanis.info\/d\/192416-2\/DSC00948.jpg'><img src=http:\/\/ski.inmontanis.info\/d\/192415-3\/DSC00948.jpg \/><\/a><br \/>\n^ Die Adria bei Venedig sah man vormittags etwas im Sonnenschein leuchten<\/p>\n<p><a href='http:\/\/ski.inmontanis.info\/d\/192420-2\/DSC01379.jpg'><img src=http:\/\/ski.inmontanis.info\/d\/192419-3\/DSC01379.jpg \/><\/a><br \/>\n^ Abfahrt am SL<\/p>\n<p><a href='http:\/\/ski.inmontanis.info\/d\/192424-2\/DSC01380.jpg'><img src=http:\/\/ski.inmontanis.info\/d\/192423-3\/DSC01380.jpg \/><\/a><br \/>\n^ Die Abfahrten am SL sind allesamt sehr sch\u00f6n<\/p>\n<p><a href='http:\/\/ski.inmontanis.info\/d\/192428-2\/DSC01381.jpg'><img src=http:\/\/ski.inmontanis.info\/d\/192427-3\/DSC01381.jpg \/><\/a><br \/>\n^ Blick von ebendieser Abfahrt am SL r\u00fcber zur den anderen Liften, links die heute geschlossene, obere DSB, Mittig die Bergstation der Graffer-DSB und rechts die (neuere) 3SB<\/p>\n<p><a href='http:\/\/ski.inmontanis.info\/d\/192432-2\/DSC01385.jpg'><img src=http:\/\/ski.inmontanis.info\/d\/192431-3\/DSC01385.jpg \/><\/a><br \/>\n^ Sciovia 3 Pali<\/p>\n<p><a href='http:\/\/ski.inmontanis.info\/d\/192436-2\/DSC01407.jpg'><img src=http:\/\/ski.inmontanis.info\/d\/192435-3\/DSC01407.jpg \/><\/a><br \/>\n^ Untere DSB und Blick r\u00fcber zum mittlerweile leider geschlossenen Teil<\/p>\n<p><a href='http:\/\/ski.inmontanis.info\/d\/192440-2\/DSC01408.jpg'><img src=http:\/\/ski.inmontanis.info\/d\/192439-3\/DSC01408.jpg \/><\/a><br \/>\n^ Blick von der 3SB Bergstation r\u00fcber zu den beiden DSBs und dem SL. Dass wochentags die obere DSB nicht l\u00e4uft und stattdessen der SL macht durchwegs Sinn, da der SL mehr Abfahrten erschlie\u00dft, f\u00fcr die man ansonsten immer die 3SB+DSB nehmen m\u00fcsste.<\/p>\n<p><a href='http:\/\/ski.inmontanis.info\/d\/192444-2\/DSC01415.jpg'><img src=http:\/\/ski.inmontanis.info\/d\/192443-3\/DSC01415.jpg \/><\/a><br \/>\n^ Blick von der Bergstation DSB\/SL zu den beiden DSBs vorne und der 3SB hinten<\/p>\n<p><a href='http:\/\/ski.inmontanis.info\/d\/192448-2\/DSC01411.jpg'><img src=http:\/\/ski.inmontanis.info\/d\/192447-3\/DSC01411.jpg \/><\/a><br \/>\n^ Mittlerer Teil der (linken) DSB-Abfahrt(en)<\/p>\n<p><a href='http:\/\/ski.inmontanis.info\/d\/192452-2\/DSC01412.jpg'><img src=http:\/\/ski.inmontanis.info\/d\/192451-3\/DSC01412.jpg \/><\/a><br \/>\n^ Graffer-DSB<\/p>\n<p><a href='http:\/\/ski.inmontanis.info\/d\/192456-2\/DSC01414.jpg'><img src=http:\/\/ski.inmontanis.info\/d\/192455-3\/DSC01414.jpg \/><\/a><br \/>\n^ Graffer-DSB, \u00fcber zu wenig St\u00fctzen braucht man sich bei Graffer nicht zu beschweren ;-)<\/p>\n<p><a href='http:\/\/ski.inmontanis.info\/d\/192460-2\/DSC01418.jpg'><img src=http:\/\/ski.inmontanis.info\/d\/192459-3\/DSC01418.jpg \/><\/a><br \/>\n^ Glaub das war die mittlere SL-Abfahrt<\/p>\n<p><a href='http:\/\/ski.inmontanis.info\/d\/192464-2\/DSC01424.jpg'><img src=http:\/\/ski.inmontanis.info\/d\/192463-3\/DSC01424.jpg \/><\/a><br \/>\n^ DSB Talstation<\/p>\n<p><a href='http:\/\/ski.inmontanis.info\/d\/192468-2\/ge20150216b.jpg'><img src=http:\/\/ski.inmontanis.info\/d\/192467-3\/ge20150216b.jpg \/><\/a><br \/>\n^ GPS-Track 16.2.2015, Rot eingezeichnet die ehemaligen Lifte (ohne Anspruch auf Korrektheit + Vollst\u00e4ndigkeit)<\/p>\n<p>Der rechte rote Strich war \u00fcbrigens eine &#8220;Seggio-Cestovia&#8221; -> siehe auch: <a href='http:\/\/retrofutur.org\/retrofutur\/app\/main?DOCID=1000113454&#038;albumMode=1000113454'>http:\/\/retrofutur.org\/retrofutur\/app\/main?DOCID=1000113454&#038;albumMode=1000113454<\/a><\/p>\n<p>Um 14:45 fuhr ich los, nach knapp \u00fcber 4h kam ich an, in San Marcello Pistoiese, s\u00fcdlich von Abetone. Ich entschied mich f\u00fcr dieses Hotel nahe meines morgigen Zieles Doganaccia, weil es einerseits den g\u00fcnstigsten \u00dcbernachtungspreis hatte (30,- \u20ac!), aber auch die besten Bewertungen, insb. hinsichtlich des Essens, hatte. Um 15,- \u20ac bekommt man ein Men\u00fc aus Antipasti (Buffet!), 3 Vorspeisen (Risotto Funghi, Tortellini mit evtl. Ricotta und Ragu, Gnocchi mit keine Ahnung, war alles gut) und in meinem Fall 3 Hauptspeisen (Champignonschnitzel, Roast Beef (2 d\u00fcnne Scheiben), und so &#8216;was wie Gulasch), Pommes, sowie eine Nachspeise. Wahnsinn! Gerne wieder, wenn ich mal wieder hier in die Gegend fahre. Parkplatz war problematisch, war alles voll, musste von der Stra\u00dfe aus runterlaufen, der Wirt meinte dann aber, ich solle nach dem Essen doch runter fahren, w\u00e4re ihm lieber, dann w\u00e4re wieder was frei. Es waren nicht alles G\u00e4ste, die hier in dem Bereich hielten.<\/p>\n<p>WLAN war leider nicht so toll. Hatte w\u00e4hrend des Essens funktioniert, aber oben im Zimmer nur f\u00fcr &#8216;ne halbe Stunde, danach war&#8217;s offline, das Modem konnte sich nicht verbinden. Das Zimmer selbst ist auch etwas altmodischer und in dem gro\u00dfen Bad (mit Badewanne) gab es keine eigene Heizung. Gro\u00df auch das Fr\u00fchs\u00fccksbuffet inkl. Baguette (!), Schinken, mehreren K\u00e4sesorten, mehreren Cerealien-Sorten und sogar mehreren Milchsorten (hab M\u00fcsli\/Cornflakes mal mit Ziegenmilch probiert, mal was anderes). <\/p>\n<p>(Fortsetzung folgt.)<\/p>\n","protected":false},"excerpt":{"rendered":"<p>Mo, 16.2.2015 &#8211; Alpi-Appennini Tag 3 &#8211; Gallio<\/p>\n<p>&#8230; und Hotel f\u00fcr morgen Abend gebucht und mich f\u00fcr morgen f\u00fcr Gallio entschieden. Was eine schwere Entscheidung war, da 2-3 Gebiete in der Gegend in Betracht kamen und ich auch insbesondere in Recoaro Mille gerne wieder einmal fahren m\u00f6chte.<\/p>\n<p>Wie \u00fcblich kam ich sp\u00e4ter ins Bett <a href=\"http:\/\/blog.inmontanis.info\/?p=3061\">[&#8230;]<\/a><\/p>\n","protected":false},"author":1,"featured_media":0,"comment_status":"closed","ping_status":"closed","sticky":false,"template":"","format":"standard","meta":{"footnotes":""},"categories":[140,482,15,59,27],"tags":[38,91,90,37,47],"class_list":["post-3061","post","type-post","status-publish","format-standard","hentry","category-2015-02-alpi-appennini","category-gallio","category-italienitaly","category-nostalgie","category-skifahren-winterskiing-winter","tag-dsb","tag-graffer","tag-infrarot","tag-meer","tag-sl","odd"],"_links":{"self":[{"href":"http:\/\/blog.inmontanis.info\/index.php?rest_route=\/wp\/v2\/posts\/3061","targetHints":{"allow":["GET"]}}],"collection":[{"href":"http:\/\/blog.inmontanis.info\/index.php?rest_route=\/wp\/v2\/posts"}],"about":[{"href":"http:\/\/blog.inmontanis.info\/index.php?rest_route=\/wp\/v2\/types\/post"}],"author":[{"embeddable":true,"href":"http:\/\/blog.inmontanis.info\/index.php?rest_route=\/wp\/v2\/users\/1"}],"replies":[{"embeddable":true,"href":"http:\/\/blog.inmontanis.info\/index.php?rest_route=%2Fwp%2Fv2%2Fcomments&post=3061"}],"version-history":[{"count":2,"href":"http:\/\/blog.inmontanis.info\/index.php?rest_route=\/wp\/v2\/posts\/3061\/revisions"}],"predecessor-version":[{"id":3063,"href":"http:\/\/blog.inmontanis.info\/index.php?rest_route=\/wp\/v2\/posts\/3061\/revisions\/3063"}],"wp:attachment":[{"href":"http:\/\/blog.inmontanis.info\/index.php?rest_route=%2Fwp%2Fv2%2Fmedia&parent=3061"}],"wp:term":[{"taxonomy":"category","embeddable":true,"href":"http:\/\/blog.inmontanis.info\/index.php?rest_route=%2Fwp%2Fv2%2Fcategories&post=3061"},{"taxonomy":"post_tag","embeddable":true,"href":"http:\/\/blog.inmontanis.info\/index.php?rest_route=%2Fwp%2Fv2%2Ftags&post=3061"}],"curies":[{"name":"wp","href":"https:\/\/api.w.org\/{rel}","templated":true}]}}