{"id":3054,"date":"2015-02-14T23:50:14","date_gmt":"2015-02-14T22:50:14","guid":{"rendered":"http:\/\/blog.inmontanis.info\/?p=3054"},"modified":"2023-07-30T18:36:21","modified_gmt":"2023-07-30T16:36:21","slug":"kampenwand-14-2-2015","status":"publish","type":"post","link":"http:\/\/blog.inmontanis.info\/?p=3054","title":{"rendered":"Kampenwand, 14.2.2015"},"content":{"rendered":"<p>Sa, 14.2.2015 &#8211; Alpi-Appennini Tag 1 &#8211; Kampenwand<\/p>\n<p>Egtl. hatte ich ja vor gehabt, im Februar 3 Wochen am St\u00fcck zu gehen, und zwar in die T\u00fcrkei. Aus diversen Gr\u00fcnden (Zeit meines Teil-Mitfahrers Trincerone und K\u00e4lte im Februar in der T\u00fcrkei) verschoben wir das etwas verk\u00fcrzt (na gut, 2,5 Wochen) auf Anfang M\u00e4rz und ich hatte pl\u00f6tzlich doch noch die M\u00f6glichkeit, im Februar eine Woche ins geliebte Italien zu fahren, wobei ich mich bewusst f\u00fcr die Faschingswoche entschied. Zuvor lag noch zu wenig Schnee und \u00fcber Fasching haben ein paar Wochenendgebiete evtl. auch unter der Woche ge\u00f6ffnet. So meine Gedanken. Leider st\u00f6rte wie \u00fcblich das Wetter, denn letzte Woche hie\u00df es noch, dass von Samstag bis Dienstag oder Mittwoch Regen und Schneefall sein soll. Ich verabschiedete mich von den Pl\u00e4nen, \u00c4tna und\/oder Korsika zu besuchen und dachte an einen Reisestart um Mittwoch und wollte bis dahin noch ein paar Tage im sonnigen Tirol und Bayern bleiben. <\/p>\n<p>Am Samstag ging&#8217;s auf die Kampenwand, eines meiner Top 5 &#8211; Skigebiete: Tolle Nostalgielifte, Flachland- und Seepano. Leider war das Wetter dann doch nicht ganz so fotogen wie bei meinem letzten Besuch im M\u00e4rz 2013 und auch offpiste war der Schnee schwierig (au\u00dfer an den ESL-Steilh\u00e4ngen, dort ging&#8217;s gut) und die Talabfahrt wie \u00fcblich stellenweise steinig. In Summe hab ich mich mit dem Fotografieren also zur\u00fcckgehalten.<\/p>\n<p>(Fotos anklicken zum Vergr\u00f6\u00dfern)<\/p>\n<p><a href='http:\/\/extra.inmontanis.info\/d\/26461-2\/ge201502poi3.jpg'><img src=http:\/\/extra.inmontanis.info\/d\/26460-3\/ge201502poi3.jpg \/><\/a><br \/>\n^ A) Kampenwand<\/p>\n<p><a href='http:\/\/ski.inmontanis.info\/d\/192228-2\/DSC01186.jpg'><img src=http:\/\/ski.inmontanis.info\/d\/192227-3\/DSC01186.jpg \/><\/a><br \/>\n^ Talstation<\/p>\n<p><a href='http:\/\/ski.inmontanis.info\/d\/192232-2\/DSC01190.jpg'><img src=http:\/\/ski.inmontanis.info\/d\/192231-3\/DSC01190.jpg \/><\/a><br \/>\n^ 4ZUB und Nebeldecke im Flachland<\/p>\n<p><a href='http:\/\/ski.inmontanis.info\/d\/192236-2\/DSC01191.jpg'><img src=http:\/\/ski.inmontanis.info\/d\/192235-3\/DSC01191.jpg \/><\/a><br \/>\n^ Rote 34<\/p>\n<p><a href='http:\/\/ski.inmontanis.info\/d\/192240-2\/DSC01208.jpg'><img src=http:\/\/ski.inmontanis.info\/d\/192239-3\/DSC01208.jpg \/><\/a><br \/>\n^ Klemme. Da die Bahn recht schnell f\u00e4hrt, ist es recht schwer, die Klemme richtig zu fokussieren; erschwert wurde es auch noch, dass man relativ kurz belichten muss, da sonst eine Bewegungsunsch\u00e4rfe dazu kommt. Ganz perfekt scharf war zwar auch dieses Bild nicht, aber doch gut genug.<\/p>\n<p><a href='http:\/\/ski.inmontanis.info\/d\/192244-2\/DSC01218.jpg'><img src=http:\/\/ski.inmontanis.info\/d\/192243-3\/DSC01218.jpg \/><\/a><br \/>\n^ ESL und die steile (unpr\u00e4parierte) Abfahrt<\/p>\n<p><a href='http:\/\/ski.inmontanis.info\/d\/192248-2\/DSC01227.jpg'><img src=http:\/\/ski.inmontanis.info\/d\/192247-3\/DSC01227.jpg \/><\/a><br \/>\n^ 25-49<\/p>\n<p><a href='http:\/\/ski.inmontanis.info\/d\/192252-2\/DSC01234.jpg'><img src=http:\/\/ski.inmontanis.info\/d\/192251-3\/DSC01234.jpg \/><\/a><br \/>\n^ Das \u00fcbliche, nette Motiv im Tal ;)<\/p>\n<p><a href='http:\/\/ski.inmontanis.info\/d\/192256-2\/DSC01251.jpg'><img src=http:\/\/ski.inmontanis.info\/d\/192255-3\/DSC01251.jpg \/><\/a><br \/>\n^ Der ber\u00fchmte, eckige Umlauf in den Stationen<\/p>\n<p><a href='http:\/\/ski.inmontanis.info\/d\/192260-2\/DSC01258.jpg'><img src=http:\/\/ski.inmontanis.info\/d\/192259-3\/DSC01258.jpg \/><\/a><br \/>\n^ 4ZUB vs.  Flachland<\/p>\n<p><a href='http:\/\/ski.inmontanis.info\/d\/192264-2\/DSC01261.jpg'><img src=http:\/\/ski.inmontanis.info\/d\/192263-3\/DSC01261.jpg \/><\/a><br \/>\n^ 4ZUB vs. Chiemsee<\/p>\n<p><a href='http:\/\/ski.inmontanis.info\/d\/192268-2\/DSC01270.jpg'><img src=http:\/\/ski.inmontanis.info\/d\/192267-3\/DSC01270.jpg \/><\/a><br \/>\n^ Gondeln 1 und 30<\/p>\n<p><a href='http:\/\/ski.inmontanis.info\/d\/192272-2\/DSC01272.jpg'><img src=http:\/\/ski.inmontanis.info\/d\/192271-3\/DSC01272.jpg \/><\/a><br \/>\n^ 17 und 3 im oberen Bereich<\/p>\n<p><a href='http:\/\/ski.inmontanis.info\/d\/192276-2\/DSC01280.jpg'><img src=http:\/\/ski.inmontanis.info\/d\/192275-3\/DSC01280.jpg \/><\/a><br \/>\n^ Chiemsee und unten der SL<\/p>\n<p><a href='http:\/\/ski.inmontanis.info\/d\/192280-2\/DSC01281.jpg'><img src=http:\/\/ski.inmontanis.info\/d\/192279-3\/DSC01281.jpg \/><\/a><br \/>\n^ SL Bergstation<\/p>\n<p><a href='http:\/\/ski.inmontanis.info\/d\/192284-2\/DSC01285.jpg'><img src=http:\/\/ski.inmontanis.info\/d\/192283-3\/DSC01285.jpg \/><\/a><br \/>\n^ ESL Talstation<\/p>\n<p><a href='http:\/\/ski.inmontanis.info\/d\/192288-2\/DSC01288.jpg'><img src=http:\/\/ski.inmontanis.info\/d\/192287-3\/DSC01288.jpg \/><\/a><br \/>\n^ Chiemsee und ESL und ESL-Abfahrtsstart<\/p>\n<p><a href='http:\/\/ski.inmontanis.info\/d\/192292-2\/DSC00941.jpg'><img src=http:\/\/ski.inmontanis.info\/d\/192291-3\/DSC00941.jpg \/><\/a><br \/>\n^ Skigebiet in IR<\/p>\n<p><a href='http:\/\/ski.inmontanis.info\/d\/192296-2\/DSC00945.jpg'><img src=http:\/\/ski.inmontanis.info\/d\/192295-3\/DSC00945.jpg \/><\/a><br \/>\n^ ESL und Chiemsee in IR<\/p>\n<p><a href='http:\/\/ski.inmontanis.info\/d\/192300-2\/DSC00932.jpg'><img src=http:\/\/ski.inmontanis.info\/d\/192299-3\/DSC00932.jpg \/><\/a><br \/>\n^ 4ZUB und Chiemsee in IR<\/p>\n<p><a href='http:\/\/ski.inmontanis.info\/d\/192304-2\/DSC01293.jpg'><img src=http:\/\/ski.inmontanis.info\/d\/192303-3\/DSC01293.jpg \/><\/a><br \/>\n^ ESL und dessen Abfahrt (schneem\u00e4\u00dfig gut)<\/p>\n<p><a href='http:\/\/ski.inmontanis.info\/d\/192308-2\/DSC01314.jpg'><img src=http:\/\/ski.inmontanis.info\/d\/192307-3\/DSC01314.jpg \/><\/a><br \/>\n^ ESL vs. Flachland und Chiemsee<\/p>\n<p><a href='http:\/\/ski.inmontanis.info\/d\/192312-2\/DSC01322.jpg'><img src=http:\/\/ski.inmontanis.info\/d\/192311-3\/DSC01322.jpg \/><\/a><br \/>\n^ Nachmittagspano<\/p>\n<p><a href='http:\/\/ski.inmontanis.info\/d\/192316-2\/DSC01325.jpg'><img src=http:\/\/ski.inmontanis.info\/d\/192315-3\/DSC01325.jpg \/><\/a><br \/>\n^ Der Hauptteil des Skigebiets<\/p>\n<p><a href='http:\/\/ski.inmontanis.info\/d\/192320-2\/ge20150214.jpg'><img src=http:\/\/ski.inmontanis.info\/d\/192319-3\/ge20150214.jpg \/><\/a><br \/>\n^ GPS-Track 14.2.2015; die DSB bin ich heute nicht gefahren<\/p>\n<p>Und nat\u00fcrlich auch ein paar bewegte Bilder von der 4ZUB und dem ESL (inkl. IR-Szenen)<\/p>\n<p><object style=\"height: 500px; width: 900px\"><param name=\"movie\" value=\"http:\/\/www.youtube.com\/v\/U7DhyYt9q24\"><\/param><param name=\"wmode\" value=\"transparent\"><\/param><embed src=\"http:\/\/www.youtube.com\/v\/U7DhyYt9q24\" type=\"application\/x-shockwave-flash\" wmode=\"transparent\"  width=\"900\" height=\"480\"><\/embed><\/object><\/p>\n<p>Abends dann die \u00dcberraschung &#8211; das schlechte Wetter in Italien verk\u00fcrzt sich, ab Montag soll es bereits im Osten (Veneto\/Friuli) sonnig werden, am Dienstag dann auch im Appennin.<\/p>\n<p>(Fortsetzung folgt.)<\/p>\n","protected":false},"excerpt":{"rendered":"<p>Sa, 14.2.2015 &#8211; Alpi-Appennini Tag 1 &#8211; Kampenwand<\/p>\n<p>Egtl. hatte ich ja vor gehabt, im Februar 3 Wochen am St\u00fcck zu gehen, und zwar in die T\u00fcrkei. Aus diversen Gr\u00fcnden (Zeit meines Teil-Mitfahrers Trincerone und K\u00e4lte im Februar in der T\u00fcrkei) verschoben wir das etwas verk\u00fcrzt (na gut, 2,5 Wochen) auf Anfang M\u00e4rz und ich <a href=\"http:\/\/blog.inmontanis.info\/?p=3054\">[&#8230;]<\/a><\/p>\n","protected":false},"author":1,"featured_media":0,"comment_status":"closed","ping_status":"closed","sticky":false,"template":"","format":"standard","meta":{"footnotes":""},"categories":[140,12,268,59,27],"tags":[60,35,90,45,47],"class_list":["post-3054","post","type-post","status-publish","format-standard","hentry","category-2015-02-alpi-appennini","category-germany","category-kampenwand","category-nostalgie","category-skifahren-winterskiing-winter","tag-4zub","tag-esl","tag-infrarot","tag-see","tag-sl","odd"],"_links":{"self":[{"href":"http:\/\/blog.inmontanis.info\/index.php?rest_route=\/wp\/v2\/posts\/3054","targetHints":{"allow":["GET"]}}],"collection":[{"href":"http:\/\/blog.inmontanis.info\/index.php?rest_route=\/wp\/v2\/posts"}],"about":[{"href":"http:\/\/blog.inmontanis.info\/index.php?rest_route=\/wp\/v2\/types\/post"}],"author":[{"embeddable":true,"href":"http:\/\/blog.inmontanis.info\/index.php?rest_route=\/wp\/v2\/users\/1"}],"replies":[{"embeddable":true,"href":"http:\/\/blog.inmontanis.info\/index.php?rest_route=%2Fwp%2Fv2%2Fcomments&post=3054"}],"version-history":[{"count":3,"href":"http:\/\/blog.inmontanis.info\/index.php?rest_route=\/wp\/v2\/posts\/3054\/revisions"}],"predecessor-version":[{"id":3057,"href":"http:\/\/blog.inmontanis.info\/index.php?rest_route=\/wp\/v2\/posts\/3054\/revisions\/3057"}],"wp:attachment":[{"href":"http:\/\/blog.inmontanis.info\/index.php?rest_route=%2Fwp%2Fv2%2Fmedia&parent=3054"}],"wp:term":[{"taxonomy":"category","embeddable":true,"href":"http:\/\/blog.inmontanis.info\/index.php?rest_route=%2Fwp%2Fv2%2Fcategories&post=3054"},{"taxonomy":"post_tag","embeddable":true,"href":"http:\/\/blog.inmontanis.info\/index.php?rest_route=%2Fwp%2Fv2%2Ftags&post=3054"}],"curies":[{"name":"wp","href":"https:\/\/api.w.org\/{rel}","templated":true}]}}