{"id":3037,"date":"2015-02-14T00:06:40","date_gmt":"2015-02-13T23:06:40","guid":{"rendered":"http:\/\/blog.inmontanis.info\/?p=3037"},"modified":"2023-08-06T21:52:10","modified_gmt":"2023-08-06T19:52:10","slug":"alpi-appennini-14-2-22-2-2015-vorschau","status":"publish","type":"post","link":"http:\/\/blog.inmontanis.info\/?p=3037","title":{"rendered":"Alpi-Appennini, 14.2.-22.2.2015 (Vorschau)"},"content":{"rendered":"<p>Gleich vorweg: Ich wei\u00df nicht, ob ich vor Mitte M\u00e4rz zu Detailberichten komme, aber ein paar Best-Of-Fotos hab ich schon mal zusammengestellt:<br \/>\n<!--more--><br \/>\n<img src=http:\/\/extra.inmontanis.info\/d\/26134-2\/DSC01234.jpg \/><br \/>\n^ Kampenwand<\/p>\n<p><img src=http:\/\/extra.inmontanis.info\/d\/26095-2\/DSC01414_001.jpg \/><br \/>\n^ Gallio<\/p>\n<p>(Alpen, rest Appennin)<\/p>\n<p><img src=http:\/\/extra.inmontanis.info\/d\/26098-2\/DSC01452_001.jpg \/><br \/>\n^ Doganaccia<\/p>\n<p><img src=http:\/\/extra.inmontanis.info\/d\/26101-3\/DSC00983_001.jpg \/><br \/>\n^ Doganaccia<\/p>\n<p><img src=http:\/\/extra.inmontanis.info\/d\/26104-3\/DSC01555_001.jpg \/><br \/>\n^ Terminillo<\/p>\n<p><img src=http:\/\/extra.inmontanis.info\/d\/26107-3\/DSC01567.jpg \/><br \/>\n^ Terminillo<\/p>\n<p><img src=http:\/\/extra.inmontanis.info\/d\/26110-3\/DSC01700.jpg \/><br \/>\n^ Campo Catino<\/p>\n<p><img src=http:\/\/extra.inmontanis.info\/d\/26113-3\/DSC01738.jpg \/><br \/>\n^ Campo Catino<\/p>\n<p><img src=http:\/\/extra.inmontanis.info\/d\/26116-3\/DSC01779.jpg \/><br \/>\n^ Majeletta<\/p>\n<p><img src=http:\/\/extra.inmontanis.info\/d\/26119-3\/DSC01117.jpg \/><br \/>\n^ Majeletta<\/p>\n<p><img src=http:\/\/extra.inmontanis.info\/d\/26122-3\/DSC01130.jpg \/><br \/>\n^ Majeletta<\/p>\n<p><img src=http:\/\/extra.inmontanis.info\/d\/26125-3\/DSC01880.jpg \/><br \/>\n^ Campo di Giove<\/p>\n<p><img src=http:\/\/extra.inmontanis.info\/d\/26128-3\/DSC01882.jpg \/><br \/>\n^ Campo di Giove<\/p>\n<p><img src=http:\/\/extra.inmontanis.info\/d\/26131-2\/DSC01995.jpg \/><br \/>\n^ Frontignano<\/p>\n<p><img src=http:\/\/extra.inmontanis.info\/d\/26137-2\/DSC02130.jpg \/><br \/>\n^ Frabosa, viel Schnee<\/p>\n<p><img src=http:\/\/extra.inmontanis.info\/d\/26140-2\/DSC02141.jpg \/><br \/>\n^ Frabosa, wenn man wei\u00df, wo der aufgelassene Gipfel-SL mal stand &#8211; den hab ich bisher ja nie gesehen. W\u00e4re eine sch\u00f6ne Erg\u00e4nzung gewesen. Sind das Holzst\u00fctzen?<\/p>\n<p><img src=http:\/\/extra.inmontanis.info\/d\/26143-2\/DSC02191.jpg \/><br \/>\n^ Seitenblicke auf der Heimfahrt<br \/>\n(Fortsetzung folgt.)<\/p>\n","protected":false},"excerpt":{"rendered":"<p>Gleich vorweg: Ich wei\u00df nicht, ob ich vor Mitte M\u00e4rz zu Detailberichten komme, aber ein paar Best-Of-Fotos hab ich schon mal zusammengestellt:<\/p>\n<p> <a href=\"http:\/\/blog.inmontanis.info\/?p=3037\">[&#8230;]<\/a><\/p>\n","protected":false},"author":1,"featured_media":0,"comment_status":"closed","ping_status":"closed","sticky":false,"template":"","format":"standard","meta":{"footnotes":""},"categories":[140,15],"tags":[],"class_list":["post-3037","post","type-post","status-publish","format-standard","hentry","category-2015-02-alpi-appennini","category-italienitaly","odd"],"_links":{"self":[{"href":"http:\/\/blog.inmontanis.info\/index.php?rest_route=\/wp\/v2\/posts\/3037","targetHints":{"allow":["GET"]}}],"collection":[{"href":"http:\/\/blog.inmontanis.info\/index.php?rest_route=\/wp\/v2\/posts"}],"about":[{"href":"http:\/\/blog.inmontanis.info\/index.php?rest_route=\/wp\/v2\/types\/post"}],"author":[{"embeddable":true,"href":"http:\/\/blog.inmontanis.info\/index.php?rest_route=\/wp\/v2\/users\/1"}],"replies":[{"embeddable":true,"href":"http:\/\/blog.inmontanis.info\/index.php?rest_route=%2Fwp%2Fv2%2Fcomments&post=3037"}],"version-history":[{"count":4,"href":"http:\/\/blog.inmontanis.info\/index.php?rest_route=\/wp\/v2\/posts\/3037\/revisions"}],"predecessor-version":[{"id":3041,"href":"http:\/\/blog.inmontanis.info\/index.php?rest_route=\/wp\/v2\/posts\/3037\/revisions\/3041"}],"wp:attachment":[{"href":"http:\/\/blog.inmontanis.info\/index.php?rest_route=%2Fwp%2Fv2%2Fmedia&parent=3037"}],"wp:term":[{"taxonomy":"category","embeddable":true,"href":"http:\/\/blog.inmontanis.info\/index.php?rest_route=%2Fwp%2Fv2%2Fcategories&post=3037"},{"taxonomy":"post_tag","embeddable":true,"href":"http:\/\/blog.inmontanis.info\/index.php?rest_route=%2Fwp%2Fv2%2Ftags&post=3037"}],"curies":[{"name":"wp","href":"https:\/\/api.w.org\/{rel}","templated":true}]}}