{"id":3031,"date":"2015-02-12T20:46:51","date_gmt":"2015-02-12T19:46:51","guid":{"rendered":"http:\/\/blog.inmontanis.info\/?p=3031"},"modified":"2023-08-05T21:39:35","modified_gmt":"2023-08-05T19:39:35","slug":"hochgrat-pfander-12-2-2015","status":"publish","type":"post","link":"http:\/\/blog.inmontanis.info\/?p=3031","title":{"rendered":"Nostalschi am Bodensee: Hochgrat + Pf\u00e4nder, 12.2.2015"},"content":{"rendered":"<p>Da ich ab dem Wochende nach Italien fahren will, aber doch wenigstens noch eines der bayrischen Nostalgiegebiete fahren wollte, nahm ich mir heute Urlaub und fuhr zum Hochgrat. Wobei ich gestern abend noch etwas rumgeschaut hab, ob man bei der Gelegenheit noch f\u00fcr 1-2 Stunden was kleines mitnehmen sollte. Einen der Pendel-SL zum Beispiel. Dann sto\u00df ich auf der Karte darauf, dass der Pf\u00e4nder auch gleich um die Ecke ist. Und auf der Homepage la\u00df ich, dass die Talabfahrt noch offen sei und man diese Woche wg. den Ferien auch unter der Woche offen h\u00e4tte! Puh, das sollte ich dann doch ausn\u00fctzen.<\/p>\n<p>Am Hochgrat angekommen &#8211; 3,- Parkgeb\u00fchren, hatte ich nicht passend, also erst zur Kasse, wechseln lassen, dann 3,- eingeworfen (und sp\u00e4ter 1,50 beim Skipasskaufen wieder r\u00fcckerstattet bekommen), Halbtageskarte um 21,- gekauft. Abfahrten waren heute leider nicht so toll, recht hart, viel Dreck, offpiste hart und zu vergessen.<\/p>\n<p>\u00dcberraschenderweise gabs auch einige Wartezeiten, die Gondeln wurden zwar nach und nach eingefahren, aber die Bahn fuhr nur mit 2,5 m\/s (statt 3,5 lt. Tafel) &#8211; und es gab bis zu 10 Minuten Wartezeiten, meist aber weniger. Als ich einmal eine Gondel wg. Rauchgestanks auslassen hatte, stieg ein alter Mann aus dem Norden mit ein, der dann gleich mal einen witzigen Spruch loslie\u00df: &#8220;Sie haben jetzt 20 Minuten um mir ihre Lebensgeschichte zu erz\u00e4hlen und was sie sonst noch alles vorhaben&#8221;. Immerhin wusste er, dass es Skigebiete in der T\u00fcrkei gibt, allerdings nicht, dass es auch am \u00c4tna welche gibt.<\/p>\n<p>Fotos hab ich zwar viel gemacht, allerdings haupts\u00e4chlich, weil ich meine neuen (alten) Objektive testen wollte, die ich mir letzte Woche auf Ebay gekauft hatte. \u00dcbrig f\u00fcr den Bericht sind nicht mehr viele geblieben, da verweise ich auf meinen letzten Hochgrat-Bericht.<\/p>\n<p>(Fotos anklicken zum Vergr\u00f6\u00dfern.)<\/p>\n<p><a href='http:\/\/extra.inmontanis.info\/d\/26080-2\/DSC00544.jpg'><img src=http:\/\/extra.inmontanis.info\/d\/26079-3\/DSC00544.jpg \/><\/a><br \/>\n^ Mein heutiges Line-Up, zugegeben etwas viel zu schleppen, aber musste mit den neuen Objektiven eben ein paar Tests machen.<\/p>\n<p>Vlnr:<br \/>\n&#8211; Sony Alpha 7 (kb-Vollformat) mit Canon-FD-Adapter und Tokina RMC 17mm<br \/>\n&#8211; (russisches) \u041c\u0438\u0440-1\u0432, 37mm, M42 (neu in meiner Sammlung) mit montiertem M42-Adapter<br \/>\n&#8211; (japanisches) Mamiya 50mm\/f2, M42 (hab ich schon l\u00e4nger, war mir auf der APS-C-Nex aber meist zu eng, ist auf der A7 nat\u00fcrlich anders.<br \/>\n&#8211; (russisches) Industar-50-2, M42 (neu in meiner Sammlung)<br \/>\n&#8211; Vivitar 70-300mm, Canon FD, hab ich fast immer dabei<br \/>\n&#8211; Canon FD 28mm (das mit den filigranen Blendensternen bei f4, daher hautpts\u00e4chlich nachts verwendet, auf der A7 dzt. meine Starndard-Linse)<br \/>\n&#8211; Samyang 8mm Fisheye mit montiertem Pentax-K-Adapter (APS-C-Format, haupts\u00e4chlich zum Filmen, als ich mir das kaufte, hatte ich noch andere PK-Objektive)<br \/>\n&#8211; Sony Nex-5R (Infrarot-Umbau) mit Kit-Objektiv<\/p>\n<p>Nach einigen Tests heute:<br \/>\n&#8211; das Mir 37 hat etwas unsch\u00e4rfere R\u00e4nder, mittig scharf, sch\u00f6ne Blendensterne, interessante Flares, keine sichtbare CA&#038;Co<br \/>\n&#8211; das Industar 50 ist auf der linken Bildseite sehr unscharf, sonst scharf, auch sch\u00f6ne Blendensterne, kaum Flares, keine sichtbare CA&#038;Co<br \/>\n&#8211; das Canon FD 28 &#8211; an den R\u00e4ndern etwas unscharf (eher CA)<br \/>\n&#8211; das Mamiya 50 &#8211; mittig und an den R\u00e4ndern sehr scharf, durch die 6 Lamellen aber weniger sch\u00f6ne Blendensterne, dazu sehr empf\u00e4nglich gegen seitliches Licht<br \/>\n&#8211; das Tokina RMC 17 war auf meiner Nex ja mein Standardobjektiv, im Vollformat ists mir aber doch etwas zu weit &#8211; und die R\u00e4nder sind dann auch etwas unscharf (aber das hat man auch bei wesentlich teureren Weitwinkeln)<\/p>\n<p><a href='http:\/\/ski.inmontanis.info\/d\/191950-2\/DSC00886.jpg'><img src=http:\/\/ski.inmontanis.info\/d\/191949-3\/DSC00886.jpg \/><\/a><br \/>\n^ R\u00fcckseitenpano<\/p>\n<p><a href='http:\/\/ski.inmontanis.info\/d\/191954-2\/DSC00890.jpg'><img src=http:\/\/ski.inmontanis.info\/d\/191953-3\/DSC00890.jpg \/><\/a><br \/>\n^ Abfahrtsstart<\/p>\n<p><a href='http:\/\/ski.inmontanis.info\/d\/191958-2\/DSC00913.jpg'><img src=http:\/\/ski.inmontanis.info\/d\/191957-3\/DSC00913.jpg \/><\/a><br \/>\n^ IR-Pano<\/p>\n<p><a href='http:\/\/ski.inmontanis.info\/d\/191962-2\/DSC00910.jpg'><img src=http:\/\/ski.inmontanis.info\/d\/191961-3\/DSC00910.jpg \/><\/a><br \/>\n^ IR-Pano, Bodensee leider unter dem Nebel<\/p>\n<p><a href='http:\/\/ski.inmontanis.info\/d\/191966-2\/DSC00897.jpg'><img src=http:\/\/ski.inmontanis.info\/d\/191965-3\/DSC00897.jpg \/><\/a><br \/>\n^ IR-Zoom zum Schwarzwald<\/p>\n<p><a href='http:\/\/ski.inmontanis.info\/d\/191970-2\/DSC00902.jpg'><img src=http:\/\/ski.inmontanis.info\/d\/191969-3\/DSC00902.jpg \/><\/a><br \/>\n^ IR-Zoom zum Schwarzwald<\/p>\n<p><a href='http:\/\/ski.inmontanis.info\/d\/191974-2\/DSC00920.jpg'><img src=http:\/\/ski.inmontanis.info\/d\/191973-3\/DSC00920.jpg \/><\/a><br \/>\n^ Zoom Schwarzwald (war auch ohne IR sichtbar)<\/p>\n<p><a href='http:\/\/ski.inmontanis.info\/d\/191978-2\/DSC00940.jpg'><img src=http:\/\/ski.inmontanis.info\/d\/191977-3\/DSC00940.jpg \/><\/a><br \/>\n^ Die sch\u00f6ne alte PHB-4EUB<\/p>\n<p><a href='http:\/\/ski.inmontanis.info\/d\/191982-2\/DSC00951.jpg'><img src=http:\/\/ski.inmontanis.info\/d\/191981-3\/DSC00951.jpg \/><\/a><br \/>\n^ Abfahrten waren tw. zu hart, aber nebendran war&#8217;s grausig hart.<\/p>\n<p><a href='http:\/\/ski.inmontanis.info\/d\/191986-2\/DSC00952.jpg'><img src=http:\/\/ski.inmontanis.info\/d\/191985-3\/DSC00952.jpg \/><\/a><br \/>\n^ Abfahrt mit Blick \u00fcbers deutsche Flachland. Nicht ganz so sch\u00f6n wie die Po-Ebene, da ja der Blick zum Alpenbogen  auf der anderen Seite des Flachlands fehlt :)<\/p>\n<p><a href='http:\/\/ski.inmontanis.info\/d\/191990-2\/DSC00953.jpg'><img src=http:\/\/ski.inmontanis.info\/d\/191989-3\/DSC00953.jpg \/><\/a><br \/>\n^ Abfahrt und 4EUB<\/p>\n<p><a href='http:\/\/ski.inmontanis.info\/d\/191994-2\/DSC00960.jpg'><img src=http:\/\/ski.inmontanis.info\/d\/191993-3\/DSC00960.jpg \/><\/a><br \/>\n^ 4EUB<\/p>\n<p><a href='http:\/\/ski.inmontanis.info\/d\/191998-2\/DSC00961.jpg'><img src=http:\/\/ski.inmontanis.info\/d\/191997-3\/DSC00961.jpg \/><\/a><br \/>\n^ Das russische Industar-50-2, offen (3.5) oder fast offen. Sch\u00f6ner Kranz um die Sonne<\/p>\n<p><a href='http:\/\/ski.inmontanis.info\/d\/192002-2\/DSC00966.jpg'><img src=http:\/\/ski.inmontanis.info\/d\/192001-3\/DSC00966.jpg \/><\/a><br \/>\n^ Industar-50-2, f\/16. Sch\u00f6ne Sonnenstrahlen<\/p>\n<p><a href='http:\/\/ski.inmontanis.info\/d\/192006-2\/DSC00992.jpg'><img src=http:\/\/ski.inmontanis.info\/d\/192005-3\/DSC00992.jpg \/><\/a><br \/>\n^ Das russische \u041c\u0438\u0440-1\u0432 (Mir-1v bzw. Mir-1w) 37mm, auch ein sch\u00f6ner Sonnenstern, aber auch interessante Flares.<\/p>\n<p><a href='http:\/\/ski.inmontanis.info\/d\/192010-2\/DSC00974.jpg'><img src=http:\/\/ski.inmontanis.info\/d\/192009-3\/DSC00974.jpg \/><\/a><br \/>\n^ Industar-50-2, hat kaum Flares und sch\u00f6ne Sonnenstrahlen.<\/p>\n<p><a href='http:\/\/ski.inmontanis.info\/d\/192014-2\/DSC00998.jpg'><img src=http:\/\/ski.inmontanis.info\/d\/192013-3\/DSC00998.jpg \/><\/a><br \/>\n^ Das \u041c\u0438\u0440-1\u0432 hat h\u00e4rtere, aber ebenfalls sch\u00f6ne Sonnenstrahlen, und man kann die Flares auch minimiern ..<\/p>\n<p><a href='http:\/\/ski.inmontanis.info\/d\/192018-2\/DSC01000.jpg'><img src=http:\/\/ski.inmontanis.info\/d\/192017-3\/DSC01000.jpg \/><\/a><br \/>\n^ .. man kann die Flares vom \u041c\u0438\u0440-1\u0432 aber auch extra ins Bild r\u00fccken :)<\/p>\n<p><a href='http:\/\/ski.inmontanis.info\/d\/192022-2\/DSC00981.jpg'><img src=http:\/\/ski.inmontanis.info\/d\/192021-3\/DSC00981.jpg \/><\/a><br \/>\n^ Talstation<\/p>\n<p><a href='http:\/\/ski.inmontanis.info\/d\/192026-2\/DSC00984.jpg'><img src=http:\/\/ski.inmontanis.info\/d\/192025-3\/DSC00984.jpg \/><\/a><br \/>\n^ 4EUB vs. Flachland<\/p>\n<p>Kleines Filmchen der 4EUB:<br \/>\n<object style=\"height: 500px; width: 900px\"><param name=\"movie\" value=\"http:\/\/www.youtube.com\/v\/p7oe1ZlCwzc\"><\/param><param name=\"wmode\" value=\"transparent\"><\/param><embed src=\"http:\/\/www.youtube.com\/v\/p7oe1ZlCwzc\" type=\"application\/x-shockwave-flash\" wmode=\"transparent\"  width=\"900\" height=\"480\"><\/embed><\/object><\/p>\n<p>Weiter ging&#8217;s also zum Pf\u00e4nder, direkt an der Bahn einen Parkplatz bekommen. 3 Stunden darf man mit Abstempeln an der Seilbahn gratis parken, danach wird&#8217;s aber unversch\u00e4mt teuer: 1,- pro halbe Stunde. Da die Parkuhr auch noch falsch war und ich 3 Minuten zu sp\u00e4t war, musste ich am Abend 4,- \u20ac draufzahlen. Daf\u00fcr ist der Skipass recht g\u00fcnstig, 14,- \u20ac f\u00fcr die Halbtageskarte. Wobei auch die noch g\u00fcnstigere 2,5h-Karte gereicht h\u00e4tte, da ich die Talabfahrt doch nicht \u00f6fters gefahren bin.<\/p>\n<p>Ja, Pf\u00e4nder. Der gro\u00dfe Vorteil vom Pf\u00e4nder ist nat\u00fcrlich der Blick und die Abfahrten zum Bodensee. Der allerdings h\u00e4ufig unterm Nebel ist. Den Nebel hab ich ja auch vom Hochgrat gesehen, aber gehofft, er w\u00fcrde sich abends noch aufl\u00f6sen (da die Webcam von gestern Abend zeigte, dass der Nebel nur noch ganz d\u00fcnn war). War aber nicht so, die paar wenige Meter blieben fest am Boden, so dass man nicht mal unterhalb des Nebels den See sehen konnte :(<\/p>\n<p>Nat\u00fcrlich ist so ein Nebelmeer auch nett, aber im Prinzip hat man das von jedem Alpenrandskigebiet in Bayern. Pf\u00e4nder sollte man nur fahren, wenn kein Nebel ist. Das ist f\u00fcr jemand, der weiter weg wohnt, so wie ich, allerdings schwierig. Die Lifte oben sind eher kurz und bieten nicht all zu viel Varianten, mehr wie 1-2 Stunden muss man die auch nicht fahren. <\/p>\n<p>Die Talabfahrt w\u00e4re ganz nett, aber der Fu\u00dfweg zur\u00fcck grauenhaft, eine steile, schmale Stra\u00dfe &#8211; gepflastert und rutschig und ich rutsch ja eh schon \u00fcberall (auch im Kassenraum h\u00e4tts mich fast hingehaut), am Rand der Stra\u00dfe war ein schmaler Schneestreifen, wo man wenigstens etwas mehr Grip hatte. In Mikroschritten gehend hab ich an die 15-20 Minuten f\u00fcr den Fu\u00dfweg gebraucht. Diese steile Stra\u00dfe w\u00fcrd ich selbst mit dem Auto nur ungern fahren wollen. Zudem ist unterhalb der Gondel eine sch\u00f6ne weite Fl\u00e4che, wo ich nicht versteh, warum man da fr\u00fcher (bevor die ganzen H\u00e4user gebaut wurden) nicht eine andere Trassierung eines Ski\/Rodelwegs gemacht wurde. <\/p>\n<p>Jedenfalls hatte ich keine Lust, die Talabfahrt ein drittes Mal zu machen und blieb nach der PB-Fahrt um 16:30 bis zum Sonnenuntergang (17:39) bzw. dann bis 18 Uhr oben. Langweilig wurd&#8217;s mir jedenfalls nicht. Nebenbei wusste ich auch nicht, wie gut die Talabfahrt ohne den SL zu machen ist, und im Nachhinein war ich ganz froh dar\u00fcber, denn das ist doch ein ziemliches Gelaufe oben um den Berg rum (oder den SL-Hang hinauf).<\/p>\n<p><a href='http:\/\/ski.inmontanis.info\/d\/192032-2\/DSC01015.jpg'><img src=http:\/\/ski.inmontanis.info\/d\/192030-3\/DSC01015.jpg \/><\/a><br \/>\n^ Das war das meiste und einzige, was ich heute vom Bodensee gesehen hab :-(<\/p>\n<p><a href='http:\/\/ski.inmontanis.info\/d\/192036-2\/DSC01019.jpg'><img src=http:\/\/ski.inmontanis.info\/d\/192035-3\/DSC01019.jpg \/><\/a><br \/>\n^ PB-St\u00fctze<\/p>\n<p><a href='http:\/\/ski.inmontanis.info\/d\/192040-2\/DSC01022.jpg'><img src=http:\/\/ski.inmontanis.info\/d\/192039-3\/DSC01022.jpg \/><\/a><br \/>\n^ Abfahrt von der PB zu den SL; oben an der Bergstation des SL geht auch die Talabfahrt los; man kommt zwar auch \u00fcber den Weg links hin, hat aber einiges an Fu\u00dfweg zu machen.<\/p>\n<p><a href='http:\/\/ski.inmontanis.info\/d\/192044-2\/DSC01023.jpg'><img src=http:\/\/ski.inmontanis.info\/d\/192043-3\/DSC01023.jpg \/><\/a><br \/>\n^ Doppel-SL und PB-Bergstation<\/p>\n<p><a href='http:\/\/ski.inmontanis.info\/d\/192048-2\/DSC01025.jpg'><img src=http:\/\/ski.inmontanis.info\/d\/192047-3\/DSC01025.jpg \/><\/a><br \/>\n^ Abfahrt zum langen SL<\/p>\n<p><a href='http:\/\/ski.inmontanis.info\/d\/192052-2\/DSC01026.jpg'><img src=http:\/\/ski.inmontanis.info\/d\/192051-3\/DSC01026.jpg \/><\/a><br \/>\n^ Talstation des langen SL (war fr\u00fcher ein ESL) und PB-St\u00fctze<\/p>\n<p><a href='http:\/\/ski.inmontanis.info\/d\/192056-2\/DSC01059.jpg'><img src=http:\/\/ski.inmontanis.info\/d\/192055-3\/DSC01059.jpg \/><\/a><br \/>\n^ Talstation SL von der PB aus<\/p>\n<p><a href='http:\/\/ski.inmontanis.info\/d\/192060-2\/DSC01029.jpg'><img src=http:\/\/ski.inmontanis.info\/d\/192059-3\/DSC01029.jpg \/><\/a><br \/>\n^ Talstation SL, die beiden Hanseln wollten unbedingt ins Bild. Der Mauerdurchlass im Haus war aber wohl auch f\u00fcr einen ESL zu schmal..<\/p>\n<p><a href='http:\/\/ski.inmontanis.info\/d\/192064-2\/DSC01031.jpg'><img src=http:\/\/ski.inmontanis.info\/d\/192063-3\/DSC01031.jpg \/><\/a><br \/>\n^ Die Trasse des langen SL ist ganz sch\u00f6n schwierig, ausgefahren und steil.<\/p>\n<p><a href='http:\/\/ski.inmontanis.info\/d\/192068-2\/DSC01036.jpg'><img src=http:\/\/ski.inmontanis.info\/d\/192067-3\/DSC01036.jpg \/><\/a><br \/>\n^ SL<\/p>\n<p><a href='http:\/\/ski.inmontanis.info\/d\/192072-2\/DSC01038.jpg'><img src=http:\/\/ski.inmontanis.info\/d\/192071-3\/DSC01038.jpg \/><\/a><br \/>\n^ SL Steilhang<\/p>\n<p><a href='http:\/\/ski.inmontanis.info\/d\/192076-2\/DSC01039.jpg'><img src=http:\/\/ski.inmontanis.info\/d\/192075-3\/DSC01039.jpg \/><\/a><br \/>\n^ Start der Abfahrten von der Bergstation der SL, rechts zum langen SL, geradeaus ins Tal<\/p>\n<p><a href='http:\/\/ski.inmontanis.info\/d\/192080-2\/DSC01041.jpg'><img src=http:\/\/ski.inmontanis.info\/d\/192079-3\/DSC01041.jpg \/><\/a><br \/>\n^ Talabfahrt<\/p>\n<p><a href='http:\/\/ski.inmontanis.info\/d\/192084-2\/DSC01042.jpg'><img src=http:\/\/ski.inmontanis.info\/d\/192083-3\/DSC01042.jpg \/><\/a><br \/>\n^ Talabfahrt<\/p>\n<p><a href='http:\/\/ski.inmontanis.info\/d\/192088-2\/DSC01043.jpg'><img src=http:\/\/ski.inmontanis.info\/d\/192087-3\/DSC01043.jpg \/><\/a><br \/>\n^ Talabfahrt<\/p>\n<p><a href='http:\/\/ski.inmontanis.info\/d\/192092-2\/DSC01044.jpg'><img src=http:\/\/ski.inmontanis.info\/d\/192091-3\/DSC01044.jpg \/><\/a><br \/>\n^ Talabfahrt, stellenweise etwas schneearm (aber nicht im Tal)<\/p>\n<p><a href='http:\/\/ski.inmontanis.info\/d\/192096-2\/DSC01045.jpg'><img src=http:\/\/ski.inmontanis.info\/d\/192095-3\/DSC01045.jpg \/><\/a><br \/>\n^ Talabfahrt<\/p>\n<p><a href='http:\/\/ski.inmontanis.info\/d\/192100-2\/DSC01046.jpg'><img src=http:\/\/ski.inmontanis.info\/d\/192099-3\/DSC01046.jpg \/><\/a><br \/>\n^ Talabfahrt<\/p>\n<p><a href='http:\/\/ski.inmontanis.info\/d\/192104-2\/DSC01047.jpg'><img src=http:\/\/ski.inmontanis.info\/d\/192103-3\/DSC01047.jpg \/><\/a><br \/>\n^ Talabfahrt<\/p>\n<p><a href='http:\/\/ski.inmontanis.info\/d\/192108-2\/DSC01049.jpg'><img src=http:\/\/ski.inmontanis.info\/d\/192107-3\/DSC01049.jpg \/><\/a><br \/>\n^ Talabfahrt<\/p>\n<p><a href='http:\/\/ski.inmontanis.info\/d\/192112-2\/DSC01050.jpg'><img src=http:\/\/ski.inmontanis.info\/d\/192111-3\/DSC01050.jpg \/><\/a><br \/>\n^ Lecker Autoabgase speit die Tunnelentl\u00fcftung auf die Talabfahrt<\/p>\n<p><a href='http:\/\/ski.inmontanis.info\/d\/192116-2\/DSC01052.jpg'><img src=http:\/\/ski.inmontanis.info\/d\/192115-3\/DSC01052.jpg \/><\/a><br \/>\n^ Talabfahrt<\/p>\n<p><a href='http:\/\/ski.inmontanis.info\/d\/192120-2\/DSC01054.jpg'><img src=http:\/\/ski.inmontanis.info\/d\/192119-3\/DSC01054.jpg \/><\/a><br \/>\n^ Talabfahrt<\/p>\n<p><a href='http:\/\/ski.inmontanis.info\/d\/192124-2\/DSC01055.jpg'><img src=http:\/\/ski.inmontanis.info\/d\/192123-3\/DSC01055.jpg \/><\/a><br \/>\n^ Talabfahrt Ende<\/p>\n<p><a href='http:\/\/ski.inmontanis.info\/d\/192128-2\/DSC01056.jpg'><img src=http:\/\/ski.inmontanis.info\/d\/192127-3\/DSC01056.jpg \/><\/a><br \/>\n^ Steiler Fu\u00dfweg, rutschiges, nasses Pflaster. In Mikroschritten ging ich mal links, mal rechts auf den Schneeresten entlang, wo ich wenigstens etwas mehr Halt hatte.<\/p>\n<p><a href='http:\/\/ski.inmontanis.info\/d\/192132-2\/DSC01057.jpg'><img src=http:\/\/ski.inmontanis.info\/d\/192131-3\/DSC01057.jpg \/><\/a><br \/>\n^ Das Museum ging ich nur kurz durch (war schon mal im Sommer) &#8211; aber dieses altes Bild fand ich witzig, die Seil-Stra\u00dfenbahnen und die Dampflok vom Pf\u00e4nder zum Mars :)<\/p>\n<p><a href='http:\/\/ski.inmontanis.info\/d\/192136-2\/DSC01061.jpg'><img src=http:\/\/ski.inmontanis.info\/d\/192135-3\/DSC01061.jpg \/><\/a><br \/>\n^ Das Berghaus an der Bergstation ist bis Mai geschlossen, das ge\u00f6ffnete Restaurant ein St\u00fcck weiter unten. Na gut, dann ess ich halt nichts. Einmal wenn man mal einkehren will.<\/p>\n<p><a href='http:\/\/ski.inmontanis.info\/d\/192140-2\/DSC01075.jpg'><img src=http:\/\/ski.inmontanis.info\/d\/192139-3\/DSC01075.jpg \/><\/a><br \/>\n^ Heute gab&#8217;s nur Nebelmeer statt Bodensee (Industar)<\/p>\n<p><a href='http:\/\/ski.inmontanis.info\/d\/192144-2\/DSC01081.jpg'><img src=http:\/\/ski.inmontanis.info\/d\/192143-3\/DSC01081.jpg \/><\/a><br \/>\n^ PB und Nebelmeer (glaub das Canon FD 28)<\/p>\n<p><a href='http:\/\/ski.inmontanis.info\/d\/192148-2\/DSC01091.jpg'><img src=http:\/\/ski.inmontanis.info\/d\/192147-3\/DSC01091.jpg \/><\/a><br \/>\n^ Im Gegensatz zu den vorher gezeigten Flares der Objektive macht das Tokina 17 ein regelrechtes Planetensystem :) Wenn es doch nur mehr Blendenlamellen h\u00e4tte, mir gefallen die 6-Stern-Sonnen nicht. Die Vignettierung, die unsch\u00e4rfen R\u00e4nder und das letzte Flare-Ph\u00e4nomen waren vorher auf meiner APS-C-Nex nat\u00fcrlich au\u00dferhalb des Bildes.<\/p>\n<p><a href='http:\/\/ski.inmontanis.info\/d\/192152-2\/DSC01090.jpg'><img src=http:\/\/ski.inmontanis.info\/d\/192151-3\/DSC01090.jpg \/><\/a><br \/>\n^ &#8230; nichtsdestotrotz war das heute mein bestes Foto, 6 Lamellen hin oder her.<\/p>\n<p><a href='http:\/\/ski.inmontanis.info\/d\/192156-2\/DSC00920.jpg'><img src=http:\/\/ski.inmontanis.info\/d\/192155-3\/DSC00920.jpg \/><\/a><br \/>\n^ Hatte auch kurz zur IR-Cam gegriffen, aber gegen die Sonne ist das immer nicht so besonders.<\/p>\n<p><a href='http:\/\/ski.inmontanis.info\/d\/192160-2\/DSC01097.jpg'><img src=http:\/\/ski.inmontanis.info\/d\/192159-3\/DSC01097.jpg \/><\/a><br \/>\n^ R\u00fcckseiten-Pano<\/p>\n<p><a href='http:\/\/ski.inmontanis.info\/d\/192164-2\/DSC01102.jpg'><img src=http:\/\/ski.inmontanis.info\/d\/192163-3\/DSC01102.jpg \/><\/a><br \/>\n^ Kurz vor Sonnenuntergang, noch mit dem Tokina 17. Den gro\u00dfen roten Flare-Kreis find ja wieder ganz nett.<\/p>\n<p><a href='http:\/\/ski.inmontanis.info\/d\/192168-2\/DSC01107.jpg'><img src=http:\/\/ski.inmontanis.info\/d\/192167-3\/DSC01107.jpg \/><\/a><br \/>\n^ Ganz Flare-Frei ist auch das Industar-50-2 nicht. Hier als HDR<\/p>\n<p><a href='http:\/\/ski.inmontanis.info\/d\/192172-2\/DSC01110.jpg'><img src=http:\/\/ski.inmontanis.info\/d\/192171-3\/DSC01110.jpg \/><\/a><br \/>\n^ Mal noch die Ski mit in Szene gesetzt :)<\/p>\n<p><a href='http:\/\/ski.inmontanis.info\/d\/192176-2\/DSC01116.jpg'><img src=http:\/\/ski.inmontanis.info\/d\/192175-3\/DSC01116.jpg \/><\/a><br \/>\n^ Nebelmeer zum Sonnenuntergang<\/p>\n<p><a href='http:\/\/ski.inmontanis.info\/d\/192180-2\/DSC01119.jpg'><img src=http:\/\/ski.inmontanis.info\/d\/192179-3\/DSC01119.jpg \/><\/a><br \/>\n^ Zum Sonnenuntergang (und dem letzten Webcam-Bild??) wurde die Bahn rausgefahren (Canon FD 28)<\/p>\n<p><a href='http:\/\/ski.inmontanis.info\/d\/192184-2\/DSC01131.jpg'><img src=http:\/\/ski.inmontanis.info\/d\/192183-3\/DSC01131.jpg \/><\/a><br \/>\n^ Sonnenuntergang (mit den sch\u00f6nen Strahlen des \u041c\u0438\u0440-1\u0432)<\/p>\n<p><a href='http:\/\/ski.inmontanis.info\/d\/192188-2\/DSC01137.jpg'><img src=http:\/\/ski.inmontanis.info\/d\/192187-3\/DSC01137.jpg \/><\/a><br \/>\n^ Naja, schwarze Ski zum Sonnenuntergang zu fotografieren ist dann doch nicht sooo praktisch&#8230;.<\/p>\n<p><a href='http:\/\/ski.inmontanis.info\/d\/192192-2\/DSC01150.jpg'><img src=http:\/\/ski.inmontanis.info\/d\/192191-3\/DSC01150.jpg \/><\/a><br \/>\n^ Tja, hier k\u00f6nnte der leuchtende Bodensee sein. Bl\u00f6der Nebel.<\/p>\n<p><a href='http:\/\/ski.inmontanis.info\/d\/192196-2\/DSC01152.jpg'><img src=http:\/\/ski.inmontanis.info\/d\/192195-3\/DSC01152.jpg \/><\/a><br \/>\n^ Ziemlich viel chaotisch verteilte Flugzeugspuren am Himmel<\/p>\n<p><a href='http:\/\/ski.inmontanis.info\/d\/192200-2\/DSC01154.jpg'><img src=http:\/\/ski.inmontanis.info\/d\/192199-3\/DSC01154.jpg \/><\/a><br \/>\n^ Hoppala, den S\u00e4ntis mit seiner Antenne hab ich bisher ganz \u00fcbersehen :)<\/p>\n<p><a href='http:\/\/ski.inmontanis.info\/d\/192204-2\/DSC01159.jpg'><img src=http:\/\/ski.inmontanis.info\/d\/192203-3\/DSC01159.jpg \/><\/a><br \/>\n^ Bergstation PB<\/p>\n<p><a href='http:\/\/ski.inmontanis.info\/d\/192208-2\/DSC01163.jpg'><img src=http:\/\/ski.inmontanis.info\/d\/192207-3\/DSC01163.jpg \/><\/a><br \/>\n^ 18 Uhr &#8211; die Bahn f\u00e4hrt noch eine Stunde.<\/p>\n<p><a href='http:\/\/ski.inmontanis.info\/d\/192212-2\/DSC01165.jpg'><img src=http:\/\/ski.inmontanis.info\/d\/192211-3\/DSC01165.jpg \/><\/a><br \/>\n^ Das erste St\u00fcck l\u00e4sst sich der Weg noch fahren bzw. skaten, aber mitten im dunklen Wald hat man dann ein l\u00e4ngeres St\u00fcck zu Fu\u00df und etwas bergauf.<\/p>\n<p><a href='http:\/\/ski.inmontanis.info\/d\/192216-2\/DSC01166.jpg'><img src=http:\/\/ski.inmontanis.info\/d\/192215-3\/DSC01166.jpg \/><\/a><br \/>\n^ R\u00fcckblick zur PB-Station und Gipfel. Ich frag mich gerade, warum ich nicht zur Antenne gegangen bin, sondern neben der PB verharrte?! Hatte doch eine Stunde Zeit &#8230;<\/p>\n<p><a href='http:\/\/ski.inmontanis.info\/d\/192220-2\/DSC01167.jpg'><img src=http:\/\/ski.inmontanis.info\/d\/192219-3\/DSC01167.jpg \/><\/a><br \/>\n^ Auf der Talabfahrt, ein letztes Panoramafoto in der Abendd\u00e4mmerung. Ohne Lampe abzufahren w\u00e4r jetzt doch etwas d\u00fcster.<\/p>\n<p><a href='http:\/\/ski.inmontanis.info\/d\/192224-2\/ge20150212b.jpg'><img src=http:\/\/ski.inmontanis.info\/d\/192223-3\/ge20150212b.jpg \/><\/a><br \/>\n^ GPS-Track<\/p>\n","protected":false},"excerpt":{"rendered":"<p>Da ich ab dem Wochende nach Italien fahren will, aber doch wenigstens noch eines der bayrischen Nostalgiegebiete fahren wollte, nahm ich mir heute Urlaub und fuhr zum Hochgrat. Wobei ich gestern abend noch etwas rumgeschaut hab, ob man bei der Gelegenheit noch f\u00fcr 1-2 Stunden was kleines mitnehmen sollte. Einen der Pendel-SL zum Beispiel. Dann <a href=\"http:\/\/blog.inmontanis.info\/?p=3031\">[&#8230;]<\/a><\/p>\n","protected":false},"author":1,"featured_media":0,"comment_status":"closed","ping_status":"closed","sticky":false,"template":"","format":"standard","meta":{"footnotes":""},"categories":[12,24,264,59,13,851,27],"tags":[42,90,77,52,47],"class_list":["post-3031","post","type-post","status-publish","format-standard","hentry","category-germany","category-tagestour","category-hochgrat","category-nostalgie","category-austria","category-pfander","category-skifahren-winterskiing-winter","tag-4eub","tag-infrarot","tag-nebelmeer","tag-pb","tag-sl","odd"],"_links":{"self":[{"href":"http:\/\/blog.inmontanis.info\/index.php?rest_route=\/wp\/v2\/posts\/3031","targetHints":{"allow":["GET"]}}],"collection":[{"href":"http:\/\/blog.inmontanis.info\/index.php?rest_route=\/wp\/v2\/posts"}],"about":[{"href":"http:\/\/blog.inmontanis.info\/index.php?rest_route=\/wp\/v2\/types\/post"}],"author":[{"embeddable":true,"href":"http:\/\/blog.inmontanis.info\/index.php?rest_route=\/wp\/v2\/users\/1"}],"replies":[{"embeddable":true,"href":"http:\/\/blog.inmontanis.info\/index.php?rest_route=%2Fwp%2Fv2%2Fcomments&post=3031"}],"version-history":[{"count":4,"href":"http:\/\/blog.inmontanis.info\/index.php?rest_route=\/wp\/v2\/posts\/3031\/revisions"}],"predecessor-version":[{"id":3035,"href":"http:\/\/blog.inmontanis.info\/index.php?rest_route=\/wp\/v2\/posts\/3031\/revisions\/3035"}],"wp:attachment":[{"href":"http:\/\/blog.inmontanis.info\/index.php?rest_route=%2Fwp%2Fv2%2Fmedia&parent=3031"}],"wp:term":[{"taxonomy":"category","embeddable":true,"href":"http:\/\/blog.inmontanis.info\/index.php?rest_route=%2Fwp%2Fv2%2Fcategories&post=3031"},{"taxonomy":"post_tag","embeddable":true,"href":"http:\/\/blog.inmontanis.info\/index.php?rest_route=%2Fwp%2Fv2%2Ftags&post=3031"}],"curies":[{"name":"wp","href":"https:\/\/api.w.org\/{rel}","templated":true}]}}