{"id":3028,"date":"2015-02-07T23:46:16","date_gmt":"2015-02-07T22:46:16","guid":{"rendered":"http:\/\/blog.inmontanis.info\/?p=3028"},"modified":"2023-08-05T20:52:18","modified_gmt":"2023-08-05T18:52:18","slug":"nostalschi-am-wolfgangsee-iii-zwolferhorn-7-2-2015","status":"publish","type":"post","link":"http:\/\/blog.inmontanis.info\/?p=3028","title":{"rendered":"Nostalschi am Wolfgangsee III: Zw\u00f6lferhorn, 7.2.2015"},"content":{"rendered":"<p>Leider sind die Tage der nostalgischen Gondelbahn aufs Zw\u00f6lferhorn gez\u00e4hlt, 2016 oder 2017 soll es wohl einen Neubau geben. Grund genug, nochmal zum Skifahren her zu fahren &#8211; wer wei\u00df, wie der n\u00e4chste Winter wird. Dass ich einen Tag vorher am Elfer (in Neustift) war und jetzt am Zw\u00f6lfer(horn), ist auch irgendwie witzig.<\/p>\n<p>Die Anfahrt war mit Ausnahme eines Unfalls bei Kiefersfelden problemlos, daher Kufstein raus, zum McDonalds und via Aschau zum Chiemsee und dann weiter auf der A8 bis hinter Salzburg. Gegen 9:30 Uhr kam ich an, 4,- \u20ac Parkticket und 27,50 f\u00fcr die Tagskarte. Bei 250 p\/h m\u00fcssen nicht viele Leute hier sein, damit es zu Wartezeiten kommt, leer war&#8217;s nur bei meiner 2. und meiner letzten Fahrt, am vollsten kurz nach 12 und um 14:30 Uhr. Eine Runde mit Fotografieren usw. dauert aber ja eine Stunde, insofern ist das bisschen Warten in der Talstation nicht schlimm. Mag fr\u00fcher anders gewesen sein &#8230;<\/p>\n<p>Die H\u00e4nge oben waren wieder gut zu fahren, wenn auch nicht mehr so pulvrig, und unten das Waldst\u00fcck war wie fast \u00fcblich grausig, weil viele Steine und anderes Zeug. M.E. w\u00fcrde die Abfahrt besser gehen, wenn sie unten nicht pr\u00e4pariert werden w\u00fcrde &#8211; dann w\u00fcrden sich leichte Buckel einfahren, aber bei weitem nicht so viel Dreck und Steine auf der Piste liegen.<\/p>\n<p>Da ich ja die letzten beiden Male ausgiebig fotografiert hatte (und insb. letztes Mal auch etliche Zoomfotos gemacht hab), hab ich heute nicht all zu viel Bilder gemacht, daf\u00fcr aber auch viel gefilmt, die Abfahrt komplett plus eine zweite Variante im oberen Bereich, sowie etliche Szenen der Gondelbahn, beide Filme sind geschnitten nun ca. 15 Minuten lang! Wird ja evtl. das letzte Mal sein, dass ich die Bahn gefahren bin &#8211; und wenn der Neubau nicht eine Mittelstation an der Sausteigalm erh\u00e4lt &#8211; wohl auch mein letzter Skitag gewesen sein. So sch\u00f6n das Pano ins Flachland und zu den Seen ist, aber die Gondelbahn tr\u00e4gt auch einen wichtigen Faktor bei. Bei Bau einer Mittelstation, die das Befahren der oberen H\u00e4nge h\u00e4ufiger m\u00f6glich macht, w\u00fcrde ich allerdings wieder herkommen &#8211; und ich bin mir sicher, dass sich das Sommer wie Winters lohnen w\u00fcrde. Wie gesagt, die Bahn fuhr heute nahezu voll den ganzen Tag (und mehrheitlich Skifahrer), und wenn man nicht immer das grausige St\u00fcck ins Tal h\u00e4tte, w\u00fcrden sicher noch mehr noch h\u00e4ufiger zum Skifahren kommen.<\/p>\n<p>Zum Schluss hab ich noch eine neue Abfahrt f\u00fcr mich entdeckt, da ich mir zuvor das Gel\u00e4nde in GE angesehen hatte, nahm ich die fr\u00fcher als Skiroute ausgewiesene Au\u00dfenrumabfahrt, die zwar gro\u00dffl\u00e4chig nur aus Skiwegen besteht, aber auch ein nettes H\u00e4ngchen hat, allerdings muss man am Schluss etwas aufsteigen.<\/p>\n<p>(Fotos anklicken zum Vergr\u00f6\u00dfern)<\/p>\n<p><a href='http:\/\/ski.inmontanis.info\/d\/191658-2\/DSC00728.jpg'><img src=http:\/\/ski.inmontanis.info\/d\/191657-3\/DSC00728.jpg \/><\/a><br \/>\n^ Weites Spannfeld von der Talstation zur 1. St\u00fctze<\/p>\n<p><a href='http:\/\/ski.inmontanis.info\/d\/191662-2\/DSC00733.jpg'><img src=http:\/\/ski.inmontanis.info\/d\/191661-3\/DSC00733.jpg \/><\/a><br \/>\n^ 4ZUB und Abfahrten<\/p>\n<p><a href='http:\/\/ski.inmontanis.info\/d\/191666-2\/DSC00857.jpg'><img src=http:\/\/ski.inmontanis.info\/d\/191665-3\/DSC00857.jpg \/><\/a><br \/>\n^ 4ZUB-Pano in IR<\/p>\n<p><a href='http:\/\/ski.inmontanis.info\/d\/191670-2\/DSC00740.jpg'><img src=http:\/\/ski.inmontanis.info\/d\/191669-3\/DSC00740.jpg \/><\/a><br \/>\n^ Abfahrt, ZUB und See<\/p>\n<p><a href='http:\/\/ski.inmontanis.info\/d\/191674-2\/DSC00742.jpg'><img src=http:\/\/ski.inmontanis.info\/d\/191673-3\/DSC00742.jpg \/><\/a><br \/>\n^ Die Waldst\u00fccke im unteren Bereich waren wieder einmal sehr dreckig und steinig<\/p>\n<p><a href='http:\/\/ski.inmontanis.info\/d\/191678-2\/DSC00744.jpg'><img src=http:\/\/ski.inmontanis.info\/d\/191677-3\/DSC00744.jpg \/><\/a><br \/>\n^ St. Gilgen<\/p>\n<p><a href='http:\/\/ski.inmontanis.info\/d\/191682-2\/DSC00748.jpg'><img src=http:\/\/ski.inmontanis.info\/d\/191681-3\/DSC00748.jpg \/><\/a><br \/>\n^ Talstation<\/p>\n<p><a href='http:\/\/ski.inmontanis.info\/d\/191686-2\/DSC00750.jpg'><img src=http:\/\/ski.inmontanis.info\/d\/191685-3\/DSC00750.jpg \/><\/a><br \/>\n^ Ende der Abfahrt (die Stra\u00dfe hinunter) und 4ZUB Strecke<\/p>\n<p><a href='http:\/\/ski.inmontanis.info\/d\/191690-2\/DSC00753.jpg'><img src=http:\/\/ski.inmontanis.info\/d\/191689-3\/DSC00753.jpg \/><\/a><br \/>\n^ St. Gilgen<\/p>\n<p><a href='http:\/\/ski.inmontanis.info\/d\/191694-2\/DSC00762.jpg'><img src=http:\/\/ski.inmontanis.info\/d\/191693-3\/DSC00762.jpg \/><\/a><br \/>\n^ 4ZUB Talblick<\/p>\n<p><a href='http:\/\/ski.inmontanis.info\/d\/191698-2\/DSC00763.jpg'><img src=http:\/\/ski.inmontanis.info\/d\/191697-3\/DSC00763.jpg \/><\/a><br \/>\n^ Pano von der Bergstation<\/p>\n<p><a href='http:\/\/ski.inmontanis.info\/d\/191702-2\/DSC00764.jpg'><img src=http:\/\/ski.inmontanis.info\/d\/191701-3\/DSC00764.jpg \/><\/a><br \/>\n^ Bergstation und Flachlandpano<\/p>\n<p><a href='http:\/\/ski.inmontanis.info\/d\/191706-2\/DSC00858.jpg'><img src=http:\/\/ski.inmontanis.info\/d\/191705-3\/DSC00858.jpg \/><\/a><br \/>\n^ IR-Talblick<\/p>\n<p><a href='http:\/\/ski.inmontanis.info\/d\/191710-2\/DSC00769.jpg'><img src=http:\/\/ski.inmontanis.info\/d\/191709-3\/DSC00769.jpg \/><\/a><br \/>\n^ Letzte St\u00fctze an der Bergstation<\/p>\n<p><a href='http:\/\/ski.inmontanis.info\/d\/191714-2\/DSC00775.jpg'><img src=http:\/\/ski.inmontanis.info\/d\/191713-3\/DSC00775.jpg \/><\/a><br \/>\n^ Morgens war das Seepano nicht ungest\u00f6rt<\/p>\n<p><a href='http:\/\/ski.inmontanis.info\/d\/191718-2\/DSC00779.jpg'><img src=http:\/\/ski.inmontanis.info\/d\/191717-3\/DSC00779.jpg \/><\/a><br \/>\n^ Winterlandschaft<\/p>\n<p><a href='http:\/\/ski.inmontanis.info\/d\/191722-2\/DSC00783.jpg'><img src=http:\/\/ski.inmontanis.info\/d\/191721-3\/DSC00783.jpg \/><\/a><br \/>\n^ Im S-Kurven-Gem\u00fcse mit Blick r\u00fcber zu den Hauptabfahrtsh\u00e4ngen<\/p>\n<p><a href='http:\/\/ski.inmontanis.info\/d\/191726-2\/DSC00785.jpg'><img src=http:\/\/ski.inmontanis.info\/d\/191725-3\/DSC00785.jpg \/><\/a><br \/>\n^ Talstation<\/p>\n<p><a href='http:\/\/ski.inmontanis.info\/d\/191730-2\/DSC00789.jpg'><img src=http:\/\/ski.inmontanis.info\/d\/191729-3\/DSC00789.jpg \/><\/a><br \/>\n^ Flachlandpano<\/p>\n<p><a href='http:\/\/ski.inmontanis.info\/d\/191734-2\/DSC00790.jpg'><img src=http:\/\/ski.inmontanis.info\/d\/191733-3\/DSC00790.jpg \/><\/a><br \/>\n^ Bergstations-Pano<\/p>\n<p><a href='http:\/\/ski.inmontanis.info\/d\/191738-2\/DSC00796.jpg'><img src=http:\/\/ski.inmontanis.info\/d\/191737-3\/DSC00796.jpg \/><\/a><br \/>\n^ St\u00fctze, ab hier ist die Abfahrt dann eher schlecht<\/p>\n<p><a href='http:\/\/ski.inmontanis.info\/d\/191742-2\/DSC00882.jpg'><img src=http:\/\/ski.inmontanis.info\/d\/191741-3\/DSC00882.jpg \/><\/a><br \/>\n^ Seen und Flachland (IR)<\/p>\n<p><a href='http:\/\/ski.inmontanis.info\/d\/191746-2\/DSC00803.jpg'><img src=http:\/\/ski.inmontanis.info\/d\/191745-3\/DSC00803.jpg \/><\/a><br \/>\n^ St\u00fctze an der Bergstation<\/p>\n<p><a href='http:\/\/ski.inmontanis.info\/d\/191750-2\/DSC00804.jpg'><img src=http:\/\/ski.inmontanis.info\/d\/191749-3\/DSC00804.jpg \/><\/a><br \/>\n^ St\u00fctze an der Bergstation<\/p>\n<p><a href='http:\/\/ski.inmontanis.info\/d\/191754-2\/DSC00806.jpg'><img src=http:\/\/ski.inmontanis.info\/d\/191753-3\/DSC00806.jpg \/><\/a><br \/>\n^ Unter der St\u00fctze<\/p>\n<p><a href='http:\/\/ski.inmontanis.info\/d\/191758-2\/DSC00810.jpg'><img src=http:\/\/ski.inmontanis.info\/d\/191757-3\/DSC00810.jpg \/><\/a><br \/>\n^ Unter der St\u00fctze, 4ZUB und Flachland<\/p>\n<p><a href='http:\/\/ski.inmontanis.info\/d\/191762-2\/DSC00811.jpg'><img src=http:\/\/ski.inmontanis.info\/d\/191761-3\/DSC00811.jpg \/><\/a><br \/>\n^ St\u00fctze an der Bergstation<\/p>\n<p><a href='http:\/\/ski.inmontanis.info\/d\/191766-2\/DSC00812.jpg'><img src=http:\/\/ski.inmontanis.info\/d\/191765-3\/DSC00812.jpg \/><\/a><br \/>\n^ St\u00fctze an der Bergstation<\/p>\n<p><a href='http:\/\/ski.inmontanis.info\/d\/191770-2\/DSC00813.jpg'><img src=http:\/\/ski.inmontanis.info\/d\/191769-3\/DSC00813.jpg \/><\/a><br \/>\n^ St\u00fctze an der Bergstation<\/p>\n<p><a href='http:\/\/ski.inmontanis.info\/d\/191774-2\/DSC00815.jpg'><img src=http:\/\/ski.inmontanis.info\/d\/191773-3\/DSC00815.jpg \/><\/a><br \/>\n^ ZUB und Flachlandpano<\/p>\n<p><a href='http:\/\/ski.inmontanis.info\/d\/191778-2\/DSC00818.jpg'><img src=http:\/\/ski.inmontanis.info\/d\/191777-3\/DSC00818.jpg \/><\/a><br \/>\n^ ZUB ins Tal<\/p>\n<p><a href='http:\/\/ski.inmontanis.info\/d\/191782-2\/DSC00819.jpg'><img src=http:\/\/ski.inmontanis.info\/d\/191781-3\/DSC00819.jpg \/><\/a><br \/>\n^ ZUB und Flachlandpano<\/p>\n<p><a href='http:\/\/ski.inmontanis.info\/d\/191786-2\/DSC00822.jpg'><img src=http:\/\/ski.inmontanis.info\/d\/191785-3\/DSC00822.jpg \/><\/a><br \/>\n^ Via Laimerlift war die Abfahrt angenehmer, da weniger steinig, daf\u00fcr musste man etwas l\u00e4nger zur Talstation gehen.<\/p>\n<p><a href='http:\/\/ski.inmontanis.info\/d\/191790-2\/DSC00823.jpg'><img src=http:\/\/ski.inmontanis.info\/d\/191789-3\/DSC00823.jpg \/><\/a><br \/>\n^ Gipfelpano<\/p>\n<p><a href='http:\/\/ski.inmontanis.info\/d\/191794-2\/DSC00824.jpg'><img src=http:\/\/ski.inmontanis.info\/d\/191793-3\/DSC00824.jpg \/><\/a><br \/>\n^ Wolfgangsee<\/p>\n<p><a href='http:\/\/ski.inmontanis.info\/d\/191798-2\/DSC00887.jpg'><img src=http:\/\/ski.inmontanis.info\/d\/191797-3\/DSC00887.jpg \/><\/a><br \/>\n^ Wolfgangsee in IR<\/p>\n<p><a href='http:\/\/ski.inmontanis.info\/d\/191802-2\/DSC00828.jpg'><img src=http:\/\/ski.inmontanis.info\/d\/191801-3\/DSC00828.jpg \/><\/a><br \/>\n^ Gesamte Strecke von unten<\/p>\n<p><a href='http:\/\/ski.inmontanis.info\/d\/191806-2\/DSC00838.jpg'><img src=http:\/\/ski.inmontanis.info\/d\/191805-3\/DSC00838.jpg \/><\/a><br \/>\n^ Zum Schluss bin ich die Au\u00dfenrum-Skiroute gefahren, nach dem ersten Wegst\u00fcck kam man hier an &#8230;<\/p>\n<p><a href='http:\/\/ski.inmontanis.info\/d\/191810-2\/DSC00833.jpg'><img src=http:\/\/ski.inmontanis.info\/d\/191809-3\/DSC00833.jpg \/><\/a><br \/>\n^ &#8230; von hier aus hatte man ein sch\u00f6nes Pano in die Berge<\/p>\n<p><a href='http:\/\/ski.inmontanis.info\/d\/191814-2\/DSC00835.jpg'><img src=http:\/\/ski.inmontanis.info\/d\/191813-3\/DSC00835.jpg \/><\/a><br \/>\n^ &#8230; danach f\u00e4hrt man den Weg weiter &#8230;<\/p>\n<p><a href='http:\/\/ski.inmontanis.info\/d\/191818-2\/DSC00839.jpg'><img src=http:\/\/ski.inmontanis.info\/d\/191817-3\/DSC00839.jpg \/><\/a><br \/>\n^ .. und kann &#8211; je nach Wunsch &#8211; entweder in noch gr\u00f6\u00dferem Bogen kehren oder einen von mehreren steileren H\u00e4ngen nehmen &#8230;<\/p>\n<p><a href='http:\/\/ski.inmontanis.info\/d\/191822-2\/DSC00841.jpg'><img src=http:\/\/ski.inmontanis.info\/d\/191821-3\/DSC00841.jpg \/><\/a><br \/>\n^ Au\u00dfenrum-H\u00e4nge<\/p>\n<p><a href='http:\/\/ski.inmontanis.info\/d\/191826-2\/DSC00842.jpg'><img src=http:\/\/ski.inmontanis.info\/d\/191825-3\/DSC00842.jpg \/><\/a><br \/>\n^ R\u00fcckblick, sch\u00f6ne H\u00e4nge hier, auch zur anderen Talseite hin, h\u00e4tte man hier noch sch\u00f6n erweitern k\u00f6nnen<\/p>\n<p><a href='http:\/\/ski.inmontanis.info\/d\/191830-2\/DSC00844.jpg'><img src=http:\/\/ski.inmontanis.info\/d\/191829-3\/DSC00844.jpg \/><\/a><br \/>\n^ Danach geht&#8217;s auf einem weiten Skiweg  ohne Schieben zur\u00fcck &#8230;<\/p>\n<p><a href='http:\/\/ski.inmontanis.info\/d\/191834-2\/DSC00848.jpg'><img src=http:\/\/ski.inmontanis.info\/d\/191833-3\/DSC00848.jpg \/><\/a><br \/>\n^ Hier angekommen muss man dann zu dem Haus oben links aufsteigen, was auf einem Weg aber problemlos machbar ist. Manche fahren auch hier links ins Tal, aber keine Ahnung wie die dann weiterkommen<\/p>\n<p><a href='http:\/\/ski.inmontanis.info\/d\/191838-2\/DSC00849.jpg'><img src=http:\/\/ski.inmontanis.info\/d\/191837-3\/DSC00849.jpg \/><\/a><br \/>\n^ Rechts am Baum h\u00e4ngt noch ein Skirouten-Zeichen, die eben gefahrene Au\u00dfenrum-Route war fr\u00fcher mal als Skiroute ausgezeichnet.<\/p>\n<p><a href='http:\/\/ski.inmontanis.info\/d\/191842-2\/DSC00850.jpg'><img src=http:\/\/ski.inmontanis.info\/d\/191841-3\/DSC00850.jpg \/><\/a><br \/>\n^ In manchen Pl\u00e4nen ist unterhalb der parallelen ESL-SL noch ein kurzer Lift eingezeichnet, gut m\u00f6glich, dass der hier stand und auch als R\u00fcckbringer von der Skiroute gedient hat.<\/p>\n<p><a href='http:\/\/ski.inmontanis.info\/d\/191846-2\/DSC00851.jpg'><img src=http:\/\/ski.inmontanis.info\/d\/191845-3\/DSC00851.jpg \/><\/a><br \/>\n^ Abfahrt bis fast zum See<\/p>\n<p><a href='http:\/\/ski.inmontanis.info\/d\/191850-2\/ge20150207e.jpg'><img src=http:\/\/ski.inmontanis.info\/d\/191849-3\/ge20150207e.jpg \/><\/a><br \/>\n^ GPS-Track 7.2.2015<br \/>\nRot vlnr: SL, ESL, SL<br \/>\nMagenta: Eventuelle Trasse des R\u00fcckbringer-SL von der Skiroute (in einigen alten Pl\u00e4nen eingezeichnet, evtl. wurde ja auch der linke obere SL dort hin versetzt?)<br \/>\nLetzte (Au\u00dfenrum-) Abfahrt h\u00e4ndisch ungef\u00e4hr nachgezeichnet (da Akku leer)<\/p>\n<p>Hier noch mein Film zur Seilbahn:<br \/>\n<object style=\"height: 500px; width: 900px\"><param name=\"movie\" value=\"http:\/\/www.youtube.com\/v\/lz3Jy077iyg\"><\/param><param name=\"wmode\" value=\"transparent\"><\/param><embed src=\"http:\/\/www.youtube.com\/v\/lz3Jy077iyg\" type=\"application\/x-shockwave-flash\" wmode=\"transparent\"  width=\"900\" height=\"480\"><\/embed><\/object><\/p>\n<p>Den Film von den Abfahrten muss ich erst noch uploaden.<\/p>\n<p>Und noch ein Link zu meinem vorherigen Bericht vom Zw\u00f6lferhorn mit zumeist wohl besseren Fotos, da auch das Wetter vormittags besser war:<br \/>\n<a href='http:\/\/blog.inmontanis.info\/?p=2207&#038;lang=de'>http:\/\/blog.inmontanis.info\/?p=2207&#038;lang=de<\/a><\/p>\n<p>Retour ging&#8217;s wieder \u00fcber Aschau anstatt \u00fcber&#8217;s Inntaldreieck, da kilometerm\u00e4\u00dfig k\u00fcrzer und nur wenige Minuten l\u00e4nger, zuvor allerdings noch auf ein McRib zum McDonalds, gegen 20 Uhr war ich wieder daheim.<\/p>\n","protected":false},"excerpt":{"rendered":"<p>Leider sind die Tage der nostalgischen Gondelbahn aufs Zw\u00f6lferhorn gez\u00e4hlt, 2016 oder 2017 soll es wohl einen Neubau geben. Grund genug, nochmal zum Skifahren her zu fahren &#8211; wer wei\u00df, wie der n\u00e4chste Winter wird. Dass ich einen Tag vorher am Elfer (in Neustift) war und jetzt am Zw\u00f6lfer(horn), ist auch irgendwie witzig.<\/p>\n<p>Die Anfahrt <a href=\"http:\/\/blog.inmontanis.info\/?p=3028\">[&#8230;]<\/a><\/p>\n","protected":false},"author":1,"featured_media":0,"comment_status":"closed","ping_status":"closed","sticky":false,"template":"","format":"standard","meta":{"footnotes":""},"categories":[24,59,13,27,829],"tags":[60,90,45],"class_list":["post-3028","post","type-post","status-publish","format-standard","hentry","category-tagestour","category-nostalgie","category-austria","category-skifahren-winterskiing-winter","category-zwolferhorn","tag-4zub","tag-infrarot","tag-see","odd"],"_links":{"self":[{"href":"http:\/\/blog.inmontanis.info\/index.php?rest_route=\/wp\/v2\/posts\/3028","targetHints":{"allow":["GET"]}}],"collection":[{"href":"http:\/\/blog.inmontanis.info\/index.php?rest_route=\/wp\/v2\/posts"}],"about":[{"href":"http:\/\/blog.inmontanis.info\/index.php?rest_route=\/wp\/v2\/types\/post"}],"author":[{"embeddable":true,"href":"http:\/\/blog.inmontanis.info\/index.php?rest_route=\/wp\/v2\/users\/1"}],"replies":[{"embeddable":true,"href":"http:\/\/blog.inmontanis.info\/index.php?rest_route=%2Fwp%2Fv2%2Fcomments&post=3028"}],"version-history":[{"count":2,"href":"http:\/\/blog.inmontanis.info\/index.php?rest_route=\/wp\/v2\/posts\/3028\/revisions"}],"predecessor-version":[{"id":3030,"href":"http:\/\/blog.inmontanis.info\/index.php?rest_route=\/wp\/v2\/posts\/3028\/revisions\/3030"}],"wp:attachment":[{"href":"http:\/\/blog.inmontanis.info\/index.php?rest_route=%2Fwp%2Fv2%2Fmedia&parent=3028"}],"wp:term":[{"taxonomy":"category","embeddable":true,"href":"http:\/\/blog.inmontanis.info\/index.php?rest_route=%2Fwp%2Fv2%2Fcategories&post=3028"},{"taxonomy":"post_tag","embeddable":true,"href":"http:\/\/blog.inmontanis.info\/index.php?rest_route=%2Fwp%2Fv2%2Ftags&post=3028"}],"curies":[{"name":"wp","href":"https:\/\/api.w.org\/{rel}","templated":true}]}}