{"id":3024,"date":"2015-02-06T18:22:20","date_gmt":"2015-02-06T17:22:20","guid":{"rendered":"http:\/\/blog.inmontanis.info\/?p=3024"},"modified":"2023-08-06T09:50:09","modified_gmt":"2023-08-06T07:50:09","slug":"elfer-6-2-2015","status":"publish","type":"post","link":"http:\/\/blog.inmontanis.info\/?p=3024","title":{"rendered":"Elfer, 6.2.2015"},"content":{"rendered":"<p>Heute Nachmittag hab ich mir 2 Stunden ZA genommen und bin noch geschwind auf den Elfer gefahren, um ein paar mal die Talabfahrt zu fahren &#8211; wer wei\u00df, wann ich heuer nochmal Zeit daf\u00fcr hab. Von 13:30 bis 16:30 ging sich so immerhin 6x die Talabfahrt und ein paar mal \u00f6fters der SL oben aus. <\/p>\n<p>Wie \u00fcblich war die Talabfahrt geschlossen, aber soweit wie m\u00f6glich pr\u00e4pariert, d.h. so gut wie komplett bis auf wenige St\u00fccke, die aber gut eingefahren waren. Hier und da gab&#8217;s nat\u00fcrlich Dreck und Steine, aber in Summe ging sie f\u00fcr mich besser wie sonst. Auch der untere Hang war unproblematisch und nicht eisig wie so h\u00e4ufig. Wetter war dagegen nichts besonders.<\/p>\n<p><a href='http:\/\/ski.inmontanis.info\/d\/191646-2\/DSC00720.jpg'><img src=http:\/\/ski.inmontanis.info\/d\/191645-3\/DSC00720.jpg \/><\/a><br \/>\n^ Mein \u00fcbliches 11er Wetter, Nebel und Wolken.<\/p>\n<p><a href='http:\/\/ski.inmontanis.info\/d\/191650-2\/DSC00722.jpg'><img src=http:\/\/ski.inmontanis.info\/d\/191649-3\/DSC00722.jpg \/><\/a><br \/>\n^ Talabfahrt heute ganz gut, durchgehend pr\u00e4pariert oder gut eingefahren<\/p>\n<p><a href='http:\/\/ski.inmontanis.info\/d\/191654-2\/ge20150206.jpg'><img src=http:\/\/ski.inmontanis.info\/d\/191653-3\/ge20150206.jpg \/><\/a><br \/>\n^ GPS-Track 6.2.2015 Nachmittag<\/p>\n","protected":false},"excerpt":{"rendered":"<p>Heute Nachmittag hab ich mir 2 Stunden ZA genommen und bin noch geschwind auf den Elfer gefahren, um ein paar mal die Talabfahrt zu fahren &#8211; wer wei\u00df, wann ich heuer nochmal Zeit daf\u00fcr hab. Von 13:30 bis 16:30 ging sich so immerhin 6x die Talabfahrt und ein paar mal \u00f6fters der SL oben aus. <a href=\"http:\/\/blog.inmontanis.info\/?p=3024\">[&#8230;]<\/a><\/p>\n","protected":false},"author":1,"featured_media":0,"comment_status":"closed","ping_status":"closed","sticky":false,"template":"","format":"standard","meta":{"footnotes":""},"categories":[890,25,13,27],"tags":[77,47],"class_list":["post-3024","post","type-post","status-publish","format-standard","hentry","category-neustift-11er","category-noreport","category-austria","category-skifahren-winterskiing-winter","tag-nebelmeer","tag-sl","odd"],"_links":{"self":[{"href":"http:\/\/blog.inmontanis.info\/index.php?rest_route=\/wp\/v2\/posts\/3024","targetHints":{"allow":["GET"]}}],"collection":[{"href":"http:\/\/blog.inmontanis.info\/index.php?rest_route=\/wp\/v2\/posts"}],"about":[{"href":"http:\/\/blog.inmontanis.info\/index.php?rest_route=\/wp\/v2\/types\/post"}],"author":[{"embeddable":true,"href":"http:\/\/blog.inmontanis.info\/index.php?rest_route=\/wp\/v2\/users\/1"}],"replies":[{"embeddable":true,"href":"http:\/\/blog.inmontanis.info\/index.php?rest_route=%2Fwp%2Fv2%2Fcomments&post=3024"}],"version-history":[{"count":3,"href":"http:\/\/blog.inmontanis.info\/index.php?rest_route=\/wp\/v2\/posts\/3024\/revisions"}],"predecessor-version":[{"id":9217,"href":"http:\/\/blog.inmontanis.info\/index.php?rest_route=\/wp\/v2\/posts\/3024\/revisions\/9217"}],"wp:attachment":[{"href":"http:\/\/blog.inmontanis.info\/index.php?rest_route=%2Fwp%2Fv2%2Fmedia&parent=3024"}],"wp:term":[{"taxonomy":"category","embeddable":true,"href":"http:\/\/blog.inmontanis.info\/index.php?rest_route=%2Fwp%2Fv2%2Fcategories&post=3024"},{"taxonomy":"post_tag","embeddable":true,"href":"http:\/\/blog.inmontanis.info\/index.php?rest_route=%2Fwp%2Fv2%2Ftags&post=3024"}],"curies":[{"name":"wp","href":"https:\/\/api.w.org\/{rel}","templated":true}]}}