{"id":3018,"date":"2015-02-01T22:56:08","date_gmt":"2015-02-01T21:56:08","guid":{"rendered":"http:\/\/blog.inmontanis.info\/?p=3018"},"modified":"2023-08-06T09:09:40","modified_gmt":"2023-08-06T07:09:40","slug":"kellerjochglungezer-1-2-2015","status":"publish","type":"post","link":"http:\/\/blog.inmontanis.info\/?p=3018","title":{"rendered":"Kellerjoch+Glungezer, 1.2.2015"},"content":{"rendered":"<p>Erstes Gebiet heute war das Kellerjoch, nat\u00fcrlich wg. des ESL und weil die Abfahrt, also die Skiroute, offen war &#8211; wenn auch etwas schneearm. Irgendwie gefiel&#8217;s mir heute aber besser wie sonst, weshalb ich fast den ganzen Tag blieb&#8230;<\/p>\n<p>(Fotos anklicken zum Vergr\u00f6\u00dfern)<\/p>\n<p><a href='http:\/\/ski.inmontanis.info\/d\/191522-2\/DSC00619.jpg'><img src=http:\/\/ski.inmontanis.info\/d\/191521-3\/DSC00619.jpg \/><\/a><br \/>\n^ ESL Sektion 2 (Sektion 1 ist ja seit ein paar Jahren stillgelegt)<\/p>\n<p><a href='http:\/\/ski.inmontanis.info\/d\/191526-2\/DSC00621.jpg'><img src=http:\/\/ski.inmontanis.info\/d\/191525-3\/DSC00621.jpg \/><\/a><br \/>\n^ DSB und oberer SL<\/p>\n<p><a href='http:\/\/ski.inmontanis.info\/d\/191530-2\/DSC00623.jpg'><img src=http:\/\/ski.inmontanis.info\/d\/191529-3\/DSC00623.jpg \/><\/a><br \/>\n^ Eine der DSB-Abfahrten<\/p>\n<p><a href='http:\/\/ski.inmontanis.info\/d\/191534-2\/DSC00624.jpg'><img src=http:\/\/ski.inmontanis.info\/d\/191533-3\/DSC00624.jpg \/><\/a><br \/>\n^ \u00dcbungs-SL (Kurzb\u00fcgel mit Stahlseil)<\/p>\n<p><a href='http:\/\/ski.inmontanis.info\/d\/191538-2\/DSC00625.jpg'><img src=http:\/\/ski.inmontanis.info\/d\/191537-3\/DSC00625.jpg \/><\/a><br \/>\n^ Skiroute am ESL mit Inntal gen Innsbruck<\/p>\n<p><a href='http:\/\/ski.inmontanis.info\/d\/191542-2\/DSC00627.jpg'><img src=http:\/\/ski.inmontanis.info\/d\/191541-3\/DSC00627.jpg \/><\/a><br \/>\n^ Skiroute ESL<\/p>\n<p><a href='http:\/\/ski.inmontanis.info\/d\/191546-2\/DSC00631.jpg'><img src=http:\/\/ski.inmontanis.info\/d\/191545-3\/DSC00631.jpg \/><\/a><br \/>\n^ Skiroute ESL<\/p>\n<p><a href='http:\/\/ski.inmontanis.info\/d\/191550-2\/DSC00633.jpg'><img src=http:\/\/ski.inmontanis.info\/d\/191549-3\/DSC00633.jpg \/><\/a><br \/>\n^ SL und Inntal<\/p>\n<p><a href='http:\/\/ski.inmontanis.info\/d\/191554-2\/DSC00634.jpg'><img src=http:\/\/ski.inmontanis.info\/d\/191553-3\/DSC00634.jpg \/><\/a><br \/>\n^ DSB Bergstation, es flogen heute einige Flugzeuge genau hier dr\u00fcber im Landeanflug auf Innsbruck<\/p>\n<p><a href='http:\/\/ski.inmontanis.info\/d\/191558-2\/DSC00637.jpg'><img src=http:\/\/ski.inmontanis.info\/d\/191557-3\/DSC00637.jpg \/><\/a><br \/>\n^ Start der Abfahrt an der DSB<\/p>\n<p><a href='http:\/\/ski.inmontanis.info\/d\/191562-2\/DSC00638.jpg'><img src=http:\/\/ski.inmontanis.info\/d\/191561-3\/DSC00638.jpg \/><\/a><br \/>\n^ Schwarze Abfahrt an der DSB, wie \u00fcblich ist der Steilhang (der wesentlich steiler ist als er am Foto ausschaut) hier unpr\u00e4pariert, ging heute aber gut<\/p>\n<p><a href='http:\/\/ski.inmontanis.info\/d\/191566-2\/DSC00639.jpg'><img src=http:\/\/ski.inmontanis.info\/d\/191565-3\/DSC00639.jpg \/><\/a><br \/>\n^ \u00dcbungs-SL (Kurzb\u00fcgel mit Stahlseil)<\/p>\n<p><a href='http:\/\/ski.inmontanis.info\/d\/191570-2\/DSC00641.jpg'><img src=http:\/\/ski.inmontanis.info\/d\/191569-3\/DSC00641.jpg \/><\/a><br \/>\n^ ESL Sektion 2 Talstation<\/p>\n<p><a href='http:\/\/ski.inmontanis.info\/d\/191574-2\/DSC00853.jpg'><img src=http:\/\/ski.inmontanis.info\/d\/191573-3\/DSC00853.jpg \/><\/a><br \/>\n^ IR-Pano ins Inntal nach Innsbruck, vorne die Kurve der Skiroute zum ESL<\/p>\n<p><a href='http:\/\/ski.inmontanis.info\/d\/191578-2\/DSC00647.jpg'><img src=http:\/\/ski.inmontanis.info\/d\/191577-3\/DSC00647.jpg \/><\/a><br \/>\n^ ESL Sektion 2, sehr schmal im Wald<\/p>\n<p><a href='http:\/\/ski.inmontanis.info\/d\/191582-2\/DSC00653.jpg'><img src=http:\/\/ski.inmontanis.info\/d\/191581-3\/DSC00653.jpg \/><\/a><br \/>\n^ Bergstation ESL Sektion 2 und Talstation DSB Grafenast<\/p>\n<p><a href='http:\/\/ski.inmontanis.info\/d\/191586-2\/ge20150201a.jpg'><img src=http:\/\/ski.inmontanis.info\/d\/191585-3\/ge20150201a.jpg \/><\/a><br \/>\n^ GPS-Track 1.2.2015<\/p>\n<p>Noch ein kleines Filmchen der Abfahrt am ESL, zzgl. des \u00dcbungs-SL:<\/p>\n<p><object style=\"height: 500px; width: 900px\"><param name=\"movie\" value=\"http:\/\/www.youtube.com\/v\/8XL3zZbDhcc\"><\/param><param name=\"wmode\" value=\"transparent\"><\/param><embed src=\"http:\/\/www.youtube.com\/v\/8XL3zZbDhcc\" type=\"application\/x-shockwave-flash\" wmode=\"transparent\"  width=\"900\" height=\"480\"><\/embed><\/object><\/p>\n<p>F\u00fcr den Glungezer war&#8217;s mir dann nachmittags egtl. doch schon zu sp\u00e4t, und von den Einzelliften hier in der Gegend, die ich mit meiner Saisonkarte fahren darf, d\u00fcrfte egtl. nur der H\u00fcttegglift interessant sein, der Rest sind doch eher kurze \u00dcbungslifte. Na jedenfalls fuhr ich dort hin, was doch eine weitere Fahrerei war als gedacht. Parkpl\u00e4tze sind kostenpflichtig, das wusste ich, aber ich h\u00e4tte gedacht, f\u00fcr 1 Stunde vielleicht 0,50 &#8211; 1 \u20ac zahlen zu m\u00fcssen. Nix da, es gibt nur Tagestickets um 2,- \u20ac. Was f\u00fcr 1 Stunde schon grenzwertig w\u00e4re, aber da ich nur noch 1,40 \u20ac in M\u00fcnzen hatte, fuhr ich halt wieder ab. Ein zweites Mal werd ich mir das hier aber nicht antun. Voll war&#8217;s eh von den Parkpl\u00e4tzen her, da haben andere Gebiete meinen Besuch also n\u00f6tiger.<\/p>\n<p>Also doch noch zum Glungezer, dort um 15:45 Uhr angekommen und wieder einmal \u00fcberrascht gewesen, dass die letzte Bergfahrt um 16:30 Uhr ist. Kann ich mir auch nie merken. Jedenfalls gingen sich dadurch sogar noch beide Talabfahrten aus, wobei sie schon noch recht schneearm waren (sind auch noch geschlossen). Ohne Bodenkontakt geht da nix.<\/p>\n<p><a href='http:\/\/ski.inmontanis.info\/d\/191510-2\/DSC00656.jpg'><img src=http:\/\/ski.inmontanis.info\/d\/191509-3\/DSC00656.jpg \/><\/a><br \/>\n^ Talstation DSB, wie man an den Autos sieht, war es heute gut voll.<\/p>\n<p><a href='http:\/\/ski.inmontanis.info\/d\/191514-2\/DSC00659.jpg'><img src=http:\/\/ski.inmontanis.info\/d\/191513-3\/DSC00659.jpg \/><\/a><br \/>\n^ Rote Talabfahrt, sehr schneearm &#8211; hat schon seine Berechtigung, dass sie noch geschlossen ist.<\/p>\n<p><a href='http:\/\/ski.inmontanis.info\/d\/191518-2\/DSC00661.jpg'><img src=http:\/\/ski.inmontanis.info\/d\/191517-3\/DSC00661.jpg \/><\/a><br \/>\n^ Letzte Sonnenstrahlen an der blauen Talabfahrt<\/p>\n","protected":false},"excerpt":{"rendered":"<p>Erstes Gebiet heute war das Kellerjoch, nat\u00fcrlich wg. des ESL und weil die Abfahrt, also die Skiroute, offen war &#8211; wenn auch etwas schneearm. Irgendwie gefiel&#8217;s mir heute aber besser wie sonst, weshalb ich fast den ganzen Tag blieb&#8230;<\/p>\n<p>(Fotos anklicken zum Vergr\u00f6\u00dfern)<\/p>\n<p> ^ ESL Sektion 2 (Sektion 1 ist ja seit ein paar <a href=\"http:\/\/blog.inmontanis.info\/?p=3018\">[&#8230;]<\/a><\/p>\n","protected":false},"author":1,"featured_media":0,"comment_status":"closed","ping_status":"closed","sticky":false,"template":"","format":"standard","meta":{"footnotes":""},"categories":[876,864,59,25,13,27],"tags":[38,35,90,47],"class_list":["post-3018","post","type-post","status-publish","format-standard","hentry","category-glungezer","category-kellerjoch","category-nostalgie","category-noreport","category-austria","category-skifahren-winterskiing-winter","tag-dsb","tag-esl","tag-infrarot","tag-sl","odd"],"_links":{"self":[{"href":"http:\/\/blog.inmontanis.info\/index.php?rest_route=\/wp\/v2\/posts\/3018","targetHints":{"allow":["GET"]}}],"collection":[{"href":"http:\/\/blog.inmontanis.info\/index.php?rest_route=\/wp\/v2\/posts"}],"about":[{"href":"http:\/\/blog.inmontanis.info\/index.php?rest_route=\/wp\/v2\/types\/post"}],"author":[{"embeddable":true,"href":"http:\/\/blog.inmontanis.info\/index.php?rest_route=\/wp\/v2\/users\/1"}],"replies":[{"embeddable":true,"href":"http:\/\/blog.inmontanis.info\/index.php?rest_route=%2Fwp%2Fv2%2Fcomments&post=3018"}],"version-history":[{"count":3,"href":"http:\/\/blog.inmontanis.info\/index.php?rest_route=\/wp\/v2\/posts\/3018\/revisions"}],"predecessor-version":[{"id":3021,"href":"http:\/\/blog.inmontanis.info\/index.php?rest_route=\/wp\/v2\/posts\/3018\/revisions\/3021"}],"wp:attachment":[{"href":"http:\/\/blog.inmontanis.info\/index.php?rest_route=%2Fwp%2Fv2%2Fmedia&parent=3018"}],"wp:term":[{"taxonomy":"category","embeddable":true,"href":"http:\/\/blog.inmontanis.info\/index.php?rest_route=%2Fwp%2Fv2%2Fcategories&post=3018"},{"taxonomy":"post_tag","embeddable":true,"href":"http:\/\/blog.inmontanis.info\/index.php?rest_route=%2Fwp%2Fv2%2Ftags&post=3018"}],"curies":[{"name":"wp","href":"https:\/\/api.w.org\/{rel}","templated":true}]}}