{"id":3013,"date":"2015-01-31T23:07:08","date_gmt":"2015-01-31T22:07:08","guid":{"rendered":"http:\/\/blog.inmontanis.info\/?p=3013"},"modified":"2023-08-06T10:43:55","modified_gmt":"2023-08-06T08:43:55","slug":"3013","status":"publish","type":"post","link":"http:\/\/blog.inmontanis.info\/?p=3013","title":{"rendered":"Mayrhofen, 31.1.2015 &#8211;  Aufs Wesentliche konzentriert"},"content":{"rendered":"<p>Wie jeden Freitag Abend verbrachte ich auch den gestrigen mit der Qual der Skigebietswahl. Lombardei wollte ich doch eigentlich einige Skigebiete noch neu oder wieder abgrasen. Wetter aber sehr kalt und wohl auch nicht so ungest\u00f6rt sonnig.<\/p>\n<p>In Bayern hat&#8217;s auch endlich genug Schnee f\u00fcr die Nostalgieskigebiete, aber &#8211; Wetter schlechter und vmtl. sehr voll, jetzt wo endlich Schnee liegt. Und auch in Tirol liegt nun einiges Schnee, so dass einige kleine Gebiete auf meiner Saisonkarte lohnenswert w\u00e4ren, weil Talabafhrten offen oder genug Schnee zum inoffiziell fahren.<\/p>\n<p>Also, daheimbleiben. Aber wohin? Kellerjoch? Glungezer? Elfer? Nordkette? 2-3 davon? Moment, Nordkette, wenn da die Abfahrt offen ist, dann hei\u00dft das normalerweise auch, dass man die Talskiroute in Mayrhofen fahren kann. Check. Offiziell ge\u00f6ffnet? Na umso besser.<\/p>\n<p>Die letzten 2 Jahre hatte ich Mayrhofen ignoriert, weil keine Snow Card, aber mittlerweile ist die Snow Card so teuer und f\u00fcr mich aufgrund der k\u00fcrzeren Geltungsdauer (im Vgl. zu den anderen) einfach nicht mehr wirklich lohnenswert, so dass ich sie momentan eher nicht mehr kaufen werde. Hei\u00dft andererseits aber aufgrund der teuren Skip\u00e4sse auch, dass ich Skiwelt, Kitzb\u00fchel, Zillertalarena, Gerlosstein usw. derzeit leider nicht mehr besuchen werde.<\/p>\n<p>Warum also war ich heute bereit, 43,50 \u20ac f\u00fcr die (erm\u00e4\u00dfigte) Tageskarte in Mayrhofen auszugeben? Na, wie gesagt, die Talskiroute ist offen &#8211; und die ist einer der ganz wenigen Gr\u00fcnde, f\u00fcr die ich tats\u00e4chlich bereit bin, bei meiner 40er Grenze ein Auge zuzudr\u00fccken. Und au\u00dferdem spart man sich ja die italienische Maut. Und Benzinkosten. Und die 8EUB f\u00e4hrt schon um 8 Uhr, also hat man l\u00e4nger was vom Tag. Und schlie\u00dflich war das Freizeitticket ja g\u00fcnstiger als die Snow Card.<\/p>\n<p>Der Zustand der Abfahrt war nicht ganz so gut wie bei meinem letzten Besuch 2012, teilweise sehr verbuckelt und teilweise etwas schneearm, aber f\u00fcr mich problemlos. Leider wurden in den letzten 3 Jahren wieder einige Stellen gerodet, und die vor 10-15 Jahren noch reinen, schmalen Waldschneisen im oberen Bereich sind nun schon so licht, dass man abschnittsweise nicht mehr von einer Waldabfahrt sprechen kann. Die Abfahrt selbst ist noch genauso schmal wie eh und je, aber man merkt allenthalben die Vorbereitungen f\u00fcr den gro\u00dfen Ausbau zur Talabfahrt und die dann kommende Beschneiung. Dann gibt&#8217;s keinen Grund mehr f\u00fcr mich, nach Mayrhofen zu fahren.<\/p>\n<p>Neben der Talskiroute wollte ich auch noch die noch vorhandenen SL mitnehmen, was ja nicht mehr viel sind, also Mittertrett, Hasenmulde und Penkenkuli. Die Schwarze am Katzenmoos war leider nicht ge\u00f6ffnet, die h\u00e4tte ich auch gern mitgenommen. \u00dcber Mittag wollte ich egtl. zum Ahorn r\u00fcber (SL Filzen) und nachmittags Rastkogel und Eggalm wg. 4EUBs, SL und Sonne. Gegen Ahorn sprach dann die Lauferei zum Skibus (der Parkplatz an der Ahornbahn ist ja nach meinem alten Wissensstand nicht kostenlos), sowie das Problem des Retourkommens von Ahorn zu Penkenbahn (glaub entweder 5-10 Minuten zu Fu\u00df durch den Ort oder ne halbe Ewigkeit mit dem Skibus im Kreis fahren). Doch keine Lust darauf gehabt.<\/p>\n<p>Und Eggalm\/Rastkogel, die ich nachmittags mit dem Auto ansteuern wollte (Eggalm ist bis 16:30 in Betrieb) &#8211; fiel dann auch aus, weil ich mich von der Talskiroute nicht trennen konnte und ich zum Schluss lieber den &#8220;Trag\u00f6dienhang&#8221; beobachten und filmen musste :) Hach, genial. Kaum einer kennt die alternative Skiroute, viele fahren \u00fcber die eisige Erde und versagen und wo der Hausverstand bei denen geblieben ist, die meinen, sie k\u00f6nnten mit abgeschnallten Skiern auf Skischuhen ausgerechnet \u00fcber die eisigsten Stellen runtergehen &#8230; lustig, wenn&#8217;s nicht so traurig w\u00e4re. Jedenfalls hab ich bei der vorletzten Abfahrt ca. 5 Minuten und bei der letzten Abfahrt 20 Minuten gefilmt, absolut lohnenswert. So lohnenswert, dass ich mir fast \u00fcberlege, ob ich morgen nachmittag nicht nochmal hier her fahren sollte ;-)<\/p>\n<p>In Summe bin ich heute die Talskiroute satte 8x gefahren. Und obwohl die durch die vielen Buckel wesentlich langsamer zu fahren war als letztes Mal, hab ich am Ende doch noch 106 km geschafft. Die 8EUB f\u00e4hrt schnell und bei 9 Stunden schafft man eben einiges. Eine Runde 8EUB-4KSB-Talskiroute dauert ca. 20 Minuten rauf und ca. 25-30 Minuten runter. Wartezeiten hatte ich einmal, weil ich da leider genau zu der Zeit oben war, als die Schneekar-6KSB wg. eines technischen Defekts ausfiel (und langsam zur\u00fcckfuhr). Und warum man in dem neuen gro\u00dfen Talstationsgeb\u00e4ude nur 5 Kassen gebaut hat, von denen nur 4 offen waren, versteh auch auch nicht &#8211; so gegen 9\/10 Uhr waren da doch sehr lange Schlangen.<\/p>\n<p>(Fotos anklicken zum Vergr\u00f6\u00dfern)<\/p>\n<p><a href='http:\/\/ski.inmontanis.info\/d\/191326-2\/DSC00524.jpg'><img src=http:\/\/ski.inmontanis.info\/d\/191325-3\/DSC00524.jpg \/><\/a><br \/>\n^ 8KSB-PB um morgendliche 8:30 Uhr<\/p>\n<p><a href='http:\/\/ski.inmontanis.info\/d\/191330-2\/DSC00525.jpg'><img src=http:\/\/ski.inmontanis.info\/d\/191329-3\/DSC00525.jpg \/><\/a><br \/>\n^ Abfahrt an der Penken-Kombibahn<\/p>\n<p><a href='http:\/\/ski.inmontanis.info\/d\/191334-2\/DSC00526.jpg'><img src=http:\/\/ski.inmontanis.info\/d\/191333-3\/DSC00526.jpg \/><\/a><br \/>\n^ Talskiroute, im oberen Bereich (und in Folge an den Skiwegumfahrungen) pr\u00e4pariert<\/p>\n<p><a href='http:\/\/ski.inmontanis.info\/d\/191338-2\/DSC00529.jpg'><img src=http:\/\/ski.inmontanis.info\/d\/191337-3\/DSC00529.jpg \/><\/a><br \/>\n^ Talskiroute<\/p>\n<p><a href='http:\/\/ski.inmontanis.info\/d\/191342-2\/DSC00530.jpg'><img src=http:\/\/ski.inmontanis.info\/d\/191341-3\/DSC00530.jpg \/><\/a><br \/>\n^ Talskiroute bzw. geht die Route eigentlich links in den Wald, das hier ist eines der gerodeten St\u00fccke, die man aber auch leichter fahren kann.<\/p>\n<p><a href='http:\/\/ski.inmontanis.info\/d\/191346-2\/DSC00535.jpg'><img src=http:\/\/ski.inmontanis.info\/d\/191345-3\/DSC00535.jpg \/><\/a><br \/>\n^ Talskiroute<\/p>\n<p><a href='http:\/\/ski.inmontanis.info\/d\/191350-2\/DSC00536.jpg'><img src=http:\/\/ski.inmontanis.info\/d\/191349-3\/DSC00536.jpg \/><\/a><br \/>\n^ Talskiroute, Querung mit der Skiwegumfahrung<\/p>\n<p><a href='http:\/\/ski.inmontanis.info\/d\/191354-2\/DSC00538.jpg'><img src=http:\/\/ski.inmontanis.info\/d\/191353-3\/DSC00538.jpg \/><\/a><br \/>\n^ Talskiroute<\/p>\n<p><a href='http:\/\/ski.inmontanis.info\/d\/191358-2\/DSC00574.jpg'><img src=http:\/\/ski.inmontanis.info\/d\/191357-3\/DSC00574.jpg \/><\/a><br \/>\n^ Talskiroute<\/p>\n<p><a href='http:\/\/ski.inmontanis.info\/d\/191362-2\/DSC00539.jpg'><img src=http:\/\/ski.inmontanis.info\/d\/191361-3\/DSC00539.jpg \/><\/a><br \/>\n^ Talskiroute, wei\u00df zwar nicht, ob das St\u00fcck 2012 auch schon gerodet war, aber es gab definitiv schon wieder mehr baumlose Strecken. Schade.<\/p>\n<p><a href='http:\/\/ski.inmontanis.info\/d\/191366-2\/DSC00540.jpg'><img src=http:\/\/ski.inmontanis.info\/d\/191365-3\/DSC00540.jpg \/><\/a><br \/>\n^ Talskiroute<\/p>\n<p><a href='http:\/\/ski.inmontanis.info\/d\/191370-2\/DSC00543.jpg'><img src=http:\/\/ski.inmontanis.info\/d\/191369-3\/DSC00543.jpg \/><\/a><br \/>\n^ Talskiroute &#8211; leider immer offener, die schmalen Waldabschnitte werden immer seltener :-(<\/p>\n<p><a href='http:\/\/ski.inmontanis.info\/d\/191374-2\/DSC00545.jpg'><img src=http:\/\/ski.inmontanis.info\/d\/191373-3\/DSC00545.jpg \/><\/a><br \/>\n^ Talskiroute, Querung mit der Skiwegumfahrung, eine der letzten Schmalst\u00fccke<\/p>\n<p><a href='http:\/\/ski.inmontanis.info\/d\/191378-2\/DSC00546.jpg'><img src=http:\/\/ski.inmontanis.info\/d\/191377-3\/DSC00546.jpg \/><\/a><br \/>\n^ Talskiroute<\/p>\n<p><a href='http:\/\/ski.inmontanis.info\/d\/191382-2\/DSC00547.jpg'><img src=http:\/\/ski.inmontanis.info\/d\/191381-3\/DSC00547.jpg \/><\/a><br \/>\n^ Talskiroute<\/p>\n<p><a href='http:\/\/ski.inmontanis.info\/d\/191386-2\/DSC00548.jpg'><img src=http:\/\/ski.inmontanis.info\/d\/191385-3\/DSC00548.jpg \/><\/a><br \/>\n^ Talskiroute<\/p>\n<p><a href='http:\/\/ski.inmontanis.info\/d\/191390-2\/DSC00550.jpg'><img src=http:\/\/ski.inmontanis.info\/d\/191389-3\/DSC00550.jpg \/><\/a><br \/>\n^ Talskiroute<\/p>\n<p><a href='http:\/\/ski.inmontanis.info\/d\/191394-2\/DSC00577.jpg'><img src=http:\/\/ski.inmontanis.info\/d\/191393-3\/DSC00577.jpg \/><\/a><br \/>\n^ Talskiroute, der Skiweg links von hier aus war gesperrt, der Hang links irgendwie auch, aber geradeaus links vom Haus konnte man trotzdem noch in die linke Variante einfahren, die nicht so schneearm war wie die Standard-Variante rechts<\/p>\n<p><a href='http:\/\/ski.inmontanis.info\/d\/191398-2\/DSC00552.jpg'><img src=http:\/\/ski.inmontanis.info\/d\/191397-3\/DSC00552.jpg \/><\/a><br \/>\n^ Talskiroute<\/p>\n<p><a href='http:\/\/ski.inmontanis.info\/d\/191402-2\/DSC00553.jpg'><img src=http:\/\/ski.inmontanis.info\/d\/191401-3\/DSC00553.jpg \/><\/a><br \/>\n^ Talskiroute, Hauptvariante<\/p>\n<p><a href='http:\/\/ski.inmontanis.info\/d\/191406-2\/DSC00555.jpg'><img src=http:\/\/ski.inmontanis.info\/d\/191405-3\/DSC00555.jpg \/><\/a><br \/>\n^ Talskiroute, Hauptvariante &#8211; die \u00fcbliche Schneearmut hier &#8211; bin sie folglich auch nur einmal gefahren, die restlichen 7x die andere Variante.<\/p>\n<p><a href='http:\/\/ski.inmontanis.info\/d\/191410-2\/DSC00556.jpg'><img src=http:\/\/ski.inmontanis.info\/d\/191409-3\/DSC00556.jpg \/><\/a><br \/>\n^ Talskiroute, Einm\u00fcndung der Hauptvariante (rechts schneearmer Skiweg) und linke Nebenvariante (Geradeaus)<\/p>\n<p><a href='http:\/\/ski.inmontanis.info\/d\/191414-2\/DSC00557.jpg'><img src=http:\/\/ski.inmontanis.info\/d\/191413-3\/DSC00557.jpg \/><\/a><br \/>\n^ Talskiroute<\/p>\n<p><a href='http:\/\/ski.inmontanis.info\/d\/191418-2\/DSC00558.jpg'><img src=http:\/\/ski.inmontanis.info\/d\/191417-3\/DSC00558.jpg \/><\/a><br \/>\n^ Talskiroute<\/p>\n<p><a href='http:\/\/ski.inmontanis.info\/d\/191422-2\/DSC00561.jpg'><img src=http:\/\/ski.inmontanis.info\/d\/191421-3\/DSC00561.jpg \/><\/a><br \/>\n^ Die Umfahrung des unteren Steilhangs ist leider geschlossen, die Br\u00fccke oder was hier mal war gibt es nicht mehr.<\/p>\n<p><a href='http:\/\/ski.inmontanis.info\/d\/191426-2\/DSC00562.jpg'><img src=http:\/\/ski.inmontanis.info\/d\/191425-3\/DSC00562.jpg \/><\/a><br \/>\n^ Talskiroute, unterster Steilhang<\/p>\n<p><a href='http:\/\/ski.inmontanis.info\/d\/191430-2\/DSC00563.jpg'><img src=http:\/\/ski.inmontanis.info\/d\/191429-3\/DSC00563.jpg \/><\/a><br \/>\n^ Nordhangbahn usw. und Wartezeiten an der PB.<\/p>\n<p><a href='http:\/\/ski.inmontanis.info\/d\/191434-2\/DSC00564.jpg'><img src=http:\/\/ski.inmontanis.info\/d\/191433-3\/DSC00564.jpg \/><\/a><br \/>\n^ SL Mittertrett, leider bissl lahm<\/p>\n<p><a href='http:\/\/ski.inmontanis.info\/d\/191438-2\/DSC00565.jpg'><img src=http:\/\/ski.inmontanis.info\/d\/191437-3\/DSC00565.jpg \/><\/a><br \/>\n^ Hasenmuldenlifte<\/p>\n<p><a href='http:\/\/ski.inmontanis.info\/d\/191442-2\/DSC00567.jpg'><img src=http:\/\/ski.inmontanis.info\/d\/191441-3\/DSC00567.jpg \/><\/a><br \/>\n^ Hasenmuldenlifte<\/p>\n<p><a href='http:\/\/ski.inmontanis.info\/d\/191446-2\/DSC00569.jpg'><img src=http:\/\/ski.inmontanis.info\/d\/191445-3\/DSC00569.jpg \/><\/a><br \/>\n^ Hasenmuldenlifte<\/p>\n<p><a href='http:\/\/ski.inmontanis.info\/d\/191450-2\/DSC00570.jpg'><img src=http:\/\/ski.inmontanis.info\/d\/191449-3\/DSC00570.jpg \/><\/a><br \/>\n^ Penkenkuli<\/p>\n<p><a href='http:\/\/ski.inmontanis.info\/d\/191454-2\/DSC00572.jpg'><img src=http:\/\/ski.inmontanis.info\/d\/191453-3\/DSC00572.jpg \/><\/a><br \/>\n^ Kombibahn<\/p>\n<p><a href='http:\/\/ski.inmontanis.info\/d\/191458-2\/DSC00578.jpg'><img src=http:\/\/ski.inmontanis.info\/d\/191457-3\/DSC00578.jpg \/><\/a><br \/>\n^ Talskiroute, linke untere Variante<\/p>\n<p><a href='http:\/\/ski.inmontanis.info\/d\/191462-2\/DSC00581.jpg'><img src=http:\/\/ski.inmontanis.info\/d\/191461-3\/DSC00581.jpg \/><\/a><br \/>\n^ Talskiroute, linke untere Variante<\/p>\n<p><a href='http:\/\/ski.inmontanis.info\/d\/191466-2\/DSC00845.jpg'><img src=http:\/\/ski.inmontanis.info\/d\/191465-3\/DSC00845.jpg \/><\/a><br \/>\n^ Horbergbahn in Falschfarb-IR (bot sich heute mal wieder an)<\/p>\n<p><a href='http:\/\/ski.inmontanis.info\/d\/191470-2\/DSC00849.jpg'><img src=http:\/\/ski.inmontanis.info\/d\/191469-3\/DSC00849.jpg \/><\/a><br \/>\n^ IR-Pano<\/p>\n<p><a href='http:\/\/ski.inmontanis.info\/d\/191474-2\/DSC00851.jpg'><img src=http:\/\/ski.inmontanis.info\/d\/191473-3\/DSC00851.jpg \/><\/a><br \/>\n^ Zillertalausw\u00e4rts (mit Skigebiet Zell) in IR<\/p>\n<p><a href='http:\/\/ski.inmontanis.info\/d\/191478-2\/DSC00585.jpg'><img src=http:\/\/ski.inmontanis.info\/d\/191477-3\/DSC00585.jpg \/><\/a><br \/>\n^ Talskiroute, Start<\/p>\n<p><a href='http:\/\/ski.inmontanis.info\/d\/191482-2\/DSC00591.jpg'><img src=http:\/\/ski.inmontanis.info\/d\/191481-3\/DSC00591.jpg \/><\/a><br \/>\n^ Horbergbahn Talstation. Ob heute wohl irgendwem meine Dachbeklebung aufgefallen ist?<\/p>\n<p><a href='http:\/\/ski.inmontanis.info\/d\/191486-2\/DSC00595.jpg'><img src=http:\/\/ski.inmontanis.info\/d\/191485-3\/DSC00595.jpg \/><\/a><br \/>\n^ Neuer \u00dcbungsbereich an der Talstation der Horbergbahn mit zwei Seilliften<\/p>\n<p><a href='http:\/\/ski.inmontanis.info\/d\/191490-2\/DSC00596.jpg'><img src=http:\/\/ski.inmontanis.info\/d\/191489-3\/DSC00596.jpg \/><\/a><br \/>\n^ Talskiroute, mittlere rechte Variante<\/p>\n<p><a href='http:\/\/ski.inmontanis.info\/d\/191494-2\/DSC00598.jpg'><img src=http:\/\/ski.inmontanis.info\/d\/191493-3\/DSC00598.jpg \/><\/a><br \/>\n^ Talskiroute, mittlere rechte Variante. Hatte ich auch irgendwie anders in Erinnerung.<\/p>\n<p><a href='http:\/\/ski.inmontanis.info\/d\/191498-2\/DSC00608.jpg'><img src=http:\/\/ski.inmontanis.info\/d\/191497-3\/DSC00608.jpg \/><\/a><br \/>\n^ Kombibahn, f\u00e4hrt bis 16:15, die anderen Bahnen im Bereich nur bis 16h.<\/p>\n<p><a href='http:\/\/ski.inmontanis.info\/d\/191502-2\/DSC00615.jpg'><img src=http:\/\/ski.inmontanis.info\/d\/191501-3\/DSC00615.jpg \/><\/a><br \/>\n^ Talskiroute, Trag\u00f6dienhang an der Einfahrt der Hauptvariante. Hab hier ca. 20 Minuten gefilmt und mir das Spektakel angesehen :-) In der Zeit kam von der linken Variante, wo auch ich runter kam, lediglich ein Skifahrer. Allerdings sind die Leute oft immer noch so dumm wie fr\u00fcher. Ski ausziehen und mitten auf dem steilen eisigen St\u00fcck runtergehen &#8211; na, das geht meist schief. Aber es gab auch ein paar Intelligentere, die zu mir raus gequert oder gegangen sind.<\/p>\n<p><a href='http:\/\/ski.inmontanis.info\/d\/191506-2\/ge20150131a.jpg'><img src=http:\/\/ski.inmontanis.info\/d\/191505-3\/ge20150131a.jpg \/><\/a><br \/>\n^ GPS-Track 31.1.2015. Das Sat-Bild ist leider noch sehr alt, von 2000. Aktuell ist der Wald im Bereich der Talabfahrt l\u00e4ngst nicht mehr so dicht.<\/p>\n<p>Film des Trag\u00f6dienhangs, die beste Szene hab ich gedoppelt und an den Anfang gestellt ;)<\/p>\n<p><object style=\"height: 500px; width: 900px\"><param name=\"movie\" value=\"http:\/\/www.youtube.com\/v\/0CjDB5ja55Y\"><\/param><param name=\"wmode\" value=\"transparent\"><\/param><embed src=\"http:\/\/www.youtube.com\/v\/0CjDB5ja55Y\" type=\"application\/x-shockwave-flash\" wmode=\"transparent\"  width=\"900\" height=\"480\"><\/embed><\/object><\/p>\n<p>Die komplette Abfahrt selbst hab ich auch noch mal gefilmt, allerdings nicht ganz so smooth wie vor 3 Jahren mit dem Fisheye. Daf\u00fcr w\u00fcrde man im direkten Vergleich die Stellen erkennen, wo jetzt kein Wald mehr ist, au\u00dferdem hab ich 2012 nur die untere Hauptvariante gefilmt (genug Schnee am Trag\u00f6dienst\u00fcck), diesmal die unbekanntere linke Nebenvariante:<\/p>\n<p><object style=\"height: 500px; width: 900px\"><param name=\"movie\" value=\"http:\/\/www.youtube.com\/v\/_pGUKEGzBdU\"><\/param><param name=\"wmode\" value=\"transparent\"><\/param><embed src=\"http:\/\/www.youtube.com\/v\/_pGUKEGzBdU\" type=\"application\/x-shockwave-flash\" wmode=\"transparent\"  width=\"900\" height=\"480\"><\/embed><\/object><\/p>\n","protected":false},"excerpt":{"rendered":"<p>Wie jeden Freitag Abend verbrachte ich auch den gestrigen mit der Qual der Skigebietswahl. Lombardei wollte ich doch eigentlich einige Skigebiete noch neu oder wieder abgrasen. Wetter aber sehr kalt und wohl auch nicht so ungest\u00f6rt sonnig.<\/p>\n<p>In Bayern hat&#8217;s auch endlich genug Schnee f\u00fcr die Nostalgieskigebiete, aber &#8211; Wetter schlechter und vmtl. sehr voll, <a href=\"http:\/\/blog.inmontanis.info\/?p=3013\">[&#8230;]<\/a><\/p>\n","protected":false},"author":1,"featured_media":0,"comment_status":"closed","ping_status":"closed","sticky":false,"template":"","format":"standard","meta":{"footnotes":""},"categories":[893,13,27],"tags":[72,49,53,57,90,78,47],"class_list":["post-3013","post","type-post","status-publish","format-standard","hentry","category-mayrhofen-rastkogel-eggalm","category-austria","category-skifahren-winterskiing-winter","tag-10eub","tag-4sb","tag-8eub","tag-8sb","tag-infrarot","tag-restschnee","tag-sl","odd"],"_links":{"self":[{"href":"http:\/\/blog.inmontanis.info\/index.php?rest_route=\/wp\/v2\/posts\/3013","targetHints":{"allow":["GET"]}}],"collection":[{"href":"http:\/\/blog.inmontanis.info\/index.php?rest_route=\/wp\/v2\/posts"}],"about":[{"href":"http:\/\/blog.inmontanis.info\/index.php?rest_route=\/wp\/v2\/types\/post"}],"author":[{"embeddable":true,"href":"http:\/\/blog.inmontanis.info\/index.php?rest_route=\/wp\/v2\/users\/1"}],"replies":[{"embeddable":true,"href":"http:\/\/blog.inmontanis.info\/index.php?rest_route=%2Fwp%2Fv2%2Fcomments&post=3013"}],"version-history":[{"count":5,"href":"http:\/\/blog.inmontanis.info\/index.php?rest_route=\/wp\/v2\/posts\/3013\/revisions"}],"predecessor-version":[{"id":9221,"href":"http:\/\/blog.inmontanis.info\/index.php?rest_route=\/wp\/v2\/posts\/3013\/revisions\/9221"}],"wp:attachment":[{"href":"http:\/\/blog.inmontanis.info\/index.php?rest_route=%2Fwp%2Fv2%2Fmedia&parent=3013"}],"wp:term":[{"taxonomy":"category","embeddable":true,"href":"http:\/\/blog.inmontanis.info\/index.php?rest_route=%2Fwp%2Fv2%2Fcategories&post=3013"},{"taxonomy":"post_tag","embeddable":true,"href":"http:\/\/blog.inmontanis.info\/index.php?rest_route=%2Fwp%2Fv2%2Ftags&post=3013"}],"curies":[{"name":"wp","href":"https:\/\/api.w.org\/{rel}","templated":true}]}}