{"id":3009,"date":"2015-01-28T23:46:58","date_gmt":"2015-01-28T22:46:58","guid":{"rendered":"http:\/\/blog.inmontanis.info\/?p=3009"},"modified":"2023-08-06T09:43:57","modified_gmt":"2023-08-06T07:43:57","slug":"bergeralm-nachtski-28-1-2015","status":"publish","type":"post","link":"http:\/\/blog.inmontanis.info\/?p=3009","title":{"rendered":"Bergeralm Nachtski, 28.1.2015"},"content":{"rendered":"<p>Da ich letzten Sonntag wetterbedingt nicht Skifahren war und heute so ziemlich der einzige brauchbare Abend dieser Woche f\u00fcr Nachtskifahren war, war nur noch die Frage wohin &#8211; Galt\u00fcr, K\u00fchtai oder Bergeralm? Entschied mich diesmal f\u00fcr Bergeralm. Erwartungsgem\u00e4\u00df war heute wesentlich mehr los als an dem einen Nieselregenfreitag, aber an der 8EUB ging&#8217;s schon und sp\u00e4ter war dann auch an der 4SB nicht mehr so viel los&#8230;<\/p>\n<p>Foto- und Panoramam\u00e4\u00dfig war&#8217;s logischerweise besser, schneem\u00e4\u00dfig war die Schicht frisch pr\u00e4parierter Neuschnee so lang gut zu fahren, bis hier und da (seltenerweise) doch der eisige Untergrund durchkam. Die zweite Talabfahrt war auch auf 2 Spuren pr\u00e4pariert und konnte mit Lampe gut befahren sein. Au\u00dferdem hat der Halbmond gut Licht gemacht.<\/p>\n<p>(Fotos anklicken zum Vergr\u00f6\u00dfern)<\/p>\n<p><a href='http:\/\/ski.inmontanis.info\/d\/191245-2\/DSC00429.jpg'><img src=http:\/\/ski.inmontanis.info\/d\/191244-3\/DSC00429.jpg \/><\/a><br \/>\n^ 8EUB und Talabfahrt<\/p>\n<p><a href='http:\/\/ski.inmontanis.info\/d\/191249-2\/DSC00437.jpg'><img src=http:\/\/ski.inmontanis.info\/d\/191248-3\/DSC00437.jpg \/><\/a><br \/>\n^ Talabfahrt vs. Autobahn<\/p>\n<p><a href='http:\/\/ski.inmontanis.info\/d\/191253-2\/DSC00443.jpg'><img src=http:\/\/ski.inmontanis.info\/d\/191252-3\/DSC00443.jpg \/><\/a><br \/>\n^ 8EUB unter der Autobahnbr\u00fccke<\/p>\n<p><a href='http:\/\/ski.inmontanis.info\/d\/191257-2\/DSC00446.jpg'><img src=http:\/\/ski.inmontanis.info\/d\/191256-3\/DSC00446.jpg \/><\/a><br \/>\n^ Talabfahrt<\/p>\n<p><a href='http:\/\/ski.inmontanis.info\/d\/191261-2\/DSC00448.jpg'><img src=http:\/\/ski.inmontanis.info\/d\/191260-3\/DSC00448.jpg \/><\/a><br \/>\n^ Beleuchtete, verschneite B\u00e4ume<\/p>\n<p><a href='http:\/\/ski.inmontanis.info\/d\/191265-2\/DSC00453.jpg'><img src=http:\/\/ski.inmontanis.info\/d\/191264-3\/DSC00453.jpg \/><\/a><br \/>\n^ Talblick<\/p>\n<p><a href='http:\/\/ski.inmontanis.info\/d\/191269-2\/DSC00457.jpg'><img src=http:\/\/ski.inmontanis.info\/d\/191268-3\/DSC00457.jpg \/><\/a><br \/>\n^ Talblick mit Patscherkofel und Nordkette von der unbeleuchteten Talabfahrt (bin mit Lampe gefahren). Sorry, mir war&#8217;s mal wieder viel zu kalt, um die Cam auf das Stativ zu montieren und Langzeitbelichtungen zu machen &#8211; daher handgehalten.<\/p>\n<p><a href='http:\/\/ski.inmontanis.info\/d\/191273-2\/DSC00462.jpg'><img src=http:\/\/ski.inmontanis.info\/d\/191272-3\/DSC00462.jpg \/><\/a><br \/>\n^ Wartezeiten an der 4SB. War mir noch zu viel los, also erst mal SL fahren.<\/p>\n<p><a href='http:\/\/ski.inmontanis.info\/d\/191277-2\/DSC00465.jpg'><img src=http:\/\/ski.inmontanis.info\/d\/191276-3\/DSC00465.jpg \/><\/a><br \/>\n^ In der Gondel &#8230;<\/p>\n<p><a href='http:\/\/ski.inmontanis.info\/d\/191281-2\/DSC00467.jpg'><img src=http:\/\/ski.inmontanis.info\/d\/191280-3\/DSC00467.jpg \/><\/a><br \/>\n^ Bergstation SL<\/p>\n<p><a href='http:\/\/ski.inmontanis.info\/d\/191285-2\/DSC00469.jpg'><img src=http:\/\/ski.inmontanis.info\/d\/191284-3\/DSC00469.jpg \/><\/a><br \/>\n^ Beleuchtete Abfahrten an der 4SB<\/p>\n<p><a href='http:\/\/ski.inmontanis.info\/d\/191322-2\/DSC00470.jpg'><img src=http:\/\/ski.inmontanis.info\/d\/191321-3\/DSC00470.jpg \/><\/a><br \/>\n^ SL und 4SB<\/p>\n<p><a href='http:\/\/ski.inmontanis.info\/d\/191290-2\/DSC00477.jpg'><img src=http:\/\/ski.inmontanis.info\/d\/191289-3\/DSC00477.jpg \/><\/a><br \/>\n^ 4SB-DSB<\/p>\n<p><a href='http:\/\/ski.inmontanis.info\/d\/191294-2\/DSC00481.jpg'><img src=http:\/\/ski.inmontanis.info\/d\/191293-3\/DSC00481.jpg \/><\/a><br \/>\n^ 4SB-DSB<\/p>\n<p><a href='http:\/\/ski.inmontanis.info\/d\/191298-2\/DSC00487.jpg'><img src=http:\/\/ski.inmontanis.info\/d\/191297-3\/DSC00487.jpg \/><\/a><br \/>\n^ 4SB und Halbmond<\/p>\n<p><a href='http:\/\/ski.inmontanis.info\/d\/191302-2\/DSC00492.jpg'><img src=http:\/\/ski.inmontanis.info\/d\/191301-3\/DSC00492.jpg \/><\/a><br \/>\n^ 4SB-DSB-Abfahrt und Schneiteich<\/p>\n<p><a href='http:\/\/ski.inmontanis.info\/d\/191306-2\/DSC00502.jpg'><img src=http:\/\/ski.inmontanis.info\/d\/191305-3\/DSC00502.jpg \/><\/a><br \/>\n^ DSB-8EUB und Talblick<\/p>\n<p><a href='http:\/\/ski.inmontanis.info\/d\/191310-2\/DSC00509.jpg'><img src=http:\/\/ski.inmontanis.info\/d\/191309-3\/DSC00509.jpg \/><\/a><br \/>\n^ Die Parkpl\u00e4tze (beiderseits) waren fast komplett voll, jetzt zum Schluss nat\u00fcrlich schon erste L\u00fccken<\/p>\n<p><a href='http:\/\/ski.inmontanis.info\/d\/191314-2\/DSC00512.jpg'><img src=http:\/\/ski.inmontanis.info\/d\/191313-3\/DSC00512.jpg \/><\/a><br \/>\n^ Talstation<\/p>\n<p><a href='http:\/\/ski.inmontanis.info\/d\/191318-2\/DSC00517.jpg'><img src=http:\/\/ski.inmontanis.info\/d\/191317-3\/DSC00517.jpg \/><\/a><br \/>\n^ Talstation<\/p>\n","protected":false},"excerpt":{"rendered":"<p>Da ich letzten Sonntag wetterbedingt nicht Skifahren war und heute so ziemlich der einzige brauchbare Abend dieser Woche f\u00fcr Nachtskifahren war, war nur noch die Frage wohin &#8211; Galt\u00fcr, K\u00fchtai oder Bergeralm? Entschied mich diesmal f\u00fcr Bergeralm. Erwartungsgem\u00e4\u00df war heute wesentlich mehr los als an dem einen Nieselregenfreitag, aber an der 8EUB ging&#8217;s schon und <a href=\"http:\/\/blog.inmontanis.info\/?p=3009\">[&#8230;]<\/a><\/p>\n","protected":false},"author":1,"featured_media":0,"comment_status":"closed","ping_status":"closed","sticky":false,"template":"","format":"standard","meta":{"footnotes":""},"categories":[886,25,13,27],"tags":[49,53,38,65,47],"class_list":["post-3009","post","type-post","status-publish","format-standard","hentry","category-bergeralm","category-noreport","category-austria","category-skifahren-winterskiing-winter","tag-4sb","tag-8eub","tag-dsb","tag-nachtski","tag-sl","odd"],"_links":{"self":[{"href":"http:\/\/blog.inmontanis.info\/index.php?rest_route=\/wp\/v2\/posts\/3009","targetHints":{"allow":["GET"]}}],"collection":[{"href":"http:\/\/blog.inmontanis.info\/index.php?rest_route=\/wp\/v2\/posts"}],"about":[{"href":"http:\/\/blog.inmontanis.info\/index.php?rest_route=\/wp\/v2\/types\/post"}],"author":[{"embeddable":true,"href":"http:\/\/blog.inmontanis.info\/index.php?rest_route=\/wp\/v2\/users\/1"}],"replies":[{"embeddable":true,"href":"http:\/\/blog.inmontanis.info\/index.php?rest_route=%2Fwp%2Fv2%2Fcomments&post=3009"}],"version-history":[{"count":2,"href":"http:\/\/blog.inmontanis.info\/index.php?rest_route=\/wp\/v2\/posts\/3009\/revisions"}],"predecessor-version":[{"id":3011,"href":"http:\/\/blog.inmontanis.info\/index.php?rest_route=\/wp\/v2\/posts\/3009\/revisions\/3011"}],"wp:attachment":[{"href":"http:\/\/blog.inmontanis.info\/index.php?rest_route=%2Fwp%2Fv2%2Fmedia&parent=3009"}],"wp:term":[{"taxonomy":"category","embeddable":true,"href":"http:\/\/blog.inmontanis.info\/index.php?rest_route=%2Fwp%2Fv2%2Fcategories&post=3009"},{"taxonomy":"post_tag","embeddable":true,"href":"http:\/\/blog.inmontanis.info\/index.php?rest_route=%2Fwp%2Fv2%2Ftags&post=3009"}],"curies":[{"name":"wp","href":"https:\/\/api.w.org\/{rel}","templated":true}]}}