{"id":3007,"date":"2015-01-24T23:49:49","date_gmt":"2015-01-24T22:49:49","guid":{"rendered":"http:\/\/blog.inmontanis.info\/?p=3007"},"modified":"2023-08-06T08:46:44","modified_gmt":"2023-08-06T06:46:44","slug":"kappl-24-1-2015","status":"publish","type":"post","link":"http:\/\/blog.inmontanis.info\/?p=3007","title":{"rendered":"Kappl, 24.1.2015"},"content":{"rendered":"<p>Nachdem in den in Frage kommenden Nostalgiegebieten in Bayern und Salzburg noch zu wenig Schnee liegt und der Wetterbericht f\u00fcr&#8217;s WE in Tirol eher schlecht, aber in Italien recht sonnig meldete, wollte ich egtl. in die Lombardei fahren, wo durch den Schnee vor ein paar Tagen nun gro\u00dffl\u00e4chig offen sein sollte.<\/p>\n<p>Konnte mich dann aber doch nicht entscheiden, welche Gebiete ich in den 2 Tagen besuchen sollte (egtl. br\u00e4uchte ich 3-4 Tage), zudem hatte ich keine Lust auf 4-5 Stunden Autofahrt und br\u00e4uchte das WE daheim f\u00fcr Urlaubsplanungen &#8230;<\/p>\n<p>Ganz glauben konnte ich den sonnigen Vorhersagen f\u00fcr Samnaun und Arlberg weder gestern Abend noch heute morgen, denn gew\u00f6hnlich ist dort immer em ehesten schlecht in Nordtirol. Hab mich schlie\u00dflich f\u00fcr Kappl entschieden und wollte nicht das Risiko eingehen, einen der 3 Saisonkartentage am Arlberg aufzubrauchen.<\/p>\n<p>Nun, es war tats\u00e4chlich sehr sonnig, nur morgens und nachmittags gab&#8217;s eine Wolken- bzw. Hochnebelschicht im Tal, die hier und da gest\u00f6rt hat, aber an der Bergstation der 4KSB blieb es den ganzen Tag wolkenlos. Schnee war gr\u00f6\u00dftenteils auch gut, wobei die Talabfahrt etwas knollig war und einige der vielbefahrenen St\u00fccke (also auch insb. an der Talabfahrt) auch etwas eisiger waren. Offpiste war meist genug Pulver, ohne dass man eisgharten Untergrund gesp\u00fcrt h\u00e4tte, wobei ich eh fast nur auf den ausgefahrenen Skirouten unterwegs war.<\/p>\n<p>Netterweise wurde auch die 4EUB noch nicht ersetzt, und neben der netten 4EUB und den beiden netten SL und den netten Abfahrten (inkl. den 1460 hm-Abfahrten bis ins Tal) gibt es 3 neue Skirouten, so dass man problemlos einen ganzen Tag im sonnigen Kappl verbringen kann. Oder anders gesagt, ich konnte all die Abfahrten, die ich in der gew\u00fcnschten Anzahl fahren wollte, auch fahren. Kappl geh\u00f6rt momentan &#8211; zumindest so lang es noch die 4EUB gibt und die Verbindung zu St. Anton nicht gebaut wurde &#8211; definitiv zu den (f\u00fcr mich) interessanteren Skigebieten in Tirol.<\/p>\n<p>(Fotos anklicken zum Vergr\u00f6\u00dfern)<\/p>\n<p><a href='http:\/\/ski.inmontanis.info\/d\/191089-2\/DSC00332.jpg'><img src=http:\/\/ski.inmontanis.info\/d\/191088-3\/DSC00332.jpg \/><\/a><br \/>\n^ Ah, sch\u00f6n, die 4EUB f\u00e4hrt noch und wurde doch noch nicht ersetzt.<\/p>\n<p><a href='http:\/\/ski.inmontanis.info\/d\/191093-2\/DSC00334.jpg'><img src=http:\/\/ski.inmontanis.info\/d\/191092-3\/DSC00334.jpg \/><\/a><br \/>\n^ Bergstation SL Mardina, direkt in Bildmitte dahinter (beim rechten B\u00fcgel) die Skiroute 19 Hartlas Extrem<\/p>\n<p><a href='http:\/\/ski.inmontanis.info\/d\/191097-2\/DSC00335.jpg'><img src=http:\/\/ski.inmontanis.info\/d\/191096-3\/DSC00335.jpg \/><\/a><br \/>\n^ Blick zur Lattenabfahrt, die letzten Sommer leider etwas modelliert wurde<\/p>\n<p><a href='http:\/\/ski.inmontanis.info\/d\/191105-2\/DSC00336.jpg'><img src=http:\/\/ski.inmontanis.info\/d\/191104-3\/DSC00336.jpg \/><\/a><br \/>\n^ SL Mardina und DSB Gongall vs. Nebelschicht<\/p>\n<p><a href='http:\/\/ski.inmontanis.info\/d\/191101-2\/DSC00338.jpg'><img src=http:\/\/ski.inmontanis.info\/d\/191100-3\/DSC00338.jpg \/><\/a><br \/>\n^ SL Mardina und DSB Gongall vs. Nebelschicht<\/p>\n<p><a href='http:\/\/ski.inmontanis.info\/d\/191109-2\/DSC00343.jpg'><img src=http:\/\/ski.inmontanis.info\/d\/191108-3\/DSC00343.jpg \/><\/a><br \/>\n^ Leichter Schnee aus dem Nebel f\u00fchrte zu Lichteffekten<\/p>\n<p><a href='http:\/\/ski.inmontanis.info\/d\/191113-2\/DSC00351.jpg'><img src=http:\/\/ski.inmontanis.info\/d\/191112-3\/DSC00351.jpg \/><\/a><br \/>\n^ Schnee-Nebel oder kurz Schnebel :) Na gut, glaub das nennt man korrekt Eisnebel.<\/p>\n<p><a href='http:\/\/ski.inmontanis.info\/d\/191117-2\/DSC00352.jpg'><img src=http:\/\/ski.inmontanis.info\/d\/191116-3\/DSC00352.jpg \/><\/a><br \/>\n^ Und am Rand noch ein paar Regenbogeneffekte, Nebel-Schnee-Halo.<\/p>\n<p><a href='http:\/\/ski.inmontanis.info\/d\/191121-2\/DSC00353.jpg'><img src=http:\/\/ski.inmontanis.info\/d\/191120-3\/DSC00353.jpg \/><\/a><br \/>\n^ &#8230; und auch auf der anderen Seite<\/p>\n<p><a href='http:\/\/ski.inmontanis.info\/d\/191125-2\/DSC00354.jpg'><img src=http:\/\/ski.inmontanis.info\/d\/191124-3\/DSC00354.jpg \/><\/a><br \/>\n^ Gleich 5 Halo-Effekte, wobei die oberen 2 Nebensonnen auf dem 22\u00b0-Ring um die Sonne sind und unten die Untersonne mit den beiden Unternebensonnen zu sehen ist &#8230;<\/p>\n<p><a href='http:\/\/ski.inmontanis.info\/d\/191129-2\/DSC00361.jpg'><img src=http:\/\/ski.inmontanis.info\/d\/191128-3\/DSC00361.jpg \/><\/a><br \/>\n^ Nebelmeer Talausw\u00e4rts<\/p>\n<p><a href='http:\/\/ski.inmontanis.info\/d\/191133-2\/DSC00365.jpg'><img src=http:\/\/ski.inmontanis.info\/d\/191132-3\/DSC00365.jpg \/><\/a><br \/>\n^ 4KSB Alblittkopf<\/p>\n<p><a href='http:\/\/ski.inmontanis.info\/d\/191137-2\/DSC00367.jpg'><img src=http:\/\/ski.inmontanis.info\/d\/191136-3\/DSC00367.jpg \/><\/a><br \/>\n^ In der Skiroute 17 Alblittkopf mit gleichnamiger 4KSB vs. Hochnebel im Tal<\/p>\n<p><a href='http:\/\/ski.inmontanis.info\/d\/191141-2\/DSC00369.jpg'><img src=http:\/\/ski.inmontanis.info\/d\/191140-3\/DSC00369.jpg \/><\/a><br \/>\n^ Skiroute 16 Blanka<\/p>\n<p><a href='http:\/\/ski.inmontanis.info\/d\/191145-2\/DSC00370.jpg'><img src=http:\/\/ski.inmontanis.info\/d\/191144-3\/DSC00370.jpg \/><\/a><br \/>\n^ Skiroute 16 Blanka, nur das oberste St\u00fcck ist unpr\u00e4pariert, danach wird hin und wieder mal etwas pr\u00e4pariert<\/p>\n<p><a href='http:\/\/ski.inmontanis.info\/d\/191149-2\/DSC00372.jpg'><img src=http:\/\/ski.inmontanis.info\/d\/191148-3\/DSC00372.jpg \/><\/a><br \/>\n^ Skiroute 16 Blanka, sch\u00f6n einsam und leer &#8211; gef\u00e4llt mir mittlerweile besser als die Lattenabfahrt, die ja jeder f\u00e4hrt.<\/p>\n<p><a href='http:\/\/ski.inmontanis.info\/d\/191153-2\/DSC00374.jpg'><img src=http:\/\/ski.inmontanis.info\/d\/191152-3\/DSC00374.jpg \/><\/a><br \/>\n^ Start Skiroute 19 Hartlas Extrem mit den Bergstationen 4KSB und DSB<\/p>\n<p><a href='http:\/\/ski.inmontanis.info\/d\/191157-2\/DSC00375.jpg'><img src=http:\/\/ski.inmontanis.info\/d\/191156-3\/DSC00375.jpg \/><\/a><br \/>\n^ Skiroute 19 Hartlas Extrem<\/p>\n<p><a href='http:\/\/ski.inmontanis.info\/d\/191161-2\/DSC00377.jpg'><img src=http:\/\/ski.inmontanis.info\/d\/191160-3\/DSC00377.jpg \/><\/a><br \/>\n^ Skiroute 19 Hartlas Extrem. Hatte ich schon erw\u00e4hnt, dass heute auch ein Glitzerschneetag war?<\/p>\n<p><a href='http:\/\/ski.inmontanis.info\/d\/191165-2\/DSC00378.jpg'><img src=http:\/\/ski.inmontanis.info\/d\/191164-3\/DSC00378.jpg \/><\/a><br \/>\n^ Skiroute 19 Hartlas Extrem. Schon gut steil.<\/p>\n<p><a href='http:\/\/ski.inmontanis.info\/d\/191169-2\/DSC00379.jpg'><img src=http:\/\/ski.inmontanis.info\/d\/191168-3\/DSC00379.jpg \/><\/a><br \/>\n^ Hinten am Horizont spitzt der Ortler, einer der ganz wenigen Berggipfel (so 3-5), die ich aus bestimmten Richtungen leicht erkenne.<\/p>\n<p><a href='http:\/\/ski.inmontanis.info\/d\/191173-2\/DSC00383.jpg'><img src=http:\/\/ski.inmontanis.info\/d\/191172-3\/DSC00383.jpg \/><\/a><br \/>\n^ Da links d\u00fcrfte ein klein bisschen noch die Wildspitze spitzen. Das wars dann aber auch mit den mir bekannten Gipfeln hier ;)<\/p>\n<p><a href='http:\/\/ski.inmontanis.info\/d\/191177-2\/DSC00390.jpg'><img src=http:\/\/ski.inmontanis.info\/d\/191176-3\/DSC00390.jpg \/><\/a><br \/>\n^ Skiroute 18 Gonda. Warum die dort rechts rum gesteckt ist, ist mir nicht ganz klar, sah mir jedenfalls zu steinig aus, so bin ich links vom Fels reingefahren<\/p>\n<p><a href='http:\/\/ski.inmontanis.info\/d\/191181-2\/DSC00391.jpg'><img src=http:\/\/ski.inmontanis.info\/d\/191180-3\/DSC00391.jpg \/><\/a><br \/>\n^ SL Alblitt<\/p>\n<p><a href='http:\/\/ski.inmontanis.info\/d\/191185-2\/DSC00393.jpg'><img src=http:\/\/ski.inmontanis.info\/d\/191184-3\/DSC00393.jpg \/><\/a><br \/>\n^ SL Alblitt und evtl. ein Rest des ehemaligen Kurven-Gipfellifts<\/p>\n<p><a href='http:\/\/ski.inmontanis.info\/d\/191189-2\/DSC00394.jpg'><img src=http:\/\/ski.inmontanis.info\/d\/191188-3\/DSC00394.jpg \/><\/a><br \/>\n^ Hintenrum-Lattenabfahrt<\/p>\n<p><a href='http:\/\/ski.inmontanis.info\/d\/191193-2\/DSC00395.jpg'><img src=http:\/\/ski.inmontanis.info\/d\/191192-3\/DSC00395.jpg \/><\/a><br \/>\n^ Lattenabfahrt<\/p>\n<p><a href='http:\/\/ski.inmontanis.info\/d\/191197-2\/DSC00398.jpg'><img src=http:\/\/ski.inmontanis.info\/d\/191196-3\/DSC00398.jpg \/><\/a><br \/>\n^ Immer wieder genial, wie sich die Talabfahrt durch den Ort schl\u00e4ngelt ..<\/p>\n<p><a href='http:\/\/ski.inmontanis.info\/d\/191201-2\/DSC00402.jpg'><img src=http:\/\/ski.inmontanis.info\/d\/191200-3\/DSC00402.jpg \/><\/a><br \/>\n^ SL Mardina, mittlerweile der \u00e4lteste Lift im Skigebiet<\/p>\n<p><a href='http:\/\/ski.inmontanis.info\/d\/191205-2\/DSC00403.jpg'><img src=http:\/\/ski.inmontanis.info\/d\/191204-3\/DSC00403.jpg \/><\/a><br \/>\n^ SL Mardina, hab ich heute \u00f6fters mal mitgenommen.<\/p>\n<p><a href='http:\/\/ski.inmontanis.info\/d\/191209-2\/DSC00404.jpg'><img src=http:\/\/ski.inmontanis.info\/d\/191208-3\/DSC00404.jpg \/><\/a><br \/>\n^ Abfahrt 2a, eine der Abfahrten im Gewusel im Bereich der DSB Gongall, fand ich heute am sch\u00f6nsten hier.<\/p>\n<p><a href='http:\/\/ski.inmontanis.info\/d\/191213-2\/DSC00405.jpg'><img src=http:\/\/ski.inmontanis.info\/d\/191212-3\/DSC00405.jpg \/><\/a><br \/>\n^ Abfahrt 2a. F\u00e4hrt kaum einer. Ist in diesem Gewusel an Abzweigungen auch nicht so einfach zu finden :)<\/p>\n<p><a href='http:\/\/ski.inmontanis.info\/d\/191081-2\/DSC00410.jpg'><img src=http:\/\/ski.inmontanis.info\/d\/191080-3\/DSC00410.jpg \/><\/a><br \/>\n^ Zoom ins Skigebiet Ischgl vom Skigebiet Kappl aus<\/p>\n<p><a href='http:\/\/ski.inmontanis.info\/d\/191085-2\/DSC00408.jpg'><img src=http:\/\/ski.inmontanis.info\/d\/191084-3\/DSC00408.jpg \/><\/a><br \/>\n^ Zoom ins Skigebiet Ischgl vom Skigebiet Kappl aus<\/p>\n<p><a href='http:\/\/ski.inmontanis.info\/d\/191217-2\/DSC00411.jpg'><img src=http:\/\/ski.inmontanis.info\/d\/191216-3\/DSC00411.jpg \/><\/a><br \/>\n^ Ehemalige Abfahrt zum SL Sch\u00f6nebele, mittlerweile ja komplett abgebaut, nachdem er jahrelang rumstand und nicht mehr in Betrieb ging<\/p>\n<p><a href='http:\/\/ski.inmontanis.info\/d\/191225-2\/DSC00412.jpg'><img src=http:\/\/ski.inmontanis.info\/d\/191224-3\/DSC00412.jpg \/><\/a><br \/>\n^ Talabfahrt<\/p>\n<p><a href='http:\/\/ski.inmontanis.info\/d\/191229-2\/DSC00413.jpg'><img src=http:\/\/ski.inmontanis.info\/d\/191228-3\/DSC00413.jpg \/><\/a><br \/>\n^ Bissl Offpiste neben der Abfahrt 3<\/p>\n<p><a href='http:\/\/ski.inmontanis.info\/d\/191233-2\/DSC00414.jpg'><img src=http:\/\/ski.inmontanis.info\/d\/191232-3\/DSC00414.jpg \/><\/a><br \/>\n^ Bissl Offpiste neben der Abfahrt 3<\/p>\n<p><a href='http:\/\/ski.inmontanis.info\/d\/191237-2\/DSC00416.jpg'><img src=http:\/\/ski.inmontanis.info\/d\/191236-3\/DSC00416.jpg \/><\/a><br \/>\n^ Nachmittags kam wieder eine fette Wolkennebeldecke, h\u00f6her als am Morgen.<\/p>\n<p><a href='http:\/\/ski.inmontanis.info\/d\/191221-2\/DSC00420.jpg'><img src=http:\/\/ski.inmontanis.info\/d\/191220-3\/DSC00420.jpg \/><\/a><br \/>\n^ Ehemalige Lifttrasse SL Sch\u00f6nebele. Schade, dass der nicht mehr ist, denn mit diesem und im Anschluss dem SL Mardina k\u00f6nnte man die vielen netten Abfahrten fahren, f\u00fcr die man jetzt immer die lahme, kalte und weiter hinauf f\u00fchrende DSB nehmen muss.<\/p>\n<p>Anno 2008:<br \/>\n<a href='http:\/\/ski.inmontanis.info\/d\/88506-3\/P1320329.JPG'><img src=http:\/\/ski.inmontanis.info\/d\/88504-4\/P1320329.JPG \/><\/a><br \/>\n<a href='http:\/\/ski.inmontanis.info\/d\/88510-3\/P1320330.JPG'><img src=http:\/\/ski.inmontanis.info\/d\/88508-4\/P1320330.JPG \/><\/a><\/p>\n<p><a href='http:\/\/ski.inmontanis.info\/d\/191241-2\/ge20150124b.jpg'><img src=http:\/\/ski.inmontanis.info\/d\/191240-3\/ge20150124b.jpg \/><\/a><br \/>\n^ GPS-Track 24.1.2015, nicht alle Abfahrten gefahren (blaue 5 + 5a, sowie oberer Teil der 8 ausgelassen). Rot ehemalige SL-Trasse Sch\u00f6nebele<\/p>\n","protected":false},"excerpt":{"rendered":"<p>Nachdem in den in Frage kommenden Nostalgiegebieten in Bayern und Salzburg noch zu wenig Schnee liegt und der Wetterbericht f\u00fcr&#8217;s WE in Tirol eher schlecht, aber in Italien recht sonnig meldete, wollte ich egtl. in die Lombardei fahren, wo durch den Schnee vor ein paar Tagen nun gro\u00dffl\u00e4chig offen sein sollte.<\/p>\n<p>Konnte mich dann aber <a href=\"http:\/\/blog.inmontanis.info\/?p=3007\">[&#8230;]<\/a><\/p>\n","protected":false},"author":1,"featured_media":0,"comment_status":"closed","ping_status":"closed","sticky":false,"template":"","format":"standard","meta":{"footnotes":""},"categories":[866,13,27],"tags":[42,49,38,139,77,47],"class_list":["post-3007","post","type-post","status-publish","format-standard","hentry","category-kappl","category-austria","category-skifahren-winterskiing-winter","tag-4eub","tag-4sb","tag-dsb","tag-halo","tag-nebelmeer","tag-sl","odd"],"_links":{"self":[{"href":"http:\/\/blog.inmontanis.info\/index.php?rest_route=\/wp\/v2\/posts\/3007","targetHints":{"allow":["GET"]}}],"collection":[{"href":"http:\/\/blog.inmontanis.info\/index.php?rest_route=\/wp\/v2\/posts"}],"about":[{"href":"http:\/\/blog.inmontanis.info\/index.php?rest_route=\/wp\/v2\/types\/post"}],"author":[{"embeddable":true,"href":"http:\/\/blog.inmontanis.info\/index.php?rest_route=\/wp\/v2\/users\/1"}],"replies":[{"embeddable":true,"href":"http:\/\/blog.inmontanis.info\/index.php?rest_route=%2Fwp%2Fv2%2Fcomments&post=3007"}],"version-history":[{"count":1,"href":"http:\/\/blog.inmontanis.info\/index.php?rest_route=\/wp\/v2\/posts\/3007\/revisions"}],"predecessor-version":[{"id":3008,"href":"http:\/\/blog.inmontanis.info\/index.php?rest_route=\/wp\/v2\/posts\/3007\/revisions\/3008"}],"wp:attachment":[{"href":"http:\/\/blog.inmontanis.info\/index.php?rest_route=%2Fwp%2Fv2%2Fmedia&parent=3007"}],"wp:term":[{"taxonomy":"category","embeddable":true,"href":"http:\/\/blog.inmontanis.info\/index.php?rest_route=%2Fwp%2Fv2%2Fcategories&post=3007"},{"taxonomy":"post_tag","embeddable":true,"href":"http:\/\/blog.inmontanis.info\/index.php?rest_route=%2Fwp%2Fv2%2Ftags&post=3007"}],"curies":[{"name":"wp","href":"https:\/\/api.w.org\/{rel}","templated":true}]}}