{"id":2988,"date":"2015-01-07T21:54:50","date_gmt":"2015-01-07T20:54:50","guid":{"rendered":"http:\/\/blog.inmontanis.info\/?p=2988"},"modified":"2023-08-06T09:13:55","modified_gmt":"2023-08-06T07:13:55","slug":"galtur-nachtski-7-1-2015","status":"publish","type":"post","link":"http:\/\/blog.inmontanis.info\/?p=2988","title":{"rendered":"Galt\u00fcr Nachtski, 7.1.2015"},"content":{"rendered":"<p><strong>Galt\u00fcr, 7.1.2015<\/strong><\/p>\n<p>F\u00fcr die heurige Saison hatte ich mir nebenbei vorgenommen hatte, mehr Nachtskifahren zu gehen, da ich letztes Jahr kein Mal war und vorletztes nur einmal, obwohl ich mit den Saisonkarten jeweils in mehreren Skigebieten gratis h\u00e4tte fahren k\u00f6nnen. Nebenbei kam heuer dazu, dass ich nach einigen Jahren das Sky Abo gek\u00fcndigt hab und somit nicht mehr jeden freien Abend im Winter zum Filmschauen verwenden &#8220;muss&#8221;, damit sich die Kosten halbwegs lohnen&#8230; Wobei das nat\u00fcrlich nicht der einzige Grund ist, generell scheint mir beim Nachtskifahren zu wenig Sonne, die Pisten sind meistens beschneit und eisig abgefahren und es ist mir einfach zu kalt.<\/p>\n<p>Schneebedingt und auch zeit- und wetterm\u00e4\u00dfig hat sich der erste Besuch doch verz\u00f6gert, aber am Mittwoch, den 7.1., machte ich die Nacht zum Tag und fuhr nach der Arbeit und dem Abendessen noch nach Galt\u00fcr, wo mittwochs von 19:30-22:30 Nachtskifahren ist. Zugegeben, die Fahrt von Innsbruck nach Galt\u00fcr ist schon lang, insb. abends nach einem Arbeitstag, aber verglichen mit der n\u00e4heren Bergeralm oder vmtl. auch Rossh\u00fctte (wo ich noch nicht war) ist das Nachtskifahren in Galt\u00fcr doch gleich um Welten interessanter. Besserer Schnee dank h\u00f6herer H\u00f6he, sch\u00f6ne, lange Piste, und genug Variationsm\u00f6glichkeiten, da man neben der beleuchteten Piste auch auf andere Pisten nebendran fahren kann, wie ich feststellen konnte.<\/p>\n<p>Jedenfalls fand ich&#8217;s ziemlich genial, auch fotographisch, da man in der Nacht ja auch immer wieder sch\u00f6ne Fotos machen kann, und wenn dann auch noch die Beschneiung l\u00e4uft, schaut das noch besser aus. Aber die Finger werden beim n\u00e4chtlichen Fotografieren schon verdammt kalt. Ich hatte das Gl\u00fcck, hin und wieder einen leeren Sessel zu erwischen und konnte so ungest\u00f6rt die Haube zumachen.<\/p>\n<p><a href='http:\/\/ski.inmontanis.info\/d\/189483-2\/DSC00613.jpg'><img src=http:\/\/ski.inmontanis.info\/d\/189482-3\/DSC00613.jpg \/><\/a><br \/>\n^ Blick zum Gipfel<\/p>\n<p><a href='http:\/\/ski.inmontanis.info\/d\/189487-2\/DSC00616.jpg'><img src=http:\/\/ski.inmontanis.info\/d\/189486-3\/DSC00616.jpg \/><\/a><br \/>\n^ Abfahrt und 4KSB, oberer Teil<\/p>\n<p><a href='http:\/\/ski.inmontanis.info\/d\/189491-2\/DSC00619.jpg'><img src=http:\/\/ski.inmontanis.info\/d\/189490-3\/DSC00619.jpg \/><\/a><br \/>\n^ Abfahrt, oberer Teil<\/p>\n<p><a href='http:\/\/ski.inmontanis.info\/d\/189495-2\/DSC00624.jpg'><img src=http:\/\/ski.inmontanis.info\/d\/189494-3\/DSC00624.jpg \/><\/a><br \/>\n^ Beschneiung \/ Tal<\/p>\n<p><a href='http:\/\/ski.inmontanis.info\/d\/189499-2\/DSC00626.jpg'><img src=http:\/\/ski.inmontanis.info\/d\/189498-3\/DSC00626.jpg \/><\/a><br \/>\n^ Beschneiung<\/p>\n<p><a href='http:\/\/ski.inmontanis.info\/d\/189503-2\/DSC00631.jpg'><img src=http:\/\/ski.inmontanis.info\/d\/189502-3\/DSC00631.jpg \/><\/a><br \/>\n^ Abfahrt, oberer Teil<\/p>\n<p><a href='http:\/\/ski.inmontanis.info\/d\/189507-2\/DSC00632.jpg'><img src=http:\/\/ski.inmontanis.info\/d\/189506-3\/DSC00632.jpg \/><\/a><br \/>\n^ Abfahrt, mittlerer Teil<\/p>\n<p><a href='http:\/\/ski.inmontanis.info\/d\/189511-2\/DSC00647.jpg'><img src=http:\/\/ski.inmontanis.info\/d\/189510-3\/DSC00647.jpg \/><\/a><br \/>\n^ Abfahrt \/ 4KSB von unten. Die orangene Beleuchtungsfarbe in diesem Bild entsprach der Realit\u00e4t.<\/p>\n<p><a href='http:\/\/ski.inmontanis.info\/d\/189515-2\/DSC00648.jpg'><img src=http:\/\/ski.inmontanis.info\/d\/189514-3\/DSC00648.jpg \/><\/a><br \/>\n^ Beschneiung auf einer der unbeleuchteten Pisten<\/p>\n<p><a href='http:\/\/ski.inmontanis.info\/d\/189519-2\/DSC00652.jpg'><img src=http:\/\/ski.inmontanis.info\/d\/189518-3\/DSC00652.jpg \/><\/a><br \/>\n^ 4KSB<\/p>\n<p><a href='http:\/\/ski.inmontanis.info\/d\/189523-2\/DSC00656.jpg'><img src=http:\/\/ski.inmontanis.info\/d\/189522-3\/DSC00656.jpg \/><\/a><br \/>\n^ Beschneiungsfeuer<\/p>\n<p><a href='http:\/\/ski.inmontanis.info\/d\/189527-2\/DSC00662.jpg'><img src=http:\/\/ski.inmontanis.info\/d\/189526-3\/DSC00662.jpg \/><\/a><br \/>\n^ Beschneiung<\/p>\n<p><a href='http:\/\/ski.inmontanis.info\/d\/189531-2\/DSC00660.jpg'><img src=http:\/\/ski.inmontanis.info\/d\/189530-3\/DSC00660.jpg \/><\/a><br \/>\n^ N\u00e4chtliche Beschneiung<\/p>\n<p><a href='http:\/\/ski.inmontanis.info\/d\/189535-2\/DSC00668.jpg'><img src=http:\/\/ski.inmontanis.info\/d\/189534-3\/DSC00668.jpg \/><\/a><br \/>\n^ N\u00e4chtliche Beschneiung im hinteren Teil<\/p>\n<p><a href='http:\/\/ski.inmontanis.info\/d\/189539-2\/DSC00672.jpg'><img src=http:\/\/ski.inmontanis.info\/d\/189538-3\/DSC00672.jpg \/><\/a><br \/>\n^ Blick ins Tal von einer Buckelpistenvariante<\/p>\n<p><a href='http:\/\/ski.inmontanis.info\/d\/189543-2\/DSC00677.jpg'><img src=http:\/\/ski.inmontanis.info\/d\/189542-3\/DSC00677.jpg \/><\/a><br \/>\n^ N\u00e4chtliche Beschneiung<\/p>\n<p><a href='http:\/\/ski.inmontanis.info\/d\/189547-2\/DSC00678.jpg'><img src=http:\/\/ski.inmontanis.info\/d\/189546-3\/DSC00678.jpg \/><\/a><br \/>\n^ Letztes Bild der hinteren Beschneiung &#8230;<\/p>\n<p><a href='http:\/\/ski.inmontanis.info\/d\/189551-2\/DSC00681.jpg'><img src=http:\/\/ski.inmontanis.info\/d\/189550-3\/DSC00681.jpg \/><\/a><br \/>\n^ .. denn es fuhr einer mit dem Skido rum und hat die Beschneiung ausgeschaltet. Schade, war doch so fotogen.<\/p>\n<p><a href='http:\/\/ski.inmontanis.info\/d\/189555-2\/DSC00683.jpg'><img src=http:\/\/ski.inmontanis.info\/d\/189554-3\/DSC00683.jpg \/><\/a><br \/>\n^ Die Abfahrt neben der beleuchteten ging wesentlich besser ;-)<\/p>\n<p><a href='http:\/\/ski.inmontanis.info\/d\/189559-2\/DSC00685.jpg'><img src=http:\/\/ski.inmontanis.info\/d\/189558-3\/DSC00685.jpg \/><\/a><br \/>\n^ Beschneiung vs. Nachthimmel<\/p>\n<p><a href='http:\/\/ski.inmontanis.info\/d\/189563-2\/DSC00689.jpg'><img src=http:\/\/ski.inmontanis.info\/d\/189562-3\/DSC00689.jpg \/><\/a><br \/>\n^ Beschneiung vs. Tal<\/p>\n<p><a href='http:\/\/ski.inmontanis.info\/d\/189567-2\/DSC00693.jpg'><img src=http:\/\/ski.inmontanis.info\/d\/189566-3\/DSC00693.jpg \/><\/a><br \/>\n^ Unbeleuchtete Pisten, hier war&#8217;s doch etwas dunkel, bei der zweiten Abfahrt schaltete ich die Stirnlampe ein.<\/p>\n<p><a href='http:\/\/ski.inmontanis.info\/d\/189571-2\/DSC00695.jpg'><img src=http:\/\/ski.inmontanis.info\/d\/189570-3\/DSC00695.jpg \/><\/a><br \/>\n^ Parkplatz, 4KSB und Abfahrt<\/p>\n<p><a href='http:\/\/ski.inmontanis.info\/d\/189575-2\/ge20150107.jpg'><img src=http:\/\/ski.inmontanis.info\/d\/189574-3\/ge20150107.jpg \/><\/a><br \/>\n^ GPS-Track Nachtskifahren 7.1.2015, man konnte doch einige unbeleuchtete Abfahrten fahren. Da ich so viel fotografiert hatte, musste ich auf 1-2 Abfahrten verzichten.<\/p>\n<p>Kurz nach 22:30 war ich wieder am Auto und kurz nach Mitternacht war ich wieder daheim. Die n\u00e4chsten Tage waren mir die Wetterberichte abends etwas zu schlecht, so dass ich wohl erst n\u00e4chste Woche wieder unterwegs sein werde. Vielleicht Hochgurgl oder Obergurgl. Oder beide. Oder mehr.<\/p>\n","protected":false},"excerpt":{"rendered":"<p>Galt\u00fcr, 7.1.2015<\/p>\n<p>F\u00fcr die heurige Saison hatte ich mir nebenbei vorgenommen hatte, mehr Nachtskifahren zu gehen, da ich letztes Jahr kein Mal war und vorletztes nur einmal, obwohl ich mit den Saisonkarten jeweils in mehreren Skigebieten gratis h\u00e4tte fahren k\u00f6nnen. Nebenbei kam heuer dazu, dass ich nach einigen Jahren das Sky Abo gek\u00fcndigt hab und <a href=\"http:\/\/blog.inmontanis.info\/?p=2988\">[&#8230;]<\/a><\/p>\n","protected":false},"author":1,"featured_media":0,"comment_status":"closed","ping_status":"closed","sticky":false,"template":"","format":"standard","meta":{"footnotes":""},"categories":[877,25,13,27],"tags":[49,100,65],"class_list":["post-2988","post","type-post","status-publish","format-standard","hentry","category-galtur","category-noreport","category-austria","category-skifahren-winterskiing-winter","tag-4sb","tag-langzeitbelichtung","tag-nachtski","odd"],"_links":{"self":[{"href":"http:\/\/blog.inmontanis.info\/index.php?rest_route=\/wp\/v2\/posts\/2988","targetHints":{"allow":["GET"]}}],"collection":[{"href":"http:\/\/blog.inmontanis.info\/index.php?rest_route=\/wp\/v2\/posts"}],"about":[{"href":"http:\/\/blog.inmontanis.info\/index.php?rest_route=\/wp\/v2\/types\/post"}],"author":[{"embeddable":true,"href":"http:\/\/blog.inmontanis.info\/index.php?rest_route=\/wp\/v2\/users\/1"}],"replies":[{"embeddable":true,"href":"http:\/\/blog.inmontanis.info\/index.php?rest_route=%2Fwp%2Fv2%2Fcomments&post=2988"}],"version-history":[{"count":1,"href":"http:\/\/blog.inmontanis.info\/index.php?rest_route=\/wp\/v2\/posts\/2988\/revisions"}],"predecessor-version":[{"id":2989,"href":"http:\/\/blog.inmontanis.info\/index.php?rest_route=\/wp\/v2\/posts\/2988\/revisions\/2989"}],"wp:attachment":[{"href":"http:\/\/blog.inmontanis.info\/index.php?rest_route=%2Fwp%2Fv2%2Fmedia&parent=2988"}],"wp:term":[{"taxonomy":"category","embeddable":true,"href":"http:\/\/blog.inmontanis.info\/index.php?rest_route=%2Fwp%2Fv2%2Fcategories&post=2988"},{"taxonomy":"post_tag","embeddable":true,"href":"http:\/\/blog.inmontanis.info\/index.php?rest_route=%2Fwp%2Fv2%2Ftags&post=2988"}],"curies":[{"name":"wp","href":"https:\/\/api.w.org\/{rel}","templated":true}]}}