{"id":2985,"date":"2015-01-06T23:52:59","date_gmt":"2015-01-06T22:52:59","guid":{"rendered":"http:\/\/blog.inmontanis.info\/?p=2985"},"modified":"2023-08-05T21:20:32","modified_gmt":"2023-08-05T19:20:32","slug":"nostalschi-in-mittenwald-seefeld-mit-munchen-zoom-6-1-2015","status":"publish","type":"post","link":"http:\/\/blog.inmontanis.info\/?p=2985","title":{"rendered":"Nostalschi in Mittenwald + Seefeld mit M\u00fcnchen-Zoom, 6.1.2015"},"content":{"rendered":"<p>Jah, was f\u00fcr ein Pech. Zwischen dem ersten und zweiten Teil meines Weihnachtsurlaubs freute ich mich \u00fcber den Neuschnee in Bayern, so dass ich am Feiertag, am 6.1., endlich mal wieder Hochgrat oder Kampenwand oder so ansteuern k\u00f6nnen w\u00fcrde. Denkste. Warm + Regen und beide waren wieder zu.<\/p>\n<p>Auf der Suche nach alternativen Nostalgie-Gebieten bot sich dann ein Wiederholungsbesuch am Kranzberg in Mittenwald an &#8211; nur des ESL wegen. Ich wusste ja noch, dass die Verbindungen hier etwas suboptimal sind, aber das Bergaufst\u00fcck zwischen ESL und restlichem Skigebiet bzw. oberen und unteren SL und die flachen Skiwege dazwischen usw. &#8211; das ist auf Dauer doch schon recht nervig, zumal am ESL ja die komplette Abfahrt nur ein Skiweg ist. Da ist die Abfahrt am ESL am Vigiljoch noch wesentlich interessanter.<\/p>\n<p>Unsch\u00f6n war auch teilweise der Schnee, nur durch die 2-10cm Neuschnee konnte etwas verhindert werden, dass die Pisten komplett eisig waren. Ich kaufte mir aber nur die Halbtageskarte, weil ich nachmittags dann noch die Rossh\u00fctte auf der Saisonkarte mitnehmen wollte.<\/p>\n<p>(Fotos anklicken zum Vergr\u00f6\u00dfern.)<\/p>\n<p><a href='http:\/\/ski.inmontanis.info\/d\/190277-2\/DSC00542.jpg'><img src=http:\/\/ski.inmontanis.info\/d\/190276-3\/DSC00542.jpg \/><\/a><br \/>\n^ ESL<\/p>\n<p><a href='http:\/\/ski.inmontanis.info\/d\/190281-2\/DSC00544.jpg'><img src=http:\/\/ski.inmontanis.info\/d\/190280-3\/DSC00544.jpg \/><\/a><br \/>\n^ ESL Bergstation<\/p>\n<p><a href='http:\/\/ski.inmontanis.info\/d\/190285-2\/DSC00547.jpg'><img src=http:\/\/ski.inmontanis.info\/d\/190284-3\/DSC00547.jpg \/><\/a><br \/>\n^ Abfahrt, nachdem man ein St\u00fcck bergauf laufen muss<\/p>\n<p><a href='http:\/\/ski.inmontanis.info\/d\/190289-2\/DSC00548.jpg'><img src=http:\/\/ski.inmontanis.info\/d\/190288-3\/DSC00548.jpg \/><\/a><br \/>\n^ Abfahrt am SL Korbinian zum SL Luttensee<\/p>\n<p><a href='http:\/\/ski.inmontanis.info\/d\/190293-2\/DSC00549.jpg'><img src=http:\/\/ski.inmontanis.info\/d\/190292-3\/DSC00549.jpg \/><\/a><br \/>\n^ SL Luttensee<\/p>\n<p><a href='http:\/\/ski.inmontanis.info\/d\/190297-2\/DSC00550.jpg'><img src=http:\/\/ski.inmontanis.info\/d\/190296-3\/DSC00550.jpg \/><\/a><br \/>\n^ Abfahrt am SL Korbinian, arg eisig gewesen<\/p>\n<p><a href='http:\/\/ski.inmontanis.info\/d\/190301-2\/DSC00551.jpg'><img src=http:\/\/ski.inmontanis.info\/d\/190300-3\/DSC00551.jpg \/><\/a><br \/>\n^ SL Korbinian<\/p>\n<p><a href='http:\/\/ski.inmontanis.info\/d\/190305-2\/DSC00552.jpg'><img src=http:\/\/ski.inmontanis.info\/d\/190304-3\/DSC00552.jpg \/><\/a><br \/>\n^ Bergstation SL Korbinian &#8211; Talstation SL Sonnenhang<\/p>\n<p><a href='http:\/\/ski.inmontanis.info\/d\/190309-2\/DSC00553.jpg'><img src=http:\/\/ski.inmontanis.info\/d\/190308-3\/DSC00553.jpg \/><\/a><br \/>\n^ Verbindung zu SL Wildensee und SL Gipfel<\/p>\n<p><a href='http:\/\/ski.inmontanis.info\/d\/190313-2\/DSC00554.jpg'><img src=http:\/\/ski.inmontanis.info\/d\/190312-3\/DSC00554.jpg \/><\/a><br \/>\n^ SL Wildensee und SL Gipfel<\/p>\n<p><a href='http:\/\/ski.inmontanis.info\/d\/190317-2\/DSC00555.jpg'><img src=http:\/\/ski.inmontanis.info\/d\/190316-3\/DSC00555.jpg \/><\/a><br \/>\n^ Pano am SL Gipfel<\/p>\n<p><a href='http:\/\/ski.inmontanis.info\/d\/190321-2\/DSC00556.jpg'><img src=http:\/\/ski.inmontanis.info\/d\/190320-3\/DSC00556.jpg \/><\/a><br \/>\n^ Abfahrt am Gipfellift vs. Mittenwald<\/p>\n<p><a href='http:\/\/ski.inmontanis.info\/d\/190325-2\/DSC00557.jpg'><img src=http:\/\/ski.inmontanis.info\/d\/190324-3\/DSC00557.jpg \/><\/a><br \/>\n^ Gipfel mit stillgelegter PB<\/p>\n<p><a href='http:\/\/ski.inmontanis.info\/d\/190329-2\/DSC00558.jpg'><img src=http:\/\/ski.inmontanis.info\/d\/190328-3\/DSC00558.jpg \/><\/a><br \/>\n^ Route und PB<\/p>\n<p><a href='http:\/\/ski.inmontanis.info\/d\/190333-2\/DSC00560.jpg'><img src=http:\/\/ski.inmontanis.info\/d\/190332-3\/DSC00560.jpg \/><\/a><br \/>\n^ ESL-Abfahrt<\/p>\n<p><a href='http:\/\/ski.inmontanis.info\/d\/190337-2\/DSC00561.jpg'><img src=http:\/\/ski.inmontanis.info\/d\/190336-3\/DSC00561.jpg \/><\/a><br \/>\n^ ESL-Abfahrt, evtl. kann man hier und da auch etwas durch den Wald fahren? Schnee war daf\u00fcr heute eher schlecht.<\/p>\n<p><a href='http:\/\/ski.inmontanis.info\/d\/190341-2\/DSC00562.jpg'><img src=http:\/\/ski.inmontanis.info\/d\/190340-3\/DSC00562.jpg \/><\/a><br \/>\n^ ESL-Abfahrt<\/p>\n<p><a href='http:\/\/ski.inmontanis.info\/d\/190345-2\/DSC00563.jpg'><img src=http:\/\/ski.inmontanis.info\/d\/190344-3\/DSC00563.jpg \/><\/a><br \/>\n^ ESL-Talstation<\/p>\n<p><a href='http:\/\/ski.inmontanis.info\/d\/190349-2\/DSC00564.jpg'><img src=http:\/\/ski.inmontanis.info\/d\/190348-3\/DSC00564.jpg \/><\/a><br \/>\n^ ESL-Talstation<\/p>\n<p><a href='http:\/\/ski.inmontanis.info\/d\/190353-2\/DSC00569.jpg'><img src=http:\/\/ski.inmontanis.info\/d\/190352-3\/DSC00569.jpg \/><\/a><br \/>\n^ ESL<\/p>\n<p><a href='http:\/\/ski.inmontanis.info\/d\/190357-2\/DSC00570.jpg'><img src=http:\/\/ski.inmontanis.info\/d\/190356-3\/DSC00570.jpg \/><\/a><br \/>\n^ ESL<\/p>\n<p><a href='http:\/\/ski.inmontanis.info\/d\/190361-2\/DSC00573.jpg'><img src=http:\/\/ski.inmontanis.info\/d\/190360-3\/DSC00573.jpg \/><\/a><br \/>\n^ ESL Bergstation<\/p>\n<p><a href='http:\/\/ski.inmontanis.info\/d\/190365-2\/DSC00576.jpg'><img src=http:\/\/ski.inmontanis.info\/d\/190364-3\/DSC00576.jpg \/><\/a><br \/>\n^ Abfahrt am SL Sonnenhang<\/p>\n<p><a href='http:\/\/ski.inmontanis.info\/d\/190369-2\/ge20150106a.jpg'><img src=http:\/\/ski.inmontanis.info\/d\/190368-3\/ge20150106a.jpg \/><\/a><br \/>\n^ GPS-Track 15.1.2015<\/p>\n<p>Fazit: Ich glaub ein drittes Mal brauch ich das Skigebiet hier doch nicht.<\/p>\n<p>Zur\u00fcck also nach Seefeld zur Rossh\u00fctte, Parkpl\u00e4tze ziemlich voll aber nach Mittag doch problemlos einen im Parkhaus bekommen. Wartezeiten gab&#8217;s an den von mir gefahrenen Liften auch nicht, die beiden anderen 6KSBs bin ich schon allein aus Prinzip nicht gefahren, weil man sie ja auch nicht braucht, da sie keine eigenen Pisten erschlie\u00dfen. Wobei ich die rote Talabfahrt auslassen hab, weils mir an den oberen Liften besser gefiel und dann auch keine Zeit mehr hatte.<\/p>\n<p>Ich konzentrierte mich also auf die SSB, die beiden netten Kurven-SL im oberen Bereich und die beiden netten PB im oberen Bereich. Und wenn man sich darauf konzentriert, ist die Rossh\u00fctte herrlich altmodisch.<\/p>\n<p>Die Abfahrten waren z.T. etwas hart, hier und da auch etwas eisig, beides ist aber hier generell \u00fcblich, allerdings durch den Neuschnee auch immer wieder gut und gen\u00fcgend Haufen, dazu auch mal etwas dreckig, wobei Steine eher selten zu sp\u00fcren waren. Einzig am Gipfelhang musste man etwas besser aufpassen.<\/p>\n<p>Richtig erstaunt war ich allerdings, als ich aus der Gipfel-PB nach Norden sah und am Horizont, in dem kleinen St\u00fcck, wo man ins deutsche Flachland schauen kann, eine riesige wei\u00df leuchtende Fl\u00e4che erkannte. Hallo? So winzig der Durchblick hier und man sieht ausgerechnet nach M\u00fcnchen? Wie geil ist das bitte?<\/p>\n<p>Na jedenfalls musste das ausgiebigst fotografiert werden&#8230;<\/p>\n<p><a href='http:\/\/ski.inmontanis.info\/d\/190373-2\/DSC00577.jpg'><img src=http:\/\/ski.inmontanis.info\/d\/190372-3\/DSC00577.jpg \/><\/a><br \/>\n^ Joch-PB und der obere Kurven-SL (Joch)<\/p>\n<p><a href='http:\/\/ski.inmontanis.info\/d\/190377-2\/DSC00580.jpg'><img src=http:\/\/ski.inmontanis.info\/d\/190376-3\/DSC00580.jpg \/><\/a><br \/>\n^ Talblick Gipfelhang mit Joch-PB<\/p>\n<p><a href='http:\/\/ski.inmontanis.info\/d\/190381-2\/DSC00581.jpg'><img src=http:\/\/ski.inmontanis.info\/d\/190380-3\/DSC00581.jpg \/><\/a><br \/>\n^ Unterer Kurven-SL  und SSB<\/p>\n<p><a href='http:\/\/ski.inmontanis.info\/d\/190389-2\/DSC00582.jpg'><img src=http:\/\/ski.inmontanis.info\/d\/190388-3\/DSC00582.jpg \/><\/a><br \/>\n^ Pano richtung Mittenwald und ins bayrische Flachland &#8211; und wie es der Zufall will, sieht man hier exakt nach M\u00fcnchen!<\/p>\n<p><a href='http:\/\/ski.inmontanis.info\/d\/190397-2\/DSC00584.jpg'><img src=http:\/\/ski.inmontanis.info\/d\/190396-3\/DSC00584.jpg \/><\/a><br \/>\n^ Zoom nach M\u00fcnchen von Seefeld\/Rossh\u00fctte, ca. 100 km entfernt. Wer h\u00e4tte das gedacht!<\/p>\n<p><a href='http:\/\/ski.inmontanis.info\/d\/190413-2\/DSC00521.jpg'><img src=http:\/\/ski.inmontanis.info\/d\/190412-3\/DSC00521.jpg \/><\/a><br \/>\n^ IR-Zoom nach M\u00fcnchen, 90-100 km.<\/p>\n<p><a href='http:\/\/ski.inmontanis.info\/d\/190409-2\/DSC00517.jpg'><img src=http:\/\/ski.inmontanis.info\/d\/190408-3\/DSC00517.jpg \/><\/a><br \/>\n^ IR-Zoom Mittenwald (unten) und M\u00fcnchen (oben)<\/p>\n<p><a href='http:\/\/ski.inmontanis.info\/d\/190417-2\/DSC00519.jpg'><img src=http:\/\/ski.inmontanis.info\/d\/190416-3\/DSC00519.jpg \/><\/a><br \/>\n^ IR-Zoom nach M\u00fcnchen mit dem Olympiaturm<\/p>\n<p><a href='http:\/\/ski.inmontanis.info\/d\/190425-2\/DSC00522.jpg'><img src=http:\/\/ski.inmontanis.info\/d\/190424-3\/DSC00522.jpg \/><\/a><br \/>\n^ Joch-SL und Joch-PB in IR<\/p>\n<p><a href='http:\/\/ski.inmontanis.info\/d\/190393-2\/DSC00588.jpg'><img src=http:\/\/ski.inmontanis.info\/d\/190392-3\/DSC00588.jpg \/><\/a><br \/>\n^ Zoom nach M\u00fcnchen, das war selbst mit blo\u00dfem Auge deutlich zu erkennen.<\/p>\n<p><a href='http:\/\/ski.inmontanis.info\/d\/190429-2\/DSC00523.jpg'><img src=http:\/\/ski.inmontanis.info\/d\/190428-3\/DSC00523.jpg \/><\/a><br \/>\n^ Kurve am Joch-SL in IR<\/p>\n<p><a href='http:\/\/ski.inmontanis.info\/d\/190385-2\/DSC00590.jpg'><img src=http:\/\/ski.inmontanis.info\/d\/190384-3\/DSC00590.jpg \/><\/a><br \/>\n^ Die spektakul\u00e4re PB H\u00e4rmelekopf, in der Steilrinne neben der PB sind ein paar abgefahren. Wobei ich mir die per se glaub ich auch fahren trauen w\u00fcrde, also rein von Steilheit und Breite her. Der Einstieg oben ist aber etwas hakelig.<\/p>\n<p><a href='http:\/\/ski.inmontanis.info\/d\/190421-2\/DSC00524.jpg'><img src=http:\/\/ski.inmontanis.info\/d\/190420-3\/DSC00524.jpg \/><\/a><br \/>\n^ IR-Zoom nach M\u00fcnchen<\/p>\n<p>Ich denke, dass das gro\u00dfe Runde die Allianz-Arena ist? Kann jemand die wei\u00dfen Vierecke (H\u00e4user) weiter hinten zuordnen, die rechts im Bild bzw. das genau in Blickrichtung hinter dem Stadion? Hab&#8217;s via GE versucht, aber nichts vern\u00fcnftiges gefunden. Rein rechnerisch kann man vom Skigebiet Rossh\u00fctte auf H\u00f6he 2000m (H\u00e4rmelekopf-PB) ca. 250-290 km auf 400-900m schauen, wenn dazwischen kein H\u00fcgel die Sicht st\u00f6rt. Die Blickrichtung ist Schwandorf (\u00f6stlicher Rand), wobei das wieder etwas tiefer liegt, also irgendwo zwischen Allianz Arena und Schwandorf sollte vmtl. das leuchtende Geb\u00e4ude stehen ;-)<\/p>\n<p><a href='http:\/\/ski.inmontanis.info\/d\/190405-2\/DSC00541.jpg'><img src=http:\/\/ski.inmontanis.info\/d\/190404-3\/DSC00541.jpg \/><\/a><br \/>\n^ IR-Pano von der PB H\u00e4rmelekopf bis M\u00fcnchen<\/p>\n<p><a href='http:\/\/ski.inmontanis.info\/d\/190401-2\/DSC00595.jpg'><img src=http:\/\/ski.inmontanis.info\/d\/190400-3\/DSC00595.jpg \/><\/a><br \/>\n^ Pano von der PB H\u00e4rmelekopf bis M\u00fcnchen<\/p>\n<p><a href='http:\/\/ski.inmontanis.info\/d\/190433-2\/DSC00599.jpg'><img src=http:\/\/ski.inmontanis.info\/d\/190432-3\/DSC00599.jpg \/><\/a><br \/>\n^ Nette Variante an der SSB<\/p>\n<p><a href='http:\/\/ski.inmontanis.info\/d\/190437-2\/DSC00600.jpg'><img src=http:\/\/ski.inmontanis.info\/d\/190436-3\/DSC00600.jpg \/><\/a><br \/>\n^ Nette Variante an der SSB zwischen den Abfahrten, nebenbei sieht man die beiden Zwirbelkurven der beiden SL<\/p>\n<p><a href='http:\/\/ski.inmontanis.info\/d\/190441-2\/DSC00602.jpg'><img src=http:\/\/ski.inmontanis.info\/d\/190440-3\/DSC00602.jpg \/><\/a><br \/>\n^ Seillift an der blauen Talabfahrt, so dass man nicht mehr so fr\u00fch und so schnell in Schuss fahren muss.<\/p>\n<p><a href='http:\/\/ski.inmontanis.info\/d\/190445-2\/ge20150106b.jpg'><img src=http:\/\/ski.inmontanis.info\/d\/190444-3\/ge20150106b.jpg \/><\/a><br \/>\n^ GPS-Track 6.1.2015 Nachmittag. Eine der drei KSBs bin ich dann doch noch gefahren.<\/p>\n<p>Fazit: Vgl. mit Kranzberg &#8211; trotz ESL &#8211; war der Nachmittag in Seefeld doch wesentlich interessanter.<\/p>\n<p>Runterw\u00e4rts den Zirlerberg gab&#8217;s leider bereits ab Reith stop-and-go, so viel Stau hab ich hier auch noch nicht oder zumindest schon sehr lange nicht mehr erlebt.<\/p>\n","protected":false},"excerpt":{"rendered":"<p>Jah, was f\u00fcr ein Pech. Zwischen dem ersten und zweiten Teil meines Weihnachtsurlaubs freute ich mich \u00fcber den Neuschnee in Bayern, so dass ich am Feiertag, am 6.1., endlich mal wieder Hochgrat oder Kampenwand oder so ansteuern k\u00f6nnen w\u00fcrde. Denkste. Warm + Regen und beide waren wieder zu.<\/p>\n<p>Auf der Suche nach alternativen Nostalgie-Gebieten bot <a href=\"http:\/\/blog.inmontanis.info\/?p=2985\">[&#8230;]<\/a><\/p>\n","protected":false},"author":1,"featured_media":0,"comment_status":"closed","ping_status":"closed","sticky":false,"template":"","format":"standard","meta":{"footnotes":""},"categories":[12,24,271,59,13,843,27],"tags":[35,90,52,47,46],"class_list":["post-2985","post","type-post","status-publish","format-standard","hentry","category-germany","category-tagestour","category-mittenwald","category-nostalgie","category-austria","category-seefeld","category-skifahren-winterskiing-winter","tag-esl","tag-infrarot","tag-pb","tag-sl","tag-ssb","odd"],"_links":{"self":[{"href":"http:\/\/blog.inmontanis.info\/index.php?rest_route=\/wp\/v2\/posts\/2985","targetHints":{"allow":["GET"]}}],"collection":[{"href":"http:\/\/blog.inmontanis.info\/index.php?rest_route=\/wp\/v2\/posts"}],"about":[{"href":"http:\/\/blog.inmontanis.info\/index.php?rest_route=\/wp\/v2\/types\/post"}],"author":[{"embeddable":true,"href":"http:\/\/blog.inmontanis.info\/index.php?rest_route=\/wp\/v2\/users\/1"}],"replies":[{"embeddable":true,"href":"http:\/\/blog.inmontanis.info\/index.php?rest_route=%2Fwp%2Fv2%2Fcomments&post=2985"}],"version-history":[{"count":2,"href":"http:\/\/blog.inmontanis.info\/index.php?rest_route=\/wp\/v2\/posts\/2985\/revisions"}],"predecessor-version":[{"id":2987,"href":"http:\/\/blog.inmontanis.info\/index.php?rest_route=\/wp\/v2\/posts\/2985\/revisions\/2987"}],"wp:attachment":[{"href":"http:\/\/blog.inmontanis.info\/index.php?rest_route=%2Fwp%2Fv2%2Fmedia&parent=2985"}],"wp:term":[{"taxonomy":"category","embeddable":true,"href":"http:\/\/blog.inmontanis.info\/index.php?rest_route=%2Fwp%2Fv2%2Fcategories&post=2985"},{"taxonomy":"post_tag","embeddable":true,"href":"http:\/\/blog.inmontanis.info\/index.php?rest_route=%2Fwp%2Fv2%2Ftags&post=2985"}],"curies":[{"name":"wp","href":"https:\/\/api.w.org\/{rel}","templated":true}]}}