{"id":2981,"date":"2015-01-04T22:07:21","date_gmt":"2015-01-04T21:07:21","guid":{"rendered":"http:\/\/blog.inmontanis.info\/?p=2981"},"modified":"2023-07-31T19:45:48","modified_gmt":"2023-07-31T17:45:48","slug":"sestriere-4-1-2015","status":"publish","type":"post","link":"http:\/\/blog.inmontanis.info\/?p=2981","title":{"rendered":"Sestriere, 4.1.2015"},"content":{"rendered":"<p><strong>So, 4.1.2015 &#8211; Tag 10 (Finale) &#8211; Sestriere statt Crissolo<\/strong><\/p>\n<p>Als ich beim Fr\u00fchst\u00fcck so im Nebenbei einen alten Italiener, der wohl nur zur Bar kam,  &#8220;20 Grad&#8221; sagen h\u00f6rte, dachte ich, er scherzte. Vorm Haus der W\u00e4rmeschock: Warm! Temperatur am Auto: +18\u00b0. Verr\u00fcckt, der F\u00f6hn.<\/p>\n<p>Prali meldete um 8:30 auf seiner Homepage schon mal, dass man derzeit wg. wind geschlossen sei, sogar die untere DSB. Das bedeutet, dass in Crissolo sicher mal der obere SL geschlossen sein wird, wenn \u00fcberhaupt offen ist.  Bin die dreiviertel Stunde nach Crissolo trotzdem gefahren, war aber och alles zu. Was w\u00e4ren nun die Alternativen?<\/p>\n<p>&#8211; Pontechianale, ca. 1.5-2h entfernt. Ob da was geht? Und wenn nichts geht, ist der Tag gelaufen &#8230;<br \/>\n&#8211; Weiter in den S\u00fcden, Mondole? Auch 1,5-2h entfernt, und die wichtigsten Lifte laufen halt noch nicht.<br \/>\n&#8211; Aosta-Tal, 2-3h entfernt. Im ersten Gebiet, Champorcher, wei\u00df ich schon aus Erfahrung, dass die KSB oben windanf\u00e4llig ist. Und generell ist im Aostatal heute schlechteres Wetter vorhergesagt.<br \/>\n&#8211; Die kleineren und kleinsten Skigebiete in der Gegend sind alle schneebedingt noch zu, au\u00dfer hier und da ein \u00dcbungslift oder F\u00f6rderband, das bringts auch nicht.<br \/>\n&#8211; Prali nochmals via Web gecheckt, weiterhin wg. Sturm geschlossen<br \/>\n&#8211; Sestriere, ca. 2h entfernt, war ich ja erst letzte Woche. Webcams gecheckt, die Lifte laufen mal&#8230;<\/p>\n<p>Also &#8230; dann halt notgedrungen schon wieder nach Sestriere, dort um kurz nach 12 Uhr angekommen. Bl\u00f6derweise gibt&#8217;s die 26,- \u20ac Nachmittagskarte erst ab 13 Uhr, die dreiviertel Stunde wollte ich nicht noch warten, also kaufte ich mir die 36,- \u20ac Tageskarte. Zur Mittagszeit warnte man die Leute, nicht die Verbindungen zu den anderen Sektoren zu fahren, aber die Verbindungs-8EUB fuhr dann doch den ganzen Tag. \u00dcberhaupt gab es nur wenige kurze Halte wg. des Sturms, aber sonst keine Einstellung. Au\u00dfer der SL Motta, der war ab sp\u00e4testens 15 Uhr dicht, was aber auch auf der steinigen und durch den Wind vereisten Piste liegen kann, da sie danach grob aufgearbeitet wurde. Da ich aufgrund des kurzen Tages eh keine Lust hatte, die Verbindungsbahn zu fahren, st\u00f6rten mich die Warnungen jedenfalls nicht. Ich wollte die 3 SL in Sestriere heute bei Sonne fahren, die ich letzte Woche nur im Schatten erwischte.<\/p>\n<p>Die meisten Pisten waren zwar recht hart, aber noch akzeptabel. Hier und da gab&#8217;s etwas Wartezeiten, aber ich bin eh vermehrt die SL gefahren, da war nix los. 3x den SL Motta, sp\u00e4ter 4x den SL Sises. Am SL Sises hatte es mir heute schneem\u00e4\u00dfig am besten gefallen, auch wenn man im oberen Teil sehr aufpassen musste, da zentral zwiscen den Buckel viel aper und felsig war, aber an den R\u00e4ndern ging&#8217;s gut. Der SL Orsiera war dagegen recht voll heute, man merkt dort halt das Fehlen der versetzten 4SB Anfiteatro, bin ihn somit erst zum Schluss noch 3x gefahren. Kurz nach 16 Uhr bin ich dann abgefahren und heim.<\/p>\n<p>(Fotos anklicken zum Vergr\u00f6\u00dfern)<\/p>\n<p><a href='http:\/\/ski.inmontanis.info\/d\/190136-2\/DSC00479.jpg'><img src=http:\/\/ski.inmontanis.info\/d\/190135-3\/DSC00479.jpg \/><\/a><br \/>\n^ 4KSB Nuova Nube (Motta)<\/p>\n<p><a href='http:\/\/ski.inmontanis.info\/d\/190273-2\/DSC00480.jpg'><img src=http:\/\/ski.inmontanis.info\/d\/190272-3\/DSC00480.jpg \/><\/a><br \/>\n^ SL Motta<\/p>\n<p><a href='http:\/\/ski.inmontanis.info\/d\/190141-2\/DSC00483.jpg'><img src=http:\/\/ski.inmontanis.info\/d\/190140-3\/DSC00483.jpg \/><\/a><br \/>\n^ SL Motta<\/p>\n<p><a href='http:\/\/ski.inmontanis.info\/d\/190145-2\/DSC00486.jpg'><img src=http:\/\/ski.inmontanis.info\/d\/190144-3\/DSC00486.jpg \/><\/a><br \/>\n^ Windschiefe Bergstation SL Motta<\/p>\n<p><a href='http:\/\/ski.inmontanis.info\/d\/190149-2\/DSC00487.jpg'><img src=http:\/\/ski.inmontanis.info\/d\/190148-3\/DSC00487.jpg \/><\/a><br \/>\n^ SL Motta vs. Sestriere<\/p>\n<p><a href='http:\/\/ski.inmontanis.info\/d\/190153-2\/DSC00489.jpg'><img src=http:\/\/ski.inmontanis.info\/d\/190152-3\/DSC00489.jpg \/><\/a><br \/>\n^ Blick zum Sises-Bereich vom SL Motta<\/p>\n<p><a href='http:\/\/ski.inmontanis.info\/d\/190157-2\/DSC00490.jpg'><img src=http:\/\/ski.inmontanis.info\/d\/190156-3\/DSC00490.jpg \/><\/a><br \/>\n^ Weite Offpiste-Querung vom SL Motta bis hin zu einem Joch<\/p>\n<p><a href='http:\/\/ski.inmontanis.info\/d\/190161-2\/DSC00491.jpg'><img src=http:\/\/ski.inmontanis.info\/d\/190160-3\/DSC00491.jpg \/><\/a><br \/>\n^ R\u00fcckseitenpano, ganz links w\u00e4re das Skigebiet von Pragelato<\/p>\n<p><a href='http:\/\/ski.inmontanis.info\/d\/190165-2\/DSC00492.jpg'><img src=http:\/\/ski.inmontanis.info\/d\/190164-3\/DSC00492.jpg \/><\/a><br \/>\n^ Irgendwo hier runter sollte lt. Plan die Abfahrt 32 gehen, wg. den schwierigen Schneeverh\u00e4ltnissen und da ich nicht genau wusste wo lang und wie es unten aussieht&#8230;<\/p>\n<p><a href='http:\/\/ski.inmontanis.info\/d\/190169-2\/DSC00493.jpg'><img src=http:\/\/ski.inmontanis.info\/d\/190168-3\/DSC00493.jpg \/><\/a><br \/>\n^ &#8230; bin ich halt leider etwas m\u00fchselig den ganzen Weg wieder zur\u00fcckgequert.<\/p>\n<p><a href='http:\/\/ski.inmontanis.info\/d\/190173-2\/DSC00494.jpg'><img src=http:\/\/ski.inmontanis.info\/d\/190172-3\/DSC00494.jpg \/><\/a><br \/>\n^ SL Motta Talstation<\/p>\n<p><a href='http:\/\/ski.inmontanis.info\/d\/190177-2\/DSC00495.jpg'><img src=http:\/\/ski.inmontanis.info\/d\/190176-3\/DSC00495.jpg \/><\/a><br \/>\n^ SL Motta<\/p>\n<p><a href='http:\/\/ski.inmontanis.info\/d\/190181-2\/DSC00496.jpg'><img src=http:\/\/ski.inmontanis.info\/d\/190180-3\/DSC00496.jpg \/><\/a><br \/>\n^ Abfahrt Bimo Basso bzw. ab hier die blaue 32, in diesem Tal sollte auch die rote 32 rauskommen. Doch etwas schneearm bzw. der Bachlauf w\u00e4re auch schwierig zu queren gewesen.<\/p>\n<p><a href='http:\/\/ski.inmontanis.info\/d\/190185-2\/DSC00497.jpg'><img src=http:\/\/ski.inmontanis.info\/d\/190184-3\/DSC00497.jpg \/><\/a><br \/>\n^ 4SB Capret<\/p>\n<p><a href='http:\/\/ski.inmontanis.info\/d\/190189-2\/DSC00499.jpg'><img src=http:\/\/ski.inmontanis.info\/d\/190188-3\/DSC00499.jpg \/><\/a><br \/>\n^ 4KSB Banchetta, in der Verl\u00e4ngerung der SL Motta<\/p>\n<p><a href='http:\/\/ski.inmontanis.info\/d\/190193-2\/DSC00500.jpg'><img src=http:\/\/ski.inmontanis.info\/d\/190192-3\/DSC00500.jpg \/><\/a><br \/>\n^ Teilgebiet am Monte Sises<\/p>\n<p><a href='http:\/\/ski.inmontanis.info\/d\/190197-2\/DSC00501.jpg'><img src=http:\/\/ski.inmontanis.info\/d\/190196-3\/DSC00501.jpg \/><\/a><br \/>\n^ Wartezeiten am Doppel-SL Baby und auch an der 4KSB Cit Roc. Aber einmal muss ich&#8217;s halt doch fahren&#8230;<\/p>\n<p><a href='http:\/\/ski.inmontanis.info\/d\/190201-2\/DSC00502.jpg'><img src=http:\/\/ski.inmontanis.info\/d\/190200-3\/DSC00502.jpg \/><\/a><br \/>\n^ 4KSB Cit Roc, 4SB Garnel, SL Sises<\/p>\n<p><a href='http:\/\/ski.inmontanis.info\/d\/190205-2\/DSC00505.jpg'><img src=http:\/\/ski.inmontanis.info\/d\/190204-3\/DSC00505.jpg \/><\/a><br \/>\n^ SL Sises und ehemalige PB-Bergstation<\/p>\n<p><a href='http:\/\/ski.inmontanis.info\/d\/190209-2\/DSC00508.jpg'><img src=http:\/\/ski.inmontanis.info\/d\/190208-3\/DSC00508.jpg \/><\/a><br \/>\n^ Buckelpiste am SL Sises, war stellenweise sehr schneearm<\/p>\n<p><a href='http:\/\/ski.inmontanis.info\/d\/190213-2\/DSC00510.jpg'><img src=http:\/\/ski.inmontanis.info\/d\/190212-3\/DSC00510.jpg \/><\/a><br \/>\n^ SL Sises Doppelkurve. Es gab etliche Geh\u00e4nge ohne B\u00fcgel, die durch die erste Kurve ins Schaukeln gerieten und an der 2. Kurve regelrecht h\u00e4ngenblieben &#8230;<\/p>\n<p>Hab mir das mehrfach angesehn und davon doch noch ein kurzes Filmchen gemacht:<\/p>\n<p><object style=\"height: 500px; width: 900px\"><param name=\"movie\" value=\"http:\/\/www.youtube.com\/v\/G_DsZ4XiYrY\"><\/param><param name=\"wmode\" value=\"transparent\"><\/param><embed src=\"http:\/\/www.youtube.com\/v\/G_DsZ4XiYrY\" type=\"application\/x-shockwave-flash\" wmode=\"transparent\"  width=\"900\" height=\"480\"><\/embed><\/object><\/p>\n<p><a href='http:\/\/ski.inmontanis.info\/d\/190217-2\/DSC00511.jpg'><img src=http:\/\/ski.inmontanis.info\/d\/190216-3\/DSC00511.jpg \/><\/a><br \/>\n^ SL Sises und Ex-PB<\/p>\n<p><a href='http:\/\/ski.inmontanis.info\/d\/190221-2\/DSC00513.jpg'><img src=http:\/\/ski.inmontanis.info\/d\/190220-3\/DSC00513.jpg \/><\/a><br \/>\n^ SL Sises und Ex-PB, immer wieder sch\u00f6n<\/p>\n<p><a href='http:\/\/ski.inmontanis.info\/d\/190225-2\/DSC00514.jpg'><img src=http:\/\/ski.inmontanis.info\/d\/190224-3\/DSC00514.jpg \/><\/a><br \/>\n^ SL Sises vs. Sestriere<\/p>\n<p><a href='http:\/\/ski.inmontanis.info\/d\/190229-2\/DSC00516.jpg'><img src=http:\/\/ski.inmontanis.info\/d\/190228-3\/DSC00516.jpg \/><\/a><br \/>\n^ Alte Grenzanlagen (?) oberhalb des SL Sises<\/p>\n<p><a href='http:\/\/ski.inmontanis.info\/d\/190233-2\/DSC00518.jpg'><img src=http:\/\/ski.inmontanis.info\/d\/190232-3\/DSC00518.jpg \/><\/a><br \/>\n^ Umfahrung des oberen Steilhangs am SL Sises, hier mit der beste Schnee heute<\/p>\n<p><a href='http:\/\/ski.inmontanis.info\/d\/190237-2\/DSC00520.jpg'><img src=http:\/\/ski.inmontanis.info\/d\/190236-3\/DSC00520.jpg \/><\/a><br \/>\n^ SL Sises<\/p>\n<p><a href='http:\/\/ski.inmontanis.info\/d\/190241-2\/DSC00521.jpg'><img src=http:\/\/ski.inmontanis.info\/d\/190240-3\/DSC00521.jpg \/><\/a><br \/>\n^ SL Sises, nahe des Lifts kaum Buckel und toller griffiger Schnee<\/p>\n<p><a href='http:\/\/ski.inmontanis.info\/d\/190245-2\/DSC00522.jpg'><img src=http:\/\/ski.inmontanis.info\/d\/190244-3\/DSC00522.jpg \/><\/a><br \/>\n^ SL Sises in der Totalen<\/p>\n<p><a href='http:\/\/ski.inmontanis.info\/d\/190249-2\/DSC00526.jpg'><img src=http:\/\/ski.inmontanis.info\/d\/190248-3\/DSC00526.jpg \/><\/a><br \/>\n^ Alte, damals tiefer gelegene Talstation des SL Motta (aktuelle Talstation weiter oben im Schatten etwas zu erkennen)<\/p>\n<p><a href='http:\/\/ski.inmontanis.info\/d\/190253-2\/DSC00529.jpg'><img src=http:\/\/ski.inmontanis.info\/d\/190252-3\/DSC00529.jpg \/><\/a><br \/>\n^ SL Orsiera und PB Pattemouche<\/p>\n<p><a href='http:\/\/ski.inmontanis.info\/d\/190257-2\/DSC00532.jpg'><img src=http:\/\/ski.inmontanis.info\/d\/190256-3\/DSC00532.jpg \/><\/a><br \/>\n^ SL Orsiera, bis 15\/15:30 mit langer Schlange (da ja die 4SB Anfiteatro nicht mehr hier oben steht), daher erst zum Schluss gefahren<\/p>\n<p><a href='http:\/\/ski.inmontanis.info\/d\/190261-2\/DSC00533.jpg'><img src=http:\/\/ski.inmontanis.info\/d\/190260-3\/DSC00533.jpg \/><\/a><br \/>\n^ SL Orsiera.<\/p>\n<p><a href='http:\/\/ski.inmontanis.info\/d\/190265-2\/DSC00534.jpg'><img src=http:\/\/ski.inmontanis.info\/d\/190264-3\/DSC00534.jpg \/><\/a><br \/>\n^ SL Orsiera. Hatte gar nicht augepasst, ob die linke Buckelpiste ge\u00f6ffnet gewesen w\u00e4re&#8230;<\/p>\n<p><a href='http:\/\/ski.inmontanis.info\/d\/190269-2\/ge20150104a.jpg'><img src=http:\/\/ski.inmontanis.info\/d\/190268-3\/ge20150104a.jpg \/><\/a><br \/>\n^ GPS-Track 4.1.2015 (gelb) und Teil des Tracks vom 26.12.2014 (blau)<\/p>\n<p>Fazit: Sestriere war dank seiner 3 tollen SL heute nun doch alles andere als eine Notl\u00f6sung, sondern eine echt gute Wahl.<\/p>\n<p>Damit sich trotz meiner Mautfl\u00fcchte noch eine Portion \u00c4lplermaccaroni an der Rheintal-Rastst\u00e4tte ausging, musste ich etwas z\u00fcgig und ohne Zwischenhalte (au\u00dfer 1x tanken) fahren und war &#8211; da man ja auch noch \u00fcber die Br\u00fccke gehen muss &#8211; um 21:54 Uhr in der Rastst\u00e4tte, die K\u00fcche schlie\u00dft um 22 Uhr, also gerade noch geschafft. Puh. Trotz einiger Langsamfahrer am Bernardino wg. 2 Schneeflocken &#8230;<\/p>\n<p>\u00dcber den Arlberg hatte ich leider wieder Pech, wie schon bei der Hinfahrt am 31.12. &#8211; Kettenpflicht, somit den teuren Tunnel um 9,50 genommen. Hatte der am 31.12. nicht noch 9,- \u20ac gekostet? Grrrr. Ist mir in den letzten Jahren egtl. so gut wie nie passiert, es hatte ja auch nur ganz ganz leicht geschneit, da bin ich schon bei dichterem Schneefall ohne Ketten \u00fcber den Arlberg. Komisch. Oder Absicht?<\/p>\n<p>Gegen 0:30 Uhr war ich wieder daheim, der zweite Teil der Weihnachtstour war mit ca. 2.050 km nur geringf\u00fcgig l\u00e4nger als der erste Teil. Morgen einen Tag arbeiten, dann ist nochmal ein Feiertag, aber der macht keinen Sinn mehr, in dieser Tour verwurstet zu werden.<\/p>\n<p>Somit gibt&#8217;s zum Schluss der Tour noch einen \u00dcberblick:<\/p>\n<p><a href='http:\/\/extra.inmontanis.info\/d\/26043-2\/ge201412xmas3.jpg'><img src=http:\/\/extra.inmontanis.info\/d\/26042-3\/ge201412xmas3.jpg \/><\/a><br \/>\n^ Route, Rot die 5 Tage Weihnachten, Blau die 5 Tage Silvester<\/p>\n<p>A) Chiesa in Valmalenco (Ski)<br \/>\nB) Bardonecchia (Ski)<br \/>\nC) Via Lattea \/ Sestriere (Ski x2)<br \/>\nD) Lurisia (Ski)<br \/>\nE) Argentera (Ski)<br \/>\nF) Pontechianale<br \/>\nG) Rigi<br \/>\nH) Axalp<br \/>\nI) Jaunpass<br \/>\nJ) Rellerli<br \/>\nK) Mosses<br \/>\nL) Thonon-les-Bains<br \/>\nM) Saint Jean d&#8217;Aulps (Ski)<br \/>\nN) Col de l&#8217;Arzelier (Ski)<br \/>\nO) Col d&#8217;Ornon<br \/>\nP) Chaillol (Ski)<br \/>\nQ) Ceillac (Ski)<br \/>\nR) Molines-Veran (Ski)<br \/>\nS) Crissolo<\/p>\n<p>Fazit: Mit nur 1 Tag Urlaub 2x 5 Tage in Urlaub gewesen, fast jeden Tag Sonne, fast nirgends Wartezeiten \u00fcber die ganzen Weihnachtsferien &#8211; gut, der Schnee h\u00e4tte hier und da etwas mehr sein k\u00f6nnen und der verlorene Skitag am 31. schmerzt etwas, aber im Gesamten betrachtet und f\u00fcr die heurige so schwierige Weihnachstzeit &#8211; fast alles richtig gemacht.<\/p>\n<p>### ENDE ###<\/p>\n","protected":false},"excerpt":{"rendered":"<p>So, 4.1.2015 &#8211; Tag 10 (Finale) &#8211; Sestriere statt Crissolo<\/p>\n<p>Als ich beim Fr\u00fchst\u00fcck so im Nebenbei einen alten Italiener, der wohl nur zur Bar kam, &#8220;20 Grad&#8221; sagen h\u00f6rte, dachte ich, er scherzte. Vorm Haus der W\u00e4rmeschock: Warm! Temperatur am Auto: +18\u00b0. Verr\u00fcckt, der F\u00f6hn.<\/p>\n<p>Prali meldete um 8:30 auf seiner Homepage schon mal, <a href=\"http:\/\/blog.inmontanis.info\/?p=2981\">[&#8230;]<\/a><\/p>\n","protected":false},"author":1,"featured_media":0,"comment_status":"closed","ping_status":"closed","sticky":false,"template":"","format":"standard","meta":{"footnotes":""},"categories":[137,15,59,27,380],"tags":[49,80,47],"class_list":["post-2981","post","type-post","status-publish","format-standard","hentry","category-2014-12-weihnachtsilvester","category-italienitaly","category-nostalgie","category-skifahren-winterskiing-winter","category-via-lattea","tag-4sb","tag-marchisio","tag-sl","odd"],"_links":{"self":[{"href":"http:\/\/blog.inmontanis.info\/index.php?rest_route=\/wp\/v2\/posts\/2981","targetHints":{"allow":["GET"]}}],"collection":[{"href":"http:\/\/blog.inmontanis.info\/index.php?rest_route=\/wp\/v2\/posts"}],"about":[{"href":"http:\/\/blog.inmontanis.info\/index.php?rest_route=\/wp\/v2\/types\/post"}],"author":[{"embeddable":true,"href":"http:\/\/blog.inmontanis.info\/index.php?rest_route=\/wp\/v2\/users\/1"}],"replies":[{"embeddable":true,"href":"http:\/\/blog.inmontanis.info\/index.php?rest_route=%2Fwp%2Fv2%2Fcomments&post=2981"}],"version-history":[{"count":4,"href":"http:\/\/blog.inmontanis.info\/index.php?rest_route=\/wp\/v2\/posts\/2981\/revisions"}],"predecessor-version":[{"id":5019,"href":"http:\/\/blog.inmontanis.info\/index.php?rest_route=\/wp\/v2\/posts\/2981\/revisions\/5019"}],"wp:attachment":[{"href":"http:\/\/blog.inmontanis.info\/index.php?rest_route=%2Fwp%2Fv2%2Fmedia&parent=2981"}],"wp:term":[{"taxonomy":"category","embeddable":true,"href":"http:\/\/blog.inmontanis.info\/index.php?rest_route=%2Fwp%2Fv2%2Fcategories&post=2981"},{"taxonomy":"post_tag","embeddable":true,"href":"http:\/\/blog.inmontanis.info\/index.php?rest_route=%2Fwp%2Fv2%2Ftags&post=2981"}],"curies":[{"name":"wp","href":"https:\/\/api.w.org\/{rel}","templated":true}]}}