{"id":2964,"date":"2014-12-31T22:50:06","date_gmt":"2014-12-31T21:50:06","guid":{"rendered":"http:\/\/blog.inmontanis.info\/?p=2964"},"modified":"2015-01-10T22:50:56","modified_gmt":"2015-01-10T21:50:56","slug":"ski-los-31-12-2014","status":"publish","type":"post","link":"http:\/\/blog.inmontanis.info\/?p=2964","title":{"rendered":"Ski-los, 31.12.2014"},"content":{"rendered":"<p><strong>Mi, 31.12.2014 &#8211; Tag 6 &#8211; ohne Ski<\/strong><\/p>\n<p>Nach 2 Tagen Arbeit ging&#8217;s also jetzt wieder f\u00fcr 5 Tage weg. Hab nat\u00fcrlich gestern den ganzen Abend damit verbracht zu schauen, was geht, wo wie und bei welchem Wetter, und h\u00e4tte mich f\u00fcr den 1.1. f\u00fcr einen l\u00e4ngst f\u00e4lligen Wiederholungsbesuch in Saint Jean d&#8217;Aulps \/ Roc d&#8217;Enfer entschieden und das gewohnte ibis-budget in Thonon reserviert. Auf dem Weg wollte ich irgendwas in der Schweiz mitnehmen. Nachdem ich s\u00e4mtliche schweizer Skigebiete auf bergfex durchbl\u00e4tterte h\u00e4tte ich mich egtl. auf Rigi Scheidegg\/Burggeist eingeschossen. Wetter sollte lt. Bergfex sehr sonnig werden. Generell meinten aber andere Wetterberichte (meteoswiss bzw. yr), dass es an der Rigi doch noch etwas wolkig werde sollte und rieten mir zu s\u00fcdlicheren Gebieten, also hatte ich auch noch Axalp in die n\u00e4here Wahl genommen. Bis ins Wallis wollte ich nicht und im Jura waren mir die Gebiete entweder zu flach, zu klein oder die interessanten SL noch nicht offen oder was auch immer. <\/p>\n<p>As usual kam ich wieder zu sp\u00e4t ins Bett und stand erst um 7 Uhr auf und kam gegen 7:45 weg. In Innsbruck schneite es seit Montag Mittag quasi durchgehend und ich musste abermals Schnee vom Auto kehren, auch auf den Stra\u00dfen musste man sehr vorsichtig fahren. Obwohl lt. oeamtc-Seite am Arlberg nur f\u00fcr LKW Kettenpflicht h\u00e4tte sein sollen, war es in St. Anton nun anders angeschrieben (ausgenommen Allradfahrzeuge) &#8211; nun, dann eben doch durch den 9,- \u20ac teuren Tunnel. Hmpf. Obwohl es seit Zirl nicht mehr geschneit hatte und hier generell weniger gefallen ist die letzten 24 Stunden.<\/p>\n<p>In der Schweiz dann war ich ob des Wetters &#8211; Hochnebel &#8211; nicht wirklich \u00fcberzeugt. Bei Luzern spitzte zwar hier und da die Sonne, aber da die Wetterberichte ja f\u00fcr weiter s\u00fcdlich sonniger meldeten, bin ich weiter zu Axalp &#8211; aber auch hier Hochnebel im oberen Skigebietsteil und dann auch noch Parkgeb\u00fchren &#8211; ach, ich mag nicht. Weiter in den S\u00fcden gefahren und es am Jaunpass probiert (ohne dass ich mir da gestern n\u00e4her angeschaut h\u00e4tte, was geht und was da egtl. ist), derselbige war nun komplett im Nebel. <\/p>\n<p>Weiter s\u00fcdlich, in Zweisimmen, riss die Nebeldecke dann endlich etwas auf, so dass ich gegen 14:45 Uhr noch etwas in Sch\u00f6nried \/ Rellerli fahren wollte. Tageskarte CHF 52,- und Halbtageskarte 56,- (warum auch immer die teurer ist!) &#8211; das machte mir beides keinen Sinn. Auch die Einzelfahrt um CHF 22,- oder so war&#8217;s mir ebenso wenig wert wie die Punktekarte um CHF 40,- mit der ich 2x die EUB h\u00e4tte fahren k\u00f6nnen. &#8220;N\u00f6, lohnt nicht, ich geh wieder&#8221; sagte ich zur Kassiererin und fuhr weiter. <\/p>\n<p>Am Col de Mosses hatte ich dann so meine Probleme die den SL zugeh\u00f6rigen Parkpl\u00e4tze und Kassen zu finden, auch weil hier nun die Sonne genau von vorne schien, blendete und ich aus den dreckigen Scheiben insb. zur Seite so gar nix mehr sehen konnte. Am letzten KSSL hielt ich, aber der lief komischerweise nicht &#8211; vmtl. ein technisches Problem. Keine Ahnung, ob ich hier f\u00fcr 1h noch einen f\u00fcr mich annehmbaren Skipass bekommen h\u00e4tte, irgendwie hatte ich nun doch keine Lust mehr. Wenn ich das alles nat\u00fcrlich gewusst h\u00e4tte, w\u00e4re ich heute Mittag doch an der Rigi geblieben.<\/p>\n<p>Immerhin konnte ich so in Frankreich noch einkaufen &#8211; wer wei\u00df, ob ich am Freitag Zeit daf\u00fcr hab. Abendessen im Buffalo, der netterweise heute am Silvesterabend offen hat (daf\u00fcr hatten sie zu Weihnachten zu). Hotelzimmer wurden anscheinend renoviert, bin mir aber nicht genau sicher. 2 Holl\u00e4nder stritten sich an der Rezeption mit der Rezeptionistin, da die Holl\u00e4nder kein Franz\u00f6sisch konnten und die Rezeptionistin kein Englisch k\u00f6nnen wollte (ich sag mal explizit &#8220;wollte&#8221;, denn in ihrem jugendlichen Alter sollte sie das in der Schule wohl vor nicht langer Zeit gehabt haben) &#8230;  Die Silversternacht in Thonon, zumindest in diesem Stadtteil, verlief \u00fcbrigens relativ ruhig, keine B\u00f6ller oder Raketen hatte ich vor Mitternacht geh\u00f6rt und selbst dann hat man vom Hotel aus kaum was gesehen oder geh\u00f6rt.<\/p>\n<p><a href='http:\/\/extra.inmontanis.info\/d\/26025-2\/DSC00250.jpg'><img src=http:\/\/extra.inmontanis.info\/d\/26024-3\/DSC00250.jpg \/><\/a><br \/>\n^ ibis budget thonon<\/p>\n<p><a href='http:\/\/extra.inmontanis.info\/d\/26029-2\/DSC00248.jpg'><img src=http:\/\/extra.inmontanis.info\/d\/26028-3\/DSC00248.jpg \/><\/a><br \/>\n^ ibis budget thonon, glaub das d\u00fcrfte modernisiert worden sein.<\/p>\n<p>(Fortsetzung folgt.)<\/p>\n","protected":false},"excerpt":{"rendered":"<p>Mi, 31.12.2014 &#8211; Tag 6 &#8211; ohne Ski<\/p>\n<p>Nach 2 Tagen Arbeit ging&#8217;s also jetzt wieder f\u00fcr 5 Tage weg. Hab nat\u00fcrlich gestern den ganzen Abend damit verbracht zu schauen, was geht, wo wie und bei welchem Wetter, und h\u00e4tte mich f\u00fcr den 1.1. f\u00fcr einen l\u00e4ngst f\u00e4lligen Wiederholungsbesuch in Saint Jean d&#8217;Aulps \/ Roc <a href=\"http:\/\/blog.inmontanis.info\/?p=2964\">[&#8230;]<\/a><\/p>\n","protected":false},"author":1,"featured_media":0,"comment_status":"closed","ping_status":"closed","sticky":false,"template":"","format":"standard","meta":{"footnotes":""},"categories":[137,16],"tags":[],"class_list":["post-2964","post","type-post","status-publish","format-standard","hentry","category-2014-12-weihnachtsilvester","category-france","odd"],"_links":{"self":[{"href":"http:\/\/blog.inmontanis.info\/index.php?rest_route=\/wp\/v2\/posts\/2964","targetHints":{"allow":["GET"]}}],"collection":[{"href":"http:\/\/blog.inmontanis.info\/index.php?rest_route=\/wp\/v2\/posts"}],"about":[{"href":"http:\/\/blog.inmontanis.info\/index.php?rest_route=\/wp\/v2\/types\/post"}],"author":[{"embeddable":true,"href":"http:\/\/blog.inmontanis.info\/index.php?rest_route=\/wp\/v2\/users\/1"}],"replies":[{"embeddable":true,"href":"http:\/\/blog.inmontanis.info\/index.php?rest_route=%2Fwp%2Fv2%2Fcomments&post=2964"}],"version-history":[{"count":1,"href":"http:\/\/blog.inmontanis.info\/index.php?rest_route=\/wp\/v2\/posts\/2964\/revisions"}],"predecessor-version":[{"id":2965,"href":"http:\/\/blog.inmontanis.info\/index.php?rest_route=\/wp\/v2\/posts\/2964\/revisions\/2965"}],"wp:attachment":[{"href":"http:\/\/blog.inmontanis.info\/index.php?rest_route=%2Fwp%2Fv2%2Fmedia&parent=2964"}],"wp:term":[{"taxonomy":"category","embeddable":true,"href":"http:\/\/blog.inmontanis.info\/index.php?rest_route=%2Fwp%2Fv2%2Fcategories&post=2964"},{"taxonomy":"post_tag","embeddable":true,"href":"http:\/\/blog.inmontanis.info\/index.php?rest_route=%2Fwp%2Fv2%2Ftags&post=2964"}],"curies":[{"name":"wp","href":"https:\/\/api.w.org\/{rel}","templated":true}]}}