{"id":2952,"date":"2014-12-24T20:41:38","date_gmt":"2014-12-24T19:41:38","guid":{"rendered":"http:\/\/blog.inmontanis.info\/?p=2952"},"modified":"2023-08-03T22:23:52","modified_gmt":"2023-08-03T20:23:52","slug":"chiesa-in-valmalenco-24-12-2014","status":"publish","type":"post","link":"http:\/\/blog.inmontanis.info\/?p=2952","title":{"rendered":"Chiesa in Valmalenco, 24.12.2014"},"content":{"rendered":"<p><strong>24.12.2014 &#8211; Tag 1 &#8211; Chiesa in Valmalenco<\/strong><\/p>\n<p>In den letzten 3 Tagen hab ich in Summe um oder \u00fcber 10 Stunden damit verbracht, Skiebiete, \u00d6ffnungszeiten und Wettervorhersagen f\u00fcr die heurige Weihnachtstour zu checken. Ist ja alles nicht so einfach in diesem Fr\u00fchwinter. Am Sonntag war ich noch so froh, dass ich auch die gro\u00dfen Skigebiete Frankreichs gecheckt hatte, w\u00fcrde doch La Plagne und Les Arcs bis 26.12. um 25% verg\u00fcnstigte Tageskarten anbieten (weil geringe Schneelage) &#8211; und selbige somit in meinem Rahmen sein. Und die beiden Lifte, die ich jeweils fahren m\u00f6chte (die Gipfel-PB in Les Arcs und die alte bunte Poma-6EUB in La Plagne), w\u00e4ren in Betrieb. Super. Weniger super war aber der Blick auf den Wetterbericht &#8211; und der sollte sich am Montag eher noch verschlechtern. Einzig wirklich sonniger Tag sollte dann der 24. sein, am 25. und 26. eher bedeckt und leichter Schneefall. Bergfex sprach gar noch von St\u00fcrmen um die 40-50 km\/h. Der 24. w\u00e4re f\u00fcr mich zwar machbar gewesen, aber nur sehr anstrengend (entweder im Auto \u00fcbernachten oder um 1 Uhr losfahren) &#8211; in Summe war&#8217;s mir dann doch zu stressig, zumal ich seit Montag auch noch einen grippalen Infekt hatte.<\/p>\n<p>Also dann gestern wieder nach Alternativen suchen &#8230; Airolo im Tessin w\u00e4r doch auch mal was, bis auf die Talabfahrten alles offen. Wetter soll auch sonnig-wolkig werden. Hatte mich einige Zeit lang darauf eingeschossen, bis ich &#8211; warum auch immer &#8211; auf die Idee kam, die Webcams bzw. deren Verlauf genauer anzusehen &#8211; trotz blauen Himmels ist quasi im kompletten Skigebiet keine Sonne jetzt zu Weihnachten, sie kommt nicht \u00fcber den Grat. Na geil, das brauch ich jetzt auch nicht.<\/p>\n<p>Aprica lockte mit 15,- \u20ac Tageskarten (Schneemangel) und wenn noch der Marchisio-SL unterhalb der Agudio-6EUB in Betrieb gewesen w\u00e4re, w\u00e4re ich auch hin. So war das Angebot aber doch etwas d\u00fcrftig, auch auf der mittleren Seite war nur der obere SL in Betrieb, nicht der kastrierte Wald-SL. Bormio und Santa Caterina lockten am 24. noch mit generell verg\u00fcnstigten Tageskarten um 23,- &#8211; aber in Bormio war mir dann auch nicht genug offen und in Santa Caterina war auch irgendwas faul (die DSB aus dem Dorf sollte mit Abfahrt ge\u00f6ffnet sein, der Lift dar\u00fcber, die Pisten zur und von der DSB ins restliche Skigebiet aber nicht).<\/p>\n<p>Daf\u00fcr entdeckte ich in Chiesa in Valmalenco &#8220;tutti  impianti aperti&#8221; ab 24.12.! W\u00e4hrend mir die Tageskarte um 38,- f\u00fcr dieses kleine Gebiet zu teuer ist, war die Nachmittagskarte nicht nur entschieden g\u00fcnstiger (27,-) sodern auch bereits ab 12 Uhr erh\u00e4tllich. Und bei ca. 4-4,5h Anfahrt muss ich daf\u00fcr nicht mal mitten in der Nacht aufstehen.<\/p>\n<p>Da mein zweiter Wecker mich nicht um 7 Uhr weckte, schlief ich leider etwas zu lang und kam erst um 7:30 aus den Federn. Hatte aber ja bereits alles gepackt, so dass ich um 7:45 abfahrbereit war. Gegen 12 Uhr war ich in Chiesa, bin aber (aus mehreren Gr\u00fcnden) zur 4SKB raufgefahren. Die Talabfahrt war dann doch etwas schneearm mit punktuellen Beschneiungsh\u00fcgeln, so dass ich sie auslie\u00df. Leider durfte man von der Mittelstation auch nicht mit der KSB runterfahren, nur von der Bergstation. Die Halbtageskarte kostete sogar nur 24,- &#8211; der Preis ist aber nirgends aufgef\u00fchrt. Ob das heute ein spezielles Angebot war oder ob die Skip\u00e4sse hier an der 4KSB immer g\u00fcnstiger sind, wei\u00df ich nicht. Ich bild mir aber ein, fr\u00fcher mal sowas gelesen zu haben, aber aktuell werden \u00fcberall nur die Preise &#8220;incl. Funivia&#8221; angegeben, auch am Aushang an der 4KSB-Talstation.<\/p>\n<p>Egtl. wollte ich ja schon 2x in Chiesa skifahren, aber das erste Mal war&#8217;s mir zu voll, das zweite Mal zu wenig offen. Im Grunde gab&#8217;s auch zwei Punkte, die entschieden dagegen sprachen, und zwar einmal die Stilllegung des zweiten Skigebiets mit den 3-4 DSB und zweitens dass ich 1000x lieber den alten Liftaufbau erlebt h\u00e4tte, mit den ganzen SL, darunter der eine mit der langen Beton-Br\u00fccke, sowie die Piemonte-Funivie-2EUB, die mittlerweile durch eine langsame 4SB ersetzt wurde (eine EUB mit einer SB zu ersetzen gibt&#8217;s ja z.B. auch noch in Frabosa). <\/p>\n<p>F\u00fcr Liftarch\u00e4ologen gibt es aber noch genug Relikte zu fotografieren, was dann auch recht spannend war. Ein paar Abfahrten waren noch gesperrt, im hinteren Teil war ich aber doch etwas \u00fcberrascht, denn einerseitse dachte ich, dass der letzte Lift eine DSB war und andererseits, dass der wie am Plan eingezeichnet, direkt neben der R\u00fcckbringersesselbahn weggehen w\u00fcrde &#8211; weder noch! Es war eine 4KSB (was bei 1 Abfahrt doch sehr fraglich ist) und die Talstation war 750 m und 160 hm von der anderen KSB entfernt! <\/p>\n<p>Landschaftlich fand ich&#8217;s auch ganz nett und die Abfahrten ebenso, an einem halben Tag kann man aber das meiste 2x fahren. F\u00fcr einen ganzen Tag m\u00fcsste ich bei dem Preis also nicht her. Da der 24. in Italien und Frankreich ja eher ein normaler Arbeitstag ist, war es entsprechend leer, die Abfahrten hart, aber mit guten Kanten noch griffig. Ganz so sonnig wie mancher Wetterbericht gemeldet hatte, wars dann leider doch nicht.<\/p>\n<p>(Fotos anklicken zum Vergr\u00f6\u00dfern)<\/p>\n<p><a href='http:\/\/ski.inmontanis.info\/d\/188851-2\/DSC09847.jpg'><img src=http:\/\/ski.inmontanis.info\/d\/188850-3\/DSC09847.jpg \/><\/a><br \/>\n^ Talstation 4KSB Pedrana aus San Giuseppe<\/p>\n<p><a href='http:\/\/ski.inmontanis.info\/d\/188855-2\/DSC09925.jpg'><img src=http:\/\/ski.inmontanis.info\/d\/188854-3\/DSC09925.jpg \/><\/a><br \/>\n^ Pistenplan, die meisten roten X kommen von dem geschlossenen rechten Skigebiet in Caspoggio. Man beachte auch die kuriose Nummerierung in Chiesa, denn die rote 1 ist an der linken 4KSB (I),  w\u00e4hrend die blaue und schwarze 1 an der mittleren 4SB (D) ist, zudem meint man, dass die linken beiden Lifte am gleichen Ort losgehen w\u00fcrden &#8230;<\/p>\n<p><a href='http:\/\/ski.inmontanis.info\/d\/188859-2\/DSC09851.jpg'><img src=http:\/\/ski.inmontanis.info\/d\/188858-3\/DSC09851.jpg \/><\/a><br \/>\n^ Alternativer Pistenplan (aktuell, nicht veraltet)<\/p>\n<p><a href='http:\/\/ski.inmontanis.info\/d\/188863-2\/DSC09849.jpg'><img src=http:\/\/ski.inmontanis.info\/d\/188862-3\/DSC09849.jpg \/><\/a><br \/>\n^ 4KS Pedrana-Barchi-Pal\u00f9 an der Mittelstation Barchi (nur Einstieg nach oben und Ausstieg von oben, kein Einstieg nach unten)<\/p>\n<p><a href='http:\/\/ski.inmontanis.info\/d\/188867-2\/DSC09850.jpg'><img src=http:\/\/ski.inmontanis.info\/d\/188866-3\/DSC09850.jpg \/><\/a><br \/>\n^ Bergstation 4KSB Pedrana-Alpe Pal\u00f9, links die 4SB Baby Bernina<\/p>\n<p><a href='http:\/\/ski.inmontanis.info\/d\/188871-2\/DSC09852.jpg'><img src=http:\/\/ski.inmontanis.info\/d\/188870-3\/DSC09852.jpg \/><\/a><br \/>\n^ DSB Del Dosso. \u00dcber der Halfpipe die Bergstation der PB Snow Eagle<\/p>\n<p><a href='http:\/\/ski.inmontanis.info\/d\/188875-2\/DSC09854.jpg'><img src=http:\/\/ski.inmontanis.info\/d\/188874-3\/DSC09854.jpg \/><\/a><br \/>\n^ Alpe Pal\u00f9. Links die DSB Dosso, daneben weiter hinten die Talstation des Schr\u00e4gaufzugs, prominent in Bildmitte die ehemalige Talstation der Telecabina und die ehemalige Bergstation der PB, sowie ganz rechts die Bergstation der 4KSB aus San Giuseppe.<\/p>\n<p><a href='http:\/\/ski.inmontanis.info\/d\/188879-2\/DSC09855.jpg'><img src=http:\/\/ski.inmontanis.info\/d\/188878-3\/DSC09855.jpg \/><\/a><br \/>\n^ 4SB Pal\u00f9-Motta von Agudio-Poma, mit 1428m leider ein langwieriges Teil.<\/p>\n<p><a href='http:\/\/ski.inmontanis.info\/d\/188883-2\/DSC09857.jpg'><img src=http:\/\/ski.inmontanis.info\/d\/188882-3\/DSC09857.jpg \/><\/a><br \/>\n^ 4SB Pal\u00f9-Motta<\/p>\n<p><a href='http:\/\/ski.inmontanis.info\/d\/188887-2\/DSC09858.jpg'><img src=http:\/\/ski.inmontanis.info\/d\/188886-3\/DSC09858.jpg \/><\/a><br \/>\n^ 4SB Pal\u00f9-Motta, an den Niederhaltern sieht man die Agudio-Gene ;-)<\/p>\n<p><a href='http:\/\/ski.inmontanis.info\/d\/188891-2\/DSC09861.jpg'><img src=http:\/\/ski.inmontanis.info\/d\/188890-3\/DSC09861.jpg \/><\/a><br \/>\n^ 4SB Pal\u00f9-Motta<\/p>\n<p><a href='http:\/\/ski.inmontanis.info\/d\/188895-2\/DSC09866.jpg'><img src=http:\/\/ski.inmontanis.info\/d\/188894-3\/DSC09866.jpg \/><\/a><br \/>\n^ Blick von der 4SB Pal\u00f9-Motta zu den H\u00e4ngen an der 4KSB Scerscen-Motta<\/p>\n<p><a href='http:\/\/ski.inmontanis.info\/d\/188899-2\/DSC09869.jpg'><img src=http:\/\/ski.inmontanis.info\/d\/188898-3\/DSC09869.jpg \/><\/a><br \/>\n^ Tiefblicke an der 4SB Pal\u00f9-Motta; zu sehen au\u00dferdem die Bergstation der PB<\/p>\n<p><a href='http:\/\/ski.inmontanis.info\/d\/188903-2\/DSC09871.jpg'><img src=http:\/\/ski.inmontanis.info\/d\/188902-3\/DSC09871.jpg \/><\/a><br \/>\n^ Cima Motta mit Bergstation 4KSB und 4SB, sowie ehemalige Ovovia-Bergstation<\/p>\n<p><a href='http:\/\/ski.inmontanis.info\/d\/188907-2\/DSC09873.jpg'><img src=http:\/\/ski.inmontanis.info\/d\/188906-3\/DSC09873.jpg \/><\/a><br \/>\n^ Abfahrt Dosso dei vetti an der 4KSB Scerscen, dahinter in Bildmitte die 4KSB Bocchel del Torno<\/p>\n<p><a href='http:\/\/ski.inmontanis.info\/d\/188911-2\/DSC09875.jpg'><img src=http:\/\/ski.inmontanis.info\/d\/188910-3\/DSC09875.jpg \/><\/a><br \/>\n^ Vorg\u00e4nger-SL der 4KSB Scerscen<\/p>\n<p><a href='http:\/\/ski.inmontanis.info\/d\/188915-2\/DSC09876.jpg'><img src=http:\/\/ski.inmontanis.info\/d\/188914-3\/DSC09876.jpg \/><\/a><br \/>\n^ 4KSB Scerscen-Motta; die linke schwarze Abfhrt Th\u00f6ni war leider noch nicht ge\u00f6ffnet. Rechts oben neben der 4KSB die geniale ehemlige SL-Br\u00fccke<\/p>\n<p><a href='http:\/\/ski.inmontanis.info\/d\/188919-2\/DSC09880.jpg'><img src=http:\/\/ski.inmontanis.info\/d\/188918-3\/DSC09880.jpg \/><\/a><br \/>\n^ Die geniale ehemalige SL-Br\u00fccke. Schade, w\u00e4re ich gerne gefahren.<\/p>\n<p><a href='http:\/\/ski.inmontanis.info\/d\/188923-2\/DSC09881.jpg'><img src=http:\/\/ski.inmontanis.info\/d\/188922-3\/DSC09881.jpg \/><\/a><br \/>\n^ &#8230; und die Bergstation des SL steht auch noch.<\/p>\n<p><a href='http:\/\/ski.inmontanis.info\/d\/188927-2\/DSC09883.jpg'><img src=http:\/\/ski.inmontanis.info\/d\/188926-3\/DSC09883.jpg \/><\/a><br \/>\n^ Abfahrten an der 4KSB Scerscen, der obere Teil hier ist m.E. der sch\u00f6nste Teil des Skigebiets<\/p>\n<p><a href='http:\/\/ski.inmontanis.info\/d\/188931-2\/DSC09884.jpg'><img src=http:\/\/ski.inmontanis.info\/d\/188930-3\/DSC09884.jpg \/><\/a><br \/>\n^ 4KSB Bocchel del Torno &#8211; hat aber leider nur eine Abfahrt. Eine KSB w\u00e4re vorne Palu-Motta sinnvoller als hier gewesen &#8230;<\/p>\n<p><a href='http:\/\/ski.inmontanis.info\/d\/188935-2\/DSC09888.jpg'><img src=http:\/\/ski.inmontanis.info\/d\/188934-3\/DSC09888.jpg \/><\/a><br \/>\n^ Blick von der 4KSB Bocchel del Torno zum Lago Pal\u00f9 bzw. der Alpe Pal\u00f9 und dem unteren Skigebietsteil<\/p>\n<p><a href='http:\/\/ski.inmontanis.info\/d\/188939-2\/DSC09892.jpg'><img src=http:\/\/ski.inmontanis.info\/d\/188938-3\/DSC09892.jpg \/><\/a><br \/>\n^ Blick von der Bergstation 4KSB Bocchel del Torno zu den beiden Liften an der Cima Motta bzw. zur Alpe Pal\u00f9 und dem kurzen DSB-Steilhang<\/p>\n<p><a href='http:\/\/ski.inmontanis.info\/d\/188943-2\/DSC09894.jpg'><img src=http:\/\/ski.inmontanis.info\/d\/188942-3\/DSC09894.jpg \/><\/a><br \/>\n^ 4KSB Scerscen, an den Sesseln erkennt man noch Agudio-Kleber durchscheinen, ansonsten ist der Lift aber als Poma gelabelt. Links die schwarze Th\u00f6ni-Abfahrt war zwangsl\u00e4ufig noch zu.<\/p>\n<p><a href='http:\/\/ski.inmontanis.info\/d\/188947-2\/DSC09905.jpg'><img src=http:\/\/ski.inmontanis.info\/d\/188946-3\/DSC09905.jpg \/><\/a><br \/>\n^ Ex-SL-Bergstation des Vorg\u00e4ngerlifts der DSB Dosso<\/p>\n<p><a href='http:\/\/ski.inmontanis.info\/d\/188951-2\/DSC09899.jpg'><img src=http:\/\/ski.inmontanis.info\/d\/188950-3\/DSC09899.jpg \/><\/a><br \/>\n^ Schwarze Abfahrt Sasso Alto und Alpe Palu. Muss man wohl Gl\u00fcck haben, wenn die nicht wg. Rennen oder Training gesperrt ist.<\/p>\n<p><a href='http:\/\/ski.inmontanis.info\/d\/188955-2\/DSC09900.jpg'><img src=http:\/\/ski.inmontanis.info\/d\/188954-3\/DSC09900.jpg \/><\/a><br \/>\n^ Talstation Ex-Ovovia Alpe Pal\u00f9<\/p>\n<p><a href='http:\/\/ski.inmontanis.info\/d\/188959-2\/DSC09901.jpg'><img src=http:\/\/ski.inmontanis.info\/d\/188958-3\/DSC09901.jpg \/><\/a><br \/>\n^ Talstation Ex-Ovovia Alpe Pal\u00f9, ein bisschen was von der Gondelbahn ist also noch vorhanden.<\/p>\n<p><a href='http:\/\/ski.inmontanis.info\/d\/188963-2\/DSC09906.jpg'><img src=http:\/\/ski.inmontanis.info\/d\/188962-3\/DSC09906.jpg \/><\/a><br \/>\n^ Links der Schr\u00e4gaufzug zur neuen PB-Bergstatoin, dahinter die ehemalige PB-Bergstation<\/p>\n<p><a href='http:\/\/ski.inmontanis.info\/d\/188967-2\/DSC09910.jpg'><img src=http:\/\/ski.inmontanis.info\/d\/188966-3\/DSC09910.jpg \/><\/a><br \/>\n^ Ehemalige PB-Bergstation<\/p>\n<p><a href='http:\/\/ski.inmontanis.info\/d\/188971-2\/DSC09911.jpg'><img src=http:\/\/ski.inmontanis.info\/d\/188970-3\/DSC09911.jpg \/><\/a><br \/>\n^ Schr\u00e4gaufzug zur PB-Bergstation, da die neue ja etwas anders gebaut wurde.<\/p>\n<p><a href='http:\/\/ski.inmontanis.info\/d\/188975-2\/DSC09912.jpg'><img src=http:\/\/ski.inmontanis.info\/d\/188974-3\/DSC09912.jpg \/><\/a><br \/>\n^ Talstation Ex-Ovovia Alpe Pal\u00f9 bzw. namentlich Telecabina Campolungo<\/p>\n<p><a href='http:\/\/ski.inmontanis.info\/d\/188979-2\/DSC09917.jpg'><img src=http:\/\/ski.inmontanis.info\/d\/188978-3\/DSC09917.jpg \/><\/a><br \/>\n^ Eine Kabine der Piemonte-Funivie-Ovovia findet sich noch in der Talstation, die jetzt eine Bar ist (hatte aber noch zu)<\/p>\n<p><a href='http:\/\/ski.inmontanis.info\/d\/188983-2\/DSC09921.jpg'><img src=http:\/\/ski.inmontanis.info\/d\/188982-3\/DSC09921.jpg \/><\/a><br \/>\n^ Links ein St\u00fctzenfundament der Ovovia, am Gegenhang das stillgelegte Skigebiet von Caspoggio<\/p>\n<p><a href='http:\/\/ski.inmontanis.info\/d\/188987-2\/DSC09923.jpg'><img src=http:\/\/ski.inmontanis.info\/d\/188986-3\/DSC09923.jpg \/><\/a><br \/>\n^ San Giuseppe mit der Talstation 4KSB Pedrana, rechts die Talstation des Vorg\u00e4nger-SL<\/p>\n<p><a href='http:\/\/ski.inmontanis.info\/d\/188991-2\/DSC09930.jpg'><img src=http:\/\/ski.inmontanis.info\/d\/188990-3\/DSC09930.jpg \/><\/a><br \/>\n^ Talstation Ex-SL aus San Giuseppe<\/p>\n<p><a href='http:\/\/ski.inmontanis.info\/d\/188995-2\/ge20141224a.jpg'><img src=http:\/\/ski.inmontanis.info\/d\/188994-3\/ge20141224a.jpg \/><\/a><br \/>\n^ GPS-Track, gelb die PB und der Schr\u00e4gaufzug, rot ungef\u00e4hr die ehemaligen Lifte bzw. Bahnen.<\/p>\n<p>Gegen 16 Uhr fuhr ich mit der KSB wieder ab, die n\u00e4chsten 2 Tage will ich im Bereich Sestriere verbringen, weshalb ich mir gestern gleich zwei Hotels reserviert hatte- eines auf dem Weg vor Turin, wo ich heuer (letzte Saison) schon einmal war, damals um 34,- heute um 35,- f\u00fcr ein 4-Sterne-Hotel inkl. Fr\u00fchst\u00fcck (Pacific), sowie f\u00fcr morgen ein rundes Turm-Hotel (Torre) direkt in Sauze d&#8217;Oulx, ebenfalls 4 Sterne um g\u00fcnstige 39,- inkl. Fr\u00fchst\u00fcck (jeweils zzgl. Tourismusabgabe). Da ich somit heute Abend nach einiger Zeit mal wieder die A4 Milano-Turino ab Milano fuhr &#8211; bis zum n\u00e4chsten Autobahnkreuz ist die Autobahn weiterhin auf weiten Strecken eine Baustelle. Werden die denn hier nie fertig?? War die A4 zwischen Milano und Turino die letzten 10 Jahre \u00fcberhaupt irgendwann mal ohne Baustelle? Essensm\u00e4\u00dfig hab ich leider auch nichts bekommen, die eine Rastst\u00e4tte war noch(?) zu, bei der n\u00e4chsten hab ich&#8217;s nicht probiert (Br\u00fcckenrestaurant, hatte keine Lust auf die weiten Wege um dann festzustellen, dass man evtl. auch hier erst ab 19h aufmacht), danach kamen bis Turin nur noch Raststationen ohne Restaurant (nur Snack Bars), direkt am Hotel ist auch kein Restaurant, also dann noch eine Pizzeria anfahren m\u00fcssen.  Hatte ich im Januar noch notiert, dass das Internet hier sehr langsam w\u00e4re, bekomm ich heute gar keine Verbindung, zumindest nicht am PC, am Handy geht&#8217;s und schnell. Na zum Gl\u00fcck hab ich f\u00fcr morgen ja bereits reserviert. <\/p>\n<p><a href='http:\/\/extra.inmontanis.info\/d\/25937-2\/DSC09932.jpg'><img src=http:\/\/extra.inmontanis.info\/d\/25936-3\/DSC09932.jpg \/><\/a><br \/>\n^ Hotelzimmer, Maximalpreis lt. Aushang im Zimmer \u00fcbrigens 890,- \u20ac f\u00fcr die \u00dcbernachtung, 40,- \u20ac Fr\u00fchst\u00fcck&#8230;<\/p>\n<p>(Fortsetzung folgt.)<\/p>\n","protected":false},"excerpt":{"rendered":"<p>24.12.2014 &#8211; Tag 1 &#8211; Chiesa in Valmalenco<\/p>\n<p>In den letzten 3 Tagen hab ich in Summe um oder \u00fcber 10 Stunden damit verbracht, Skiebiete, \u00d6ffnungszeiten und Wettervorhersagen f\u00fcr die heurige Weihnachtstour zu checken. Ist ja alles nicht so einfach in diesem Fr\u00fchwinter. Am Sonntag war ich noch so froh, dass ich auch die gro\u00dfen <a href=\"http:\/\/blog.inmontanis.info\/?p=2952\">[&#8230;]<\/a><\/p>\n","protected":false},"author":1,"featured_media":0,"comment_status":"closed","ping_status":"closed","sticky":false,"template":"","format":"standard","meta":{"footnotes":""},"categories":[137,505,15,27,32],"tags":[44,49,79,38],"class_list":["post-2952","post","type-post","status-publish","format-standard","hentry","category-2014-12-weihnachtsilvester","category-chiesa-in-valmalenco","category-italienitaly","category-skifahren-winterskiing-winter","category-lostplaces","tag-2eub","tag-4sb","tag-agudio","tag-dsb","odd"],"_links":{"self":[{"href":"http:\/\/blog.inmontanis.info\/index.php?rest_route=\/wp\/v2\/posts\/2952","targetHints":{"allow":["GET"]}}],"collection":[{"href":"http:\/\/blog.inmontanis.info\/index.php?rest_route=\/wp\/v2\/posts"}],"about":[{"href":"http:\/\/blog.inmontanis.info\/index.php?rest_route=\/wp\/v2\/types\/post"}],"author":[{"embeddable":true,"href":"http:\/\/blog.inmontanis.info\/index.php?rest_route=\/wp\/v2\/users\/1"}],"replies":[{"embeddable":true,"href":"http:\/\/blog.inmontanis.info\/index.php?rest_route=%2Fwp%2Fv2%2Fcomments&post=2952"}],"version-history":[{"count":1,"href":"http:\/\/blog.inmontanis.info\/index.php?rest_route=\/wp\/v2\/posts\/2952\/revisions"}],"predecessor-version":[{"id":2953,"href":"http:\/\/blog.inmontanis.info\/index.php?rest_route=\/wp\/v2\/posts\/2952\/revisions\/2953"}],"wp:attachment":[{"href":"http:\/\/blog.inmontanis.info\/index.php?rest_route=%2Fwp%2Fv2%2Fmedia&parent=2952"}],"wp:term":[{"taxonomy":"category","embeddable":true,"href":"http:\/\/blog.inmontanis.info\/index.php?rest_route=%2Fwp%2Fv2%2Fcategories&post=2952"},{"taxonomy":"post_tag","embeddable":true,"href":"http:\/\/blog.inmontanis.info\/index.php?rest_route=%2Fwp%2Fv2%2Ftags&post=2952"}],"curies":[{"name":"wp","href":"https:\/\/api.w.org\/{rel}","templated":true}]}}