{"id":2947,"date":"2014-12-21T23:18:46","date_gmt":"2014-12-21T22:18:46","guid":{"rendered":"http:\/\/blog.inmontanis.info\/?p=2947"},"modified":"2023-08-06T21:26:26","modified_gmt":"2023-08-06T19:26:26","slug":"ischgl-20-12-2014-stubai-21-12-2014","status":"publish","type":"post","link":"http:\/\/blog.inmontanis.info\/?p=2947","title":{"rendered":"Ischgl, 20.12.2014 + Stubai 21.12.2014"},"content":{"rendered":"<p>Die Schneemengen waren in den Nichtgletscherskigebieten diesen Dezember gering, aber dank Kunstschnee hatten nun doch noch etliche Skigebiete p\u00fcnktlich vor den Weihnachtsferien mit einem Teilangebot aufgemacht, in Summe machte es den Eindruck, als sei Tirol noch mal mit einem blauen Auge davon gekommen, w\u00e4hrend in anderen Gegenden der Alpen (und auch anderen L\u00e4ndern Europas) wesentlich mehr Skigebiete wesentlich weniger zu bieten haben, in vielen liegt nicht nur kein Naturschnee, sondern es konnte noch nicht mal eine Abfahrt beschneit werden. Es gibt zwar jedes Jahr schon allein Italien genug Skigebiete, die zu den Weihnachtsferien nicht \u00f6ffnen k\u00f6nnen, ebenso in Deutschland, aber diesmal trifft es nicht nur in diesen L\u00e4ndern noch mehr als \u00fcblich, zus\u00e4tzlich ist auch in etlichen franz\u00f6sischen Skigebieten &#8220;Wander- und Sommerrodelbetrieb&#8221;&#8230;<\/p>\n<p>&#8230; soweit so gut also f\u00fcr Tirol? Mitnichten. Tauwetter, Regen und Sturm haben n\u00e4mlich auch hier letzten Freitag ganze Arbeit geleistet. Da half dann auch nicht, dass es in der Nacht auf Samstag 10-20cm geschneit hatte:<\/p>\n<p>Am Samstag war ich in Ischgl, eigentlich genug offen, vmtl. aufgrund des Sturms lief aber schon mal mein Lieblingslift (der SL am Grat) nicht. Die Pisten, die nicht frisch pr\u00e4pariert waren, hatten zuviel Neuschnee, der sich alsbald zu Haufen zusammenfuhr, w\u00e4hrend es dazwischen sehr rutschig war. Unterhalb von ca. 2000-2300m waren die Pisten mehr oder weniger sehr eisig (Regen), also Mittelstation, Thaya, Gampen, dar\u00fcber h\u00e4ufig eisighart, weil vom Wind blank geweht.<\/p>\n<p>Selbiges galt dann auch am Sonntag f\u00fcrn Stubaier Gletscher, wobei hier noch st\u00e4rkerer Sturm (bei -10\u00b0 gar nicht sch\u00f6n!) dazu kam, der daf\u00fcr sorgte, dass Fernau, Pfaffengrat, Gai\u00dfkar, Windach, Wildspitz, Schaufeljoch und Eisjoch teilweise, gro\u00dfteils oder gar nicht in Betrieb waren. Dazu noch so viele Leute, dass sogar der Ausweichparkplatz in Volderau mal wieder ge\u00f6ffnet werden musste &#8211; und jeder kann sich denken, dass somit an den ge\u00f6ffneten Anlagen die H\u00f6lle los war.<\/p>\n<p>Da ich die Gelegenheit am Stubaier f\u00fcr zwei Skiservices nutzte (gratis am k2, kostenpflichtig am Carpani), blieb ich noch immerhin bis 12 Uhr, danach hatte ich aber die Schnauze voll, die Mittelstationsabfahrten waren mir sowas von zu eisig und die 16 Minuten Wartezeit an der Rotadl-8KSB hab ich auch nur deshalb akzeptiert, um am SL Daunferner noch 2x zu fahren (mit 5 min Wartezeit) bis mein Skiservice fertig war.<\/p>\n<p>Dass es am Stubaier am Sonntag somit noch schlechter werden w\u00fcrde als in Ischgl am Samstag, h\u00e4tte ich wahrlich nicht gedacht. Ein Wochenende, an dem ich &#8211; trotz einwandfreien Sonnenscheins &#8211; beide Tage mit nur einem Stern bewerten musste. Mein Beileid alldenjenigen, die die n\u00e4chsten Tage in Tirol verbringen m\u00fcssen &#8211; aber wohin soll ich jetzt bitte \u00fcber Weihnachten und Silvester ausweichen? Macht ja eh schon nirgends Sinn, aber hier bleiben genauso oder noch weniger.<\/p>\n<p>Paar Fotos:<\/p>\n<p><a href='http:\/\/ski.inmontanis.info\/d\/188831-2\/DSC09834.jpg'><img src=http:\/\/ski.inmontanis.info\/d\/188830-3\/DSC09834.jpg \/><\/a><br \/>\n^ Samnaun\/Greitspitz<\/p>\n<p><a href='http:\/\/ski.inmontanis.info\/d\/188835-2\/DSC09835.jpg'><img src=http:\/\/ski.inmontanis.info\/d\/188834-3\/DSC09835.jpg \/><\/a><br \/>\n^ Talabfahrt Samnaun, hier oben gut, ab dem Schatten dann viel zu glatt.<\/p>\n<p><a href='http:\/\/ski.inmontanis.info\/d\/188839-2\/DSC09839.jpg'><img src=http:\/\/ski.inmontanis.info\/d\/188838-3\/DSC09839.jpg \/><\/a><br \/>\n^ Viele Busse an der Talstation in Samnaun<\/p>\n<p><a href='http:\/\/ski.inmontanis.info\/d\/188843-2\/DSC09841.jpg'><img src=http:\/\/ski.inmontanis.info\/d\/188842-3\/DSC09841.jpg \/><\/a><br \/>\n^ Blick zur Greitspitzbahn (und noch unber\u00fchrtem Gel\u00e4nde links davon) von der Bergstation der PB von Samnaun<\/p>\n<p><a href='http:\/\/ski.inmontanis.info\/d\/188847-2\/ge20141220.jpg'><img src=http:\/\/ski.inmontanis.info\/d\/188846-3\/ge20141220.jpg \/><\/a><br \/>\n^ GPS-Track 21.12.2014, aufgrund schlechter Pistenverh\u00e4ltnisse leider nicht so viel wie gewollt. Die 3S-Bahn bin ich aus Protestgr\u00fcnden nicht gefahren, allerdings ist mir die Lauferei zur Fimbabahn vom eh schon weit entfernten Parkplatz doch zu viel die n\u00e4chsten 2 Mal, die ich mit der Saisonkarte noch fahren darf &#8211; und die ich wohl erst im April  einl\u00f6sen werde.<\/p>\n<p><a href='http:\/\/ski.inmontanis.info\/d\/188827-2\/DSC09844.jpg'><img src=http:\/\/ski.inmontanis.info\/d\/188826-3\/DSC09844.jpg \/><\/a><br \/>\n^ Voller Parkplatz am Stubaier um 12:40<\/p>\n","protected":false},"excerpt":{"rendered":"<p>Die Schneemengen waren in den Nichtgletscherskigebieten diesen Dezember gering, aber dank Kunstschnee hatten nun doch noch etliche Skigebiete p\u00fcnktlich vor den Weihnachtsferien mit einem Teilangebot aufgemacht, in Summe machte es den Eindruck, als sei Tirol noch mal mit einem blauen Auge davon gekommen, w\u00e4hrend in anderen Gegenden der Alpen (und auch anderen L\u00e4ndern Europas) wesentlich <a href=\"http:\/\/blog.inmontanis.info\/?p=2947\">[&#8230;]<\/a><\/p>\n","protected":false},"author":1,"featured_media":0,"comment_status":"closed","ping_status":"closed","sticky":false,"template":"","format":"standard","meta":{"footnotes":""},"categories":[906,25,13,27,895],"tags":[56,52],"class_list":["post-2947","post","type-post","status-publish","format-standard","hentry","category-ischgl-samnaun","category-noreport","category-austria","category-skifahren-winterskiing-winter","category-stubaier-gletscher","tag-6sb","tag-pb","odd"],"_links":{"self":[{"href":"http:\/\/blog.inmontanis.info\/index.php?rest_route=\/wp\/v2\/posts\/2947","targetHints":{"allow":["GET"]}}],"collection":[{"href":"http:\/\/blog.inmontanis.info\/index.php?rest_route=\/wp\/v2\/posts"}],"about":[{"href":"http:\/\/blog.inmontanis.info\/index.php?rest_route=\/wp\/v2\/types\/post"}],"author":[{"embeddable":true,"href":"http:\/\/blog.inmontanis.info\/index.php?rest_route=\/wp\/v2\/users\/1"}],"replies":[{"embeddable":true,"href":"http:\/\/blog.inmontanis.info\/index.php?rest_route=%2Fwp%2Fv2%2Fcomments&post=2947"}],"version-history":[{"count":3,"href":"http:\/\/blog.inmontanis.info\/index.php?rest_route=\/wp\/v2\/posts\/2947\/revisions"}],"predecessor-version":[{"id":2950,"href":"http:\/\/blog.inmontanis.info\/index.php?rest_route=\/wp\/v2\/posts\/2947\/revisions\/2950"}],"wp:attachment":[{"href":"http:\/\/blog.inmontanis.info\/index.php?rest_route=%2Fwp%2Fv2%2Fmedia&parent=2947"}],"wp:term":[{"taxonomy":"category","embeddable":true,"href":"http:\/\/blog.inmontanis.info\/index.php?rest_route=%2Fwp%2Fv2%2Fcategories&post=2947"},{"taxonomy":"post_tag","embeddable":true,"href":"http:\/\/blog.inmontanis.info\/index.php?rest_route=%2Fwp%2Fv2%2Ftags&post=2947"}],"curies":[{"name":"wp","href":"https:\/\/api.w.org\/{rel}","templated":true}]}}