{"id":2941,"date":"2014-12-13T21:38:02","date_gmt":"2014-12-13T20:38:02","guid":{"rendered":"http:\/\/blog.inmontanis.info\/?p=2941"},"modified":"2023-08-06T20:42:55","modified_gmt":"2023-08-06T18:42:55","slug":"kuhtai-hochgurgl-13-12-2014","status":"publish","type":"post","link":"http:\/\/blog.inmontanis.info\/?p=2941","title":{"rendered":"K\u00fchtai + Hochgurgl, 13.12.2014"},"content":{"rendered":"<p>Auf dem Weg nach Hochgurgl fuhr ich noch im K\u00fchtai vorbei. Ging egtl. ganz gut, war aber doch recht voll f\u00fcr den eingeschr\u00e4nkten Betrieb.<\/p>\n<p>(Fotos anklicken zum Vergr\u00f6\u00dfern)<\/p>\n<p><a href='http:\/\/ski.inmontanis.info\/d\/188703-2\/DSC09798.jpg'><img src=http:\/\/ski.inmontanis.info\/d\/188702-3\/DSC09798.jpg \/><\/a><br \/>\n^ Auf den S\u00fcdh\u00e4ngen (also auf der Nordseite) war nur die Hochalterbahn mit 1 Abfahrt offen<\/p>\n<p><a href='http:\/\/ski.inmontanis.info\/d\/188707-2\/DSC09799.jpg'><img src=http:\/\/ski.inmontanis.info\/d\/188706-3\/DSC09799.jpg \/><\/a><br \/>\n^ Ohne Beschneiung ginge hier nichts<\/p>\n<p><a href='http:\/\/ski.inmontanis.info\/d\/188711-2\/DSC09800.jpg'><img src=http:\/\/ski.inmontanis.info\/d\/188710-3\/DSC09800.jpg \/><\/a><br \/>\n^ Auf der S\u00fcdseite mit ihren Nordh\u00e4ngen war etliches offen, sogar der linke SL mit 2 Abfahrten<\/p>\n<p><a href='http:\/\/ski.inmontanis.info\/d\/188715-2\/DSC09801.jpg'><img src=http:\/\/ski.inmontanis.info\/d\/188714-3\/DSC09801.jpg \/><\/a><br \/>\n^ W\u00e4hrend die linke und rechte Rinne dr\u00fcben auf den S\u00fcdh\u00e4ngen stark beschneit wurde (und nur die rechte bisher ge\u00f6ffnet ist), ist auf der mittleren noch keine Aktivit\u00e4t zu sehen (fand ich eigenartig, da die mittlere wg. Nachtski doch egtl. wichtiger ist?)<\/p>\n<p>Weiter nach Hochgurgl, auch Oetz war heute schon offen, es fuhren an der 4EUB einige runter, allerdings wohl noch geschlossen und etwas schneearm. Wollten dann wohl viele mit dem Skibus weiter ins K\u00fchtai &#8230;<\/p>\n<p>In Hochgurgl war um 12 Uhr dann der Parkplatz komplett voll, so dass ich zum SL Kirchenkar raufgefahren bin. Hat dann immerhin den Vorteil, dass man nachmittags eine komplett leere Piste hat :) Wartezeiten gab es keine, bin f\u00fcr den halben Tag nat\u00fcrlich auch nicht mehr nach Obergurgl r\u00fcber. Pisten waren durchwegs besser als im K\u00fchtai, hier und da war&#8217;s aber schon auch etwas hart. Machte jedenfalls wesentlich mehr Spa\u00df als im K\u00fchtai.<\/p>\n<p><a href='http:\/\/ski.inmontanis.info\/d\/188678-2\/DSC09803.jpg'><img src=http:\/\/ski.inmontanis.info\/d\/188677-3\/DSC09803.jpg \/><\/a><br \/>\n^ Parken heute am SL Kirchenkar, da die Parkpl\u00e4tze an der Talstation der 8EUB voll waren<\/p>\n<p><a href='http:\/\/ski.inmontanis.info\/d\/188682-2\/DSC09804.jpg'><img src=http:\/\/ski.inmontanis.info\/d\/188681-3\/DSC09804.jpg \/><\/a><br \/>\n^ Erst dacht ich, das w\u00e4re f\u00fcr die neue EUB, die den Kirchenkar-SL ersetzen soll, aber dann fiel mir ein, dass hier ja egtl. die Mautstelle ist&#8230;<\/p>\n<p><a href='http:\/\/ski.inmontanis.info\/d\/188686-2\/DSC09808.jpg'><img src=http:\/\/ski.inmontanis.info\/d\/188685-3\/DSC09808.jpg \/><\/a><br \/>\n^ Witzigerweise wie bei meinem letzten Besuch &#8211; die Nebel-Wolken-Decke in Italien war auf gleicher H\u00f6he und schwappte wie letztes Mal genau hier wieder dr\u00fcber.<\/p>\n<p><a href='http:\/\/ski.inmontanis.info\/d\/188699-2\/DSC09811.jpg'><img src=http:\/\/ski.inmontanis.info\/d\/188698-3\/DSC09811.jpg \/><\/a><br \/>\n^ Volle Parkpl\u00e4tze um 12 Uhr, aber keine Wartezeiten &#8211; evtl. sollte man die  Parkfl\u00e4che etwas vergr\u00f6\u00dfern.<\/p>\n<p><a href='http:\/\/ski.inmontanis.info\/d\/188691-2\/DSC09815.jpg'><img src=http:\/\/ski.inmontanis.info\/d\/188690-3\/DSC09815.jpg \/><\/a><br \/>\n^ Etwas viel Lifte hier im Bereich von Hochgurgl, die rechts zu sehende Abfahrt war heute die griffigste.<\/p>\n<p><a href='http:\/\/ski.inmontanis.info\/d\/188695-2\/DSC09816.jpg'><img src=http:\/\/ski.inmontanis.info\/d\/188694-3\/DSC09816.jpg \/><\/a><br \/>\n^ Nachmittags am SL Kirchenkar.<\/p>\n","protected":false},"excerpt":{"rendered":"<p>Auf dem Weg nach Hochgurgl fuhr ich noch im K\u00fchtai vorbei. Ging egtl. ganz gut, war aber doch recht voll f\u00fcr den eingeschr\u00e4nkten Betrieb.<\/p>\n<p>(Fotos anklicken zum Vergr\u00f6\u00dfern)<\/p>\n<p> ^ Auf den S\u00fcdh\u00e4ngen (also auf der Nordseite) war nur die Hochalterbahn mit 1 Abfahrt offen<\/p>\n<p> ^ Ohne Beschneiung ginge hier nichts<\/p>\n<p> ^ Auf <a href=\"http:\/\/blog.inmontanis.info\/?p=2941\">[&#8230;]<\/a><\/p>\n","protected":false},"author":1,"featured_media":0,"comment_status":"closed","ping_status":"closed","sticky":false,"template":"","format":"standard","meta":{"footnotes":""},"categories":[903,902,25,13,27],"tags":[49,53,47],"class_list":["post-2941","post","type-post","status-publish","format-standard","hentry","category-kuhtai","category-ober-hochgurgl","category-noreport","category-austria","category-skifahren-winterskiing-winter","tag-4sb","tag-8eub","tag-sl","odd"],"_links":{"self":[{"href":"http:\/\/blog.inmontanis.info\/index.php?rest_route=\/wp\/v2\/posts\/2941","targetHints":{"allow":["GET"]}}],"collection":[{"href":"http:\/\/blog.inmontanis.info\/index.php?rest_route=\/wp\/v2\/posts"}],"about":[{"href":"http:\/\/blog.inmontanis.info\/index.php?rest_route=\/wp\/v2\/types\/post"}],"author":[{"embeddable":true,"href":"http:\/\/blog.inmontanis.info\/index.php?rest_route=\/wp\/v2\/users\/1"}],"replies":[{"embeddable":true,"href":"http:\/\/blog.inmontanis.info\/index.php?rest_route=%2Fwp%2Fv2%2Fcomments&post=2941"}],"version-history":[{"count":2,"href":"http:\/\/blog.inmontanis.info\/index.php?rest_route=\/wp\/v2\/posts\/2941\/revisions"}],"predecessor-version":[{"id":9279,"href":"http:\/\/blog.inmontanis.info\/index.php?rest_route=\/wp\/v2\/posts\/2941\/revisions\/9279"}],"wp:attachment":[{"href":"http:\/\/blog.inmontanis.info\/index.php?rest_route=%2Fwp%2Fv2%2Fmedia&parent=2941"}],"wp:term":[{"taxonomy":"category","embeddable":true,"href":"http:\/\/blog.inmontanis.info\/index.php?rest_route=%2Fwp%2Fv2%2Fcategories&post=2941"},{"taxonomy":"post_tag","embeddable":true,"href":"http:\/\/blog.inmontanis.info\/index.php?rest_route=%2Fwp%2Fv2%2Ftags&post=2941"}],"curies":[{"name":"wp","href":"https:\/\/api.w.org\/{rel}","templated":true}]}}